{"id":9690,"date":"2019-11-25T17:35:50","date_gmt":"2019-11-25T16:35:50","guid":{"rendered":"http:\/\/tinnunculus.sy-sy.cz\/?p=9690"},"modified":"2026-03-21T08:25:15","modified_gmt":"2026-03-21T07:25:15","slug":"jako-na-jare","status":"publish","type":"post","link":"https:\/\/tinnunculus.sy-sy.cz\/index.php\/2019\/11\/25\/jako-na-jare\/","title":{"rendered":"Jako na ja\u0159e"},"content":{"rendered":"<p><img data-recalc-dims=\"1\" loading=\"lazy\" decoding=\"async\" data-attachment-id=\"9689\" data-permalink=\"https:\/\/tinnunculus.sy-sy.cz\/index.php\/2019\/11\/25\/jako-na-jare\/20191125-1553260583uprav\/\" data-orig-file=\"https:\/\/i0.wp.com\/tinnunculus.sy-sy.cz\/wp-content\/uploads\/2019\/11\/20191125-1553260583uprav.jpg?fit=908%2C584&amp;ssl=1\" data-orig-size=\"908,584\" data-comments-opened=\"1\" data-image-meta=\"{&quot;aperture&quot;:&quot;0&quot;,&quot;credit&quot;:&quot;&quot;,&quot;camera&quot;:&quot;&quot;,&quot;caption&quot;:&quot;&quot;,&quot;created_timestamp&quot;:&quot;0&quot;,&quot;copyright&quot;:&quot;&quot;,&quot;focal_length&quot;:&quot;0&quot;,&quot;iso&quot;:&quot;0&quot;,&quot;shutter_speed&quot;:&quot;0&quot;,&quot;title&quot;:&quot;&quot;,&quot;orientation&quot;:&quot;1&quot;}\" data-image-title=\"20191125-1553260583uprav\" data-image-description=\"\" data-image-caption=\"\" data-large-file=\"https:\/\/i0.wp.com\/tinnunculus.sy-sy.cz\/wp-content\/uploads\/2019\/11\/20191125-1553260583uprav.jpg?fit=525%2C338&amp;ssl=1\" class=\"aligncenter wp-image-9689 size-full\" src=\"https:\/\/i0.wp.com\/tinnunculus.sy-sy.cz\/wp-content\/uploads\/2019\/11\/20191125-1553260583uprav.jpg?resize=525%2C338&#038;ssl=1\" alt=\"\" width=\"525\" height=\"338\" srcset=\"https:\/\/i0.wp.com\/tinnunculus.sy-sy.cz\/wp-content\/uploads\/2019\/11\/20191125-1553260583uprav.jpg?w=908&amp;ssl=1 908w, https:\/\/i0.wp.com\/tinnunculus.sy-sy.cz\/wp-content\/uploads\/2019\/11\/20191125-1553260583uprav.jpg?resize=300%2C193&amp;ssl=1 300w, https:\/\/i0.wp.com\/tinnunculus.sy-sy.cz\/wp-content\/uploads\/2019\/11\/20191125-1553260583uprav.jpg?resize=768%2C494&amp;ssl=1 768w\" sizes=\"auto, (max-width: 767px) 89vw, (max-width: 1000px) 54vw, (max-width: 1071px) 543px, 580px\" \/><\/p>\n<p>Od t\u00e9 doby, co nov\u00fd n\u00e1padn\u00edk p\u0159inesl &#8222;na\u0161\u00ed&#8220; sami\u010dce hrabo\u0161e, tedy od \u00faterka, to u&nbsp;&#8222;na\u0161ich&#8220; po\u0161tolek vypad\u00e1 jako na ja\u0159e. Tedy skoro. No\u0161en\u00ed drobn\u00fdch pozornost\u00ed sami\u010dce tahle pozd\u011b na podzim jsme tu za\u017eili i&nbsp;v&nbsp;roce 2015; tehdy se same\u010dek dokonce se sami\u010dkou i&nbsp;p\u00e1\u0159il (viz <a href=\"https:\/\/tinnunculus.sy-sy.cz\/index.php\/2015\/11\/07\/druhe-jaro\/\">Druh\u00e9 jaro<\/a>). <!--more-->Letos se p\u0159ed n\u00ed pouze produc\u00edruje v&nbsp;hn\u00edzdn\u00ed bed\u00fdnce a&nbsp;proto\u017ee mu po&nbsp;prvn\u00edm d\u00e1rku za\u010dala b\u00fdt naklon\u011bna, donesl j\u00ed dnes dal\u0161\u00ed:<\/p>\n<div style=\"width: 525px;\" class=\"wp-video\"><video class=\"wp-video-shortcode\" id=\"video-9690-1\" width=\"525\" height=\"295\" preload=\"metadata\" controls=\"controls\"><source type=\"video\/mp4\" src=\"https:\/\/tinnunculus.sy-sy.cz\/wp-content\/uploads\/2019\/11\/20191125-154408-154736.mp4?_=1\" \/><a href=\"https:\/\/tinnunculus.sy-sy.cz\/wp-content\/uploads\/2019\/11\/20191125-154408-154736.mp4\">https:\/\/tinnunculus.sy-sy.cz\/wp-content\/uploads\/2019\/11\/20191125-154408-154736.mp4<\/a><\/video><\/div>\n<p>Mo\u017en\u00e1 j\u00ed sem tam n\u011bjak\u00e9ho toho hrabo\u0161e donese i&nbsp;mimo lod\u017eii, ale o&nbsp;tom nic nev\u00edme&#8230;<\/p>\n<p>Souvisej\u00edc\u00ed p\u0159\u00edsp\u011bvky:<\/p>\n<ul>\n<li><a href=\"https:\/\/tinnunculus.sy-sy.cz\/index.php\/2015\/09\/22\/hrabose-v-zari-prinaseti-videti\/\">Hrabo\u0161e v\u00a0z\u00e1\u0159\u00ed p\u0159in\u00e1\u0161eti vid\u011bti<\/a><\/li>\n<li><a href=\"https:\/\/tinnunculus.sy-sy.cz\/index.php\/2019\/09\/21\/podzimni-hrabos\/\">Podzimn\u00ed hrabo\u0161<\/a><\/li>\n<li><a href=\"https:\/\/tinnunculus.sy-sy.cz\/index.php\/2019\/11\/13\/sama-samicka\/\">Sama sami\u010dka<\/a><\/li>\n<li><a href=\"https:\/\/tinnunculus.sy-sy.cz\/index.php\/2015\/11\/07\/druhe-jaro\/\">Druh\u00e9 jaro<\/a><\/li>\n<\/ul>\n","protected":false},"excerpt":{"rendered":"<p>Aneb o&nbsp;tom, jak si nov\u00fd n\u00e1padn\u00edk z\u00edskal n\u00e1klonnost sami\u010dky a&nbsp;sna\u017e\u00ed se ji udr\u017eet dal\u0161\u00edmi d\u00e1rky. A&nbsp;jak\u00fd d\u00e1rek je lep\u0161\u00ed ne\u017e takov\u00fd p\u011bkn\u011b vypasen\u00fd hrabo\u0161.<\/p>\n","protected":false},"author":2,"featured_media":0,"comment_status":"open","ping_status":"open","sticky":false,"template":"","format":"standard","meta":{"jetpack_post_was_ever_published":false,"_jetpack_newsletter_access":"","_jetpack_dont_email_post_to_subs":false,"_jetpack_newsletter_tier_id":0,"_jetpack_memberships_contains_paywalled_content":false,"_jetpack_memberships_contains_paid_content":false,"footnotes":""},"categories":[147,142,116,105,110,1596,307,108],"tags":[375,4,90,91,9,10],"class_list":["post-9690","post","type-post","status-publish","format-standard","hentry","category-nase-postolky","category-dravec","category-nasi","category-postolka","category-postolka-obecna","category-postolky-z-nasi-lodzie","category-ptaci","category-ostatni-zvirena","tag-375","tag-ps_10","tag-ps_96","tag-ps_95","tag-ps_24","tag-ps_41"],"jetpack_featured_media_url":"","jetpack_shortlink":"https:\/\/wp.me\/p91gKE-2wi","jetpack-related-posts":[{"id":3399,"url":"https:\/\/tinnunculus.sy-sy.cz\/index.php\/2018\/03\/08\/jaro-je-za-dvermi\/","url_meta":{"origin":9690,"position":0},"title":"Jaro je za dve\u0159mi","author":"Zuzana Syrov\u00e1 An\u00fd\u017eov\u00e1","date":"08\/03\/2018","format":false,"excerpt":"A za \"na\u0161\u00ed\" sami\u010dkou dnes r\u00e1no p\u0159il\u00e9tl do lod\u017eie prvn\u00ed n\u00e1padn\u00edk. Ona se \u010dep\u00fd\u0159ila na bid\u00fdlku a on hned vl\u00e9tl do bedni\u010dky pod n\u00edm.\u00a0 Na sn\u00edmku z kamery z n\u011bj vid\u00edte jen kus \u0161ediv\u00e9 hlavi\u010dky: Pak se vyst\u0159\u00eddali a on se vydal na pr\u016fzkum neodolateln\u00e9 poli\u010dky nad n\u00edm i zbytku\u2026","rel":"","context":"V \u201e\"Na\u0161e\" po\u0161tolky\u201c","block_context":{"text":"\"Na\u0161e\" po\u0161tolky","link":"https:\/\/tinnunculus.sy-sy.cz\/index.php\/category\/nasi\/nase-postolky\/"},"img":{"alt_text":"","src":"https:\/\/i0.wp.com\/tinnunculus.sy-sy.cz\/wp-content\/uploads\/2018\/03\/20180308_06-51-50-e1520546508823.jpg?resize=350%2C200&ssl=1","width":350,"height":200,"srcset":"https:\/\/i0.wp.com\/tinnunculus.sy-sy.cz\/wp-content\/uploads\/2018\/03\/20180308_06-51-50-e1520546508823.jpg?resize=350%2C200&ssl=1 1x, https:\/\/i0.wp.com\/tinnunculus.sy-sy.cz\/wp-content\/uploads\/2018\/03\/20180308_06-51-50-e1520546508823.jpg?resize=525%2C300&ssl=1 1.5x, https:\/\/i0.wp.com\/tinnunculus.sy-sy.cz\/wp-content\/uploads\/2018\/03\/20180308_06-51-50-e1520546508823.jpg?resize=700%2C400&ssl=1 2x"},"classes":[]},{"id":10109,"url":"https:\/\/tinnunculus.sy-sy.cz\/index.php\/2019\/12\/16\/vanoce-nebo-velikonoce\/","url_meta":{"origin":9690,"position":1},"title":"V\u00e1noce nebo velikonoce?","author":"Zuzana Syrov\u00e1 An\u00fd\u017eov\u00e1","date":"16\/12\/2019","format":false,"excerpt":"Aneb o tom, jak to u n\u00e1s za\u010d\u00edn\u00e1 vypadat sp\u00ed\u0161e jako p\u0159ed velikonocemi ne\u017e p\u0159ed v\u00e1nocemi.","rel":"","context":"V \u201e\"Na\u0161e\" po\u0161tolky\u201c","block_context":{"text":"\"Na\u0161e\" po\u0161tolky","link":"https:\/\/tinnunculus.sy-sy.cz\/index.php\/category\/nasi\/nase-postolky\/"},"img":{"alt_text":"","src":"https:\/\/i0.wp.com\/tinnunculus.sy-sy.cz\/wp-content\/uploads\/2019\/12\/20191216-1709002228_uprav-1024x685.jpg?resize=350%2C200&ssl=1","width":350,"height":200,"srcset":"https:\/\/i0.wp.com\/tinnunculus.sy-sy.cz\/wp-content\/uploads\/2019\/12\/20191216-1709002228_uprav-1024x685.jpg?resize=350%2C200&ssl=1 1x, https:\/\/i0.wp.com\/tinnunculus.sy-sy.cz\/wp-content\/uploads\/2019\/12\/20191216-1709002228_uprav-1024x685.jpg?resize=525%2C300&ssl=1 1.5x"},"classes":[]},{"id":13752,"url":"https:\/\/tinnunculus.sy-sy.cz\/index.php\/2020\/09\/20\/casny-podzimni-hrabos\/","url_meta":{"origin":9690,"position":2},"title":"\u010casn\u00fd podzimn\u00ed hrabo\u0161","author":"Zuzana Syrov\u00e1 An\u00fd\u017eov\u00e1","date":"20\/09\/2020","format":false,"excerpt":"Aneb o tom, jak dnes dom\u00e1c\u00ed po\u0161tol\u010d\u00ed same\u010dek p\u0159inesl samice d\u00e1rek","rel":"","context":"V \u201e\"Na\u0161e\" po\u0161tolky\u201c","block_context":{"text":"\"Na\u0161e\" po\u0161tolky","link":"https:\/\/tinnunculus.sy-sy.cz\/index.php\/category\/nasi\/nase-postolky\/"},"img":{"alt_text":"","src":"https:\/\/i0.wp.com\/tinnunculus.sy-sy.cz\/wp-content\/uploads\/2020\/09\/20200920-1226493958-1024x576.jpg?resize=350%2C200&ssl=1","width":350,"height":200,"srcset":"https:\/\/i0.wp.com\/tinnunculus.sy-sy.cz\/wp-content\/uploads\/2020\/09\/20200920-1226493958-1024x576.jpg?resize=350%2C200&ssl=1 1x, https:\/\/i0.wp.com\/tinnunculus.sy-sy.cz\/wp-content\/uploads\/2020\/09\/20200920-1226493958-1024x576.jpg?resize=525%2C300&ssl=1 1.5x"},"classes":[]},{"id":268,"url":"https:\/\/tinnunculus.sy-sy.cz\/index.php\/2015\/11\/07\/druhe-jaro\/","url_meta":{"origin":9690,"position":3},"title":"Druh\u00e9 jaro?","author":"Zuzana Syrov\u00e1 An\u00fd\u017eov\u00e1","date":"07\/11\/2015","format":false,"excerpt":"U\u017e z toho, jak same\u010dek za\u010dal nosit v z\u00e1\u0159\u00ed sami\u010dce hrabo\u0161e bylo jasn\u00e9, \u017ee na n\u011bho p\u0159ich\u00e1z\u00ed druh\u00e9 jaro. I kdy\u017e u\u017e je listopad, tak drobnou pozornost donese skoro ka\u017ed\u00fd den a pravideln\u011b p\u0159ed sami\u010dkou p\u0159edv\u00e1d\u00ed, jak\u00fdm je budovatelem hn\u00edzd. D\u016flek, kter\u00fd vyvrt\u011bl, je dokonal\u00fd. A skoro ka\u017ed\u00e9 r\u00e1no se\u2026","rel":"","context":"V \u201e\"Na\u0161e\" po\u0161tolky\u201c","block_context":{"text":"\"Na\u0161e\" po\u0161tolky","link":"https:\/\/tinnunculus.sy-sy.cz\/index.php\/category\/nasi\/nase-postolky\/"},"img":{"alt_text":"","src":"https:\/\/i0.wp.com\/tinnunculus.sy-sy.cz\/wp-content\/uploads\/2015\/11\/20151106-0900522189-1024x819.jpg?resize=350%2C200&ssl=1","width":350,"height":200,"srcset":"https:\/\/i0.wp.com\/tinnunculus.sy-sy.cz\/wp-content\/uploads\/2015\/11\/20151106-0900522189-1024x819.jpg?resize=350%2C200&ssl=1 1x, https:\/\/i0.wp.com\/tinnunculus.sy-sy.cz\/wp-content\/uploads\/2015\/11\/20151106-0900522189-1024x819.jpg?resize=525%2C300&ssl=1 1.5x"},"classes":[]},{"id":14650,"url":"https:\/\/tinnunculus.sy-sy.cz\/index.php\/2021\/01\/30\/jeden-hrabos-jaro-nedela\/","url_meta":{"origin":9690,"position":4},"title":"Jeden hrabo\u0161 jaro ned\u011bl\u00e1","author":"Zuzana Syrov\u00e1 An\u00fd\u017eov\u00e1","date":"30\/01\/2021","format":false,"excerpt":"Aneb o tom, jak byl dom\u00e1c\u00ed po\u0161tol\u010d\u00ed same\u010dek p\u0159inesl sami\u010dce prvn\u00ed leto\u0161n\u00ed d\u00e1rek.","rel":"","context":"V \u201e\"Na\u0161e\" po\u0161tolky\u201c","block_context":{"text":"\"Na\u0161e\" po\u0161tolky","link":"https:\/\/tinnunculus.sy-sy.cz\/index.php\/category\/nasi\/nase-postolky\/"},"img":{"alt_text":"","src":"https:\/\/i0.wp.com\/tinnunculus.sy-sy.cz\/wp-content\/uploads\/2021\/01\/20210128_10-27-44-1024x576.jpg?resize=350%2C200&ssl=1","width":350,"height":200,"srcset":"https:\/\/i0.wp.com\/tinnunculus.sy-sy.cz\/wp-content\/uploads\/2021\/01\/20210128_10-27-44-1024x576.jpg?resize=350%2C200&ssl=1 1x, https:\/\/i0.wp.com\/tinnunculus.sy-sy.cz\/wp-content\/uploads\/2021\/01\/20210128_10-27-44-1024x576.jpg?resize=525%2C300&ssl=1 1.5x"},"classes":[]},{"id":3409,"url":"https:\/\/tinnunculus.sy-sy.cz\/index.php\/2018\/03\/09\/den-pote\/","url_meta":{"origin":9690,"position":5},"title":"Den pot\u00e9","author":"Zuzana Syrov\u00e1 An\u00fd\u017eov\u00e1","date":"09\/03\/2018","format":false,"excerpt":"Po\u0161tol\u010d\u00ed n\u00e1padn\u00edk se dnes op\u011bt uk\u00e1zal.\u00a0 \"Na\u0161e\" sami\u010dka ov\u0161em nebyla doma, nebo si zkr\u00e1tka \u0161patn\u011b domluvili kdy a kde se sejdou, tak hned zas zmizel. Je to ov\u0161em fe\u0161\u00e1k, tak se j\u00ed snad zal\u00edb\u00ed. Souvisej\u00edc\u00ed p\u0159\u00edsp\u011bvky: Jaro za dve\u0159mi","rel":"","context":"V \u201e\"Na\u0161e\" po\u0161tolky\u201c","block_context":{"text":"\"Na\u0161e\" po\u0161tolky","link":"https:\/\/tinnunculus.sy-sy.cz\/index.php\/category\/nasi\/nase-postolky\/"},"img":{"alt_text":"","src":"https:\/\/i0.wp.com\/tinnunculus.sy-sy.cz\/wp-content\/uploads\/2018\/03\/20180309-0836005431o2.jpg?resize=350%2C200&ssl=1","width":350,"height":200},"classes":[]}],"jetpack_sharing_enabled":true,"_links":{"self":[{"href":"https:\/\/tinnunculus.sy-sy.cz\/index.php\/wp-json\/wp\/v2\/posts\/9690","targetHints":{"allow":["GET"]}}],"collection":[{"href":"https:\/\/tinnunculus.sy-sy.cz\/index.php\/wp-json\/wp\/v2\/posts"}],"about":[{"href":"https:\/\/tinnunculus.sy-sy.cz\/index.php\/wp-json\/wp\/v2\/types\/post"}],"author":[{"embeddable":true,"href":"https:\/\/tinnunculus.sy-sy.cz\/index.php\/wp-json\/wp\/v2\/users\/2"}],"replies":[{"embeddable":true,"href":"https:\/\/tinnunculus.sy-sy.cz\/index.php\/wp-json\/wp\/v2\/comments?post=9690"}],"version-history":[{"count":3,"href":"https:\/\/tinnunculus.sy-sy.cz\/index.php\/wp-json\/wp\/v2\/posts\/9690\/revisions"}],"predecessor-version":[{"id":32384,"href":"https:\/\/tinnunculus.sy-sy.cz\/index.php\/wp-json\/wp\/v2\/posts\/9690\/revisions\/32384"}],"wp:attachment":[{"href":"https:\/\/tinnunculus.sy-sy.cz\/index.php\/wp-json\/wp\/v2\/media?parent=9690"}],"wp:term":[{"taxonomy":"category","embeddable":true,"href":"https:\/\/tinnunculus.sy-sy.cz\/index.php\/wp-json\/wp\/v2\/categories?post=9690"},{"taxonomy":"post_tag","embeddable":true,"href":"https:\/\/tinnunculus.sy-sy.cz\/index.php\/wp-json\/wp\/v2\/tags?post=9690"}],"curies":[{"name":"wp","href":"https:\/\/api.w.org\/{rel}","templated":true}]}}