{"id":8229,"date":"2019-06-25T21:12:19","date_gmt":"2019-06-25T19:12:19","guid":{"rendered":"http:\/\/tinnunculus.sy-sy.cz\/?p=8229"},"modified":"2026-03-21T08:26:43","modified_gmt":"2026-03-21T07:26:43","slug":"o-stupinek-vyse","status":"publish","type":"post","link":"https:\/\/tinnunculus.sy-sy.cz\/index.php\/2019\/06\/25\/o-stupinek-vyse\/","title":{"rendered":"O stup\u00ednek v\u00fd\u0161e"},"content":{"rendered":"<p><img data-recalc-dims=\"1\" loading=\"lazy\" decoding=\"async\" data-attachment-id=\"8242\" data-permalink=\"https:\/\/tinnunculus.sy-sy.cz\/index.php\/2019\/06\/25\/o-stupinek-vyse\/20190625_17-08-39upr\/\" data-orig-file=\"https:\/\/i0.wp.com\/tinnunculus.sy-sy.cz\/wp-content\/uploads\/2019\/06\/20190625_17-08-39upr.jpg?fit=650%2C480&amp;ssl=1\" data-orig-size=\"650,480\" data-comments-opened=\"1\" data-image-meta=\"{&quot;aperture&quot;:&quot;0&quot;,&quot;credit&quot;:&quot;&quot;,&quot;camera&quot;:&quot;M1125&quot;,&quot;caption&quot;:&quot;&quot;,&quot;created_timestamp&quot;:&quot;1561475322&quot;,&quot;copyright&quot;:&quot;&quot;,&quot;focal_length&quot;:&quot;0&quot;,&quot;iso&quot;:&quot;0&quot;,&quot;shutter_speed&quot;:&quot;0&quot;,&quot;title&quot;:&quot;&quot;,&quot;orientation&quot;:&quot;1&quot;}\" data-image-title=\"20190625_17-08-39upr\" data-image-description=\"\" data-image-caption=\"\" data-large-file=\"https:\/\/i0.wp.com\/tinnunculus.sy-sy.cz\/wp-content\/uploads\/2019\/06\/20190625_17-08-39upr.jpg?fit=525%2C388&amp;ssl=1\" class=\"aligncenter wp-image-8242 size-full\" src=\"https:\/\/i0.wp.com\/tinnunculus.sy-sy.cz\/wp-content\/uploads\/2019\/06\/20190625_17-08-39upr.jpg?resize=525%2C388&#038;ssl=1\" alt=\"\" width=\"525\" height=\"388\" srcset=\"https:\/\/i0.wp.com\/tinnunculus.sy-sy.cz\/wp-content\/uploads\/2019\/06\/20190625_17-08-39upr.jpg?w=650&amp;ssl=1 650w, https:\/\/i0.wp.com\/tinnunculus.sy-sy.cz\/wp-content\/uploads\/2019\/06\/20190625_17-08-39upr.jpg?resize=300%2C222&amp;ssl=1 300w\" sizes=\"auto, (max-width: 525px) 100vw, 525px\" \/><\/p>\n<p>V \u017eivot\u011b ka\u017ed\u00e9ho po\u0161tol\u010dete nastane den, kdy ho za\u010dne l\u00e1kat sv\u011bt a&nbsp;za\u010dne pom\u00fd\u0161let na to, jak se dostat d\u00e1le a&nbsp;v\u00fd\u0161e. <!--more-->Kdy\u017e jsme je\u0161t\u011b m\u011bli v&nbsp;lod\u017eii z\u00e1bradl\u00ed, pod n\u00edm\u017e byl praktick\u00fd vletov\u00fd otvor a&nbsp;&#8222;na\u0161e&#8220; hn\u00edzdily na podlaze v&nbsp;kout\u011b za sk\u0159\u00ed\u0148kou, po\u0161tol\u010data se pravideln\u011b kolem 20.&nbsp;dne po&nbsp;vyl\u00edhnut\u00ed vyd\u00e1vala na p\u011b\u0161\u00ed pr\u016fzkumn\u00e9 v\u00fdpravy. Takhle vypadalo prvn\u00ed po\u0161tol\u010de, kter\u00e9 v&nbsp;roce 2007 dorazilo a\u017e ke dve\u0159\u00edm do lod\u017eie:<\/p>\n<p><img data-recalc-dims=\"1\" loading=\"lazy\" decoding=\"async\" data-attachment-id=\"8265\" data-permalink=\"https:\/\/tinnunculus.sy-sy.cz\/index.php\/2019\/06\/25\/o-stupinek-vyse\/dsc20459\/\" data-orig-file=\"https:\/\/i0.wp.com\/tinnunculus.sy-sy.cz\/wp-content\/uploads\/2019\/06\/dsc20459.jpg?fit=3008%2C2000&amp;ssl=1\" data-orig-size=\"3008,2000\" data-comments-opened=\"1\" data-image-meta=\"{&quot;aperture&quot;:&quot;0&quot;,&quot;credit&quot;:&quot;Zuzana Syrov\\u00e1&quot;,&quot;camera&quot;:&quot;&quot;,&quot;caption&quot;:&quot;&quot;,&quot;created_timestamp&quot;:&quot;0&quot;,&quot;copyright&quot;:&quot;Zuzana Syrov\\u00e1&quot;,&quot;focal_length&quot;:&quot;0&quot;,&quot;iso&quot;:&quot;0&quot;,&quot;shutter_speed&quot;:&quot;0&quot;,&quot;title&quot;:&quot;&quot;,&quot;orientation&quot;:&quot;0&quot;}\" data-image-title=\"dsc20459\" data-image-description=\"\" data-image-caption=\"\" data-large-file=\"https:\/\/i0.wp.com\/tinnunculus.sy-sy.cz\/wp-content\/uploads\/2019\/06\/dsc20459.jpg?fit=525%2C349&amp;ssl=1\" class=\"aligncenter wp-image-8265 size-large\" src=\"https:\/\/i0.wp.com\/tinnunculus.sy-sy.cz\/wp-content\/uploads\/2019\/06\/dsc20459.jpg?resize=525%2C349&#038;ssl=1\" alt=\"\" width=\"525\" height=\"349\" srcset=\"https:\/\/i0.wp.com\/tinnunculus.sy-sy.cz\/wp-content\/uploads\/2019\/06\/dsc20459.jpg?resize=1024%2C681&amp;ssl=1 1024w, https:\/\/i0.wp.com\/tinnunculus.sy-sy.cz\/wp-content\/uploads\/2019\/06\/dsc20459.jpg?resize=300%2C199&amp;ssl=1 300w, https:\/\/i0.wp.com\/tinnunculus.sy-sy.cz\/wp-content\/uploads\/2019\/06\/dsc20459.jpg?resize=768%2C511&amp;ssl=1 768w, https:\/\/i0.wp.com\/tinnunculus.sy-sy.cz\/wp-content\/uploads\/2019\/06\/dsc20459.jpg?w=1575&amp;ssl=1 1575w\" sizes=\"auto, (max-width: 525px) 100vw, 525px\" \/><\/p>\n<p>Otvor pod z\u00e1bradl\u00edm ov\u0161em u\u017e nem\u00e1me, co\u017e je jeden z&nbsp;hlavn\u00edch d\u016fvod\u016f, pro\u010d pro po\u0161tolky u\u017e hn\u00edzdo na podlaze nen\u00ed atraktivn\u00ed. Na nov\u00e9m m\u00edst\u011b polic\u00edch za dve\u0159mi letos hn\u00edzd\u00ed podruh\u00e9 a&nbsp;proto\u017ee lo\u0148sk\u00e1 sez\u00f3na skon\u010dila po&nbsp;zmizen\u00ed obou po\u0161tol\u010d\u00edch rodi\u010d\u016f p\u0159evozem po\u0161tol\u010dat do z\u00e1chrann\u00e9 stanice, nev\u00edme, kam po\u0161tol\u010data ve dnech p\u0159ed vylet\u011bn\u00edm zam\u00ed\u0159\u00ed.<\/p>\n<p>Zat\u00edm se rozhodla postupovat v\u00fd\u0161e. Dos\u00e1hla p\u0159itom prv\u00e9ho v\u00fd\u0161kov\u00e9ho stupn\u011b: dna obr\u00e1cen\u00e9ho kv\u011btin\u00e1\u010de, kter\u00fd slou\u017e\u00ed jako t\u011b\u017e\u00edtko v&nbsp;lepenkov\u00e9 p\u0159epravce, ve kter\u00e9 nyn\u00ed bydl\u00ed, a&nbsp;tak\u00e9 u\u017e v\u0161echna t\u0159i dok\u00e1\u017e\u00ed vyskos\u010dit s&nbsp;pomoc\u00ed k\u0159\u00eddel na jej\u00ed okraj.<\/p>\n<p>Dostat se tak vysoko a&nbsp;p\u0159ekonat barieru zp\u011bt do hn\u00edzda, kde se vyl\u00edhlo, se poda\u0159ilo jako prvn\u00edmu po\u0161tol\u010deti s&nbsp;\u010derven\u00fdm krou\u017ekem:<\/p>\n<div style=\"width: 525px;\" class=\"wp-video\"><video class=\"wp-video-shortcode\" id=\"video-8229-1\" width=\"525\" height=\"295\" preload=\"metadata\" controls=\"controls\"><source type=\"video\/mp4\" src=\"https:\/\/tinnunculus.sy-sy.cz\/wp-content\/uploads\/2019\/06\/20190623-080654-080950.mp4?_=1\" \/><a href=\"https:\/\/tinnunculus.sy-sy.cz\/wp-content\/uploads\/2019\/06\/20190623-080654-080950.mp4\">https:\/\/tinnunculus.sy-sy.cz\/wp-content\/uploads\/2019\/06\/20190623-080654-080950.mp4<\/a><\/video><\/div>\n<p>Nyn\u00ed, jak vidno na sn\u00edmku v&nbsp;z\u00e1hlav\u00ed tohoto p\u0159\u00edsp\u011bvku, ji\u017e zvl\u00e1daj\u00ed prvn\u00ed v\u00fd\u0161kov\u00fd stupe\u0148 v\u0161echna t\u0159i po\u0161tol\u010data. A&nbsp;v\u0161echna t\u0159i tak\u00e9 pravideln\u011b cvi\u010d\u00ed. K&nbsp;z\u00e1kladn\u00edm cvik\u016fm pat\u0159\u00ed m\u00e1v\u00e1n\u00ed k\u0159\u00eddly, a&nbsp;to pokud mo\u017eno bezpe\u010dn\u00fdm sm\u011brem proti zdi:<\/p>\n<p><img data-recalc-dims=\"1\" loading=\"lazy\" decoding=\"async\" data-attachment-id=\"8235\" data-permalink=\"https:\/\/tinnunculus.sy-sy.cz\/index.php\/2019\/06\/25\/o-stupinek-vyse\/20190625_11-40-09upr\/\" data-orig-file=\"https:\/\/i0.wp.com\/tinnunculus.sy-sy.cz\/wp-content\/uploads\/2019\/06\/20190625_11-40-09upr.jpg?fit=640%2C432&amp;ssl=1\" data-orig-size=\"640,432\" data-comments-opened=\"1\" data-image-meta=\"{&quot;aperture&quot;:&quot;0&quot;,&quot;credit&quot;:&quot;&quot;,&quot;camera&quot;:&quot;M1125&quot;,&quot;caption&quot;:&quot;&quot;,&quot;created_timestamp&quot;:&quot;1561455610&quot;,&quot;copyright&quot;:&quot;&quot;,&quot;focal_length&quot;:&quot;0&quot;,&quot;iso&quot;:&quot;0&quot;,&quot;shutter_speed&quot;:&quot;0&quot;,&quot;title&quot;:&quot;&quot;,&quot;orientation&quot;:&quot;1&quot;}\" data-image-title=\"20190625_11-40-09upr\" data-image-description=\"\" data-image-caption=\"\" data-large-file=\"https:\/\/i0.wp.com\/tinnunculus.sy-sy.cz\/wp-content\/uploads\/2019\/06\/20190625_11-40-09upr.jpg?fit=525%2C354&amp;ssl=1\" class=\"aligncenter wp-image-8235 size-full\" src=\"https:\/\/i0.wp.com\/tinnunculus.sy-sy.cz\/wp-content\/uploads\/2019\/06\/20190625_11-40-09upr.jpg?resize=525%2C354&#038;ssl=1\" alt=\"\" width=\"525\" height=\"354\" srcset=\"https:\/\/i0.wp.com\/tinnunculus.sy-sy.cz\/wp-content\/uploads\/2019\/06\/20190625_11-40-09upr.jpg?w=640&amp;ssl=1 640w, https:\/\/i0.wp.com\/tinnunculus.sy-sy.cz\/wp-content\/uploads\/2019\/06\/20190625_11-40-09upr.jpg?resize=300%2C203&amp;ssl=1 300w\" sizes=\"auto, (max-width: 525px) 100vw, 525px\" \/><\/p>\n<p>K\u0159\u00eddla u\u017e opravdu za\u010d\u00ednaj\u00ed vypadat tak, \u017ee by se s&nbsp;nimi dalo l\u00e9tat:<\/p>\n<p><img data-recalc-dims=\"1\" loading=\"lazy\" decoding=\"async\" data-attachment-id=\"8253\" data-permalink=\"https:\/\/tinnunculus.sy-sy.cz\/index.php\/2019\/06\/25\/o-stupinek-vyse\/20190626_08-42-26_3upr1\/\" data-orig-file=\"https:\/\/i0.wp.com\/tinnunculus.sy-sy.cz\/wp-content\/uploads\/2019\/06\/20190626_08-42-26_3upr1.jpg?fit=720%2C576&amp;ssl=1\" data-orig-size=\"720,576\" data-comments-opened=\"1\" data-image-meta=\"{&quot;aperture&quot;:&quot;0&quot;,&quot;credit&quot;:&quot;&quot;,&quot;camera&quot;:&quot;&quot;,&quot;caption&quot;:&quot;&quot;,&quot;created_timestamp&quot;:&quot;0&quot;,&quot;copyright&quot;:&quot;&quot;,&quot;focal_length&quot;:&quot;0&quot;,&quot;iso&quot;:&quot;0&quot;,&quot;shutter_speed&quot;:&quot;0&quot;,&quot;title&quot;:&quot;&quot;,&quot;orientation&quot;:&quot;1&quot;}\" data-image-title=\"20190626_08-42-26_3upr1\" data-image-description=\"\" data-image-caption=\"\" data-large-file=\"https:\/\/i0.wp.com\/tinnunculus.sy-sy.cz\/wp-content\/uploads\/2019\/06\/20190626_08-42-26_3upr1.jpg?fit=525%2C420&amp;ssl=1\" class=\"aligncenter wp-image-8253 size-full\" src=\"https:\/\/i0.wp.com\/tinnunculus.sy-sy.cz\/wp-content\/uploads\/2019\/06\/20190626_08-42-26_3upr1.jpg?resize=525%2C420&#038;ssl=1\" alt=\"\" width=\"525\" height=\"420\" srcset=\"https:\/\/i0.wp.com\/tinnunculus.sy-sy.cz\/wp-content\/uploads\/2019\/06\/20190626_08-42-26_3upr1.jpg?w=720&amp;ssl=1 720w, https:\/\/i0.wp.com\/tinnunculus.sy-sy.cz\/wp-content\/uploads\/2019\/06\/20190626_08-42-26_3upr1.jpg?resize=300%2C240&amp;ssl=1 300w\" sizes=\"auto, (max-width: 525px) 100vw, 525px\" \/><\/p>\n","protected":false},"excerpt":{"rendered":"<p>Aneb o&nbsp;tom,, jak vysoko to u\u017e na\u0161e po\u0161tol\u010data dot\u00e1hla.<\/p>\n","protected":false},"author":2,"featured_media":0,"comment_status":"open","ping_status":"open","sticky":false,"template":"","format":"standard","meta":{"jetpack_post_was_ever_published":false,"_jetpack_newsletter_access":"","_jetpack_dont_email_post_to_subs":false,"_jetpack_newsletter_tier_id":0,"_jetpack_memberships_contains_paywalled_content":false,"_jetpack_memberships_contains_paid_content":false,"footnotes":""},"categories":[147,142,116,105,110,1596,307,108],"tags":[375,93,74,90,91],"class_list":["post-8229","post","type-post","status-publish","format-standard","hentry","category-nase-postolky","category-dravec","category-nasi","category-postolka","category-postolka-obecna","category-postolky-z-nasi-lodzie","category-ptaci","category-ostatni-zvirena","tag-375","tag-ps_74","tag-ps_77","tag-ps_96","tag-ps_95"],"jetpack_featured_media_url":"","jetpack_shortlink":"https:\/\/wp.me\/p91gKE-28J","jetpack-related-posts":[{"id":350,"url":"https:\/\/tinnunculus.sy-sy.cz\/index.php\/2016\/06\/18\/preskoc-prelez-ale-nepodlez\/","url_meta":{"origin":8229,"position":0},"title":"P\u0159esko\u010d, p\u0159elez, ale (ne)podlez","author":"Zuzana Syrov\u00e1 An\u00fd\u017eov\u00e1","date":"18\/06\/2016","format":false,"excerpt":"Po\u0161tol\u010data, i kdy\u017e jsou to dravci sokolovit\u00ed, evidentn\u011b neznaj\u00ed heslo jednoho ze zakladatel\u016f Sokola, Miroslava Tyr\u0161e. Zat\u00edmco \"na\u0161e\" \u0161ikovn\u011bj\u0161\u00ed po\u0161tol\u010de - v\u00fdzkumn\u00edk se chov\u00e1 jako spr\u00e1vn\u00fd Sokol a dok\u00e1\u017ee u\u017e vyl\u00e9tnou z hn\u00edzda na polystyrenovou z\u00e1branu a je\u0161t\u011b v\u00fd\u0161e na sk\u0159\u00ed\u0148ku a tak\u00e9 sl\u00e9tnout zp\u011bt, tomu druh\u00e9mu prost\u011b vyskakovac\u00ed a\u2026","rel":"","context":"V \u201e\"Na\u0161e\" po\u0161tolky\u201c","block_context":{"text":"\"Na\u0161e\" po\u0161tolky","link":"https:\/\/tinnunculus.sy-sy.cz\/index.php\/category\/nasi\/nase-postolky\/"},"img":{"alt_text":"","src":"https:\/\/i0.wp.com\/tinnunculus.sy-sy.cz\/wp-content\/uploads\/2016\/06\/20160618_11-21-10-1024x640.jpg?resize=350%2C200&ssl=1","width":350,"height":200,"srcset":"https:\/\/i0.wp.com\/tinnunculus.sy-sy.cz\/wp-content\/uploads\/2016\/06\/20160618_11-21-10-1024x640.jpg?resize=350%2C200&ssl=1 1x, https:\/\/i0.wp.com\/tinnunculus.sy-sy.cz\/wp-content\/uploads\/2016\/06\/20160618_11-21-10-1024x640.jpg?resize=525%2C300&ssl=1 1.5x"},"classes":[]},{"id":8275,"url":"https:\/\/tinnunculus.sy-sy.cz\/index.php\/2019\/06\/28\/jeste-vyse\/","url_meta":{"origin":8229,"position":1},"title":"Je\u0161t\u011b v\u00fd\u0161e","author":"Zuzana Syrov\u00e1 An\u00fd\u017eov\u00e1","date":"28\/06\/2019","format":false,"excerpt":"Aneb o tom, jak \"na\u0161e\" po\u0161tol\u010data postupuj\u00ed st\u00e1le v\u00fd\u0161e, tak\u017ee dok\u00e1\u017e\u00ed dolet\u011bt nebo vy\u0161plhat a\u017e na bid\u00fdlka nad hn\u00edzdem.","rel":"","context":"V \u201e\"Na\u0161e\" po\u0161tolky\u201c","block_context":{"text":"\"Na\u0161e\" po\u0161tolky","link":"https:\/\/tinnunculus.sy-sy.cz\/index.php\/category\/nasi\/nase-postolky\/"},"img":{"alt_text":"","src":"https:\/\/i0.wp.com\/tinnunculus.sy-sy.cz\/wp-content\/uploads\/2019\/06\/20190628_15-00-57uprav-1024x576.jpg?resize=350%2C200&ssl=1","width":350,"height":200,"srcset":"https:\/\/i0.wp.com\/tinnunculus.sy-sy.cz\/wp-content\/uploads\/2019\/06\/20190628_15-00-57uprav-1024x576.jpg?resize=350%2C200&ssl=1 1x, https:\/\/i0.wp.com\/tinnunculus.sy-sy.cz\/wp-content\/uploads\/2019\/06\/20190628_15-00-57uprav-1024x576.jpg?resize=525%2C300&ssl=1 1.5x"},"classes":[]},{"id":43166,"url":"https:\/\/tinnunculus.sy-sy.cz\/index.php\/2025\/07\/06\/pycha-predchazi-pad\/","url_meta":{"origin":8229,"position":2},"title":"P\u00fdcha p\u0159edch\u00e1z\u00ed p\u00e1d","author":"Zuzana Syrov\u00e1 An\u00fd\u017eov\u00e1","date":"06\/07\/2025","format":false,"excerpt":"Aneb o tom, \u017ee sp\u00e1vat na bid\u00fdlku nen\u00ed tak snadn\u00e9, jak by si leckter\u00e9 po\u0161tol\u010de p\u0159edstavovalo-","rel":"","context":"V \u201e\"Na\u0161e\" po\u0161tolky\u201c","block_context":{"text":"\"Na\u0161e\" po\u0161tolky","link":"https:\/\/tinnunculus.sy-sy.cz\/index.php\/category\/nasi\/nase-postolky\/"},"img":{"alt_text":"","src":"https:\/\/i0.wp.com\/tinnunculus.sy-sy.cz\/wp-content\/uploads\/2025\/07\/20250706-0618240182-Cam-12-Type-0-1024x576.jpg?resize=350%2C200&ssl=1","width":350,"height":200,"srcset":"https:\/\/i0.wp.com\/tinnunculus.sy-sy.cz\/wp-content\/uploads\/2025\/07\/20250706-0618240182-Cam-12-Type-0-1024x576.jpg?resize=350%2C200&ssl=1 1x, https:\/\/i0.wp.com\/tinnunculus.sy-sy.cz\/wp-content\/uploads\/2025\/07\/20250706-0618240182-Cam-12-Type-0-1024x576.jpg?resize=525%2C300&ssl=1 1.5x"},"classes":[]},{"id":357,"url":"https:\/\/tinnunculus.sy-sy.cz\/index.php\/2016\/06\/23\/rekni-mi-kde-spis-a-ja-ti-povim-kdo-jsi\/","url_meta":{"origin":8229,"position":3},"title":"\u0158ekni mi, kde sp\u00ed\u0161, a&nbsp;j\u00e1 ti pov\u00edm, kdo jsi","author":"Zuzana Syrov\u00e1 An\u00fd\u017eov\u00e1","date":"23\/06\/2016","format":false,"excerpt":"Kdy\u017e po\u0161tol\u010data odr\u016fstaj\u00ed, za\u010dne b\u00fdt postupn\u011b ne\u00fanosn\u00e9 sp\u00e1vat dole na hn\u00edzd\u011b a je\u0161t\u011b k tomu vle\u017ee. Spr\u00e1vn\u00e1 po\u0161tolka sp\u00e1v\u00e1 naho\u0159e na bid\u00fdlku. Vzorem v\u0161em generac\u00edm po\u0161tol\u010dat v tom byla maminka s tat\u00ednkem. Leto\u0161n\u00ed padac\u00ed po\u0161tol\u010de pochopiteln\u011b je\u0161t\u011b na bid\u00fdlku nesp\u00e1v\u00e1. To druh\u00e9, l\u00e9tac\u00ed, u\u017e k tomu ale nem\u00e1 daleko. Po\u2026","rel":"","context":"V \u201e\"Na\u0161e\" po\u0161tolky\u201c","block_context":{"text":"\"Na\u0161e\" po\u0161tolky","link":"https:\/\/tinnunculus.sy-sy.cz\/index.php\/category\/nasi\/nase-postolky\/"},"img":{"alt_text":"","src":"https:\/\/i0.wp.com\/tinnunculus.sy-sy.cz\/wp-content\/uploads\/2016\/06\/P1290745-1024x768.jpg?resize=350%2C200&ssl=1","width":350,"height":200,"srcset":"https:\/\/i0.wp.com\/tinnunculus.sy-sy.cz\/wp-content\/uploads\/2016\/06\/P1290745-1024x768.jpg?resize=350%2C200&ssl=1 1x, https:\/\/i0.wp.com\/tinnunculus.sy-sy.cz\/wp-content\/uploads\/2016\/06\/P1290745-1024x768.jpg?resize=525%2C300&ssl=1 1.5x"},"classes":[]},{"id":18568,"url":"https:\/\/tinnunculus.sy-sy.cz\/index.php\/2022\/04\/16\/jeste-jedna-kamera\/","url_meta":{"origin":8229,"position":4},"title":"Je\u0161t\u011b jedna kamera","author":"Zuzana Syrov\u00e1 An\u00fd\u017eov\u00e1","date":"16\/04\/2022","format":false,"excerpt":"Aneb o tom, jak jsme zprovoznili novou kameru a co jej\u00edm prost\u0159ednictv\u00edm m\u016f\u017eete vid\u011bt","rel":"","context":"V \u201e\"Na\u0161e\" po\u0161tolky\u201c","block_context":{"text":"\"Na\u0161e\" po\u0161tolky","link":"https:\/\/tinnunculus.sy-sy.cz\/index.php\/category\/nasi\/nase-postolky\/"},"img":{"alt_text":"","src":"https:\/\/i0.wp.com\/tinnunculus.sy-sy.cz\/wp-content\/uploads\/2022\/04\/20220409_16-42-05upr01a.jpg?resize=350%2C200&ssl=1","width":350,"height":200,"srcset":"https:\/\/i0.wp.com\/tinnunculus.sy-sy.cz\/wp-content\/uploads\/2022\/04\/20220409_16-42-05upr01a.jpg?resize=350%2C200&ssl=1 1x, https:\/\/i0.wp.com\/tinnunculus.sy-sy.cz\/wp-content\/uploads\/2022\/04\/20220409_16-42-05upr01a.jpg?resize=525%2C300&ssl=1 1.5x"},"classes":[]},{"id":386,"url":"https:\/\/tinnunculus.sy-sy.cz\/index.php\/2017\/03\/28\/trpelivost-matka-trpasliku\/","url_meta":{"origin":8229,"position":5},"title":"Trp\u011blivost matka trpasl\u00edk\u016f","author":"Zuzana Syrov\u00e1 An\u00fd\u017eov\u00e1","date":"28\/03\/2017","format":false,"excerpt":"Je to ka\u017ed\u00fd rok stejn\u00e9, ale letos... Nad r\u00e1nem (27.3.2017) Po\u0161tolky u\u017e u n\u00e1s od za\u010d\u00e1tku b\u0159ezna bydl\u00ed. Zat\u00edm ale pou\u017e\u00edvaj\u00ed na\u0161i lod\u017eii t\u00e9m\u011b\u0159 v\u00fdhradn\u011b jako nocleh\u00e1rnu. Ve\u010der se setm\u011bn\u00edm p\u0159ilet\u00ed. Nejprve sami\u010dka a vz\u00e1p\u011bt\u00ed za n\u00ed same\u010dek. Usad\u00ed se na bid\u00fdlk\u00e1ch u dve\u0159\u00ed a\u00a0 pohovo\u0159\u00ed spolu kr\u00e1tce (z\u0159ejm\u011b na\u2026","rel":"","context":"V \u201e\"Na\u0161e\" po\u0161tolky\u201c","block_context":{"text":"\"Na\u0161e\" po\u0161tolky","link":"https:\/\/tinnunculus.sy-sy.cz\/index.php\/category\/nasi\/nase-postolky\/"},"img":{"alt_text":"","src":"https:\/\/i0.wp.com\/tinnunculus.sy-sy.cz\/wp-content\/uploads\/2017\/03\/20170327_06-11-49-1024x819.jpg?resize=350%2C200&ssl=1","width":350,"height":200,"srcset":"https:\/\/i0.wp.com\/tinnunculus.sy-sy.cz\/wp-content\/uploads\/2017\/03\/20170327_06-11-49-1024x819.jpg?resize=350%2C200&ssl=1 1x, https:\/\/i0.wp.com\/tinnunculus.sy-sy.cz\/wp-content\/uploads\/2017\/03\/20170327_06-11-49-1024x819.jpg?resize=525%2C300&ssl=1 1.5x"},"classes":[]}],"jetpack_sharing_enabled":true,"_links":{"self":[{"href":"https:\/\/tinnunculus.sy-sy.cz\/index.php\/wp-json\/wp\/v2\/posts\/8229","targetHints":{"allow":["GET"]}}],"collection":[{"href":"https:\/\/tinnunculus.sy-sy.cz\/index.php\/wp-json\/wp\/v2\/posts"}],"about":[{"href":"https:\/\/tinnunculus.sy-sy.cz\/index.php\/wp-json\/wp\/v2\/types\/post"}],"author":[{"embeddable":true,"href":"https:\/\/tinnunculus.sy-sy.cz\/index.php\/wp-json\/wp\/v2\/users\/2"}],"replies":[{"embeddable":true,"href":"https:\/\/tinnunculus.sy-sy.cz\/index.php\/wp-json\/wp\/v2\/comments?post=8229"}],"version-history":[{"count":3,"href":"https:\/\/tinnunculus.sy-sy.cz\/index.php\/wp-json\/wp\/v2\/posts\/8229\/revisions"}],"predecessor-version":[{"id":32870,"href":"https:\/\/tinnunculus.sy-sy.cz\/index.php\/wp-json\/wp\/v2\/posts\/8229\/revisions\/32870"}],"wp:attachment":[{"href":"https:\/\/tinnunculus.sy-sy.cz\/index.php\/wp-json\/wp\/v2\/media?parent=8229"}],"wp:term":[{"taxonomy":"category","embeddable":true,"href":"https:\/\/tinnunculus.sy-sy.cz\/index.php\/wp-json\/wp\/v2\/categories?post=8229"},{"taxonomy":"post_tag","embeddable":true,"href":"https:\/\/tinnunculus.sy-sy.cz\/index.php\/wp-json\/wp\/v2\/tags?post=8229"}],"curies":[{"name":"wp","href":"https:\/\/api.w.org\/{rel}","templated":true}]}}