{"id":8184,"date":"2019-06-15T20:08:37","date_gmt":"2019-06-15T18:08:37","guid":{"rendered":"http:\/\/tinnunculus.sy-sy.cz\/?p=8184"},"modified":"2026-03-21T08:26:55","modified_gmt":"2026-03-21T07:26:55","slug":"kde-jsou-dve-nejmensi","status":"publish","type":"post","link":"https:\/\/tinnunculus.sy-sy.cz\/index.php\/2019\/06\/15\/kde-jsou-dve-nejmensi\/","title":{"rendered":"Kde jsou dv\u011b nejmen\u0161\u00ed"},"content":{"rendered":"<p><img data-recalc-dims=\"1\" loading=\"lazy\" decoding=\"async\" data-attachment-id=\"8186\" data-permalink=\"https:\/\/tinnunculus.sy-sy.cz\/index.php\/2019\/06\/15\/kde-jsou-dve-nejmensi\/20190614_16-22-47uprav1\/\" data-orig-file=\"https:\/\/i0.wp.com\/tinnunculus.sy-sy.cz\/wp-content\/uploads\/2019\/06\/20190614_16-22-47uprav1.jpg?fit=636%2C412&amp;ssl=1\" data-orig-size=\"636,412\" data-comments-opened=\"1\" data-image-meta=\"{&quot;aperture&quot;:&quot;0&quot;,&quot;credit&quot;:&quot;&quot;,&quot;camera&quot;:&quot;M1125&quot;,&quot;caption&quot;:&quot;&quot;,&quot;created_timestamp&quot;:&quot;1560529374&quot;,&quot;copyright&quot;:&quot;&quot;,&quot;focal_length&quot;:&quot;0&quot;,&quot;iso&quot;:&quot;0&quot;,&quot;shutter_speed&quot;:&quot;0&quot;,&quot;title&quot;:&quot;&quot;,&quot;orientation&quot;:&quot;1&quot;}\" data-image-title=\"20190614_16-22-47uprav1\" data-image-description=\"\" data-image-caption=\"\" data-large-file=\"https:\/\/i0.wp.com\/tinnunculus.sy-sy.cz\/wp-content\/uploads\/2019\/06\/20190614_16-22-47uprav1.jpg?fit=525%2C340&amp;ssl=1\" class=\"aligncenter wp-image-8186 size-full\" src=\"https:\/\/i0.wp.com\/tinnunculus.sy-sy.cz\/wp-content\/uploads\/2019\/06\/20190614_16-22-47uprav1.jpg?resize=525%2C340&#038;ssl=1\" alt=\"\" width=\"525\" height=\"340\" srcset=\"https:\/\/i0.wp.com\/tinnunculus.sy-sy.cz\/wp-content\/uploads\/2019\/06\/20190614_16-22-47uprav1.jpg?w=636&amp;ssl=1 636w, https:\/\/i0.wp.com\/tinnunculus.sy-sy.cz\/wp-content\/uploads\/2019\/06\/20190614_16-22-47uprav1.jpg?resize=300%2C194&amp;ssl=1 300w\" sizes=\"auto, (max-width: 525px) 100vw, 525px\" \/><\/p>\n<p>Je\u0161t\u011b v\u010dera byla po\u0161tol\u010d\u00ed rodina v&nbsp;na\u0161\u00ed lod\u017eii kompletn\u00ed. B\u011bhem dne se sice t\u0159em nejstar\u0161\u00edm po\u0161tol\u010dat\u016fm poda\u0159ilo dostat se do kartonov\u00e9 p\u0159epravky p\u0159ed hn\u00edzdn\u00ed bed\u00fdnkou, ale p\u0159\u00edli\u0161 jsme se t\u00edm neznepokojovali. Po\u0161tol\u010d\u00ed otec nosil pravideln\u011b hrabo\u0161e a&nbsp;po\u0161tol\u010d\u00ed matka spravedliv\u011b krmila ob\u011b odd\u011blen\u00e9 skupinky.<!--more--><\/p>\n<p><img data-recalc-dims=\"1\" loading=\"lazy\" decoding=\"async\" data-attachment-id=\"8188\" data-permalink=\"https:\/\/tinnunculus.sy-sy.cz\/index.php\/2019\/06\/15\/kde-jsou-dve-nejmensi\/20190614_16-23-02uprav\/\" data-orig-file=\"https:\/\/i0.wp.com\/tinnunculus.sy-sy.cz\/wp-content\/uploads\/2019\/06\/20190614_16-23-02uprav-e1560618511324.jpg?fit=1038%2C584&amp;ssl=1\" data-orig-size=\"1038,584\" data-comments-opened=\"1\" data-image-meta=\"{&quot;aperture&quot;:&quot;0&quot;,&quot;credit&quot;:&quot;&quot;,&quot;camera&quot;:&quot;&quot;,&quot;caption&quot;:&quot;&quot;,&quot;created_timestamp&quot;:&quot;0&quot;,&quot;copyright&quot;:&quot;&quot;,&quot;focal_length&quot;:&quot;0&quot;,&quot;iso&quot;:&quot;0&quot;,&quot;shutter_speed&quot;:&quot;0&quot;,&quot;title&quot;:&quot;&quot;,&quot;orientation&quot;:&quot;1&quot;}\" data-image-title=\"20190614_16-23-02uprav\" data-image-description=\"\" data-image-caption=\"\" data-large-file=\"https:\/\/i0.wp.com\/tinnunculus.sy-sy.cz\/wp-content\/uploads\/2019\/06\/20190614_16-23-02uprav-e1560618511324.jpg?fit=525%2C295&amp;ssl=1\" class=\"aligncenter wp-image-8188 size-large\" src=\"https:\/\/i0.wp.com\/tinnunculus.sy-sy.cz\/wp-content\/uploads\/2019\/06\/20190614_16-23-02uprav.jpg?resize=525%2C295&#038;ssl=1\" alt=\"\" width=\"525\" height=\"295\" \/><\/p>\n<p>Dv\u011b men\u0161\u00ed po\u0161tol\u010data za\u010dala u\u017e brzy ve\u010der zah\u0159\u00edvat, p\u0159esto\u017ee se to po\u0161tol\u010dat\u016fm moc nel\u00edbilo. Naposledy na nich takto sed\u011bla v&nbsp;noci z&nbsp;9.&nbsp;na 10.&nbsp;\u010dervna, proto\u017ee noci byly dosud jsou velmi tepl\u00e9. Opakovali jsme si tedy z\u00e1kladn\u00ed pravidlo, \u017ee po\u0161tol\u010d\u00ed sami\u010dka v\u00ed nejl\u00e9pe, jak se o&nbsp;po\u0161tol\u010data postarat, a\u00a0nijak jsme nezasahovali.<\/p>\n<p><img data-recalc-dims=\"1\" loading=\"lazy\" decoding=\"async\" data-attachment-id=\"8189\" data-permalink=\"https:\/\/tinnunculus.sy-sy.cz\/index.php\/2019\/06\/15\/kde-jsou-dve-nejmensi\/20190614_20-49-57uprav\/\" data-orig-file=\"https:\/\/i0.wp.com\/tinnunculus.sy-sy.cz\/wp-content\/uploads\/2019\/06\/20190614_20-49-57uprav.jpg?fit=637%2C416&amp;ssl=1\" data-orig-size=\"637,416\" data-comments-opened=\"1\" data-image-meta=\"{&quot;aperture&quot;:&quot;0&quot;,&quot;credit&quot;:&quot;&quot;,&quot;camera&quot;:&quot;M1125&quot;,&quot;caption&quot;:&quot;&quot;,&quot;created_timestamp&quot;:&quot;1560545405&quot;,&quot;copyright&quot;:&quot;&quot;,&quot;focal_length&quot;:&quot;0&quot;,&quot;iso&quot;:&quot;0&quot;,&quot;shutter_speed&quot;:&quot;0&quot;,&quot;title&quot;:&quot;&quot;,&quot;orientation&quot;:&quot;1&quot;}\" data-image-title=\"20190614_20-49-57uprav\" data-image-description=\"\" data-image-caption=\"\" data-large-file=\"https:\/\/i0.wp.com\/tinnunculus.sy-sy.cz\/wp-content\/uploads\/2019\/06\/20190614_20-49-57uprav.jpg?fit=525%2C343&amp;ssl=1\" class=\"aligncenter wp-image-8189 size-full\" src=\"https:\/\/i0.wp.com\/tinnunculus.sy-sy.cz\/wp-content\/uploads\/2019\/06\/20190614_20-49-57uprav.jpg?resize=525%2C343&#038;ssl=1\" alt=\"\" width=\"525\" height=\"343\" srcset=\"https:\/\/i0.wp.com\/tinnunculus.sy-sy.cz\/wp-content\/uploads\/2019\/06\/20190614_20-49-57uprav.jpg?w=637&amp;ssl=1 637w, https:\/\/i0.wp.com\/tinnunculus.sy-sy.cz\/wp-content\/uploads\/2019\/06\/20190614_20-49-57uprav.jpg?resize=300%2C196&amp;ssl=1 300w\" sizes=\"auto, (max-width: 525px) 100vw, 525px\" \/><\/p>\n<p>R\u00e1no bylo ov\u0161em smutn\u011bj\u0161\u00ed ve\u010dera. Nam\u00edsto vesel\u00fdch a&nbsp;\u010dil\u00fdch dvou po\u0161tol\u010dat le\u017eel uprost\u0159ed hn\u00edzdn\u00ed bed\u00fdnky rozpl\u00e1cnut\u00fd chom\u00e1\u010dek b\u00edl\u00e9ho chm\u00fd\u0159\u00ed. Bylo to k&nbsp;na\u0161emu p\u0159ekvapen\u00ed \u010dtvrt\u00e9 po\u0161tol\u010de, kter\u00e9 jsme vzhledem k&nbsp;jeho v\u011bku u\u017e nepokl\u00e1dali za ohro\u017een\u00e9. P\u00e1t\u00fd Benjam\u00ednek se tisknul k&nbsp;jednomu z&nbsp;kout\u016f bed\u00fdnky. \u010ctrvt\u00e9 po\u0161tol\u010de patrn\u011b uhynulo u\u017e v&nbsp;noci a&nbsp;tak se p\u0159esunul jinam. Na jeho mal\u00e9 t\u011bl\u00ed\u010dko ale byla i&nbsp;v\u010derej\u0161\u00ed tropick\u00e1 noc z\u0159ejm\u011b p\u0159\u00edli\u0161 chladn\u00e1. Kdy\u017e p\u0159i\u0161la sami\u010dka prozkoumat, jak se mu da\u0159\u00ed, u\u017e se neudr\u017eel na nohou. Sami\u010dka ho pak n\u011bkolikr\u00e1t p\u0159em\u00edstila a&nbsp;sna\u017eila se ho probudit. B\u011bhem dopoledne ale dod\u00fdchal a&nbsp;tak u\u017e m\u00e1me v&nbsp;lod\u017eii jen t\u0159i vesel\u00e1 a&nbsp;\u010dil\u00e1 po\u0161tol\u010data.<\/p>\n<p>V rozlu\u0161t\u011bn\u00ed toho, co se vlastn\u011b v&nbsp;noci p\u0159ihodilo, n\u00e1m z\u00e1znamy z&nbsp;kamer p\u0159ili\u0161 nepomohly. Zd\u00e1 se, \u017ee se sami\u010dka sna\u017eila st\u0159\u00eddav\u011b zah\u0159\u00edvat jedna i&nbsp;druh\u00e1 po\u0161tol\u010data, ale kolik \u010dasu kde str\u00e1vila, nev\u00edme. Mo\u017en\u00e1 p\u0159ece jen podcenila situaci, tak jako my. Mo\u017en\u00e1 jsme m\u011bli v\u010dera ta dv\u011b nejmen\u0161\u00ed p\u0159em\u00edstit k&nbsp;v\u011bt\u0161\u00edm. Mo\u017en\u00e1, \u017ee \u010dtvrt\u00e9 po\u0161tol\u010de bylo nemocn\u00e9 a&nbsp;nep\u0159e\u017eilo by tak jako tak, ale mohli jsme alespo\u0148 pomoci Benjam\u00ednkovi&#8230; Ty bychy u\u017e ale nechyt\u00edme.<\/p>\n","protected":false},"excerpt":{"rendered":"<p>Aneb o&nbsp;tom, pro\u010d jsou v&nbsp;na\u0161\u00ed lod\u017eii u\u017e jen t\u0159i po\u0161tol\u010data.<\/p>\n","protected":false},"author":2,"featured_media":0,"comment_status":"open","ping_status":"open","sticky":false,"template":"","format":"standard","meta":{"jetpack_post_was_ever_published":false,"_jetpack_newsletter_access":"","_jetpack_dont_email_post_to_subs":false,"_jetpack_newsletter_tier_id":0,"_jetpack_memberships_contains_paywalled_content":false,"_jetpack_memberships_contains_paid_content":false,"footnotes":""},"categories":[147,142,116,105,110,1596,307,108],"tags":[375,74,90,91,10],"class_list":["post-8184","post","type-post","status-publish","format-standard","hentry","category-nase-postolky","category-dravec","category-nasi","category-postolka","category-postolka-obecna","category-postolky-z-nasi-lodzie","category-ptaci","category-ostatni-zvirena","tag-375","tag-ps_77","tag-ps_96","tag-ps_95","tag-ps_41"],"jetpack_featured_media_url":"","jetpack_shortlink":"https:\/\/wp.me\/p91gKE-280","jetpack-related-posts":[{"id":23599,"url":"https:\/\/tinnunculus.sy-sy.cz\/index.php\/2023\/06\/24\/doma-nejlip\/","url_meta":{"origin":8184,"position":0},"title":"Doma nejl\u00edp","author":"Zuzana Syrov\u00e1 An\u00fd\u017eov\u00e1","date":"24\/06\/2023","format":false,"excerpt":"Aneb o tom, jak se \u017eije \"na\u0161\u00ed\" po\u0161tol\u010d\u00ed rodince a p\u0159edev\u0161\u00edm dv\u011bma po\u0161tol\u010dat\u016fm, co je\u0161t\u011b neopustila na\u0161i lod\u017eii.","rel":"","context":"V \u201e\"Na\u0161e\" po\u0161tolky\u201c","block_context":{"text":"\"Na\u0161e\" po\u0161tolky","link":"https:\/\/tinnunculus.sy-sy.cz\/index.php\/category\/nasi\/nase-postolky\/"},"img":{"alt_text":"","src":"https:\/\/i0.wp.com\/tinnunculus.sy-sy.cz\/wp-content\/uploads\/2023\/06\/2023-06-23-0619220199-e1687586698647.jpg?resize=350%2C200&ssl=1","width":350,"height":200,"srcset":"https:\/\/i0.wp.com\/tinnunculus.sy-sy.cz\/wp-content\/uploads\/2023\/06\/2023-06-23-0619220199-e1687586698647.jpg?resize=350%2C200&ssl=1 1x, https:\/\/i0.wp.com\/tinnunculus.sy-sy.cz\/wp-content\/uploads\/2023\/06\/2023-06-23-0619220199-e1687586698647.jpg?resize=525%2C300&ssl=1 1.5x, https:\/\/i0.wp.com\/tinnunculus.sy-sy.cz\/wp-content\/uploads\/2023\/06\/2023-06-23-0619220199-e1687586698647.jpg?resize=700%2C400&ssl=1 2x"},"classes":[]},{"id":43703,"url":"https:\/\/tinnunculus.sy-sy.cz\/index.php\/2025\/07\/21\/na-konci-a-zacatku\/","url_meta":{"origin":8184,"position":1},"title":"Na konci a&nbsp;za\u010d\u00e1tku","author":"Zuzana Syrov\u00e1 An\u00fd\u017eov\u00e1","date":"21\/07\/2025","format":false,"excerpt":"Aneb o tom, jak se otec a matka po\u0161tolka se\u0161li na hn\u00edzd\u011b a jak se zm\u011bnilo jejich chov\u00e1n\u00ed k po\u0161tol\u010dat\u016fm.","rel":"","context":"V \u201e\"Na\u0161e\" po\u0161tolky\u201c","block_context":{"text":"\"Na\u0161e\" po\u0161tolky","link":"https:\/\/tinnunculus.sy-sy.cz\/index.php\/category\/nasi\/nase-postolky\/"},"img":{"alt_text":"","src":"https:\/\/i0.wp.com\/tinnunculus.sy-sy.cz\/wp-content\/uploads\/2025\/07\/20250721-053023pe-0-e1753079981897.jpg?resize=350%2C200&ssl=1","width":350,"height":200,"srcset":"https:\/\/i0.wp.com\/tinnunculus.sy-sy.cz\/wp-content\/uploads\/2025\/07\/20250721-053023pe-0-e1753079981897.jpg?resize=350%2C200&ssl=1 1x, https:\/\/i0.wp.com\/tinnunculus.sy-sy.cz\/wp-content\/uploads\/2025\/07\/20250721-053023pe-0-e1753079981897.jpg?resize=525%2C300&ssl=1 1.5x, https:\/\/i0.wp.com\/tinnunculus.sy-sy.cz\/wp-content\/uploads\/2025\/07\/20250721-053023pe-0-e1753079981897.jpg?resize=700%2C400&ssl=1 2x"},"classes":[]},{"id":36042,"url":"https:\/\/tinnunculus.sy-sy.cz\/index.php\/2024\/06\/17\/posledni-dve\/","url_meta":{"origin":8184,"position":2},"title":"Posledn\u00ed dv\u011b","author":"Zuzana Syrov\u00e1 An\u00fd\u017eov\u00e1","date":"17\/06\/2024","format":false,"excerpt":"Aneb o tom, jak se posledn\u00ed dv\u011b po\u0161tol\u010data poprv\u00e9 odhodlala opustit bezpe\u010d\u00ed rodn\u00e9 lod\u017eie.","rel":"","context":"V \u201e\"Na\u0161e\" po\u0161tolky\u201c","block_context":{"text":"\"Na\u0161e\" po\u0161tolky","link":"https:\/\/tinnunculus.sy-sy.cz\/index.php\/category\/nasi\/nase-postolky\/"},"img":{"alt_text":"","src":"https:\/\/i0.wp.com\/tinnunculus.sy-sy.cz\/wp-content\/uploads\/2024\/06\/20240617-0933398552-1024x576.jpg?resize=350%2C200&ssl=1","width":350,"height":200,"srcset":"https:\/\/i0.wp.com\/tinnunculus.sy-sy.cz\/wp-content\/uploads\/2024\/06\/20240617-0933398552-1024x576.jpg?resize=350%2C200&ssl=1 1x, https:\/\/i0.wp.com\/tinnunculus.sy-sy.cz\/wp-content\/uploads\/2024\/06\/20240617-0933398552-1024x576.jpg?resize=525%2C300&ssl=1 1.5x"},"classes":[]},{"id":35362,"url":"https:\/\/tinnunculus.sy-sy.cz\/index.php\/2024\/06\/02\/v-kosi\/","url_meta":{"origin":8184,"position":3},"title":"V ko\u0161i","author":"Zuzana Syrov\u00e1 An\u00fd\u017eov\u00e1","date":"02\/06\/2024","format":false,"excerpt":"Aneb o tom, jak se prvn\u00ed dv\u011b po\u0161tol\u010data dostala do ko\u0161e.","rel":"","context":"V \u201e\"Na\u0161e\" po\u0161tolky\u201c","block_context":{"text":"\"Na\u0161e\" po\u0161tolky","link":"https:\/\/tinnunculus.sy-sy.cz\/index.php\/category\/nasi\/nase-postolky\/"},"img":{"alt_text":"","src":"https:\/\/i0.wp.com\/tinnunculus.sy-sy.cz\/wp-content\/uploads\/2024\/06\/20240602-1435351494-1024x576.jpg?resize=350%2C200&ssl=1","width":350,"height":200,"srcset":"https:\/\/i0.wp.com\/tinnunculus.sy-sy.cz\/wp-content\/uploads\/2024\/06\/20240602-1435351494-1024x576.jpg?resize=350%2C200&ssl=1 1x, https:\/\/i0.wp.com\/tinnunculus.sy-sy.cz\/wp-content\/uploads\/2024\/06\/20240602-1435351494-1024x576.jpg?resize=525%2C300&ssl=1 1.5x"},"classes":[]},{"id":12985,"url":"https:\/\/tinnunculus.sy-sy.cz\/index.php\/2020\/06\/07\/mali-a-velci\/","url_meta":{"origin":8184,"position":4},"title":"Mal\u00ed a&nbsp;velc\u00ed","author":"Zuzana Syrov\u00e1 An\u00fd\u017eov\u00e1","date":"07\/06\/2020","format":false,"excerpt":"Aneb o tom, jak se da\u0159\u00ed po\u0161tol\u010dat\u016fm v na\u0161\u00ed lod\u017eii. Dnes u\u017e je jim 11 \u2014 6 dn\u00ed.","rel":"","context":"V \u201e\"Na\u0161e\" po\u0161tolky\u201c","block_context":{"text":"\"Na\u0161e\" po\u0161tolky","link":"https:\/\/tinnunculus.sy-sy.cz\/index.php\/category\/nasi\/nase-postolky\/"},"img":{"alt_text":"","src":"https:\/\/i0.wp.com\/tinnunculus.sy-sy.cz\/wp-content\/uploads\/2020\/06\/20200606_07-17-02_1uprav-o.jpg?resize=350%2C200&ssl=1","width":350,"height":200,"srcset":"https:\/\/i0.wp.com\/tinnunculus.sy-sy.cz\/wp-content\/uploads\/2020\/06\/20200606_07-17-02_1uprav-o.jpg?resize=350%2C200&ssl=1 1x, https:\/\/i0.wp.com\/tinnunculus.sy-sy.cz\/wp-content\/uploads\/2020\/06\/20200606_07-17-02_1uprav-o.jpg?resize=525%2C300&ssl=1 1.5x"},"classes":[]},{"id":23164,"url":"https:\/\/tinnunculus.sy-sy.cz\/index.php\/2023\/05\/30\/tepla-noc\/","url_meta":{"origin":8184,"position":5},"title":"Tepl\u00e1 noc","author":"Zuzana Syrov\u00e1 An\u00fd\u017eov\u00e1","date":"30\/05\/2023","format":false,"excerpt":"Aneb o tom, jak \"na\u0161e\" pan\u00ed po\u0161tolka str\u00e1vila poprv\u00e9 od doby, co trvale zasedla na vejce, celou noc mimo hn\u00edzdo na bid\u00fdlku.","rel":"","context":"V \u201e\"Na\u0161e\" po\u0161tolky\u201c","block_context":{"text":"\"Na\u0161e\" po\u0161tolky","link":"https:\/\/tinnunculus.sy-sy.cz\/index.php\/category\/nasi\/nase-postolky\/"},"img":{"alt_text":"","src":"https:\/\/i0.wp.com\/tinnunculus.sy-sy.cz\/wp-content\/uploads\/2023\/05\/Teplota_Turany_20230530-0815.jpg?resize=350%2C200&ssl=1","width":350,"height":200,"srcset":"https:\/\/i0.wp.com\/tinnunculus.sy-sy.cz\/wp-content\/uploads\/2023\/05\/Teplota_Turany_20230530-0815.jpg?resize=350%2C200&ssl=1 1x, https:\/\/i0.wp.com\/tinnunculus.sy-sy.cz\/wp-content\/uploads\/2023\/05\/Teplota_Turany_20230530-0815.jpg?resize=525%2C300&ssl=1 1.5x"},"classes":[]}],"jetpack_sharing_enabled":true,"_links":{"self":[{"href":"https:\/\/tinnunculus.sy-sy.cz\/index.php\/wp-json\/wp\/v2\/posts\/8184","targetHints":{"allow":["GET"]}}],"collection":[{"href":"https:\/\/tinnunculus.sy-sy.cz\/index.php\/wp-json\/wp\/v2\/posts"}],"about":[{"href":"https:\/\/tinnunculus.sy-sy.cz\/index.php\/wp-json\/wp\/v2\/types\/post"}],"author":[{"embeddable":true,"href":"https:\/\/tinnunculus.sy-sy.cz\/index.php\/wp-json\/wp\/v2\/users\/2"}],"replies":[{"embeddable":true,"href":"https:\/\/tinnunculus.sy-sy.cz\/index.php\/wp-json\/wp\/v2\/comments?post=8184"}],"version-history":[{"count":2,"href":"https:\/\/tinnunculus.sy-sy.cz\/index.php\/wp-json\/wp\/v2\/posts\/8184\/revisions"}],"predecessor-version":[{"id":32873,"href":"https:\/\/tinnunculus.sy-sy.cz\/index.php\/wp-json\/wp\/v2\/posts\/8184\/revisions\/32873"}],"wp:attachment":[{"href":"https:\/\/tinnunculus.sy-sy.cz\/index.php\/wp-json\/wp\/v2\/media?parent=8184"}],"wp:term":[{"taxonomy":"category","embeddable":true,"href":"https:\/\/tinnunculus.sy-sy.cz\/index.php\/wp-json\/wp\/v2\/categories?post=8184"},{"taxonomy":"post_tag","embeddable":true,"href":"https:\/\/tinnunculus.sy-sy.cz\/index.php\/wp-json\/wp\/v2\/tags?post=8184"}],"curies":[{"name":"wp","href":"https:\/\/api.w.org\/{rel}","templated":true}]}}