{"id":7789,"date":"2019-05-06T11:22:49","date_gmt":"2019-05-06T09:22:49","guid":{"rendered":"http:\/\/tinnunculus.sy-sy.cz\/?p=7789"},"modified":"2026-03-21T08:28:39","modified_gmt":"2026-03-21T07:28:39","slug":"vejce-ctvrte-ranni","status":"publish","type":"post","link":"https:\/\/tinnunculus.sy-sy.cz\/index.php\/2019\/05\/06\/vejce-ctvrte-ranni\/","title":{"rendered":"Vejce \u010dtvrt\u00e9 (rann\u00ed)"},"content":{"rendered":"<p><img data-recalc-dims=\"1\" loading=\"lazy\" decoding=\"async\" data-attachment-id=\"7788\" data-permalink=\"https:\/\/tinnunculus.sy-sy.cz\/index.php\/2019\/05\/06\/vejce-ctvrte-ranni\/20190506-0735253839u\/\" data-orig-file=\"https:\/\/i0.wp.com\/tinnunculus.sy-sy.cz\/wp-content\/uploads\/2019\/05\/20190506-0735253839u.jpg?fit=953%2C616&amp;ssl=1\" data-orig-size=\"953,616\" data-comments-opened=\"1\" data-image-meta=\"{&quot;aperture&quot;:&quot;0&quot;,&quot;credit&quot;:&quot;&quot;,&quot;camera&quot;:&quot;&quot;,&quot;caption&quot;:&quot;&quot;,&quot;created_timestamp&quot;:&quot;0&quot;,&quot;copyright&quot;:&quot;&quot;,&quot;focal_length&quot;:&quot;0&quot;,&quot;iso&quot;:&quot;0&quot;,&quot;shutter_speed&quot;:&quot;0&quot;,&quot;title&quot;:&quot;&quot;,&quot;orientation&quot;:&quot;1&quot;}\" data-image-title=\"20190506-0735253839u\" data-image-description=\"\" data-image-caption=\"\" data-large-file=\"https:\/\/i0.wp.com\/tinnunculus.sy-sy.cz\/wp-content\/uploads\/2019\/05\/20190506-0735253839u.jpg?fit=525%2C339&amp;ssl=1\" class=\"aligncenter wp-image-7788 size-full\" src=\"https:\/\/i0.wp.com\/tinnunculus.sy-sy.cz\/wp-content\/uploads\/2019\/05\/20190506-0735253839u.jpg?resize=525%2C339&#038;ssl=1\" alt=\"\" width=\"525\" height=\"339\" srcset=\"https:\/\/i0.wp.com\/tinnunculus.sy-sy.cz\/wp-content\/uploads\/2019\/05\/20190506-0735253839u.jpg?w=953&amp;ssl=1 953w, https:\/\/i0.wp.com\/tinnunculus.sy-sy.cz\/wp-content\/uploads\/2019\/05\/20190506-0735253839u.jpg?resize=300%2C194&amp;ssl=1 300w, https:\/\/i0.wp.com\/tinnunculus.sy-sy.cz\/wp-content\/uploads\/2019\/05\/20190506-0735253839u.jpg?resize=768%2C496&amp;ssl=1 768w\" sizes=\"auto, (max-width: 767px) 89vw, (max-width: 1000px) 54vw, (max-width: 1071px) 543px, 580px\" \/><\/p>\n<p>P\u016fvodn\u011b jsme propadli dojmu, \u017ee &#8222;na\u0161e&#8220; po\u0161tolka bude sn\u00e1\u0161et vejce v&nbsp;intervalu po&nbsp;52 hodin\u00e1ch. To je, jak ukazuj\u00ed na\u0161e v\u00edcem\u00e9n\u011b pe\u010dliv\u011b veden\u00e9 den\u00edky, asi nejobvyklej\u0161\u00ed doba mezi snesen\u00edm dvou vajec. Po\u0161tolka to ov\u0161em m\u016f\u017ee zvl\u00e1dnout za dobu krat\u0161\u00ed, nebo naopak del\u0161\u00ed, zvl\u00e1\u0161t\u011b kdy\u017e by m\u011bla sn\u00e1\u0161et v&nbsp;noci.\u00a0 A&nbsp;tak se celkem logicky dal\u0161\u00ed vejce objevilo a\u017e po&nbsp;59 hodin\u00e1ch.<!--more--><\/p>\n<p>Nejprve je bylo mo\u017eno zahl\u00e9dnout, kdy\u017e se sami\u010dka nadzvedla v&nbsp;6:23 &#8211; z\u0159ejm\u011b t\u011bsn\u011b po&nbsp;jeho snesen\u00ed:<\/p>\n<div style=\"width: 525px;\" class=\"wp-video\"><video class=\"wp-video-shortcode\" id=\"video-7789-1\" width=\"525\" height=\"295\" preload=\"metadata\" controls=\"controls\"><source type=\"video\/mp4\" src=\"https:\/\/tinnunculus.sy-sy.cz\/wp-content\/uploads\/2019\/05\/20190506-062324-062439.mp4?_=1\" \/><a href=\"https:\/\/tinnunculus.sy-sy.cz\/wp-content\/uploads\/2019\/05\/20190506-062324-062439.mp4\">https:\/\/tinnunculus.sy-sy.cz\/wp-content\/uploads\/2019\/05\/20190506-062324-062439.mp4<\/a><\/video><\/div>\n<p>Je\u0161t\u011b l\u00e9pe pak bylo vid\u011bt, kdy\u017e se uk\u00e1zal same\u010dek s&nbsp;ko\u0159ist\u00ed a&nbsp;nastalo st\u0159\u00edd\u00e1n\u00ed:<\/p>\n<div style=\"width: 525px;\" class=\"wp-video\"><video class=\"wp-video-shortcode\" id=\"video-7789-2\" width=\"525\" height=\"295\" preload=\"metadata\" controls=\"controls\"><source type=\"video\/mp4\" src=\"https:\/\/tinnunculus.sy-sy.cz\/wp-content\/uploads\/2019\/05\/20190506-072444-072519.mp4?_=2\" \/><a href=\"https:\/\/tinnunculus.sy-sy.cz\/wp-content\/uploads\/2019\/05\/20190506-072444-072519.mp4\">https:\/\/tinnunculus.sy-sy.cz\/wp-content\/uploads\/2019\/05\/20190506-072444-072519.mp4<\/a><\/video><\/div>\n<p>Bude nebo budou je\u0161t\u011b dal\u0161\u00ed? Pokud ano, m\u016f\u017eeme p\u0159\u00ed\u0161t\u00ed o\u010dek\u00e1vat ve st\u0159edu dopoledne.<\/p>\n<p>Po\u0161tolky u\u017e za\u010daly b\u011bhem weekendu v\u00edce sed\u011bt na vejc\u00edch Zvl\u00e1\u0161t\u011b same\u010dek na nich r\u00e1d odpo\u010d\u00edv\u00e1 a&nbsp;sami\u010dka na nich z\u0159ejm\u011b str\u00e1vila i&nbsp;celou noc na dne\u0161ek. M\u016f\u017ee b\u00fdt i&nbsp;chladn\u011bj\u0161\u00edm po\u010das\u00edm, ale pravd\u011bpodobn\u011b u\u017e za\u010d\u00edn\u00e1 inkubace. Zku\u0161en\u00e1 po\u0161tol\u010d\u00ed matka s&nbsp;n\u00ed obvykle za\u010d\u00edn\u00e1 na konci sn\u016f\u0161ky a&nbsp;dok\u00e1\u017ee si v\u0161e napl\u00e1novat tak, aby se po\u0161tol\u010data vyl\u00edhla v&nbsp;co nejkrat\u0161\u00edm \u010dasov\u00e9m \u00faseku.<\/p>\n","protected":false},"excerpt":{"rendered":"<p>Aneb o&nbsp;tom, jak &#8222;na\u0161e&#8220; po\u0161tolka p\u0159eci jen dnes nad r\u00e1nem snesla dal\u0161\u00ed, \u010dtvrt\u00e9 vejce a&nbsp;jak za\u010d\u00edn\u00e1 sezen\u00ed&#8230;<\/p>\n","protected":false},"author":2,"featured_media":0,"comment_status":"open","ping_status":"open","sticky":false,"template":"","format":"standard","meta":{"jetpack_post_was_ever_published":false,"_jetpack_newsletter_access":"","_jetpack_dont_email_post_to_subs":false,"_jetpack_newsletter_tier_id":0,"_jetpack_memberships_contains_paywalled_content":false,"_jetpack_memberships_contains_paid_content":false,"footnotes":""},"categories":[147,142,116,105,110,1596,307,108],"tags":[375,268,52,90,91,9,10,81,82],"class_list":["post-7789","post","type-post","status-publish","format-standard","hentry","category-nase-postolky","category-dravec","category-nasi","category-postolka","category-postolka-obecna","category-postolky-z-nasi-lodzie","category-ptaci","category-ostatni-zvirena","tag-375","tag-hnizden","tag-ps_45","tag-ps_96","tag-ps_95","tag-ps_24","tag-ps_41","tag-ps_65","tag-ps_64"],"jetpack_featured_media_url":"","jetpack_shortlink":"https:\/\/wp.me\/p91gKE-21D","jetpack-related-posts":[{"id":7669,"url":"https:\/\/tinnunculus.sy-sy.cz\/index.php\/2019\/04\/30\/prvni-vejce-2\/","url_meta":{"origin":7789,"position":0},"title":"Prvn\u00ed vejce","author":"Zuzana Syrov\u00e1 An\u00fd\u017eov\u00e1","date":"30\/04\/2019","format":false,"excerpt":"Aneb o tom, jak se u n\u00e1s v pond\u011bl\u00ed 29. dubna kone\u010dn\u011b objevilo prvn\u00ed leto\u0161n\u00ed zrzav\u00e9 po\u0161tol\u010d\u00ed vejce.","rel":"","context":"V \u201e\"Na\u0161e\" po\u0161tolky\u201c","block_context":{"text":"\"Na\u0161e\" po\u0161tolky","link":"https:\/\/tinnunculus.sy-sy.cz\/index.php\/category\/nasi\/nase-postolky\/"},"img":{"alt_text":"","src":"https:\/\/i0.wp.com\/tinnunculus.sy-sy.cz\/wp-content\/uploads\/2019\/04\/20190429_13-14-39-1024x576.jpg?resize=350%2C200&ssl=1","width":350,"height":200,"srcset":"https:\/\/i0.wp.com\/tinnunculus.sy-sy.cz\/wp-content\/uploads\/2019\/04\/20190429_13-14-39-1024x576.jpg?resize=350%2C200&ssl=1 1x, https:\/\/i0.wp.com\/tinnunculus.sy-sy.cz\/wp-content\/uploads\/2019\/04\/20190429_13-14-39-1024x576.jpg?resize=525%2C300&ssl=1 1.5x"},"classes":[]},{"id":202,"url":"https:\/\/tinnunculus.sy-sy.cz\/index.php\/2015\/04\/19\/vejce-a-on\/","url_meta":{"origin":7789,"position":1},"title":"Vejce a&nbsp;on","author":"Zuzana Syrov\u00e1 An\u00fd\u017eov\u00e1","date":"19\/04\/2015","format":false,"excerpt":"Jak zn\u00e1mo z rom\u00e1nu Betty MacDonald s vejci to nemus\u00ed b\u00fdt v\u017edy jednoduch\u00e9. Kdy\u017e sami\u010dka letos snesla 13. dubna prvn\u00ed vejce, same\u010dek se s n\u00edm nejprve seznamoval tak, \u017ee ho, dalo by se \u0159\u00edci o\u0165uk\u00e1val. Ve skute\u010dnosti ov\u0161em do vejce nekloval, ale zkoumal ho ot\u00e1\u010den\u00edm a kotoulen\u00edm. Jeho prvn\u00ed setk\u00e1n\u00ed\u2026","rel":"","context":"V \u201e\"Na\u0161e\" po\u0161tolky\u201c","block_context":{"text":"\"Na\u0161e\" po\u0161tolky","link":"https:\/\/tinnunculus.sy-sy.cz\/index.php\/category\/nasi\/nase-postolky\/"},"img":{"alt_text":"","src":"https:\/\/i0.wp.com\/tinnunculus.sy-sy.cz\/wp-content\/uploads\/2015\/04\/20150414_07-36-40-1024x576.jpg?resize=350%2C200&ssl=1","width":350,"height":200,"srcset":"https:\/\/i0.wp.com\/tinnunculus.sy-sy.cz\/wp-content\/uploads\/2015\/04\/20150414_07-36-40-1024x576.jpg?resize=350%2C200&ssl=1 1x, https:\/\/i0.wp.com\/tinnunculus.sy-sy.cz\/wp-content\/uploads\/2015\/04\/20150414_07-36-40-1024x576.jpg?resize=525%2C300&ssl=1 1.5x"},"classes":[]},{"id":12864,"url":"https:\/\/tinnunculus.sy-sy.cz\/index.php\/2020\/05\/30\/petik\/","url_meta":{"origin":7789,"position":2},"title":"P\u011bt\u00edk","author":"Zuzana Syrov\u00e1 An\u00fd\u017eov\u00e1","date":"30\/05\/2020","format":false,"excerpt":"Aneb o tom, jak se u n\u00e1s v lod\u017eii vyl\u00edhlo leto\u0161n\u00ed p\u00e1t\u00e9 po\u0161tol\u010de a jak bylo poprv\u00e9 nakrmeno.","rel":"","context":"V \u201e\"Na\u0161e\" po\u0161tolky\u201c","block_context":{"text":"\"Na\u0161e\" po\u0161tolky","link":"https:\/\/tinnunculus.sy-sy.cz\/index.php\/category\/nasi\/nase-postolky\/"},"img":{"alt_text":"","src":"https:\/\/i0.wp.com\/tinnunculus.sy-sy.cz\/wp-content\/uploads\/2020\/05\/20200530_07-16-49_upr-o.jpg?resize=350%2C200&ssl=1","width":350,"height":200,"srcset":"https:\/\/i0.wp.com\/tinnunculus.sy-sy.cz\/wp-content\/uploads\/2020\/05\/20200530_07-16-49_upr-o.jpg?resize=350%2C200&ssl=1 1x, https:\/\/i0.wp.com\/tinnunculus.sy-sy.cz\/wp-content\/uploads\/2020\/05\/20200530_07-16-49_upr-o.jpg?resize=525%2C300&ssl=1 1.5x, https:\/\/i0.wp.com\/tinnunculus.sy-sy.cz\/wp-content\/uploads\/2020\/05\/20200530_07-16-49_upr-o.jpg?resize=700%2C400&ssl=1 2x"},"classes":[]},{"id":12840,"url":"https:\/\/tinnunculus.sy-sy.cz\/index.php\/2020\/05\/28\/messieurs-de-theding\/","url_meta":{"origin":7789,"position":3},"title":"Messieurs de Th\u00e9ding","author":"Zuzana Syrov\u00e1 An\u00fd\u017eov\u00e1","date":"28\/05\/2020","format":false,"excerpt":"Aneb o adoptivn\u00edm otci po\u0161tol\u010d\u00ed rodinky ve francouzsk\u00e9m Th\u00e9ding s p\u0159ipomenut\u00edm podobn\u00fdch ud\u00e1lost\u00ed ve \u0161v\u00fdcarsk\u00e9m Ittingen v roce 2015.","rel":"","context":"V \u201eDravec\u201c","block_context":{"text":"Dravec","link":"https:\/\/tinnunculus.sy-sy.cz\/index.php\/category\/ostatni-zvirena\/ptaci\/dravec\/"},"img":{"alt_text":"","src":"https:\/\/i0.wp.com\/tinnunculus.sy-sy.cz\/wp-content\/uploads\/2020\/05\/Lausen_20150513.png?resize=350%2C200&ssl=1","width":350,"height":200,"srcset":"https:\/\/i0.wp.com\/tinnunculus.sy-sy.cz\/wp-content\/uploads\/2020\/05\/Lausen_20150513.png?resize=350%2C200&ssl=1 1x, https:\/\/i0.wp.com\/tinnunculus.sy-sy.cz\/wp-content\/uploads\/2020\/05\/Lausen_20150513.png?resize=525%2C300&ssl=1 1.5x"},"classes":[]},{"id":6995,"url":"https:\/\/tinnunculus.sy-sy.cz\/index.php\/2019\/01\/28\/cim-dal-snezi\/","url_meta":{"origin":7789,"position":4},"title":"\u010c\u00edm d\u00e1l sn\u011b\u017e\u00ed (tydlidum)","author":"Zuzana Syrov\u00e1 An\u00fd\u017eov\u00e1","date":"28\/01\/2019","format":false,"excerpt":"Aneb o tom, jak sn\u011b\u017eilo a sn\u011b\u017eilo a jak si na\u0161e po\u0161tolka dala p\u0159eci jen n\u011bco men\u0161\u00edho. .. a tom, \u017ee v zim\u011b by si s\u00fdkorky m\u011bly p\u0159eci jenom d\u00e1vat na po\u0161tolky pozor.","rel":"","context":"V \u201e\"Na\u0161e\" po\u0161tolky\u201c","block_context":{"text":"\"Na\u0161e\" po\u0161tolky","link":"https:\/\/tinnunculus.sy-sy.cz\/index.php\/category\/nasi\/nase-postolky\/"},"img":{"alt_text":"","src":"https:\/\/i0.wp.com\/tinnunculus.sy-sy.cz\/wp-content\/uploads\/2019\/01\/20190128-1946275988-1024x576.jpg?resize=350%2C200&ssl=1","width":350,"height":200,"srcset":"https:\/\/i0.wp.com\/tinnunculus.sy-sy.cz\/wp-content\/uploads\/2019\/01\/20190128-1946275988-1024x576.jpg?resize=350%2C200&ssl=1 1x, https:\/\/i0.wp.com\/tinnunculus.sy-sy.cz\/wp-content\/uploads\/2019\/01\/20190128-1946275988-1024x576.jpg?resize=525%2C300&ssl=1 1.5x"},"classes":[]},{"id":19032,"url":"https:\/\/tinnunculus.sy-sy.cz\/index.php\/2022\/05\/31\/sezeni\/","url_meta":{"origin":7789,"position":5},"title":"Sezen\u00ed","author":"Zuzana Syrov\u00e1 An\u00fd\u017eov\u00e1","date":"31\/05\/2022","format":false,"excerpt":"Pan a pan\u00ed po\u0161tolka, kte\u0159\u00ed\u00a0 bydl\u00ed v na\u0161\u00ed lod\u017eii, nyn\u00ed pro\u017e\u00edvaj\u00ed poklidn\u00e9 jarn\u00ed dny. Nic zvl\u00e1\u0161tn\u00ed se ned\u011bje. Ona pe\u010dliv\u011b sed\u00ed na vejc\u00edch a on ji pravideln\u011b nav\u0161t\u011bvuje a z\u00e1sobuje potravou. N\u011bkdy ji p\u0159inese a\u017e na hn\u00edzdo, ale \u010dast\u011bji se pouze zastav\u00ed, aby j\u00ed ozn\u00e1mil, \u017ee si m\u00e1 n\u011bco men\u0161\u00edho\u2026","rel":"","context":"V \u201e\"Na\u0161e\" po\u0161tolky\u201c","block_context":{"text":"\"Na\u0161e\" po\u0161tolky","link":"https:\/\/tinnunculus.sy-sy.cz\/index.php\/category\/nasi\/nase-postolky\/"},"img":{"alt_text":"","src":"https:\/\/i0.wp.com\/tinnunculus.sy-sy.cz\/wp-content\/uploads\/2022\/05\/2022-05-30-0950236671-e1653970864687.jpg?resize=350%2C200&ssl=1","width":350,"height":200,"srcset":"https:\/\/i0.wp.com\/tinnunculus.sy-sy.cz\/wp-content\/uploads\/2022\/05\/2022-05-30-0950236671-e1653970864687.jpg?resize=350%2C200&ssl=1 1x, https:\/\/i0.wp.com\/tinnunculus.sy-sy.cz\/wp-content\/uploads\/2022\/05\/2022-05-30-0950236671-e1653970864687.jpg?resize=525%2C300&ssl=1 1.5x, https:\/\/i0.wp.com\/tinnunculus.sy-sy.cz\/wp-content\/uploads\/2022\/05\/2022-05-30-0950236671-e1653970864687.jpg?resize=700%2C400&ssl=1 2x"},"classes":[]}],"jetpack_sharing_enabled":true,"_links":{"self":[{"href":"https:\/\/tinnunculus.sy-sy.cz\/index.php\/wp-json\/wp\/v2\/posts\/7789","targetHints":{"allow":["GET"]}}],"collection":[{"href":"https:\/\/tinnunculus.sy-sy.cz\/index.php\/wp-json\/wp\/v2\/posts"}],"about":[{"href":"https:\/\/tinnunculus.sy-sy.cz\/index.php\/wp-json\/wp\/v2\/types\/post"}],"author":[{"embeddable":true,"href":"https:\/\/tinnunculus.sy-sy.cz\/index.php\/wp-json\/wp\/v2\/users\/2"}],"replies":[{"embeddable":true,"href":"https:\/\/tinnunculus.sy-sy.cz\/index.php\/wp-json\/wp\/v2\/comments?post=7789"}],"version-history":[{"count":3,"href":"https:\/\/tinnunculus.sy-sy.cz\/index.php\/wp-json\/wp\/v2\/posts\/7789\/revisions"}],"predecessor-version":[{"id":32891,"href":"https:\/\/tinnunculus.sy-sy.cz\/index.php\/wp-json\/wp\/v2\/posts\/7789\/revisions\/32891"}],"wp:attachment":[{"href":"https:\/\/tinnunculus.sy-sy.cz\/index.php\/wp-json\/wp\/v2\/media?parent=7789"}],"wp:term":[{"taxonomy":"category","embeddable":true,"href":"https:\/\/tinnunculus.sy-sy.cz\/index.php\/wp-json\/wp\/v2\/categories?post=7789"},{"taxonomy":"post_tag","embeddable":true,"href":"https:\/\/tinnunculus.sy-sy.cz\/index.php\/wp-json\/wp\/v2\/tags?post=7789"}],"curies":[{"name":"wp","href":"https:\/\/api.w.org\/{rel}","templated":true}]}}