{"id":7126,"date":"2019-03-10T12:41:12","date_gmt":"2019-03-10T11:41:12","guid":{"rendered":"http:\/\/tinnunculus.sy-sy.cz\/?p=7126"},"modified":"2026-03-21T08:28:54","modified_gmt":"2026-03-21T07:28:54","slug":"cekani-na-jaro","status":"publish","type":"post","link":"https:\/\/tinnunculus.sy-sy.cz\/index.php\/2019\/03\/10\/cekani-na-jaro\/","title":{"rendered":"\u010cek\u00e1n\u00ed na jaro"},"content":{"rendered":"<p><img data-recalc-dims=\"1\" loading=\"lazy\" decoding=\"async\" data-attachment-id=\"7127\" data-permalink=\"https:\/\/tinnunculus.sy-sy.cz\/index.php\/2019\/03\/10\/cekani-na-jaro\/20190310_11-26-24\/\" data-orig-file=\"https:\/\/i0.wp.com\/tinnunculus.sy-sy.cz\/wp-content\/uploads\/2019\/03\/20190310_11-26-24-e1552215735395.jpg?fit=1038%2C649&amp;ssl=1\" data-orig-size=\"1038,649\" data-comments-opened=\"1\" data-image-meta=\"{&quot;aperture&quot;:&quot;0&quot;,&quot;credit&quot;:&quot;&quot;,&quot;camera&quot;:&quot;&quot;,&quot;caption&quot;:&quot;&quot;,&quot;created_timestamp&quot;:&quot;0&quot;,&quot;copyright&quot;:&quot;&quot;,&quot;focal_length&quot;:&quot;0&quot;,&quot;iso&quot;:&quot;0&quot;,&quot;shutter_speed&quot;:&quot;0&quot;,&quot;title&quot;:&quot;&quot;,&quot;orientation&quot;:&quot;0&quot;}\" data-image-title=\"20190310_11-26-24\" data-image-description=\"\" data-image-caption=\"\" data-large-file=\"https:\/\/i0.wp.com\/tinnunculus.sy-sy.cz\/wp-content\/uploads\/2019\/03\/20190310_11-26-24-e1552215735395.jpg?fit=525%2C328&amp;ssl=1\" class=\"aligncenter wp-image-7127 size-large\" src=\"https:\/\/i0.wp.com\/tinnunculus.sy-sy.cz\/wp-content\/uploads\/2019\/03\/20190310_11-26-24.jpg?resize=525%2C328&#038;ssl=1\" alt=\"\" width=\"525\" height=\"328\" \/><\/p>\n<p>Na &#8222;na\u0161\u00ed&#8220; po\u0161tol\u010d\u00ed sami\u010dce u\u017e je vid\u011bt, \u017ee jaro se bl\u00ed\u017e\u00ed. V&nbsp;dohledu ov\u0161em zat\u00edm nen\u00ed \u017e\u00e1dn\u00fd same\u010dek a&nbsp;vlastn\u011b v\u016fbec \u017e\u00e1dn\u00e1 jin\u00e1 po\u0161tolka. V&nbsp;na\u0161\u00ed ulici i&nbsp;\u010dtvrti je zat\u00edm pusto a&nbsp;ticho.<\/p>\n<p>Co\u017e ov\u0161em neznamen\u00e1, \u017ee bychom jaro neza\u010dali tak\u00e9 v&nbsp;lod\u017eii p\u0159ipravovat. <!--more-->Mo\u017en\u00e1 jste si toho v\u0161imli. Kameru o\u010d\u00edslovanou v&nbsp;n\u00e1hledech jako 2 jsme nato\u010dili tak, aby op\u011bt sm\u011b\u0159ovala dol\u016f do lo\u0148sk\u00e9 hn\u00edzdn\u00ed bed\u00fdnky:<\/p>\n<p><img data-recalc-dims=\"1\" loading=\"lazy\" decoding=\"async\" data-attachment-id=\"7128\" data-permalink=\"https:\/\/tinnunculus.sy-sy.cz\/index.php\/2019\/03\/10\/cekani-na-jaro\/20190309_16-04-47\/\" data-orig-file=\"https:\/\/i0.wp.com\/tinnunculus.sy-sy.cz\/wp-content\/uploads\/2019\/03\/20190309_16-04-47-e1552215960368.jpg?fit=1038%2C584&amp;ssl=1\" data-orig-size=\"1038,584\" data-comments-opened=\"1\" data-image-meta=\"{&quot;aperture&quot;:&quot;0&quot;,&quot;credit&quot;:&quot;&quot;,&quot;camera&quot;:&quot;&quot;,&quot;caption&quot;:&quot;&quot;,&quot;created_timestamp&quot;:&quot;0&quot;,&quot;copyright&quot;:&quot;&quot;,&quot;focal_length&quot;:&quot;0&quot;,&quot;iso&quot;:&quot;0&quot;,&quot;shutter_speed&quot;:&quot;0&quot;,&quot;title&quot;:&quot;&quot;,&quot;orientation&quot;:&quot;0&quot;}\" data-image-title=\"20190309_16-04-47\" data-image-description=\"\" data-image-caption=\"\" data-large-file=\"https:\/\/i0.wp.com\/tinnunculus.sy-sy.cz\/wp-content\/uploads\/2019\/03\/20190309_16-04-47-e1552215960368.jpg?fit=525%2C295&amp;ssl=1\" class=\"aligncenter wp-image-7128 size-large\" src=\"https:\/\/i0.wp.com\/tinnunculus.sy-sy.cz\/wp-content\/uploads\/2019\/03\/20190309_16-04-47.jpg?resize=525%2C295&#038;ssl=1\" alt=\"\" width=\"525\" height=\"295\" \/><\/p>\n<p>A op\u011bt jsme v&nbsp;m\u00edrn\u00e9m optimismu co do v\u00fdvoje teplot spustili kameru \u010d.&nbsp;5.\u00a0 M\u011blo to d\u016fvody \u010dist\u011b praktick\u00e9: sledov\u00e1n\u00ed drz\u00fdch holub\u016f za \u00fa\u010delem jejich vyh\u00e1n\u011bn\u00ed v&nbsp;dob\u011b, kdy\u017e po\u0161tolka nen\u00ed doma. Kdy\u017e je doma, tak na n\u011b v\u011bt\u0161inou pouze shl\u00ed\u017e\u00ed zh\u016fry bid\u00fdlka:<\/p>\n<p><img data-recalc-dims=\"1\" loading=\"lazy\" decoding=\"async\" data-attachment-id=\"7129\" data-permalink=\"https:\/\/tinnunculus.sy-sy.cz\/index.php\/2019\/03\/10\/cekani-na-jaro\/20190309_16-43-01\/\" data-orig-file=\"https:\/\/i0.wp.com\/tinnunculus.sy-sy.cz\/wp-content\/uploads\/2019\/03\/20190309_16-43-01-e1552216213430.jpg?fit=1038%2C830&amp;ssl=1\" data-orig-size=\"1038,830\" data-comments-opened=\"1\" data-image-meta=\"{&quot;aperture&quot;:&quot;0&quot;,&quot;credit&quot;:&quot;&quot;,&quot;camera&quot;:&quot;&quot;,&quot;caption&quot;:&quot;&quot;,&quot;created_timestamp&quot;:&quot;0&quot;,&quot;copyright&quot;:&quot;&quot;,&quot;focal_length&quot;:&quot;0&quot;,&quot;iso&quot;:&quot;0&quot;,&quot;shutter_speed&quot;:&quot;0&quot;,&quot;title&quot;:&quot;&quot;,&quot;orientation&quot;:&quot;0&quot;}\" data-image-title=\"20190309_16-43-01\" data-image-description=\"\" data-image-caption=\"\" data-large-file=\"https:\/\/i0.wp.com\/tinnunculus.sy-sy.cz\/wp-content\/uploads\/2019\/03\/20190309_16-43-01-e1552216213430.jpg?fit=525%2C420&amp;ssl=1\" class=\"aligncenter wp-image-7129 size-large\" src=\"https:\/\/i0.wp.com\/tinnunculus.sy-sy.cz\/wp-content\/uploads\/2019\/03\/20190309_16-43-01.jpg?resize=525%2C420&#038;ssl=1\" alt=\"\" width=\"525\" height=\"420\" \/><\/p>\n<p>Ne \u017ee by je ov\u0161em ob\u010das neprohnala. Minim\u00e1ln\u011b jako rann\u00ed rozcvi\u010dku p\u0159ed odletem:<\/p>\n<div style=\"width: 525px;\" class=\"wp-video\"><video class=\"wp-video-shortcode\" id=\"video-7126-1\" width=\"525\" height=\"295\" preload=\"metadata\" controls=\"controls\"><source type=\"video\/mp4\" src=\"https:\/\/tinnunculus.sy-sy.cz\/wp-content\/uploads\/2019\/03\/20190310-061556-061611.mp4?_=1\" \/><a href=\"https:\/\/tinnunculus.sy-sy.cz\/wp-content\/uploads\/2019\/03\/20190310-061556-061611.mp4\">https:\/\/tinnunculus.sy-sy.cz\/wp-content\/uploads\/2019\/03\/20190310-061556-061611.mp4<\/a><\/video><\/div>\n<ul>\n<li><a href=\"https:\/\/tinnunculus.sy-sy.cz\/index.php\/nase-kamery\/\">Na\u0161e kamery<\/a><\/li>\n<\/ul>\n","protected":false},"excerpt":{"rendered":"<p>Aneb o&nbsp;tom, jak &#8222;na\u0161e&#8220; po\u0161tolka vyhl\u00ed\u017e\u00ed jaro a&nbsp;same\u010dka a&nbsp;jak i&nbsp;my chyst\u00e1me lod\u017eii na p\u0159\u00edchod jara a&nbsp;postupn\u011b vytahujeme ze zimn\u00edho \u00fakrytu dal\u0161\u00ed kamery. <\/p>\n","protected":false},"author":2,"featured_media":0,"comment_status":"open","ping_status":"open","sticky":false,"template":"","format":"standard","meta":{"jetpack_post_was_ever_published":false,"_jetpack_newsletter_access":"","_jetpack_dont_email_post_to_subs":false,"_jetpack_newsletter_tier_id":0,"_jetpack_memberships_contains_paywalled_content":false,"_jetpack_memberships_contains_paid_content":false,"footnotes":""},"categories":[147,118,142,126,116,826,308,105,110,1596,307,114,108],"tags":[375,32,23,90,91,27],"class_list":["post-7126","post","type-post","status-publish","format-standard","hentry","category-nase-postolky","category-kamery","category-dravec","category-holub","category-nasi","category-nasi-sousede-holubi","category-ostatni-najemnici-a-navstevnici","category-postolka","category-postolka-obecna","category-postolky-z-nasi-lodzie","category-ptaci","category-zivy-prenos","category-ostatni-zvirena","tag-375","tag-ps_3","tag-ps_38","tag-ps_96","tag-ps_95","tag-ps_13"],"jetpack_featured_media_url":"","jetpack_shortlink":"https:\/\/wp.me\/p91gKE-1QW","jetpack-related-posts":[{"id":9174,"url":"https:\/\/tinnunculus.sy-sy.cz\/index.php\/2019\/09\/01\/kdyz-pan-postolka-je-a-neni-doma\/","url_meta":{"origin":7126,"position":0},"title":"Kdy\u017e (pan) po\u0161tolka je a&nbsp;nen\u00ed doma","author":"Zuzana Syrov\u00e1 An\u00fd\u017eov\u00e1","date":"01\/09\/2019","format":false,"excerpt":"Aneb o tom, \u017ee se \"n\u00e1\u0161\" po\u0161tol\u010d\u00ed same\u010dek p\u0159eci jen vr\u00e1til a tak\u00e9 o holubech, kte\u0159\u00ed by si na\u0161i lod\u017eii r\u00e1di zabrali pro sebe.","rel":"","context":"V \u201e\"Na\u0161e\" po\u0161tolky\u201c","block_context":{"text":"\"Na\u0161e\" po\u0161tolky","link":"https:\/\/tinnunculus.sy-sy.cz\/index.php\/category\/nasi\/nase-postolky\/"},"img":{"alt_text":"","src":"https:\/\/i0.wp.com\/tinnunculus.sy-sy.cz\/wp-content\/uploads\/2019\/09\/AXIS-P1364-20190901-1055418202-e1567329178746-300x165.jpg?resize=350%2C200&ssl=1","width":350,"height":200,"srcset":"https:\/\/i0.wp.com\/tinnunculus.sy-sy.cz\/wp-content\/uploads\/2019\/09\/AXIS-P1364-20190901-1055418202-e1567329178746-300x165.jpg?resize=350%2C200&ssl=1 1x, https:\/\/i0.wp.com\/tinnunculus.sy-sy.cz\/wp-content\/uploads\/2019\/09\/AXIS-P1364-20190901-1055418202-e1567329178746-300x165.jpg?resize=525%2C300&ssl=1 1.5x"},"classes":[]},{"id":9201,"url":"https:\/\/tinnunculus.sy-sy.cz\/index.php\/2019\/09\/07\/kdyz-neni-doma-clovek-domaci\/","url_meta":{"origin":7126,"position":1},"title":"Kdy\u017e nen\u00ed doma \u010dlov\u011bk dom\u00e1c\u00ed","author":"Zuzana Syrov\u00e1 An\u00fd\u017eov\u00e1","date":"07\/09\/2019","format":false,"excerpt":"Aneb o tom, jak se u n\u00e1s v dob\u011b na\u0161\u00ed nep\u0159\u00edtomnosti us\u00eddlili holubi a jak se je alespo\u0148 jedna z po\u0161tolek, co u n\u00e1s bydl\u00ed, pokusila zahnat...","rel":"","context":"V \u201e\"Na\u0161e\" po\u0161tolky\u201c","block_context":{"text":"\"Na\u0161e\" po\u0161tolky","link":"https:\/\/tinnunculus.sy-sy.cz\/index.php\/category\/nasi\/nase-postolky\/"},"img":{"alt_text":"","src":"https:\/\/i0.wp.com\/tinnunculus.sy-sy.cz\/wp-content\/uploads\/2019\/09\/20190908-0726010810-1024x576.jpg?resize=350%2C200&ssl=1","width":350,"height":200,"srcset":"https:\/\/i0.wp.com\/tinnunculus.sy-sy.cz\/wp-content\/uploads\/2019\/09\/20190908-0726010810-1024x576.jpg?resize=350%2C200&ssl=1 1x, https:\/\/i0.wp.com\/tinnunculus.sy-sy.cz\/wp-content\/uploads\/2019\/09\/20190908-0726010810-1024x576.jpg?resize=525%2C300&ssl=1 1.5x"},"classes":[]},{"id":9032,"url":"https:\/\/tinnunculus.sy-sy.cz\/index.php\/2019\/08\/03\/obrat-o-180\/","url_meta":{"origin":7126,"position":2},"title":"Obrat o&nbsp;180\u00b0","author":"Zuzana Syrov\u00e1 An\u00fd\u017eov\u00e1","date":"03\/08\/2019","format":false,"excerpt":"Aneb o tom, \u017ee n\u00e1s ror\u00fdsovn\u00edk u\u017e do p\u0159\u00ed\u0161t\u00edho jara z\u0159ejm\u011b neuvid\u00edte, zato se ale m\u016f\u017eete t\u011b\u0161it na nov\u00e9 z\u00e1b\u011bry po\u0161tolek a dal\u0161\u00edch ope\u0159enc\u016f z na\u0161\u00ed lod\u017eie.","rel":"","context":"V \u201e\"Na\u0161e\" po\u0161tolky\u201c","block_context":{"text":"\"Na\u0161e\" po\u0161tolky","link":"https:\/\/tinnunculus.sy-sy.cz\/index.php\/category\/nasi\/nase-postolky\/"},"img":{"alt_text":"","src":"https:\/\/i0.wp.com\/tinnunculus.sy-sy.cz\/wp-content\/uploads\/2019\/08\/20190803-1514209893-1024x576.jpg?resize=350%2C200&ssl=1","width":350,"height":200,"srcset":"https:\/\/i0.wp.com\/tinnunculus.sy-sy.cz\/wp-content\/uploads\/2019\/08\/20190803-1514209893-1024x576.jpg?resize=350%2C200&ssl=1 1x, https:\/\/i0.wp.com\/tinnunculus.sy-sy.cz\/wp-content\/uploads\/2019\/08\/20190803-1514209893-1024x576.jpg?resize=525%2C300&ssl=1 1.5x"},"classes":[]},{"id":10340,"url":"https:\/\/tinnunculus.sy-sy.cz\/index.php\/2020\/02\/01\/holubi-a-postolky-postolky-a-hoblubi\/","url_meta":{"origin":7126,"position":3},"title":"Holubi a&nbsp;po\u0161tolky, po\u0161tolky a&nbsp;holubi","author":"Zuzana Syrov\u00e1 An\u00fd\u017eov\u00e1","date":"01\/02\/2020","format":false,"excerpt":"Aneb o tom, jak to u n\u00e1s vypad\u00e1 na za\u010d\u00e1tku \u00fanora, kdy\u017e za\u010dne b\u00fdt ve vzduchu c\u00edtit jaro.","rel":"","context":"V \u201e\"Na\u0161e\" po\u0161tolky\u201c","block_context":{"text":"\"Na\u0161e\" po\u0161tolky","link":"https:\/\/tinnunculus.sy-sy.cz\/index.php\/category\/nasi\/nase-postolky\/"},"img":{"alt_text":"","src":"https:\/\/i0.wp.com\/tinnunculus.sy-sy.cz\/wp-content\/uploads\/2020\/02\/20200201-0936468088-1024x576.jpg?resize=350%2C200&ssl=1","width":350,"height":200,"srcset":"https:\/\/i0.wp.com\/tinnunculus.sy-sy.cz\/wp-content\/uploads\/2020\/02\/20200201-0936468088-1024x576.jpg?resize=350%2C200&ssl=1 1x, https:\/\/i0.wp.com\/tinnunculus.sy-sy.cz\/wp-content\/uploads\/2020\/02\/20200201-0936468088-1024x576.jpg?resize=525%2C300&ssl=1 1.5x"},"classes":[]},{"id":7292,"url":"https:\/\/tinnunculus.sy-sy.cz\/index.php\/2019\/04\/02\/kamery-v-plnem-poctu\/","url_meta":{"origin":7126,"position":4},"title":"Kamery v&nbsp;pln\u00e9m po\u010dtu","author":"Zuzana Syrov\u00e1 An\u00fd\u017eov\u00e1","date":"02\/04\/2019","format":false,"excerpt":"Aneb o tom, \u017ee od soboty b\u011b\u017e\u00ed u\u017e v\u0161ech na\u0161ich osm kamer a co na nich m\u016f\u017eete vid\u011bt.","rel":"","context":"V \u201e\"Na\u0161e\" po\u0161tolky\u201c","block_context":{"text":"\"Na\u0161e\" po\u0161tolky","link":"https:\/\/tinnunculus.sy-sy.cz\/index.php\/category\/nasi\/nase-postolky\/"},"img":{"alt_text":"","src":"https:\/\/i0.wp.com\/tinnunculus.sy-sy.cz\/wp-content\/uploads\/2019\/04\/20190331_09-06-56-1024x640.jpg?resize=350%2C200&ssl=1","width":350,"height":200,"srcset":"https:\/\/i0.wp.com\/tinnunculus.sy-sy.cz\/wp-content\/uploads\/2019\/04\/20190331_09-06-56-1024x640.jpg?resize=350%2C200&ssl=1 1x, https:\/\/i0.wp.com\/tinnunculus.sy-sy.cz\/wp-content\/uploads\/2019\/04\/20190331_09-06-56-1024x640.jpg?resize=525%2C300&ssl=1 1.5x"},"classes":[]},{"id":392,"url":"https:\/\/tinnunculus.sy-sy.cz\/index.php\/2017\/04\/06\/zase-ti-holubi\/","url_meta":{"origin":7126,"position":5},"title":"Zase ti holubi","author":"Zuzana Syrov\u00e1 An\u00fd\u017eov\u00e1","date":"06\/04\/2017","format":false,"excerpt":"Nic jin\u00e9ho jsme ani nemohli \u010dekat. Jestli\u017ee si na\u0161i lod\u017eii na\u0161li op\u011bt po\u0161tolky, d\u0159\u00edve nebo pozd\u011bji ji museli za\u010d\u00edt zkoumat co do mo\u017enost\u00ed pro hn\u00edzd\u011bn\u00ed i holubi. Na st\u0159e\u0161e nad n\u00e1mi to zkr\u00e1tka nen\u00ed ten spr\u00e1vn\u00fd komfort. Na rozd\u00edl od po\u0161tolek prvn\u00ed pr\u016fzkumn\u00edk neomyln\u011b zam\u00ed\u0159il do star\u00e9ho hn\u00edzda. Same\u010dek ho\u2026","rel":"","context":"V \u201e\"Na\u0161e\" po\u0161tolky\u201c","block_context":{"text":"\"Na\u0161e\" po\u0161tolky","link":"https:\/\/tinnunculus.sy-sy.cz\/index.php\/category\/nasi\/nase-postolky\/"},"img":{"alt_text":"","src":"https:\/\/i0.wp.com\/tinnunculus.sy-sy.cz\/wp-content\/uploads\/2017\/04\/20170406-0824378130-1024x819.jpg?resize=350%2C200&ssl=1","width":350,"height":200,"srcset":"https:\/\/i0.wp.com\/tinnunculus.sy-sy.cz\/wp-content\/uploads\/2017\/04\/20170406-0824378130-1024x819.jpg?resize=350%2C200&ssl=1 1x, https:\/\/i0.wp.com\/tinnunculus.sy-sy.cz\/wp-content\/uploads\/2017\/04\/20170406-0824378130-1024x819.jpg?resize=525%2C300&ssl=1 1.5x"},"classes":[]}],"jetpack_sharing_enabled":true,"_links":{"self":[{"href":"https:\/\/tinnunculus.sy-sy.cz\/index.php\/wp-json\/wp\/v2\/posts\/7126","targetHints":{"allow":["GET"]}}],"collection":[{"href":"https:\/\/tinnunculus.sy-sy.cz\/index.php\/wp-json\/wp\/v2\/posts"}],"about":[{"href":"https:\/\/tinnunculus.sy-sy.cz\/index.php\/wp-json\/wp\/v2\/types\/post"}],"author":[{"embeddable":true,"href":"https:\/\/tinnunculus.sy-sy.cz\/index.php\/wp-json\/wp\/v2\/users\/2"}],"replies":[{"embeddable":true,"href":"https:\/\/tinnunculus.sy-sy.cz\/index.php\/wp-json\/wp\/v2\/comments?post=7126"}],"version-history":[{"count":3,"href":"https:\/\/tinnunculus.sy-sy.cz\/index.php\/wp-json\/wp\/v2\/posts\/7126\/revisions"}],"predecessor-version":[{"id":32919,"href":"https:\/\/tinnunculus.sy-sy.cz\/index.php\/wp-json\/wp\/v2\/posts\/7126\/revisions\/32919"}],"wp:attachment":[{"href":"https:\/\/tinnunculus.sy-sy.cz\/index.php\/wp-json\/wp\/v2\/media?parent=7126"}],"wp:term":[{"taxonomy":"category","embeddable":true,"href":"https:\/\/tinnunculus.sy-sy.cz\/index.php\/wp-json\/wp\/v2\/categories?post=7126"},{"taxonomy":"post_tag","embeddable":true,"href":"https:\/\/tinnunculus.sy-sy.cz\/index.php\/wp-json\/wp\/v2\/tags?post=7126"}],"curies":[{"name":"wp","href":"https:\/\/api.w.org\/{rel}","templated":true}]}}