{"id":6727,"date":"2019-07-06T17:23:37","date_gmt":"2019-07-06T15:23:37","guid":{"rendered":"http:\/\/tinnunculus.sy-sy.cz\/?p=6727"},"modified":"2025-12-14T09:14:18","modified_gmt":"2025-12-14T08:14:18","slug":"jan-hus-a-pista","status":"publish","type":"post","link":"https:\/\/tinnunculus.sy-sy.cz\/index.php\/2019\/07\/06\/jan-hus-a-pista\/","title":{"rendered":"Jan Hus a&nbsp;Pi\u0161ta"},"content":{"rendered":"<p><img data-recalc-dims=\"1\" loading=\"lazy\" decoding=\"async\" data-attachment-id=\"6726\" data-permalink=\"https:\/\/tinnunculus.sy-sy.cz\/index.php\/2019\/07\/06\/jan-hus-a-pista\/husovapostolka\/\" data-orig-file=\"https:\/\/i0.wp.com\/tinnunculus.sy-sy.cz\/wp-content\/uploads\/2018\/11\/HusovaPostolka.jpg?fit=900%2C600&amp;ssl=1\" data-orig-size=\"900,600\" data-comments-opened=\"1\" data-image-meta=\"{&quot;aperture&quot;:&quot;0&quot;,&quot;credit&quot;:&quot;&quot;,&quot;camera&quot;:&quot;&quot;,&quot;caption&quot;:&quot;&quot;,&quot;created_timestamp&quot;:&quot;0&quot;,&quot;copyright&quot;:&quot;&quot;,&quot;focal_length&quot;:&quot;0&quot;,&quot;iso&quot;:&quot;0&quot;,&quot;shutter_speed&quot;:&quot;0&quot;,&quot;title&quot;:&quot;&quot;,&quot;orientation&quot;:&quot;0&quot;}\" data-image-title=\"HusovaPostolka\" data-image-description=\"\" data-image-caption=\"\" data-large-file=\"https:\/\/i0.wp.com\/tinnunculus.sy-sy.cz\/wp-content\/uploads\/2018\/11\/HusovaPostolka.jpg?fit=525%2C350&amp;ssl=1\" class=\"alignnone wp-image-6726 size-full\" src=\"https:\/\/i0.wp.com\/tinnunculus.sy-sy.cz\/wp-content\/uploads\/2018\/11\/HusovaPostolka.jpg?resize=525%2C350&#038;ssl=1\" alt=\"\" width=\"525\" height=\"350\" srcset=\"https:\/\/i0.wp.com\/tinnunculus.sy-sy.cz\/wp-content\/uploads\/2018\/11\/HusovaPostolka.jpg?w=900&amp;ssl=1 900w, https:\/\/i0.wp.com\/tinnunculus.sy-sy.cz\/wp-content\/uploads\/2018\/11\/HusovaPostolka.jpg?resize=300%2C200&amp;ssl=1 300w, https:\/\/i0.wp.com\/tinnunculus.sy-sy.cz\/wp-content\/uploads\/2018\/11\/HusovaPostolka.jpg?resize=768%2C512&amp;ssl=1 768w\" sizes=\"auto, (max-width: 767px) 89vw, (max-width: 1000px) 54vw, (max-width: 1071px) 543px, 580px\" \/><\/p>\n<p><em>S ohledem na datum, jedna po\u0161tolka filmov\u00e1&#8230; V&nbsp;<a href=\"https:\/\/www.ceskatelevize.cz\/ivysilani\/10446079238-jan-hus\/\" target=\"_blank\" rel=\"noopener noreferrer\">TV filmu o&nbsp;Janu Husovi z&nbsp;roku 2015<\/a> zal\u00e9t\u00e1 do Husova v\u011bzen\u00ed po\u0161tolka.\u00a0 P\u016fvabn\u00e1 televizn\u00ed hv\u011bzda se jmenuje Pi\u0161ta a&nbsp;pat\u0159\u00ed k&nbsp;zakl\u00e1daj\u00edc\u00edm \u010dlen\u016fm <a href=\"http:\/\/www.teir.cz\/cs\/pista-postolka-obecna-falco-tinnunculus\/\" target=\"_blank\" rel=\"noopener noreferrer\">sokolnick\u00e9 spole\u010dnosti Teir<\/a>.<br \/>\n<\/em><\/p>\n","protected":false},"excerpt":{"rendered":"<p>Aneb o&nbsp;tom, co m\u00e1 Mistr Jan Hus spole\u010dn\u00e9ho s&nbsp;po\u0161tolkami.<\/p>\n","protected":false},"author":2,"featured_media":0,"comment_status":"open","ping_status":"open","sticky":false,"template":"","format":"standard","meta":{"jetpack_post_was_ever_published":false,"_jetpack_newsletter_access":"","_jetpack_dont_email_post_to_subs":false,"_jetpack_newsletter_tier_id":0,"_jetpack_memberships_contains_paywalled_content":false,"_jetpack_memberships_contains_paid_content":false,"footnotes":""},"categories":[142,105,110,225,307,108],"tags":[30,87,91],"class_list":["post-6727","post","type-post","status-publish","format-standard","hentry","category-dravec","category-postolka","category-postolka-obecna","category-ptaci-v-literature-filmu-a-vytvarnem-umeni","category-ptaci","category-ostatni-zvirena","tag-ps_55","tag-ps_84","tag-ps_95"],"jetpack_featured_media_url":"","jetpack_shortlink":"https:\/\/wp.me\/p91gKE-1Kv","jetpack-related-posts":[{"id":27537,"url":"https:\/\/tinnunculus.sy-sy.cz\/index.php\/2023\/11\/11\/svatomartinske-menu\/","url_meta":{"origin":6727,"position":0},"title":"Svatomartinsk\u00e9 menu","author":"Zuzana Syrov\u00e1 An\u00fd\u017eov\u00e1","date":"11\/11\/2023","format":false,"excerpt":"Aneb o tom, co si d\u00e1vaj\u00ed po\u0161tolky na svat\u00e9ho Martina.","rel":"","context":"V \u201e\"Na\u0161e\" po\u0161tolky\u201c","block_context":{"text":"\"Na\u0161e\" po\u0161tolky","link":"https:\/\/tinnunculus.sy-sy.cz\/index.php\/category\/nasi\/nase-postolky\/"},"img":{"alt_text":"","src":"https:\/\/i0.wp.com\/tinnunculus.sy-sy.cz\/wp-content\/uploads\/2023\/11\/20231111-1402267087-e1699813774129.jpg?resize=350%2C200&ssl=1","width":350,"height":200,"srcset":"https:\/\/i0.wp.com\/tinnunculus.sy-sy.cz\/wp-content\/uploads\/2023\/11\/20231111-1402267087-e1699813774129.jpg?resize=350%2C200&ssl=1 1x, https:\/\/i0.wp.com\/tinnunculus.sy-sy.cz\/wp-content\/uploads\/2023\/11\/20231111-1402267087-e1699813774129.jpg?resize=525%2C300&ssl=1 1.5x"},"classes":[]},{"id":278,"url":"https:\/\/tinnunculus.sy-sy.cz\/index.php\/2016\/01\/16\/nature-namure-2015\/","url_meta":{"origin":6727,"position":1},"title":"Nature Namure 2015","author":"Zuzana Syrov\u00e1 An\u00fd\u017eov\u00e1","date":"16\/01\/2016","format":false,"excerpt":"Na lo\u0148sk\u00e9m festivalu v Namure se mezi ocen\u011bn\u00fdmi dokument\u00e1rn\u00edmi filmy objevil i vynikaj\u00edc\u00ed film o hn\u00edzd\u011bn\u00ed po\u0161tolky obecn\u00e9. Jeho autorem je Cees Van Kemten. \u00a0 Ke shl\u00e9dnut\u00ed i na https:\/\/iwp-wildlife.com\/video; sekvence l\u00edhnut\u00ed ml\u00e1\u010fat pak na https:\/\/youtu.be\/FHtC5a7zv7g. V roce 2016 vy\u0161lo na DVD De Terugkeer Van De Ijsvogel, Torenvalk En Bever\u2026","rel":"","context":"V \u201ePo\u0161tolka\u201c","block_context":{"text":"Po\u0161tolka","link":"https:\/\/tinnunculus.sy-sy.cz\/index.php\/category\/ostatni-zvirena\/ptaci\/dravec\/postolka\/"},"img":{"alt_text":"","src":"","width":0,"height":0},"classes":[]},{"id":2014,"url":"https:\/\/tinnunculus.sy-sy.cz\/index.php\/2017\/09\/02\/neviditelni-sousede\/","url_meta":{"origin":6727,"position":2},"title":"Neviditeln\u00ed soused\u00e9","author":"Zuzana Syrov\u00e1 An\u00fd\u017eov\u00e1","date":"02\/09\/2017","format":false,"excerpt":"M\u016f\u017eeme se t\u011b\u0161it na nov\u00fd dokument o po\u0161tolk\u00e1ch. Pod n\u00e1zvem Turmfalken - Unsichtbare Nachbarn ho pro ORF Universum letos nat\u00e1\u010d\u00ed Leander Khill a Mario Kreuzer (PKM Film). Dal\u0161\u00ed\u00a0 uk\u00e1zky pod anglick\u00fdm n\u00e1zvem Kestrels at Close Quarters najdete na YouTube.\u00a0 Dokument se ji\u017e objevil i v katalogu ORF. \u00a0 Leander Khill\u2026","rel":"","context":"V \u201ePo\u0161tolka\u201c","block_context":{"text":"Po\u0161tolka","link":"https:\/\/tinnunculus.sy-sy.cz\/index.php\/category\/ostatni-zvirena\/ptaci\/dravec\/postolka\/"},"img":{"alt_text":"","src":"","width":0,"height":0},"classes":[]},{"id":24267,"url":"https:\/\/tinnunculus.sy-sy.cz\/index.php\/2023\/07\/19\/jednoroh-stonozka-a-rorys\/","url_meta":{"origin":6727,"position":3},"title":"Jednoroh, stono\u017eka a&nbsp;ror\u00fds","author":"Zuzana Syrov\u00e1 An\u00fd\u017eov\u00e1","date":"19\/07\/2023","format":"quote","excerpt":"Aneb o ror\u00fdsovi v us\u00e1vance od Jana Sk\u00e1cela.","rel":"","context":"V \u201ePo\u0161tolky a jin\u00e1 zv\u00ed\u0159ena kulturn\u00ed\u201c","block_context":{"text":"Po\u0161tolky a jin\u00e1 zv\u00ed\u0159ena kulturn\u00ed","link":"https:\/\/tinnunculus.sy-sy.cz\/index.php\/category\/ptaci-v-literature-filmu-a-vytvarnem-umeni\/"},"img":{"alt_text":"","src":"https:\/\/i0.wp.com\/tinnunculus.sy-sy.cz\/wp-content\/uploads\/2023\/07\/swift-5248648_960_720-e1689749099867.jpg?resize=350%2C200&ssl=1","width":350,"height":200,"srcset":"https:\/\/i0.wp.com\/tinnunculus.sy-sy.cz\/wp-content\/uploads\/2023\/07\/swift-5248648_960_720-e1689749099867.jpg?resize=350%2C200&ssl=1 1x, https:\/\/i0.wp.com\/tinnunculus.sy-sy.cz\/wp-content\/uploads\/2023\/07\/swift-5248648_960_720-e1689749099867.jpg?resize=525%2C300&ssl=1 1.5x, https:\/\/i0.wp.com\/tinnunculus.sy-sy.cz\/wp-content\/uploads\/2023\/07\/swift-5248648_960_720-e1689749099867.jpg?resize=700%2C400&ssl=1 2x"},"classes":[]},{"id":255,"url":"https:\/\/tinnunculus.sy-sy.cz\/index.php\/2015\/08\/23\/zase-se-perou\/","url_meta":{"origin":6727,"position":4},"title":"Zase se perou","author":"Zuzana Syrov\u00e1 An\u00fd\u017eov\u00e1","date":"23\/08\/2015","format":false,"excerpt":"Nikoliv pode a nade mlejnem husy, ale po\u0161tolky v na\u0161\u00ed lod\u017eii. Po cel\u00fd den opakovan\u011b otravovalo odrostl\u00e9 po\u0161tol\u010de, p\u0159eletovalo po cel\u00e9 lod\u017eii a p\u0159ist\u00e1valo na kame\u0159e na dve\u0159\u00edch, tak\u017ee ji n\u011bkolikr\u00e1t nastavilo ne\u010dekan\u00fdm a neot\u0159el\u00fdm zp\u016fsobem. Jako\u017eto sta\u0159\u00ed sucha\u0159i a konzervativci jsme ji pak museli nastavovat zp\u011bt. Ve\u010der se pak\u2026","rel":"","context":"V \u201e\"Na\u0161e\" po\u0161tolky\u201c","block_context":{"text":"\"Na\u0161e\" po\u0161tolky","link":"https:\/\/tinnunculus.sy-sy.cz\/index.php\/category\/nasi\/nase-postolky\/"},"img":{"alt_text":"","src":"https:\/\/i0.wp.com\/tinnunculus.sy-sy.cz\/wp-content\/uploads\/2015\/08\/20150823-1750193713-1024x640.jpg?resize=350%2C200&ssl=1","width":350,"height":200,"srcset":"https:\/\/i0.wp.com\/tinnunculus.sy-sy.cz\/wp-content\/uploads\/2015\/08\/20150823-1750193713-1024x640.jpg?resize=350%2C200&ssl=1 1x, https:\/\/i0.wp.com\/tinnunculus.sy-sy.cz\/wp-content\/uploads\/2015\/08\/20150823-1750193713-1024x640.jpg?resize=525%2C300&ssl=1 1.5x"},"classes":[]},{"id":141,"url":"https:\/\/tinnunculus.sy-sy.cz\/index.php\/2014\/10\/08\/falkens-oga\/","url_meta":{"origin":6727,"position":5},"title":"Falkens \u00f6ga","author":"Zuzana Syrov\u00e1 An\u00fd\u017eov\u00e1","date":"08\/10\/2014","format":false,"excerpt":"Vedle po\u0161tolky liter\u00e1rn\u00ed existuje i po\u0161tolka filmov\u00e1 - dokument\u00e1rn\u00ed. Nejzn\u00e1m\u011bj\u0161\u00ed je pravd\u011bpodobn\u011b \u0161v\u00e9dsk\u00fd dokument\u00a0 Falkens \u00f6ga (Oko po\u0161tolky nebo O\u010dima po\u0161tolky, kter\u00fd nato\u010dil dokumentarista Mikael Kristersson. \"V mal\u00e9m v\u00fdklenku na v\u011b\u017ei kostela ze 13. stolet\u00ed ve \u0161v\u00e9dsk\u00e9m p\u0159\u00edmo\u0159sk\u00e9m m\u011bste\u010dku Skan\u00f6r hn\u00edzd\u00ed ji\u017e po mnoho let p\u00e1rek po\u0161tolek obecn\u00fdch (Falco tinnunculus).\u2026","rel":"","context":"V \u201ePo\u0161tolka\u201c","block_context":{"text":"Po\u0161tolka","link":"https:\/\/tinnunculus.sy-sy.cz\/index.php\/category\/ostatni-zvirena\/ptaci\/dravec\/postolka\/"},"img":{"alt_text":"","src":"https:\/\/i0.wp.com\/tinnunculus.sy-sy.cz\/wp-content\/uploads\/2014\/10\/Kestrels_eye_02-1.jpg?resize=350%2C200&ssl=1","width":350,"height":200},"classes":[]}],"jetpack_sharing_enabled":true,"_links":{"self":[{"href":"https:\/\/tinnunculus.sy-sy.cz\/index.php\/wp-json\/wp\/v2\/posts\/6727","targetHints":{"allow":["GET"]}}],"collection":[{"href":"https:\/\/tinnunculus.sy-sy.cz\/index.php\/wp-json\/wp\/v2\/posts"}],"about":[{"href":"https:\/\/tinnunculus.sy-sy.cz\/index.php\/wp-json\/wp\/v2\/types\/post"}],"author":[{"embeddable":true,"href":"https:\/\/tinnunculus.sy-sy.cz\/index.php\/wp-json\/wp\/v2\/users\/2"}],"replies":[{"embeddable":true,"href":"https:\/\/tinnunculus.sy-sy.cz\/index.php\/wp-json\/wp\/v2\/comments?post=6727"}],"version-history":[{"count":1,"href":"https:\/\/tinnunculus.sy-sy.cz\/index.php\/wp-json\/wp\/v2\/posts\/6727\/revisions"}],"predecessor-version":[{"id":32858,"href":"https:\/\/tinnunculus.sy-sy.cz\/index.php\/wp-json\/wp\/v2\/posts\/6727\/revisions\/32858"}],"wp:attachment":[{"href":"https:\/\/tinnunculus.sy-sy.cz\/index.php\/wp-json\/wp\/v2\/media?parent=6727"}],"wp:term":[{"taxonomy":"category","embeddable":true,"href":"https:\/\/tinnunculus.sy-sy.cz\/index.php\/wp-json\/wp\/v2\/categories?post=6727"},{"taxonomy":"post_tag","embeddable":true,"href":"https:\/\/tinnunculus.sy-sy.cz\/index.php\/wp-json\/wp\/v2\/tags?post=6727"}],"curies":[{"name":"wp","href":"https:\/\/api.w.org\/{rel}","templated":true}]}}