{"id":6387,"date":"2018-10-05T18:13:26","date_gmt":"2018-10-05T16:13:26","guid":{"rendered":"http:\/\/tinnunculus.sy-sy.cz\/?p=6387"},"modified":"2025-12-14T11:43:47","modified_gmt":"2025-12-14T10:43:47","slug":"postolka-a-hrabos-z-kameniteho-vrchu","status":"publish","type":"post","link":"https:\/\/tinnunculus.sy-sy.cz\/index.php\/2018\/10\/05\/postolka-a-hrabos-z-kameniteho-vrchu\/","title":{"rendered":"Po\u0161tolka a&nbsp;hrabo\u0161 z&nbsp;kamenit\u00e9ho vrchu"},"content":{"rendered":"<p><img data-recalc-dims=\"1\" loading=\"lazy\" decoding=\"async\" data-attachment-id=\"6437\" data-permalink=\"https:\/\/tinnunculus.sy-sy.cz\/index.php\/2018\/10\/05\/postolka-a-hrabos-z-kameniteho-vrchu\/ketrelflying_u21\/\" data-orig-file=\"https:\/\/i0.wp.com\/tinnunculus.sy-sy.cz\/wp-content\/uploads\/2018\/10\/ketrelflying_u21.jpg?fit=606%2C420&amp;ssl=1\" data-orig-size=\"606,420\" data-comments-opened=\"1\" data-image-meta=\"{&quot;aperture&quot;:&quot;0&quot;,&quot;credit&quot;:&quot;&quot;,&quot;camera&quot;:&quot;&quot;,&quot;caption&quot;:&quot;&quot;,&quot;created_timestamp&quot;:&quot;0&quot;,&quot;copyright&quot;:&quot;&quot;,&quot;focal_length&quot;:&quot;0&quot;,&quot;iso&quot;:&quot;0&quot;,&quot;shutter_speed&quot;:&quot;0&quot;,&quot;title&quot;:&quot;&quot;,&quot;orientation&quot;:&quot;1&quot;}\" data-image-title=\"ketrelflying_u21\" data-image-description=\"\" data-image-caption=\"\" data-large-file=\"https:\/\/i0.wp.com\/tinnunculus.sy-sy.cz\/wp-content\/uploads\/2018\/10\/ketrelflying_u21.jpg?fit=525%2C364&amp;ssl=1\" class=\"alignnone wp-image-6437 size-full\" src=\"https:\/\/i0.wp.com\/tinnunculus.sy-sy.cz\/wp-content\/uploads\/2018\/10\/ketrelflying_u21.jpg?resize=525%2C364&#038;ssl=1\" alt=\"\" width=\"525\" height=\"364\" srcset=\"https:\/\/i0.wp.com\/tinnunculus.sy-sy.cz\/wp-content\/uploads\/2018\/10\/ketrelflying_u21.jpg?w=606&amp;ssl=1 606w, https:\/\/i0.wp.com\/tinnunculus.sy-sy.cz\/wp-content\/uploads\/2018\/10\/ketrelflying_u21.jpg?resize=300%2C208&amp;ssl=1 300w\" sizes=\"auto, (max-width: 525px) 100vw, 525px\" \/><\/p>\n<p>Nakladatelstv\u00ed Argo letos nov\u011b vydalo knihu Richarda Adamse Dalek\u00e1 cesta za domovem.\u00a0 Jej\u00ed star\u0161\u00ed vyd\u00e1n\u00ed u\u017e p\u0159es dvacet let zauj\u00edm\u00e1 \u010destn\u00e9 m\u00edsto v&nbsp;na\u0161\u00ed knihovn\u011b. To nov\u00e9 n\u00e1m v\u0161ak p\u0159ipomn\u011blo, \u017ee d\u016fle\u017eitou roli v&nbsp;p\u0159\u00edb\u011bhu\u00a0 hraje i&nbsp;hrabo\u0161 zachr\u00e1n\u011bn\u00fd kr\u00e1li\u010d\u010d\u00edm hrdinou L\u00edsk\u00e1\u010dem p\u0159ed po\u0161tolkou:<\/p>\n<blockquote><p>L\u00edsk\u00e1\u010d, kter\u00fd byl te\u010f, kdy\u017e mohl na vlastn\u00ed o\u010di vid\u011bt, jak\u00e9 budou v\u00fdsledky cel\u00e9 pr\u00e1ce, u\u017e v&nbsp;daleko lep\u0161\u00ed n\u00e1lad\u011b, sed\u011bl se St\u0159\u00edbr\u00e1kem u&nbsp;\u00fast\u00ed chodby, kdy\u017e n\u00e1hle zazn\u011blo dup\u00e1n\u00ed &#8222;Jest\u0159\u00e1b! Jest\u0159\u00e1b!&#8220; <!--more-->a n\u00e1sledoval \u00faprk kr\u00e1l\u00edk\u016f zven\u010d\u00ed do \u00fakrytu. L\u00edsk\u00e1\u010d, kter\u00fd byl v&nbsp;bezpe\u010d\u00ed, z\u016fstal na sv\u00e9m m\u00edst\u011b a&nbsp;d\u00e1l vyhl\u00ed\u017eel p\u0159es st\u00edn lesa na travnat\u00fd, sluncem oz\u00e1\u0159en\u00fd palouk. Do zorn\u00e9ho pole mu p\u0159iplachtila po\u0161tolka a&nbsp;zaujala postaven\u00ed. \u010cern\u011b zbarven\u00e9 konce jej\u00edch ocasn\u00edch per sm\u011b\u0159ovaly dol\u016f, prudce m\u00e1chala \u0161pi\u010dat\u00fdmi k\u0159\u00eddly a&nbsp;obhl\u00ed\u017eela str\u00e1\u0148 pod sebou.<\/p>\n<p>&#8222;Mysl\u00ed\u0161, \u017ee by si na n\u00e1s opravdu troufla?&#8220; zeptal se L\u00edsk\u00e1\u010d a&nbsp;pozoroval, jak se po\u0161tolka spou\u0161t\u00ed n\u00ed\u017e a&nbsp;znovu se za\u010d\u00edn\u00e1 t\u0159epotat na m\u00edst\u011b. &#8222;Na to je p\u0159ece jen mal\u00e1, ne?&#8220;<\/p>\n<p>&#8222;Nejsp\u00ed\u0161 je,&#8220; odpov\u011bd\u011bl St\u0159\u00edbr\u00e1k. &#8222;Ale p\u0159esto, m\u011bl bys te\u010f chu\u0165 vyl\u00e9zt a&nbsp;za\u010d\u00edt se p\u00e1st?&#8220;<\/p>\n<p>&#8222;Jednou bych si moc r\u00e1d zkusil rozdat si to s&nbsp;n\u011bkter\u00fdm z&nbsp;t\u011bch elil,&#8220; zatou\u017eil Hlavoun, kter\u00fd se k&nbsp;nim bl\u00ed\u017eil zezadu z&nbsp;chodby. &#8222;N\u011bjak se boj\u00edme kdekoho. Ale pt\u00e1k ve vzduchu, to by asi nebylo jen tak, zvl\u00e1\u0161\u0165 pokud by p\u0159ilet\u011bl rychle. Kdyby za\u00fato\u010dil ne\u010dekan\u011b, m\u011bl by s&nbsp;n\u00edm co d\u011blat i&nbsp;velk\u00fd kr\u00e1l\u00edk.&#8220;<\/p>\n<p>&#8222;Vid\u00ed\u0161 toho hrabo\u0161e?&#8220; zvolal n\u00e1hle St\u0159\u00edbr\u00e1k. &#8220; Tamhle, koukni. Chud\u00e1k mal\u00e1.&#8220;<\/p>\n<p>V\u0161ichni zahl\u00e9dli hrabo\u0161e, z\u0159eteln\u011b viditeln\u00e9ho na pruhu hladk\u00e9 tr\u00e1vy. Z\u0159ejm\u011b se zatoulal p\u0159\u00edli\u0161 daleko od sv\u00e9 d\u00edry a&nbsp;te%d nev\u011bd\u011bl kudy kam. Po\u0161tolka ho dosud nezpozorovala, ale jakmile se pohne, t\u011b\u017eko ho bude moci p\u0159ehl\u00e9dnout.<\/p>\n<p>&#8222;Co nevid\u011bt ho \u0165afne,&#8220; poznamenal Hlavoun neciteln\u011b.<\/p>\n<p>L\u00edsk\u00e1\u010d v&nbsp;n\u00e1hl\u00e9m impulsu odhokal z&nbsp;n\u00e1spu dol\u016f a&nbsp;pustil se kousek d\u00e1l do tr\u00e1vy. Hrabo\u0161i nemluv\u00ed kr\u00e1li\u010d\u00ed \u0159e\u010d\u00ed, ale existuje velmi omezen\u00fd, jednoduch\u00fd sm\u00ed\u0161en\u00fd jazyk \u017eiv\u00fdch plot\u016f a&nbsp;rem\u00edzk\u016f. T\u00edm te\u010f L\u00edsk\u00e1\u010d promluvil.<\/p>\n<p>&#8222;Ut\u00edkat,&#8220; oslovil hrabo\u0161e. &#8222;Tudy, rychle.&#8220;<\/p>\n<p>Hrabo\u0161 na n\u011bho pohl\u00e9dl, ale ani se nepohnul. L\u00edsk\u00e1\u010d znovu promluvil a&nbsp;hrabo\u0161 se znovu rozb\u011bhl sm\u011brem k&nbsp;n\u011bmu, zat\u00edmco po\u0161tolka se obr\u00e1tila sklouzla se vzduchem o&nbsp;n\u011bco n\u00ed\u017e. L\u00edsk\u00e1\u010d si posp\u00ed\u0161il nazp\u011bt k&nbsp;d\u00ed\u0159e. Vyhl\u00e9dl ven a&nbsp;spat\u0159il, \u017ee hrabo\u0161 b\u011b\u017e\u00ed za n\u00edm. Kdy\u017e u\u017e byl tak\u0159ka na \u00fapat\u00ed n\u00e1spu, \u0161l\u00e1pl na spadlou v\u011bt\u00e9vku s&nbsp;n\u011bkolika zelen\u00fdmi l\u00edstky. V\u011bt\u00e9vka se p\u0159evr\u00e1tila, na jednom z&nbsp;l\u00edstk\u016f se zachytil slune\u010dn\u00ed paprsek dopadaj\u00edc\u00edsem mezi stromy a&nbsp;L\u00edsk\u00e1\u010d post\u0159ehl, jak se l\u00edstek na okam\u017eik zaleskl. Po\u0161tolka okam\u017eit\u011b sklouzla \u0161ikmo n\u00ed\u017e, sev\u0159ela k\u0159\u00eddla a&nbsp;za\u010dala padat.<\/p>\n<p>Ne\u017e sta\u010dil L\u00edsk\u00e1\u010d uhnout od vchodu do d\u00edry, prob\u011bhl mu hrabo\u0161 mezi p\u0159edn\u00edmi prackami dovnit\u0159 a&nbsp;p\u0159itiskl se k&nbsp;zemi pod jeho zadn\u00edmi b\u011bhy. V&nbsp;t\u00e9\u017ee chv\u00edli narazila po\u0161tolka jako st\u0159ela odp\u00e1len\u00e1 shora ze stromu s&nbsp;nap\u0159a\u017een\u00fdm zob\u00e1kem a&nbsp;rozta\u017een\u00fdmi pa\u0159\u00e1ty na vyhrabanou hl\u00ednu. Divoce se zazm\u00edtala a&nbsp;kr\u00e1l\u00edci na okam\u017eik zahl\u00e9dli jej\u00ed kulat\u00e9 temn\u00e9 o\u010di, up\u0159en\u00e9 p\u0159\u00edmo do chodby. Pak odl\u00e9tla. Prudkost jej\u00edho dopadu v&nbsp;tak bezprost\u0159edn\u00ed bl\u00edzkosti vyd\u011bsila L\u00edsk\u00e1\u010de tak, \u017ee usko\u010dil dozadu, a\u017e porazil St\u0159\u00edbr\u00e1ka. Ml\u010dky se znovu zdvihli.<\/p>\n<p>&#8222;Tak co, cht\u011bl by sis to sn\u00ed zkusit?&#8220; ohl\u00e9dl se St\u0159\u00edbr\u00e1k po&nbsp;Hlavounovi. &#8222;Pokud ano, dej mi to v\u011bd\u011bt p\u0159edem. Moc r\u00e1d bych to vid\u011bl.&#8220;<\/p>\n<p>&#8222;L\u00edsk\u00e1\u010di,&#8220; \u0159ekl Hlavoun, &#8220; j\u00e1 v\u00edm, \u017ee v\u017edycky v\u00ed\u0161, co d\u011bl\u00e1\u0161, ale k&nbsp;\u010demu je to dobr\u00e9? Umanul sis zachra\u0148ovat ka\u017ed\u00e9ho krtka a&nbsp;rejska, co nem\u016f\u017ee pod zem?&#8220;<\/p>\n<p>Hrabo\u0161 se neh\u00fdbal. St\u00e1le se je\u0161t\u011b kr\u010dil na pokraji chodby, v&nbsp;\u00farovni jejich hlav a&nbsp;jeho obrys se z\u0159eteln\u011b r\u00fdsoval proti sv\u011btlu. L\u00edsk\u00e1\u010d si v\u0161iml, \u017ee se na n\u011bho d\u00edv\u00e1.<\/p>\n<p>&#8222;Jest\u0159\u00e1b mo\u017en\u00e1 je\u0161t\u011b ne pry\u010d,&#8220; varoval ho. &#8222;Ty tu z\u016fstat. J\u00edt pozd\u011bji.&#8220;<\/p><\/blockquote>\n<p>Tolik \u00faryvek z&nbsp;kapitoly XX Pl\u00e1stev a&nbsp;hrabo\u0161. Jak se kr\u00e1l\u00edk\u016fm z\u00e1chrana hrabo\u0161e vyplatila, se m\u016f\u017eete do\u010d\u00edst v&nbsp;kapitole XLII Zpr\u00e1vy za soumraku.<\/p>\n<p>\u00d3 ano, pan Adams byl znalcem nejen kr\u00e1l\u00edk\u016f, ale i&nbsp;hrabo\u0161\u016f a&nbsp;po\u0161tolek.<\/p>\n<p><img data-recalc-dims=\"1\" loading=\"lazy\" decoding=\"async\" data-attachment-id=\"6439\" data-permalink=\"https:\/\/tinnunculus.sy-sy.cz\/index.php\/2018\/10\/05\/postolka-a-hrabos-z-kameniteho-vrchu\/dalekacestazadomovem2\/\" data-orig-file=\"https:\/\/i0.wp.com\/tinnunculus.sy-sy.cz\/wp-content\/uploads\/2018\/10\/DalekaCestaZaDomovem2.jpg?fit=1461%2C2311&amp;ssl=1\" data-orig-size=\"1461,2311\" data-comments-opened=\"1\" data-image-meta=\"{&quot;aperture&quot;:&quot;0&quot;,&quot;credit&quot;:&quot;&quot;,&quot;camera&quot;:&quot;&quot;,&quot;caption&quot;:&quot;&quot;,&quot;created_timestamp&quot;:&quot;0&quot;,&quot;copyright&quot;:&quot;&quot;,&quot;focal_length&quot;:&quot;0&quot;,&quot;iso&quot;:&quot;0&quot;,&quot;shutter_speed&quot;:&quot;0&quot;,&quot;title&quot;:&quot;&quot;,&quot;orientation&quot;:&quot;0&quot;}\" data-image-title=\"DalekaCestaZaDomovem2\" data-image-description=\"\" data-image-caption=\"\" data-large-file=\"https:\/\/i0.wp.com\/tinnunculus.sy-sy.cz\/wp-content\/uploads\/2018\/10\/DalekaCestaZaDomovem2.jpg?fit=525%2C831&amp;ssl=1\" class=\"aligncenter wp-image-6439\" src=\"https:\/\/i0.wp.com\/tinnunculus.sy-sy.cz\/wp-content\/uploads\/2018\/10\/DalekaCestaZaDomovem2.jpg?resize=300%2C475&#038;ssl=1\" alt=\"\" width=\"300\" height=\"475\" srcset=\"https:\/\/i0.wp.com\/tinnunculus.sy-sy.cz\/wp-content\/uploads\/2018\/10\/DalekaCestaZaDomovem2.jpg?resize=647%2C1024&amp;ssl=1 647w, https:\/\/i0.wp.com\/tinnunculus.sy-sy.cz\/wp-content\/uploads\/2018\/10\/DalekaCestaZaDomovem2.jpg?resize=190%2C300&amp;ssl=1 190w, https:\/\/i0.wp.com\/tinnunculus.sy-sy.cz\/wp-content\/uploads\/2018\/10\/DalekaCestaZaDomovem2.jpg?resize=768%2C1215&amp;ssl=1 768w, https:\/\/i0.wp.com\/tinnunculus.sy-sy.cz\/wp-content\/uploads\/2018\/10\/DalekaCestaZaDomovem2.jpg?w=1461&amp;ssl=1 1461w, https:\/\/i0.wp.com\/tinnunculus.sy-sy.cz\/wp-content\/uploads\/2018\/10\/DalekaCestaZaDomovem2.jpg?w=1050&amp;ssl=1 1050w\" sizes=\"auto, (max-width: 300px) 100vw, 300px\" \/><\/p>\n<ul>\n<li>ADAMS, Richard. <i>Dalek\u00e1 cesta za domovem<\/i>. Praha: Mlad\u00e1 fronta, 1986, str.&nbsp;131-132<\/li>\n<\/ul>\n","protected":false},"excerpt":{"rendered":"<p>Aneb o&nbsp;po\u0161tolce z&nbsp;knihy Richarda Adamse Dalek\u00e1 cesta za domovem, v&nbsp;n\u00ed\u017e kr\u00e1l\u00edci z&nbsp;kamenit\u00e9ho vrchu zachr\u00e1nili hrabo\u0161e p\u0159ed po\u0161tolkou, co\u017e se jim nakonec vyplatilo.<\/p>\n","protected":false},"author":2,"featured_media":0,"comment_status":"open","ping_status":"open","sticky":false,"template":"","format":"quote","meta":{"jetpack_post_was_ever_published":false,"_jetpack_newsletter_access":"","_jetpack_dont_email_post_to_subs":false,"_jetpack_newsletter_tier_id":0,"_jetpack_memberships_contains_paywalled_content":false,"_jetpack_memberships_contains_paid_content":false,"footnotes":""},"categories":[112,303,105,110,225],"tags":[310,4,304,1473,137,30,12,91],"class_list":["post-6387","post","type-post","status-publish","format-quote","hentry","category-hrabos-polni","category-kralik-cs","category-postolka","category-postolka-obecna","category-ptaci-v-literature-filmu-a-vytvarnem-umeni","tag-adams-richard","tag-ps_10","tag-kralik","tag-kralik-literarni","tag-mys-literarni","tag-ps_55","tag-ps_30","tag-ps_95","post_format-post-format-quote"],"jetpack_featured_media_url":"","jetpack_shortlink":"https:\/\/wp.me\/p91gKE-1F1","jetpack-related-posts":[{"id":33414,"url":"https:\/\/tinnunculus.sy-sy.cz\/index.php\/2024\/03\/16\/rekni-mi-pravdu-jedlas-nekdy-netopyra\/","url_meta":{"origin":6387,"position":0},"title":"\u2026\u0159ekni mi pravdu, jedlas n\u011bkdy netop\u00fdra?","author":"Zuzana Syrov\u00e1 An\u00fd\u017eov\u00e1","date":"16\/03\/2024","format":"quote","excerpt":"Aneb o tom, jak by odpov\u011bd\u011bla Alence, kdy\u017e padala kr\u00e1li\u010d\u00ed d\u00edrou, \"na\u0161e\" pan\u00ed po\u0161tolka.","rel":"","context":"V \u201e\"Na\u0161e\" po\u0161tolky\u201c","block_context":{"text":"\"Na\u0161e\" po\u0161tolky","link":"https:\/\/tinnunculus.sy-sy.cz\/index.php\/category\/nasi\/nase-postolky\/"},"img":{"alt_text":"","src":"https:\/\/i0.wp.com\/tinnunculus.sy-sy.cz\/wp-content\/uploads\/2024\/03\/20240316-1031546076-e1710599689544.jpg?resize=350%2C200&ssl=1","width":350,"height":200,"srcset":"https:\/\/i0.wp.com\/tinnunculus.sy-sy.cz\/wp-content\/uploads\/2024\/03\/20240316-1031546076-e1710599689544.jpg?resize=350%2C200&ssl=1 1x, https:\/\/i0.wp.com\/tinnunculus.sy-sy.cz\/wp-content\/uploads\/2024\/03\/20240316-1031546076-e1710599689544.jpg?resize=525%2C300&ssl=1 1.5x, https:\/\/i0.wp.com\/tinnunculus.sy-sy.cz\/wp-content\/uploads\/2024\/03\/20240316-1031546076-e1710599689544.jpg?resize=700%2C400&ssl=1 2x"},"classes":[]},{"id":2925,"url":"https:\/\/tinnunculus.sy-sy.cz\/index.php\/2018\/01\/31\/kes-slavi-padesatiny\/","url_meta":{"origin":6387,"position":1},"title":"Kes slav\u00ed pades\u00e1tiny","author":"Zuzana Syrov\u00e1 An\u00fd\u017eov\u00e1","date":"31\/01\/2018","format":false,"excerpt":"P\u0159ed pades\u00e1ti lety vy\u0161la kniha Barryho Hinese A kestrel for a knave, p\u0159\u00edb\u011bh patn\u00e1ctilet\u00e9ho chlapce Billy Caspera, syna yorkshirsk\u00e9ho horn\u00edka, jeho\u017e jedin\u00fdm p\u0159\u00edtelem je po\u0161tolka Kes. Na motivy knihy vznikl film re\u017eis\u00e9ra Kena Loache s n\u00e1zvem Kes, kter\u00fd Britsk\u00fd filmov\u00fd institut za\u0159adil mezi deset nejlep\u0161\u00edch britsk\u00fdch film\u016f dvac\u00e1t\u00e9ho stolet\u00ed.\u00a0 T\u0159i\u2026","rel":"","context":"V \u201ePo\u0161tolka\u201c","block_context":{"text":"Po\u0161tolka","link":"https:\/\/tinnunculus.sy-sy.cz\/index.php\/category\/ostatni-zvirena\/ptaci\/dravec\/postolka\/"},"img":{"alt_text":"","src":"https:\/\/i0.wp.com\/tinnunculus.sy-sy.cz\/wp-content\/uploads\/2018\/01\/harley_ms_2340_f050r.jpg?resize=350%2C200&ssl=1","width":350,"height":200,"srcset":"https:\/\/i0.wp.com\/tinnunculus.sy-sy.cz\/wp-content\/uploads\/2018\/01\/harley_ms_2340_f050r.jpg?resize=350%2C200&ssl=1 1x, https:\/\/i0.wp.com\/tinnunculus.sy-sy.cz\/wp-content\/uploads\/2018\/01\/harley_ms_2340_f050r.jpg?resize=525%2C300&ssl=1 1.5x, https:\/\/i0.wp.com\/tinnunculus.sy-sy.cz\/wp-content\/uploads\/2018\/01\/harley_ms_2340_f050r.jpg?resize=700%2C400&ssl=1 2x, https:\/\/i0.wp.com\/tinnunculus.sy-sy.cz\/wp-content\/uploads\/2018\/01\/harley_ms_2340_f050r.jpg?resize=1050%2C600&ssl=1 3x"},"classes":[]},{"id":10879,"url":"https:\/\/tinnunculus.sy-sy.cz\/index.php\/2020\/02\/28\/snezny-hrabos\/","url_meta":{"origin":6387,"position":2},"title":"Sn\u011b\u017en\u00fd hrabo\u0161","author":"Zuzana Syrov\u00e1 An\u00fd\u017eov\u00e1","date":"28\/02\/2020","format":false,"excerpt":"Aneb o tom, jak to bylo s hrabo\u0161i a po\u0161tolkami, kdy\u017e p\u0159eci jen na konci zimy napadlo n\u011bco sn\u011bhu.","rel":"","context":"V \u201e\"Na\u0161e\" po\u0161tolky\u201c","block_context":{"text":"\"Na\u0161e\" po\u0161tolky","link":"https:\/\/tinnunculus.sy-sy.cz\/index.php\/category\/nasi\/nase-postolky\/"},"img":{"alt_text":"","src":"https:\/\/i0.wp.com\/tinnunculus.sy-sy.cz\/wp-content\/uploads\/2020\/02\/20200228_08-55-14-e1582927070958.jpg?resize=350%2C200&ssl=1","width":350,"height":200,"srcset":"https:\/\/i0.wp.com\/tinnunculus.sy-sy.cz\/wp-content\/uploads\/2020\/02\/20200228_08-55-14-e1582927070958.jpg?resize=350%2C200&ssl=1 1x, https:\/\/i0.wp.com\/tinnunculus.sy-sy.cz\/wp-content\/uploads\/2020\/02\/20200228_08-55-14-e1582927070958.jpg?resize=525%2C300&ssl=1 1.5x, https:\/\/i0.wp.com\/tinnunculus.sy-sy.cz\/wp-content\/uploads\/2020\/02\/20200228_08-55-14-e1582927070958.jpg?resize=700%2C400&ssl=1 2x"},"classes":[]},{"id":10742,"url":"https:\/\/tinnunculus.sy-sy.cz\/index.php\/2020\/02\/20\/kauza-hrabos\/","url_meta":{"origin":6387,"position":3},"title":"Kauza hrabo\u0161","author":"Zuzana Syrov\u00e1 An\u00fd\u017eov\u00e1","date":"20\/02\/2020","format":false,"excerpt":"Aneb o tom, \u017ee jedy se u\u017e na na\u0161e pole, role opravdu sypou a co se s t\u00edm d\u00e1 podle \u010cSO d\u011blat.","rel":"","context":"V \u201e\"Na\u0161e\" po\u0161tolky\u201c","block_context":{"text":"\"Na\u0161e\" po\u0161tolky","link":"https:\/\/tinnunculus.sy-sy.cz\/index.php\/category\/nasi\/nase-postolky\/"},"img":{"alt_text":"","src":"https:\/\/i0.wp.com\/tinnunculus.sy-sy.cz\/wp-content\/uploads\/2020\/02\/20200215_12-27-21uprav-1024x662.jpg?resize=350%2C200&ssl=1","width":350,"height":200,"srcset":"https:\/\/i0.wp.com\/tinnunculus.sy-sy.cz\/wp-content\/uploads\/2020\/02\/20200215_12-27-21uprav-1024x662.jpg?resize=350%2C200&ssl=1 1x, https:\/\/i0.wp.com\/tinnunculus.sy-sy.cz\/wp-content\/uploads\/2020\/02\/20200215_12-27-21uprav-1024x662.jpg?resize=525%2C300&ssl=1 1.5x"},"classes":[]},{"id":42279,"url":"https:\/\/tinnunculus.sy-sy.cz\/index.php\/2025\/05\/24\/pozor-leti-hrabos\/","url_meta":{"origin":6387,"position":4},"title":"Pozor, let\u00ed hrabo\u0161!","author":"Zuzana Syrov\u00e1 An\u00fd\u017eov\u00e1","date":"24\/05\/2025","format":false,"excerpt":"Aneb o jevu, kter\u00fd m\u016f\u017eeme \u010das od \u010dasu pozorovat a sice o l\u00e9taj\u00edc\u00edm hrabo\u0161i.","rel":"","context":"V \u201e\"Na\u0161e\" po\u0161tolky\u201c","block_context":{"text":"\"Na\u0161e\" po\u0161tolky","link":"https:\/\/tinnunculus.sy-sy.cz\/index.php\/category\/nasi\/nase-postolky\/"},"img":{"alt_text":"","src":"https:\/\/i0.wp.com\/tinnunculus.sy-sy.cz\/wp-content\/uploads\/2025\/05\/20250524-114908pe-0-e1748100426829.jpg?resize=350%2C200&ssl=1","width":350,"height":200,"srcset":"https:\/\/i0.wp.com\/tinnunculus.sy-sy.cz\/wp-content\/uploads\/2025\/05\/20250524-114908pe-0-e1748100426829.jpg?resize=350%2C200&ssl=1 1x, https:\/\/i0.wp.com\/tinnunculus.sy-sy.cz\/wp-content\/uploads\/2025\/05\/20250524-114908pe-0-e1748100426829.jpg?resize=525%2C300&ssl=1 1.5x, https:\/\/i0.wp.com\/tinnunculus.sy-sy.cz\/wp-content\/uploads\/2025\/05\/20250524-114908pe-0-e1748100426829.jpg?resize=700%2C400&ssl=1 2x"},"classes":[]},{"id":9449,"url":"https:\/\/tinnunculus.sy-sy.cz\/index.php\/2019\/09\/28\/nektere-nove-nazory-na-hubeni-hrabosu\/","url_meta":{"origin":6387,"position":5},"title":"N\u011bkter\u00e9 nov\u00e9 n\u00e1zory na huben\u00ed hrabo\u0161\u016f","author":"Zuzana Syrov\u00e1 An\u00fd\u017eov\u00e1","date":"28\/09\/2019","format":"quote","excerpt":"Aneb n\u00e1zorn\u00e1 uk\u00e1zka toho, jak se vyv\u00edjej\u00ed n\u00e1zory na huben\u00ed hrabo\u0161\u016f, jinak po n\u011bkolika liter\u00e1rn\u00edch po\u0161tolk\u00e1ch pro zm\u011bnu liter\u00e1rn\u00ed hrabo\u0161i...","rel":"","context":"V \u201eHrabo\u0161 poln\u00ed\u201c","block_context":{"text":"Hrabo\u0161 poln\u00ed","link":"https:\/\/tinnunculus.sy-sy.cz\/index.php\/category\/ostatni-zvirena\/savec\/mys-cs\/hrabos-polni\/"},"img":{"alt_text":"","src":"https:\/\/i0.wp.com\/tinnunculus.sy-sy.cz\/wp-content\/uploads\/2019\/09\/MartinS_Hrabose-1024x720.jpg?resize=350%2C200&ssl=1","width":350,"height":200,"srcset":"https:\/\/i0.wp.com\/tinnunculus.sy-sy.cz\/wp-content\/uploads\/2019\/09\/MartinS_Hrabose-1024x720.jpg?resize=350%2C200&ssl=1 1x, https:\/\/i0.wp.com\/tinnunculus.sy-sy.cz\/wp-content\/uploads\/2019\/09\/MartinS_Hrabose-1024x720.jpg?resize=525%2C300&ssl=1 1.5x"},"classes":[]}],"jetpack_sharing_enabled":true,"_links":{"self":[{"href":"https:\/\/tinnunculus.sy-sy.cz\/index.php\/wp-json\/wp\/v2\/posts\/6387","targetHints":{"allow":["GET"]}}],"collection":[{"href":"https:\/\/tinnunculus.sy-sy.cz\/index.php\/wp-json\/wp\/v2\/posts"}],"about":[{"href":"https:\/\/tinnunculus.sy-sy.cz\/index.php\/wp-json\/wp\/v2\/types\/post"}],"author":[{"embeddable":true,"href":"https:\/\/tinnunculus.sy-sy.cz\/index.php\/wp-json\/wp\/v2\/users\/2"}],"replies":[{"embeddable":true,"href":"https:\/\/tinnunculus.sy-sy.cz\/index.php\/wp-json\/wp\/v2\/comments?post=6387"}],"version-history":[{"count":1,"href":"https:\/\/tinnunculus.sy-sy.cz\/index.php\/wp-json\/wp\/v2\/posts\/6387\/revisions"}],"predecessor-version":[{"id":32944,"href":"https:\/\/tinnunculus.sy-sy.cz\/index.php\/wp-json\/wp\/v2\/posts\/6387\/revisions\/32944"}],"wp:attachment":[{"href":"https:\/\/tinnunculus.sy-sy.cz\/index.php\/wp-json\/wp\/v2\/media?parent=6387"}],"wp:term":[{"taxonomy":"category","embeddable":true,"href":"https:\/\/tinnunculus.sy-sy.cz\/index.php\/wp-json\/wp\/v2\/categories?post=6387"},{"taxonomy":"post_tag","embeddable":true,"href":"https:\/\/tinnunculus.sy-sy.cz\/index.php\/wp-json\/wp\/v2\/tags?post=6387"}],"curies":[{"name":"wp","href":"https:\/\/api.w.org\/{rel}","templated":true}]}}