{"id":6260,"date":"2018-09-29T19:17:39","date_gmt":"2018-09-29T17:17:39","guid":{"rendered":"http:\/\/tinnunculus.sy-sy.cz\/?p=6260"},"modified":"2025-12-14T11:44:54","modified_gmt":"2025-12-14T10:44:54","slug":"byvam-postolka-nezeru-vsak-mysi","status":"publish","type":"post","link":"https:\/\/tinnunculus.sy-sy.cz\/index.php\/2018\/09\/29\/byvam-postolka-nezeru-vsak-mysi\/","title":{"rendered":"B\u00fdv\u00e1m po\u0161tolka, ne\u017eeru v\u0161ak my\u0161i&#8230;"},"content":{"rendered":"<p><img data-recalc-dims=\"1\" loading=\"lazy\" decoding=\"async\" data-attachment-id=\"6270\" data-permalink=\"https:\/\/tinnunculus.sy-sy.cz\/index.php\/2018\/09\/29\/byvam-postolka-nezeru-vsak-mysi\/dsc34501ubw\/\" data-orig-file=\"https:\/\/i0.wp.com\/tinnunculus.sy-sy.cz\/wp-content\/uploads\/2018\/09\/dsc34501uBW.jpg?fit=1038%2C720&amp;ssl=1\" data-orig-size=\"1038,720\" data-comments-opened=\"1\" data-image-meta=\"{&quot;aperture&quot;:&quot;0&quot;,&quot;credit&quot;:&quot;&quot;,&quot;camera&quot;:&quot;&quot;,&quot;caption&quot;:&quot;&quot;,&quot;created_timestamp&quot;:&quot;0&quot;,&quot;copyright&quot;:&quot;&quot;,&quot;focal_length&quot;:&quot;0&quot;,&quot;iso&quot;:&quot;0&quot;,&quot;shutter_speed&quot;:&quot;0&quot;,&quot;title&quot;:&quot;&quot;,&quot;orientation&quot;:&quot;1&quot;}\" data-image-title=\"dsc34501uBW\" data-image-description=\"\" data-image-caption=\"\" data-large-file=\"https:\/\/i0.wp.com\/tinnunculus.sy-sy.cz\/wp-content\/uploads\/2018\/09\/dsc34501uBW.jpg?fit=525%2C364&amp;ssl=1\" class=\"alignnone wp-image-6270 size-large\" src=\"https:\/\/i0.wp.com\/tinnunculus.sy-sy.cz\/wp-content\/uploads\/2018\/09\/dsc34501uBW.jpg?resize=525%2C364&#038;ssl=1\" alt=\"\" width=\"525\" height=\"364\" srcset=\"https:\/\/i0.wp.com\/tinnunculus.sy-sy.cz\/wp-content\/uploads\/2018\/09\/dsc34501uBW.jpg?resize=1024%2C710&amp;ssl=1 1024w, https:\/\/i0.wp.com\/tinnunculus.sy-sy.cz\/wp-content\/uploads\/2018\/09\/dsc34501uBW.jpg?resize=300%2C208&amp;ssl=1 300w, https:\/\/i0.wp.com\/tinnunculus.sy-sy.cz\/wp-content\/uploads\/2018\/09\/dsc34501uBW.jpg?resize=768%2C533&amp;ssl=1 768w, https:\/\/i0.wp.com\/tinnunculus.sy-sy.cz\/wp-content\/uploads\/2018\/09\/dsc34501uBW.jpg?w=1038&amp;ssl=1 1038w\" sizes=\"auto, (max-width: 525px) 100vw, 525px\" \/><\/p>\n<p>Zd\u00e1 se, \u017ee po\u0161tolky nejsou opravdu b\u00e1sn\u00edk\u016fm, n\u011bjak spjat\u00fdm s&nbsp;Brnem, ciz\u00ed. Dal\u0161\u00edm d\u016fkazem je b\u00e1se\u0148 <a href=\"https:\/\/cs.wikipedia.org\/wiki\/Martin_Reiner\" target=\"_blank\" rel=\"noopener\">Martina Reinera (1964-)<\/a> ze sb\u00edrky <i>Pohled z&nbsp;kav\u00e1rny v&nbsp;Bath<\/i>:<\/p>\n<p><!--more--><\/p>\n<blockquote><p><strong>Tom\u00e1\u0161i P\u0159idalovi<\/strong><\/p>\n<p>\u010casto b\u00fdv\u00e1m divn\u00fd.<\/p>\n<p>B\u00fdv\u00e1m po\u0161tolka,<br \/>\nne\u017eeru v\u0161ak my\u0161i\u2026.<\/p>\n<p>Jindy cel\u00e9 hodiny<br \/>\nnos\u00edm v\u00a0kapse s\u00e1\u010dka<br \/>\nhotel Florida.<\/p>\n<p>(\u0158eka, k\u016fly, starty pelik\u00e1n\u016f\u2026)<\/p>\n<p>Nat\u00e1hnu ruku<br \/>\na&nbsp;moje dla\u0148 s\u00a0dvan\u00e1cti prsty<br \/>\nslavn\u011b vych\u00e1z\u00ed<br \/>\nnad horou Gonga-\u0160an.<\/p>\n<p><strong>\u2026<\/strong><\/p>\n<p>Nasype\u0161 m\u011b do vody,<br \/>\nnapije\u0161 se zhluboka\u2026<br \/>\na&nbsp;vyprskne\u0161:<\/p>\n<p>\u201eFuj! Grepov\u00fd b\u00e1sn\u00edk.\u201c<\/p><\/blockquote>\n<ul>\n<li>REINER, Martin. <i>Pohled z&nbsp;kav\u00e1rny v&nbsp;Bath<\/i>. Brno: V\u011btrn\u00e9 ml\u00fdny, 2007. ISBN 978-80-86907-37-6.<\/li>\n<li><a href=\"http:\/\/www.martinreiner.cz\" target=\"_blank\" rel=\"noopener\"><em>http:\/\/www.martinreiner.cz<\/em><\/a><\/li>\n<\/ul>\n<p>Pozn\u00e1mka: To, \u017ee b\u00e1sn\u00edk, jsa po\u0161tolkou, ne\u017eere my\u0161i, je jen p\u0159irozen\u00e9. Po\u0161tolky, alespo\u0144 ty neocho\u010den\u00e9, \u017eerou hrabo\u0161e&#8230;<\/p>\n","protected":false},"excerpt":{"rendered":"<p>Aneb je\u0161t\u011b trocha poezie, a&nbsp;sice z&nbsp;pera Martina Reinera, kter\u00fd\u017eto n\u00e1m objasn\u00ed, \u017ee b\u00e1sn\u00edk, jsa po\u0161tolkou, ne\u017eere my\u0161i&#8230;<\/p>\n","protected":false},"author":2,"featured_media":0,"comment_status":"open","ping_status":"open","sticky":false,"template":"","format":"quote","meta":{"jetpack_post_was_ever_published":false,"_jetpack_newsletter_access":"","_jetpack_dont_email_post_to_subs":false,"_jetpack_newsletter_tier_id":0,"_jetpack_memberships_contains_paywalled_content":false,"_jetpack_memberships_contains_paid_content":false,"footnotes":""},"categories":[105,225],"tags":[137,12,312],"class_list":["post-6260","post","type-post","status-publish","format-quote","hentry","category-postolka","category-ptaci-v-literature-filmu-a-vytvarnem-umeni","tag-mys-literarni","tag-ps_30","tag-reiner-martin","post_format-post-format-quote"],"jetpack_featured_media_url":"","jetpack_shortlink":"https:\/\/wp.me\/p91gKE-1CY","jetpack-related-posts":[{"id":27537,"url":"https:\/\/tinnunculus.sy-sy.cz\/index.php\/2023\/11\/11\/svatomartinske-menu\/","url_meta":{"origin":6260,"position":0},"title":"Svatomartinsk\u00e9 menu","author":"Zuzana Syrov\u00e1 An\u00fd\u017eov\u00e1","date":"11\/11\/2023","format":false,"excerpt":"Aneb o tom, co si d\u00e1vaj\u00ed po\u0161tolky na svat\u00e9ho Martina.","rel":"","context":"V \u201e\"Na\u0161e\" po\u0161tolky\u201c","block_context":{"text":"\"Na\u0161e\" po\u0161tolky","link":"https:\/\/tinnunculus.sy-sy.cz\/index.php\/category\/nasi\/nase-postolky\/"},"img":{"alt_text":"","src":"https:\/\/i0.wp.com\/tinnunculus.sy-sy.cz\/wp-content\/uploads\/2023\/11\/20231111-1402267087-e1699813774129.jpg?resize=350%2C200&ssl=1","width":350,"height":200,"srcset":"https:\/\/i0.wp.com\/tinnunculus.sy-sy.cz\/wp-content\/uploads\/2023\/11\/20231111-1402267087-e1699813774129.jpg?resize=350%2C200&ssl=1 1x, https:\/\/i0.wp.com\/tinnunculus.sy-sy.cz\/wp-content\/uploads\/2023\/11\/20231111-1402267087-e1699813774129.jpg?resize=525%2C300&ssl=1 1.5x"},"classes":[]},{"id":2466,"url":"https:\/\/tinnunculus.sy-sy.cz\/index.php\/2017\/11\/12\/po-svatem-martine\/","url_meta":{"origin":6260,"position":1},"title":"Po svat\u00e9m Martin\u011b..","author":"Zuzana Syrov\u00e1 An\u00fd\u017eov\u00e1","date":"12\/11\/2017","format":false,"excerpt":"\"Po svat\u00e9m Martin\u011b zima ne\u017eertuje; p\u0159ich\u00e1z\u00ed sn\u00edh i mr\u00e1z kvaltem\".\u00a0 S ohledem na pranostiky i p\u0159edpov\u011b\u010f po\u010das\u00ed jsme tedy dnes odpoledne zazimovali kamery a ponechali v provozu pouze dv\u011b mrazu do -20\u00b0C odoln\u00e9. Stihli jsme to jen tak tak. Ne \u017ee by n\u00e1s zasko\u010dil mr\u00e1z, ale \"na\u0161e\" po\u0161tol\u010d\u00ed sami\u010dka dnes\u2026","rel":"","context":"V \u201e\"Na\u0161e\" po\u0161tolky\u201c","block_context":{"text":"\"Na\u0161e\" po\u0161tolky","link":"https:\/\/tinnunculus.sy-sy.cz\/index.php\/category\/nasi\/nase-postolky\/"},"img":{"alt_text":"","src":"https:\/\/i0.wp.com\/tinnunculus.sy-sy.cz\/wp-content\/uploads\/2017\/11\/20171112_15-36-47_1-1024x640.jpg?resize=350%2C200&ssl=1","width":350,"height":200,"srcset":"https:\/\/i0.wp.com\/tinnunculus.sy-sy.cz\/wp-content\/uploads\/2017\/11\/20171112_15-36-47_1-1024x640.jpg?resize=350%2C200&ssl=1 1x, https:\/\/i0.wp.com\/tinnunculus.sy-sy.cz\/wp-content\/uploads\/2017\/11\/20171112_15-36-47_1-1024x640.jpg?resize=525%2C300&ssl=1 1.5x"},"classes":[]},{"id":121,"url":"https:\/\/tinnunculus.sy-sy.cz\/index.php\/2014\/07\/26\/mys-a-posta\/","url_meta":{"origin":6260,"position":2},"title":"My\u0161 a&nbsp;po\u0161ta","author":"Zuzana Syrov\u00e1 An\u00fd\u017eov\u00e1","date":"26\/07\/2014","format":false,"excerpt":"Mo\u017en\u00e1 je to jejich oby\u010dejnost\u00ed, jejich \u0161patnou pov\u011bst\u00ed \u010di t\u00edm, \u017ee panuje domn\u011bnka, \u017ee je nehygienick\u00e9 zn\u00e1mku, na kter\u00e9 je my\u0161, ol\u00edznout... Pakli\u017ee se po\u0161tolka objevuje na po\u0161tovn\u00edch zn\u00e1mk\u00e1ch hojn\u011b (viz\u00a0 Po\u0161tolky a po\u0161ta), my\u0161 dom\u00e1c\u00ed (mus musculus) \u010di hrabo\u0161e poln\u00edho (microtus arvalis) a jejich p\u0159\u00edbuzn\u00e9 na nich prakticky nenajdeme.\u2026","rel":"","context":"V \u201eHrabo\u0161 poln\u00ed\u201c","block_context":{"text":"Hrabo\u0161 poln\u00ed","link":"https:\/\/tinnunculus.sy-sy.cz\/index.php\/category\/ostatni-zvirena\/savec\/mys-cs\/hrabos-polni\/"},"img":{"alt_text":"","src":"https:\/\/i0.wp.com\/tinnunculus.sy-sy.cz\/wp-content\/uploads\/2014\/07\/jersey04.jpg?resize=350%2C200&ssl=1","width":350,"height":200},"classes":[]},{"id":25093,"url":"https:\/\/tinnunculus.sy-sy.cz\/index.php\/2023\/10\/20\/hrabose-ma-kazdy-rad\/","url_meta":{"origin":6260,"position":3},"title":"Hrabo\u0161e m\u00e1 ka\u017ed\u00fd r\u00e1d","author":"Zuzana Syrov\u00e1 An\u00fd\u017eov\u00e1","date":"20\/10\/2023","format":false,"excerpt":"Aneb o jedn\u00e9 so\u0161e hrabo\u0161e bez hrabo\u0161e a tak\u00e9 o tom, co maj\u00ed spole\u010dn\u00e9ho po\u0161tolky a hrabo\u0161i","rel":"","context":"V \u201eHrabo\u0161 poln\u00ed\u201c","block_context":{"text":"Hrabo\u0161 poln\u00ed","link":"https:\/\/tinnunculus.sy-sy.cz\/index.php\/category\/ostatni-zvirena\/savec\/mys-cs\/hrabos-polni\/"},"img":{"alt_text":"","src":"https:\/\/i0.wp.com\/tinnunculus.sy-sy.cz\/wp-content\/uploads\/2023\/10\/DSCN3945u-scaled-e1697812061277-1024x577.jpg?resize=350%2C200&ssl=1","width":350,"height":200,"srcset":"https:\/\/i0.wp.com\/tinnunculus.sy-sy.cz\/wp-content\/uploads\/2023\/10\/DSCN3945u-scaled-e1697812061277-1024x577.jpg?resize=350%2C200&ssl=1 1x, https:\/\/i0.wp.com\/tinnunculus.sy-sy.cz\/wp-content\/uploads\/2023\/10\/DSCN3945u-scaled-e1697812061277-1024x577.jpg?resize=525%2C300&ssl=1 1.5x"},"classes":[]},{"id":6193,"url":"https:\/\/tinnunculus.sy-sy.cz\/index.php\/2018\/09\/25\/lolo-a-jester\/","url_meta":{"origin":6260,"position":4},"title":"Lolo a&nbsp;Je\u0161t\u011br","author":"Zuzana Syrov\u00e1 An\u00fd\u017eov\u00e1","date":"25\/09\/2018","format":false,"excerpt":"P\u0159ed osmdes\u00e1ti lety vy\u0161la kn\u00ed\u017ee\u010dka Lolo a druhov\u00e9.\u00a0 Jedn\u00edm z jej\u00edch zv\u00ed\u0159ec\u00edch hrdin\u016f je ocho\u010den\u00e1 po\u0161tolka Lolo a autorem jej\u00ed p\u0159\u00edtel Old Je\u0161t\u011br\u00a0\u2014 b\u00e1sn\u00edk mnoha pseudonym\u016f (Smil z Rolni\u010dky, Ratibor Suk, \u0160\u00e1rek B., Charv\u00e1t Leo, Alter Ego, Pavel Hrz\u00e1nsk\u00fd, Kuba Stop\u011brunt\u00edk.... a Petr Bezru\u010d). N\u011bco v\u00edce V\u00e1m o jejich p\u0159\u00e1telstv\u00ed\u2026","rel":"","context":"V \u201ePo\u0161tolka\u201c","block_context":{"text":"Po\u0161tolka","link":"https:\/\/tinnunculus.sy-sy.cz\/index.php\/category\/ostatni-zvirena\/ptaci\/dravec\/postolka\/"},"img":{"alt_text":"","src":"https:\/\/i0.wp.com\/tinnunculus.sy-sy.cz\/wp-content\/uploads\/2018\/09\/LoloADruhove-1024x705.jpg?resize=350%2C200&ssl=1","width":350,"height":200,"srcset":"https:\/\/i0.wp.com\/tinnunculus.sy-sy.cz\/wp-content\/uploads\/2018\/09\/LoloADruhove-1024x705.jpg?resize=350%2C200&ssl=1 1x, https:\/\/i0.wp.com\/tinnunculus.sy-sy.cz\/wp-content\/uploads\/2018\/09\/LoloADruhove-1024x705.jpg?resize=525%2C300&ssl=1 1.5x"},"classes":[]},{"id":169,"url":"https:\/\/tinnunculus.sy-sy.cz\/index.php\/2014\/12\/06\/o-postolkach-vetru-atd\/","url_meta":{"origin":6260,"position":5},"title":"O po\u0161tolk\u00e1ch, v\u011btru, atd.","author":"Zuzana Syrov\u00e1 An\u00fd\u017eov\u00e1","date":"06\/12\/2014","format":"link","excerpt":"Co najdete pomoc\u00ed Googlu, zad\u00e1te-li do vyhled\u00e1va\u010de o po\u0161tolk\u00e1ch? studentskou pr\u00e1ci Martina C\u00e1ba z FaVU VUT Brno O po\u0161tol\u00e1ch v\u011btr, atd. str\u00e1nky \u010cSOP Blatn\u00e1 odkazuj\u00edc\u00ed na p\u0159enos z hn\u00edzda po\u0161tolky obecn\u00e9 v Blatn\u00e9 (http:\/\/www.csop.cz\/blatna\/postolky.php) str\u00e1nku dru\u017einy Po\u0161tolky d\u00edv\u010d\u00edho odd\u00edlu \u0160\u00eddla po\u0161tolku obecnou na Wikipedii ot\u00e1zky a odpov\u011bdi z poradny na\u2026","rel":"","context":"V \u201ePo\u0161tolka\u201c","block_context":{"text":"Po\u0161tolka","link":"https:\/\/tinnunculus.sy-sy.cz\/index.php\/category\/ostatni-zvirena\/ptaci\/dravec\/postolka\/"},"img":{"alt_text":"","src":"https:\/\/i0.wp.com\/tinnunculus.sy-sy.cz\/wp-content\/uploads\/2014\/12\/Cab_Postolka_02.jpg?resize=350%2C200&ssl=1","width":350,"height":200,"srcset":"https:\/\/i0.wp.com\/tinnunculus.sy-sy.cz\/wp-content\/uploads\/2014\/12\/Cab_Postolka_02.jpg?resize=350%2C200&ssl=1 1x, https:\/\/i0.wp.com\/tinnunculus.sy-sy.cz\/wp-content\/uploads\/2014\/12\/Cab_Postolka_02.jpg?resize=525%2C300&ssl=1 1.5x, https:\/\/i0.wp.com\/tinnunculus.sy-sy.cz\/wp-content\/uploads\/2014\/12\/Cab_Postolka_02.jpg?resize=700%2C400&ssl=1 2x"},"classes":[]}],"jetpack_sharing_enabled":true,"_links":{"self":[{"href":"https:\/\/tinnunculus.sy-sy.cz\/index.php\/wp-json\/wp\/v2\/posts\/6260","targetHints":{"allow":["GET"]}}],"collection":[{"href":"https:\/\/tinnunculus.sy-sy.cz\/index.php\/wp-json\/wp\/v2\/posts"}],"about":[{"href":"https:\/\/tinnunculus.sy-sy.cz\/index.php\/wp-json\/wp\/v2\/types\/post"}],"author":[{"embeddable":true,"href":"https:\/\/tinnunculus.sy-sy.cz\/index.php\/wp-json\/wp\/v2\/users\/2"}],"replies":[{"embeddable":true,"href":"https:\/\/tinnunculus.sy-sy.cz\/index.php\/wp-json\/wp\/v2\/comments?post=6260"}],"version-history":[{"count":1,"href":"https:\/\/tinnunculus.sy-sy.cz\/index.php\/wp-json\/wp\/v2\/posts\/6260\/revisions"}],"predecessor-version":[{"id":32947,"href":"https:\/\/tinnunculus.sy-sy.cz\/index.php\/wp-json\/wp\/v2\/posts\/6260\/revisions\/32947"}],"wp:attachment":[{"href":"https:\/\/tinnunculus.sy-sy.cz\/index.php\/wp-json\/wp\/v2\/media?parent=6260"}],"wp:term":[{"taxonomy":"category","embeddable":true,"href":"https:\/\/tinnunculus.sy-sy.cz\/index.php\/wp-json\/wp\/v2\/categories?post=6260"},{"taxonomy":"post_tag","embeddable":true,"href":"https:\/\/tinnunculus.sy-sy.cz\/index.php\/wp-json\/wp\/v2\/tags?post=6260"}],"curies":[{"name":"wp","href":"https:\/\/api.w.org\/{rel}","templated":true}]}}