{"id":6211,"date":"2018-09-26T18:14:26","date_gmt":"2018-09-26T16:14:26","guid":{"rendered":"http:\/\/tinnunculus.sy-sy.cz\/?p=6211"},"modified":"2025-12-14T11:47:06","modified_gmt":"2025-12-14T10:47:06","slug":"mala-mila-e-mys","status":"publish","type":"post","link":"https:\/\/tinnunculus.sy-sy.cz\/index.php\/2018\/09\/26\/mala-mila-e-mys\/","title":{"rendered":"Mal\u00e1 mil\u00e1 e-my\u0161"},"content":{"rendered":"<p><img data-recalc-dims=\"1\" loading=\"lazy\" decoding=\"async\" data-attachment-id=\"6213\" data-permalink=\"https:\/\/tinnunculus.sy-sy.cz\/index.php\/2018\/09\/26\/mala-mila-e-mys\/p1370792u1\/\" data-orig-file=\"https:\/\/i0.wp.com\/tinnunculus.sy-sy.cz\/wp-content\/uploads\/2018\/09\/P1370792u1.jpg?fit=1440%2C981&amp;ssl=1\" data-orig-size=\"1440,981\" data-comments-opened=\"1\" data-image-meta=\"{&quot;aperture&quot;:&quot;3.3&quot;,&quot;credit&quot;:&quot;&quot;,&quot;camera&quot;:&quot;DMC-TZ20&quot;,&quot;caption&quot;:&quot;&quot;,&quot;created_timestamp&quot;:&quot;1507213328&quot;,&quot;copyright&quot;:&quot;&quot;,&quot;focal_length&quot;:&quot;4.3&quot;,&quot;iso&quot;:&quot;200&quot;,&quot;shutter_speed&quot;:&quot;0.066666666666667&quot;,&quot;title&quot;:&quot;&quot;,&quot;orientation&quot;:&quot;1&quot;}\" data-image-title=\"P1370792u1\" data-image-description=\"\" data-image-caption=\"\" data-large-file=\"https:\/\/i0.wp.com\/tinnunculus.sy-sy.cz\/wp-content\/uploads\/2018\/09\/P1370792u1.jpg?fit=525%2C358&amp;ssl=1\" class=\"aligncenter wp-image-6213 size-large\" src=\"https:\/\/i0.wp.com\/tinnunculus.sy-sy.cz\/wp-content\/uploads\/2018\/09\/P1370792u1.jpg?resize=525%2C358&#038;ssl=1\" alt=\"\" width=\"525\" height=\"358\" srcset=\"https:\/\/i0.wp.com\/tinnunculus.sy-sy.cz\/wp-content\/uploads\/2018\/09\/P1370792u1.jpg?resize=1024%2C698&amp;ssl=1 1024w, https:\/\/i0.wp.com\/tinnunculus.sy-sy.cz\/wp-content\/uploads\/2018\/09\/P1370792u1.jpg?resize=300%2C204&amp;ssl=1 300w, https:\/\/i0.wp.com\/tinnunculus.sy-sy.cz\/wp-content\/uploads\/2018\/09\/P1370792u1.jpg?resize=768%2C523&amp;ssl=1 768w, https:\/\/i0.wp.com\/tinnunculus.sy-sy.cz\/wp-content\/uploads\/2018\/09\/P1370792u1.jpg?w=1440&amp;ssl=1 1440w\" sizes=\"auto, (max-width: 525px) 100vw, 525px\" \/><\/p>\n<p>Byla tu a&nbsp;u\u017e tu nen\u00ed. Jmenovala se Eli\u0161ka, ale \u0159\u00edkali jsme j\u00ed tak\u00e9 \u00e9-my\u0161ka.\u00a0 Nejprve jsme mysleli, \u017ee se jen nachladila, ale pak, se uk\u00e1zalo, \u017ee jej\u00ed choroba je z\u00e1ludn\u011bj\u0161\u00ed&#8230; Byla \u010dern\u00e1 s&nbsp;b\u00edl\u00fdm koso\u010dtvrecem na b\u0159\u00ed\u0161ku, n\u011b\u017en\u00e1 a&nbsp;p\u0159\u00edtuln\u00e1.\u00a0<!--more--><\/p>\n<p>A jeliko\u017e tu o&nbsp;na\u0161ich my\u0161k\u00e1ch vlastn\u011b moc nep\u00ed\u0161eme a&nbsp;ani my\u0161\u00ed poezii se nev\u011bnuje, tak jsme se ji a&nbsp;jej\u00ed p\u0159edch\u016fdkyn\u011b rozhodli p\u0159ipomenout jednou kr\u00e1snou p\u00edsni\u010dkou bez muziky od Emanuela Frynty, kter\u00e1 u\u017e tak docela bez muziky nen\u00ed, proto\u017ee je jednou z&nbsp;t\u011bch, kter\u00e9 zhudebnil Petr Skoumal.<\/p>\n<blockquote><p><span id=\"pisnicka_text\">Je jeden mal\u00fd mil\u00fd my\u0161, ten chod\u00edv\u00e1 tak ti\u0161e<br \/>\n\u017ee \u0159ekli byste nanejv\u00fd\u0161, \u017ee sly\u0161\u00edte j\u00edt my\u0161e<\/span><\/p>\n<p>Je druh\u00fd mal\u00fd mil\u00fd my\u0161 a&nbsp;tom pr\u00fd se p\u00ed\u0161e<br \/>\n\u017ee proch\u00e1z\u00ed se jako kdy\u017e by chodil po&nbsp;ko\u017ei\u0161e<\/p>\n<p>Je t\u0159et\u00ed mal\u00fd mil\u00fd my\u0161, ten na\u0161lapuje z&nbsp;v\u00fd\u0161e<br \/>\na&nbsp;ti\u0161\u0161\u00ed ch\u016fzi usly\u0161\u00ed\u0161 pr\u00fd leda u&nbsp;slep\u00fd\u0161e<\/p>\n<p>Je \u010dtvrt\u00fd mal\u00fd mil\u00fd my\u0161 a&nbsp;ten m\u00e1 packy z&nbsp;ply\u0161e<br \/>\na&nbsp;s\u00e1m se sly\u0161\u00ed nanejv\u00fd\u0161, kdy\u017e zakru\u010d\u00ed mu v&nbsp;b\u0159i\u0161e<\/p>\n<p>Je p\u00e1t\u00fd mal\u00fd mil\u00fd my\u0161, ten z&nbsp;cel\u00e9 my\u0161\u00ed \u0159\u00ed\u0161e<br \/>\nje nejti\u0161\u0161\u00ed, ten chod\u00ed sp\u00ed\u0161, jen jako kdy\u017e se d\u00fd\u0161e<\/p>\n<p>A nem\u016f\u017ee\u0161-li tedy sp\u00e1t a&nbsp;do u\u0161\u00ed ti zn\u00ed \u0161um<br \/>\nnic nesm\u00ed\u0161 nikdy vy\u010d\u00edtat t\u011bm p\u011bti mal\u00fdm my\u0161\u016fm<\/p><\/blockquote>\n","protected":false},"excerpt":{"rendered":"<p>Byla tu a&nbsp;u\u017e tu nen\u00ed. Jmenovala se Eli\u0161ka, ale \u0159\u00edkali jsme j\u00ed tak\u00e9 \u00e9-my\u0161ka.\u00a0 Nejprve jsme mysleli, \u017ee se jen nachladila, ale pak, se uk\u00e1zalo, \u017ee jej\u00ed choroba je z\u00e1ludn\u011bj\u0161\u00ed&#8230; Byla \u010dern\u00e1 s&nbsp;b\u00edl\u00fdm koso\u010dtvrecem na b\u0159\u00ed\u0161ku, n\u011b\u017en\u00e1 a&nbsp;p\u0159\u00edtuln\u00e1.\u00a0<\/p>\n","protected":false},"author":2,"featured_media":0,"comment_status":"open","ping_status":"open","sticky":false,"template":"","format":"quote","meta":{"jetpack_post_was_ever_published":false,"_jetpack_newsletter_access":"","_jetpack_dont_email_post_to_subs":false,"_jetpack_newsletter_tier_id":0,"_jetpack_memberships_contains_paywalled_content":false,"_jetpack_memberships_contains_paid_content":false,"footnotes":""},"categories":[107,111,116,299,225],"tags":[313,59,77,137],"class_list":["post-6211","post","type-post","status-publish","format-quote","hentry","category-mys-cs","category-mys-domaci-cs","category-nasi","category-nase-mysi","category-ptaci-v-literature-filmu-a-vytvarnem-umeni","tag-frynta-emanuel","tag-ps_48","tag-ps_78","tag-mys-literarni","post_format-post-format-quote"],"jetpack_featured_media_url":"","jetpack_shortlink":"https:\/\/wp.me\/p91gKE-1Cb","jetpack-related-posts":[{"id":38906,"url":"https:\/\/tinnunculus.sy-sy.cz\/index.php\/2025\/01\/07\/myska-vilma-zvana-velma\/","url_meta":{"origin":6211,"position":0},"title":"My\u0161ka Vilma, zvan\u00e1 Velma","author":"Zuzana Syrov\u00e1 An\u00fd\u017eov\u00e1","date":"07\/01\/2025","format":"quote","excerpt":"Aneb o tom, jak na uvoln\u011bn\u00e9 m\u00edsto po\u0161tol\u010d\u00edho maskota nastoupila nov\u00e1 mal\u00e1 a, jak se na spr\u00e1vnou my\u0161 dom\u00e1c\u00ed slu\u0161\u00ed, \u0161ediv\u00e1 my\u0161ka.","rel":"","context":"V \u201eMy\u0161\u201c","block_context":{"text":"My\u0161","link":"https:\/\/tinnunculus.sy-sy.cz\/index.php\/category\/ostatni-zvirena\/savec\/mys-cs\/"},"img":{"alt_text":"","src":"https:\/\/i0.wp.com\/tinnunculus.sy-sy.cz\/wp-content\/uploads\/2025\/01\/IMG_20250107_152934418-e1736268955941.jpg?resize=350%2C200&ssl=1","width":350,"height":200,"srcset":"https:\/\/i0.wp.com\/tinnunculus.sy-sy.cz\/wp-content\/uploads\/2025\/01\/IMG_20250107_152934418-e1736268955941.jpg?resize=350%2C200&ssl=1 1x, https:\/\/i0.wp.com\/tinnunculus.sy-sy.cz\/wp-content\/uploads\/2025\/01\/IMG_20250107_152934418-e1736268955941.jpg?resize=525%2C300&ssl=1 1.5x, https:\/\/i0.wp.com\/tinnunculus.sy-sy.cz\/wp-content\/uploads\/2025\/01\/IMG_20250107_152934418-e1736268955941.jpg?resize=700%2C400&ssl=1 2x"},"classes":[]},{"id":208,"url":"https:\/\/tinnunculus.sy-sy.cz\/index.php\/2015\/04\/21\/the-windhover\/","url_meta":{"origin":6211,"position":1},"title":"The Windhover","author":"Zuzana Syrov\u00e1 An\u00fd\u017eov\u00e1","date":"21\/04\/2015","format":"quote","excerpt":"O my\u0161\u00edch b\u00e1snil u\u017e kdekdo. My\u0161mi se hem\u017e\u00ed Goeth\u016fv Faust, na Johanna Wolfganga navazuje i Ji\u0159\u00ed Such\u00fd s P\u00edsn\u00ed o my\u0161i a jedu, my\u0161 inspiruje b\u00e1snick\u00e9 v\u00fdtvory lyrick\u00e9ho zlod\u011bje Karla \u010capka v Pov\u00eddk\u00e1ch z druh\u00e9 kapsy. Inspirovala i Carolla Lewise v Alence v kraji div\u016f; b\u00e1se\u0148 v podob\u011b\u00a0 smutn\u00e9ho s\u00e1hodlouh\u00e9ho\u2026","rel":"","context":"V \u201eHrabo\u0161 poln\u00ed\u201c","block_context":{"text":"Hrabo\u0161 poln\u00ed","link":"https:\/\/tinnunculus.sy-sy.cz\/index.php\/category\/ostatni-zvirena\/savec\/mys-cs\/hrabos-polni\/"},"img":{"alt_text":"","src":"","width":0,"height":0},"classes":[]},{"id":41383,"url":"https:\/\/tinnunculus.sy-sy.cz\/index.php\/2025\/04\/18\/tento-ctvrtek\/","url_meta":{"origin":6211,"position":2},"title":"Tento \u010dtvrtek","author":"Zuzana Syrov\u00e1 An\u00fd\u017eov\u00e1","date":"18\/04\/2025","format":"quote","excerpt":"Aneb o tom, kdo byl ten my\u0161 s \u010dern\u00fdm sametov\u00fdm ko\u017e\u00ed\u0161kem, kter\u00e9ho pan po\u0161tolka p\u0159inesl ve \u010dtvrtek pan\u00ed po\u0161tolce po ob\u011bd\u011b jako z\u00e1kusek...","rel":"","context":"V \u201e\"Na\u0161e\" po\u0161tolky\u201c","block_context":{"text":"\"Na\u0161e\" po\u0161tolky","link":"https:\/\/tinnunculus.sy-sy.cz\/index.php\/category\/nasi\/nase-postolky\/"},"img":{"alt_text":"","src":"https:\/\/i0.wp.com\/tinnunculus.sy-sy.cz\/wp-content\/uploads\/2025\/04\/20250417-1756109216-Cam-24-Type-0-1-e1744955043280.jpg?resize=350%2C200&ssl=1","width":350,"height":200,"srcset":"https:\/\/i0.wp.com\/tinnunculus.sy-sy.cz\/wp-content\/uploads\/2025\/04\/20250417-1756109216-Cam-24-Type-0-1-e1744955043280.jpg?resize=350%2C200&ssl=1 1x, https:\/\/i0.wp.com\/tinnunculus.sy-sy.cz\/wp-content\/uploads\/2025\/04\/20250417-1756109216-Cam-24-Type-0-1-e1744955043280.jpg?resize=525%2C300&ssl=1 1.5x, https:\/\/i0.wp.com\/tinnunculus.sy-sy.cz\/wp-content\/uploads\/2025\/04\/20250417-1756109216-Cam-24-Type-0-1-e1744955043280.jpg?resize=700%2C400&ssl=1 2x"},"classes":[]},{"id":140,"url":"https:\/\/tinnunculus.sy-sy.cz\/index.php\/2014\/10\/06\/o-hrabosi-a-postolceti\/","url_meta":{"origin":6211,"position":3},"title":"O hrabo\u0161i a&nbsp;po\u0161tol\u010deti","author":"Zuzana Syrov\u00e1 An\u00fd\u017eov\u00e1","date":"06\/10\/2014","format":false,"excerpt":"Jak to tehdy bylo? Jednou v \u010dervnu 2012, kdy\u017e se sami\u010dka ji\u017e n\u011bjakou dobu musela sama starat o po\u0161tol\u010data (same\u010dek zmizel koncem kv\u011btna), p\u0159inesla po\u0161tol\u010dat\u016fm a\u017e p\u0159\u00edli\u0161 \u017eiv\u00e9ho hrabo\u0161e. Mil\u00fd hrabo\u0161 prok\u00e1zal obdivuhodnou vitalitu a dokonce maso\u017eravost, ba t\u00e9m\u011b\u0159 kanibalismus, kdy\u017e po\u0161tol\u010dat\u016fm kradl my\u0161\u00ed hol\u00e1tka, kter\u00fdmi jsme je vzhledem k\u2026","rel":"","context":"V \u201e\"Na\u0161e\" po\u0161tolky\u201c","block_context":{"text":"\"Na\u0161e\" po\u0161tolky","link":"https:\/\/tinnunculus.sy-sy.cz\/index.php\/category\/nasi\/nase-postolky\/"},"img":{"alt_text":"","src":"https:\/\/i0.wp.com\/tinnunculus.sy-sy.cz\/wp-content\/uploads\/2014\/10\/DSC_3795-1024x681.jpg?resize=350%2C200&ssl=1","width":350,"height":200,"srcset":"https:\/\/i0.wp.com\/tinnunculus.sy-sy.cz\/wp-content\/uploads\/2014\/10\/DSC_3795-1024x681.jpg?resize=350%2C200&ssl=1 1x, https:\/\/i0.wp.com\/tinnunculus.sy-sy.cz\/wp-content\/uploads\/2014\/10\/DSC_3795-1024x681.jpg?resize=525%2C300&ssl=1 1.5x"},"classes":[]},{"id":15932,"url":"https:\/\/tinnunculus.sy-sy.cz\/index.php\/2021\/05\/15\/u-zebetinskeho-rybnika\/","url_meta":{"origin":6211,"position":4},"title":"U \u017deb\u011bt\u00ednsk\u00e9ho rybn\u00edka","author":"Zuzana Syrov\u00e1 An\u00fd\u017eov\u00e1","date":"15\/05\/2021","format":false,"excerpt":"Aneb o poetick\u00e9m m\u00edst\u011b, na kter\u00e9 jsme odnesli na\u0161i my\u0161ku Bla\u017eenku, o tom, koho jsme potkali cestou a kde asi n\u00e1\u0161 po\u0161tol\u010d\u00ed same\u010dek lov\u00ed.","rel":"","context":"V \u201eDravec\u201c","block_context":{"text":"Dravec","link":"https:\/\/tinnunculus.sy-sy.cz\/index.php\/category\/ostatni-zvirena\/ptaci\/dravec\/"},"img":{"alt_text":"","src":"https:\/\/i0.wp.com\/tinnunculus.sy-sy.cz\/wp-content\/uploads\/2021\/05\/DSCN0869-1-scaled-e1621091114226.jpg?resize=350%2C200&ssl=1","width":350,"height":200,"srcset":"https:\/\/i0.wp.com\/tinnunculus.sy-sy.cz\/wp-content\/uploads\/2021\/05\/DSCN0869-1-scaled-e1621091114226.jpg?resize=350%2C200&ssl=1 1x, https:\/\/i0.wp.com\/tinnunculus.sy-sy.cz\/wp-content\/uploads\/2021\/05\/DSCN0869-1-scaled-e1621091114226.jpg?resize=525%2C300&ssl=1 1.5x"},"classes":[]},{"id":11195,"url":"https:\/\/tinnunculus.sy-sy.cz\/index.php\/2020\/03\/02\/hratky-s-mysem\/","url_meta":{"origin":6211,"position":5},"title":"Hr\u00e1tky s&nbsp;my\u0161em","author":"Zuzana Syrov\u00e1 An\u00fd\u017eov\u00e1","date":"02\/03\/2020","format":false,"excerpt":"Aneb o tom, jak dom\u00e1c\u00ed po\u0161tol\u010d\u00ed same\u010dek uh\u00e1jil my\u0161e p\u0159ed tou ciz\u00ed fuchtl\u00ed...","rel":"","context":"V \u201e\"Na\u0161e\" po\u0161tolky\u201c","block_context":{"text":"\"Na\u0161e\" po\u0161tolky","link":"https:\/\/tinnunculus.sy-sy.cz\/index.php\/category\/nasi\/nase-postolky\/"},"img":{"alt_text":"","src":"https:\/\/i0.wp.com\/tinnunculus.sy-sy.cz\/wp-content\/uploads\/2020\/03\/20200302-1226341676upr.jpg?resize=350%2C200&ssl=1","width":350,"height":200,"srcset":"https:\/\/i0.wp.com\/tinnunculus.sy-sy.cz\/wp-content\/uploads\/2020\/03\/20200302-1226341676upr.jpg?resize=350%2C200&ssl=1 1x, https:\/\/i0.wp.com\/tinnunculus.sy-sy.cz\/wp-content\/uploads\/2020\/03\/20200302-1226341676upr.jpg?resize=525%2C300&ssl=1 1.5x, https:\/\/i0.wp.com\/tinnunculus.sy-sy.cz\/wp-content\/uploads\/2020\/03\/20200302-1226341676upr.jpg?resize=700%2C400&ssl=1 2x"},"classes":[]}],"jetpack_sharing_enabled":true,"_links":{"self":[{"href":"https:\/\/tinnunculus.sy-sy.cz\/index.php\/wp-json\/wp\/v2\/posts\/6211","targetHints":{"allow":["GET"]}}],"collection":[{"href":"https:\/\/tinnunculus.sy-sy.cz\/index.php\/wp-json\/wp\/v2\/posts"}],"about":[{"href":"https:\/\/tinnunculus.sy-sy.cz\/index.php\/wp-json\/wp\/v2\/types\/post"}],"author":[{"embeddable":true,"href":"https:\/\/tinnunculus.sy-sy.cz\/index.php\/wp-json\/wp\/v2\/users\/2"}],"replies":[{"embeddable":true,"href":"https:\/\/tinnunculus.sy-sy.cz\/index.php\/wp-json\/wp\/v2\/comments?post=6211"}],"version-history":[{"count":1,"href":"https:\/\/tinnunculus.sy-sy.cz\/index.php\/wp-json\/wp\/v2\/posts\/6211\/revisions"}],"predecessor-version":[{"id":32952,"href":"https:\/\/tinnunculus.sy-sy.cz\/index.php\/wp-json\/wp\/v2\/posts\/6211\/revisions\/32952"}],"wp:attachment":[{"href":"https:\/\/tinnunculus.sy-sy.cz\/index.php\/wp-json\/wp\/v2\/media?parent=6211"}],"wp:term":[{"taxonomy":"category","embeddable":true,"href":"https:\/\/tinnunculus.sy-sy.cz\/index.php\/wp-json\/wp\/v2\/categories?post=6211"},{"taxonomy":"post_tag","embeddable":true,"href":"https:\/\/tinnunculus.sy-sy.cz\/index.php\/wp-json\/wp\/v2\/tags?post=6211"}],"curies":[{"name":"wp","href":"https:\/\/api.w.org\/{rel}","templated":true}]}}