{"id":6193,"date":"2018-09-25T23:41:48","date_gmt":"2018-09-25T21:41:48","guid":{"rendered":"http:\/\/tinnunculus.sy-sy.cz\/?p=6193"},"modified":"2025-12-14T11:47:38","modified_gmt":"2025-12-14T10:47:38","slug":"lolo-a-jester","status":"publish","type":"post","link":"https:\/\/tinnunculus.sy-sy.cz\/index.php\/2018\/09\/25\/lolo-a-jester\/","title":{"rendered":"Lolo a&nbsp;Je\u0161t\u011br"},"content":{"rendered":"<p><img data-recalc-dims=\"1\" loading=\"lazy\" decoding=\"async\" data-attachment-id=\"6195\" data-permalink=\"https:\/\/tinnunculus.sy-sy.cz\/index.php\/2018\/09\/25\/lolo-a-jester\/loloadruhove\/\" data-orig-file=\"https:\/\/i0.wp.com\/tinnunculus.sy-sy.cz\/wp-content\/uploads\/2018\/09\/LoloADruhove-e1537739752350.jpg?fit=1038%2C715&amp;ssl=1\" data-orig-size=\"1038,715\" data-comments-opened=\"1\" data-image-meta=\"{&quot;aperture&quot;:&quot;0&quot;,&quot;credit&quot;:&quot;&quot;,&quot;camera&quot;:&quot;&quot;,&quot;caption&quot;:&quot;&quot;,&quot;created_timestamp&quot;:&quot;0&quot;,&quot;copyright&quot;:&quot;&quot;,&quot;focal_length&quot;:&quot;0&quot;,&quot;iso&quot;:&quot;0&quot;,&quot;shutter_speed&quot;:&quot;0&quot;,&quot;title&quot;:&quot;&quot;,&quot;orientation&quot;:&quot;1&quot;}\" data-image-title=\"LoloADruhove\" data-image-description=\"\" data-image-caption=\"\" data-large-file=\"https:\/\/i0.wp.com\/tinnunculus.sy-sy.cz\/wp-content\/uploads\/2018\/09\/LoloADruhove-e1537739752350.jpg?fit=525%2C361&amp;ssl=1\" class=\"alignnone wp-image-6195 size-large\" src=\"https:\/\/i0.wp.com\/tinnunculus.sy-sy.cz\/wp-content\/uploads\/2018\/09\/LoloADruhove.jpg?resize=525%2C361&#038;ssl=1\" alt=\"\" width=\"525\" height=\"361\" \/><\/p>\n<p>P\u0159ed osmdes\u00e1ti lety vy\u0161la kn\u00ed\u017ee\u010dka Lolo a&nbsp;druhov\u00e9.\u00a0 Jedn\u00edm z&nbsp;jej\u00edch zv\u00ed\u0159ec\u00edch hrdin\u016f je ocho\u010den\u00e1 po\u0161tolka Lolo a&nbsp;autorem jej\u00ed p\u0159\u00edtel Old Je\u0161t\u011br\u00a0\u2014 b\u00e1sn\u00edk mnoha pseudonym\u016f (Smil z&nbsp;Rolni\u010dky, Ratibor Suk, \u0160\u00e1rek B., Charv\u00e1t Leo, Alter Ego, Pavel Hrz\u00e1nsk\u00fd, Kuba Stop\u011brunt\u00edk&#8230;. a&nbsp;Petr Bezru\u010d). <!--more--><\/p>\n<p>N\u011bco v\u00edce V\u00e1m o&nbsp;jejich p\u0159\u00e1telstv\u00ed prozrad\u00ed <a href=\"https:\/\/tinnunculus.sy-sy.cz\/wp-content\/uploads\/2018\/09\/lolo.pdf\" target=\"_blank\" rel=\"noopener\">\u010dl\u00e1nek Petr Bezru\u010d a&nbsp;Lolo<\/a>.<\/p>\n<p><img data-recalc-dims=\"1\" loading=\"lazy\" decoding=\"async\" data-attachment-id=\"6205\" data-permalink=\"https:\/\/tinnunculus.sy-sy.cz\/index.php\/2018\/09\/25\/lolo-a-jester\/oldjester\/\" data-orig-file=\"https:\/\/i0.wp.com\/tinnunculus.sy-sy.cz\/wp-content\/uploads\/2018\/09\/OldJester-e1537822517603.jpg?fit=313%2C482&amp;ssl=1\" data-orig-size=\"313,482\" data-comments-opened=\"1\" data-image-meta=\"{&quot;aperture&quot;:&quot;0&quot;,&quot;credit&quot;:&quot;&quot;,&quot;camera&quot;:&quot;&quot;,&quot;caption&quot;:&quot;&quot;,&quot;created_timestamp&quot;:&quot;0&quot;,&quot;copyright&quot;:&quot;&quot;,&quot;focal_length&quot;:&quot;0&quot;,&quot;iso&quot;:&quot;0&quot;,&quot;shutter_speed&quot;:&quot;0&quot;,&quot;title&quot;:&quot;&quot;,&quot;orientation&quot;:&quot;0&quot;}\" data-image-title=\"OldJester\" data-image-description=\"\" data-image-caption=\"\" data-large-file=\"https:\/\/i0.wp.com\/tinnunculus.sy-sy.cz\/wp-content\/uploads\/2018\/09\/OldJester-e1537822517603.jpg?fit=313%2C482&amp;ssl=1\" class=\"size-medium wp-image-6205 aligncenter\" src=\"https:\/\/i0.wp.com\/tinnunculus.sy-sy.cz\/wp-content\/uploads\/2018\/09\/OldJester-e1537822517603-195x300.jpg?resize=195%2C300&#038;ssl=1\" alt=\"\" width=\"195\" height=\"300\" srcset=\"https:\/\/i0.wp.com\/tinnunculus.sy-sy.cz\/wp-content\/uploads\/2018\/09\/OldJester-e1537822517603.jpg?resize=195%2C300&amp;ssl=1 195w, https:\/\/i0.wp.com\/tinnunculus.sy-sy.cz\/wp-content\/uploads\/2018\/09\/OldJester-e1537822517603.jpg?w=313&amp;ssl=1 313w\" sizes=\"auto, (max-width: 195px) 100vw, 195px\" \/><\/p>\n<ul>\n<li>BEZRU\u010c, Petr. <i>Lolo a&nbsp;druhov\u00e9<\/i>. V&nbsp;Brn\u011b: Pokorn\u00fd, 1938.<\/li>\n<\/ul>\n","protected":false},"excerpt":{"rendered":"<p>P\u0159ed osmdes\u00e1ti lety vy\u0161la kn\u00ed\u017ee\u010dka Lolo a&nbsp;druhov\u00e9.\u00a0 Jedn\u00edm z&nbsp;jej\u00edch zv\u00ed\u0159ec\u00edch hrdin\u016f je ocho\u010den\u00e1 po\u0161tolka Lolo a&nbsp;autorem jej\u00ed p\u0159\u00edtel Old Je\u0161t\u011br\u00a0\u2014 b\u00e1sn\u00edk mnoha pseudonym\u016f (Smil z&nbsp;Rolni\u010dky, Ratibor Suk, \u0160\u00e1rek B., Charv\u00e1t Leo, Alter Ego, Pavel Hrz\u00e1nsk\u00fd, Kuba Stop\u011brunt\u00edk&#8230;. a&nbsp;Petr Bezru\u010d).<\/p>\n","protected":false},"author":2,"featured_media":0,"comment_status":"open","ping_status":"open","sticky":false,"template":"","format":"standard","meta":{"jetpack_post_was_ever_published":false,"_jetpack_newsletter_access":"","_jetpack_dont_email_post_to_subs":false,"_jetpack_newsletter_tier_id":0,"_jetpack_memberships_contains_paywalled_content":false,"_jetpack_memberships_contains_paid_content":false,"footnotes":""},"categories":[105,110,225],"tags":[314,315,30,12,91,1060],"class_list":["post-6193","post","type-post","status-publish","format-standard","hentry","category-postolka","category-postolka-obecna","category-ptaci-v-literature-filmu-a-vytvarnem-umeni","tag-bezruc-petr","tag-lolo","tag-ps_55","tag-ps_30","tag-ps_95","tag-postolka-vytvarna"],"jetpack_featured_media_url":"","jetpack_shortlink":"https:\/\/wp.me\/p91gKE-1BT","jetpack-related-posts":[{"id":6276,"url":"https:\/\/tinnunculus.sy-sy.cz\/index.php\/2018\/11\/11\/postolka-naseda-na-vrsek-borovice\/","url_meta":{"origin":6193,"position":0},"title":"Po\u0161tolka nased\u00e1 na vr\u0161ek borovice &#8230;","author":"Zuzana Syrov\u00e1 An\u00fd\u017eov\u00e1","date":"11\/11\/2018","format":"quote","excerpt":"Aneb zase jedna po\u0161tolka liter\u00e1rn\u00ed, tentokr\u00e1te stvo\u0159en\u00e1 Petrem Borkovcem.","rel":"","context":"V \u201eDravec\u201c","block_context":{"text":"Dravec","link":"https:\/\/tinnunculus.sy-sy.cz\/index.php\/category\/ostatni-zvirena\/ptaci\/dravec\/"},"img":{"alt_text":"","src":"https:\/\/i0.wp.com\/tinnunculus.sy-sy.cz\/wp-content\/uploads\/2018\/11\/pine-2751230_960_720.jpg?resize=350%2C200&ssl=1","width":350,"height":200,"srcset":"https:\/\/i0.wp.com\/tinnunculus.sy-sy.cz\/wp-content\/uploads\/2018\/11\/pine-2751230_960_720.jpg?resize=350%2C200&ssl=1 1x, https:\/\/i0.wp.com\/tinnunculus.sy-sy.cz\/wp-content\/uploads\/2018\/11\/pine-2751230_960_720.jpg?resize=525%2C300&ssl=1 1.5x, https:\/\/i0.wp.com\/tinnunculus.sy-sy.cz\/wp-content\/uploads\/2018\/11\/pine-2751230_960_720.jpg?resize=700%2C400&ssl=1 2x"},"classes":[]},{"id":6346,"url":"https:\/\/tinnunculus.sy-sy.cz\/index.php\/2018\/10\/03\/rikadlo-ze-zivota-v-lese\/","url_meta":{"origin":6193,"position":1},"title":"\u0158\u00edkadlo ze \u017eivota v&nbsp;lese","author":"Zuzana Syrov\u00e1 An\u00fd\u017eov\u00e1","date":"03\/10\/2018","format":"quote","excerpt":"Aneb je\u0161t\u011b jedno \u0159\u00edkadlo s po\u0161tolkami, co chod\u00ed do \u0161kolky, a k tomu je\u0161t\u011b s k\u00e1n\u011btem, tentokr\u00e1te z pera Pavla Volfa.","rel":"","context":"V \u201eDravec\u201c","block_context":{"text":"Dravec","link":"https:\/\/tinnunculus.sy-sy.cz\/index.php\/category\/ostatni-zvirena\/ptaci\/dravec\/"},"img":{"alt_text":"","src":"https:\/\/i0.wp.com\/tinnunculus.sy-sy.cz\/wp-content\/uploads\/2018\/09\/postolky_kane02-1024x710.jpg?resize=350%2C200&ssl=1","width":350,"height":200,"srcset":"https:\/\/i0.wp.com\/tinnunculus.sy-sy.cz\/wp-content\/uploads\/2018\/09\/postolky_kane02-1024x710.jpg?resize=350%2C200&ssl=1 1x, https:\/\/i0.wp.com\/tinnunculus.sy-sy.cz\/wp-content\/uploads\/2018\/09\/postolky_kane02-1024x710.jpg?resize=525%2C300&ssl=1 1.5x"},"classes":[]},{"id":389,"url":"https:\/\/tinnunculus.sy-sy.cz\/index.php\/2017\/04\/02\/aprilove-pozorovani\/","url_meta":{"origin":6193,"position":2},"title":"Apr\u00edlov\u00e9 pozorov\u00e1n\u00ed","author":"Zuzana Syrov\u00e1 An\u00fd\u017eov\u00e1","date":"02\/04\/2017","format":false,"excerpt":"Krom\u011b pozorov\u00e1n\u00ed na\u0161ich po\u0161tolek \"dom\u00e1c\u00edch\" jsme m\u011bli v\u010dera p\u0159\u00edle\u017eitost pozorovat apr\u00edlov\u00fd rej po\u0161tolek nad st\u0159echami rajhradsk\u00e9ho kl\u00e1\u0161tera. Bydl\u00ed jich tam z\u0159ejm\u011b hned n\u011bkolik p\u00e1r\u016f.\u00a0 Po\u0161tolky sd\u00edlej\u00ed spole\u010dn\u00e9 st\u0159echy s benediktinsk\u00fdm opatstv\u00edm, pam\u00e1tn\u00edkem p\u00edsemnictv\u00ed na Morav\u011b a z\u00e1chrannou stanic\u00ed pro drav\u00e9 pt\u00e1ky, kter\u00e1 pe\u010duje o jejich p\u0159\u00edbuzn\u00e9. \u00a0 Jedno \u00fahledn\u00e9 hn\u00edzdo\u2026","rel":"","context":"V \u201ePo\u0161tolka\u201c","block_context":{"text":"Po\u0161tolka","link":"https:\/\/tinnunculus.sy-sy.cz\/index.php\/category\/ostatni-zvirena\/ptaci\/dravec\/postolka\/"},"img":{"alt_text":"","src":"https:\/\/i0.wp.com\/tinnunculus.sy-sy.cz\/wp-content\/uploads\/2017\/04\/P1330458a-1024x710.jpg?resize=350%2C200&ssl=1","width":350,"height":200,"srcset":"https:\/\/i0.wp.com\/tinnunculus.sy-sy.cz\/wp-content\/uploads\/2017\/04\/P1330458a-1024x710.jpg?resize=350%2C200&ssl=1 1x, https:\/\/i0.wp.com\/tinnunculus.sy-sy.cz\/wp-content\/uploads\/2017\/04\/P1330458a-1024x710.jpg?resize=525%2C300&ssl=1 1.5x"},"classes":[]},{"id":38906,"url":"https:\/\/tinnunculus.sy-sy.cz\/index.php\/2025\/01\/07\/myska-vilma-zvana-velma\/","url_meta":{"origin":6193,"position":3},"title":"My\u0161ka Vilma, zvan\u00e1 Velma","author":"Zuzana Syrov\u00e1 An\u00fd\u017eov\u00e1","date":"07\/01\/2025","format":"quote","excerpt":"Aneb o tom, jak na uvoln\u011bn\u00e9 m\u00edsto po\u0161tol\u010d\u00edho maskota nastoupila nov\u00e1 mal\u00e1 a, jak se na spr\u00e1vnou my\u0161 dom\u00e1c\u00ed slu\u0161\u00ed, \u0161ediv\u00e1 my\u0161ka.","rel":"","context":"V \u201eMy\u0161\u201c","block_context":{"text":"My\u0161","link":"https:\/\/tinnunculus.sy-sy.cz\/index.php\/category\/ostatni-zvirena\/savec\/mys-cs\/"},"img":{"alt_text":"","src":"https:\/\/i0.wp.com\/tinnunculus.sy-sy.cz\/wp-content\/uploads\/2025\/01\/IMG_20250107_152934418-e1736268955941.jpg?resize=350%2C200&ssl=1","width":350,"height":200,"srcset":"https:\/\/i0.wp.com\/tinnunculus.sy-sy.cz\/wp-content\/uploads\/2025\/01\/IMG_20250107_152934418-e1736268955941.jpg?resize=350%2C200&ssl=1 1x, https:\/\/i0.wp.com\/tinnunculus.sy-sy.cz\/wp-content\/uploads\/2025\/01\/IMG_20250107_152934418-e1736268955941.jpg?resize=525%2C300&ssl=1 1.5x, https:\/\/i0.wp.com\/tinnunculus.sy-sy.cz\/wp-content\/uploads\/2025\/01\/IMG_20250107_152934418-e1736268955941.jpg?resize=700%2C400&ssl=1 2x"},"classes":[]},{"id":259,"url":"https:\/\/tinnunculus.sy-sy.cz\/index.php\/2015\/09\/11\/o-sykorkach\/","url_meta":{"origin":6193,"position":4},"title":"O s\u00fdkork\u00e1ch","author":"Zuzana Syrov\u00e1 An\u00fd\u017eov\u00e1","date":"11\/09\/2015","format":false,"excerpt":"S bl\u00ed\u017e\u00edc\u00edm se podzimem se u n\u00e1s st\u00e1le \u010dast\u011bji objevuj\u00ed na pr\u016fzkumn\u00fdch v\u00fdprav\u00e1ch s\u00fdkorky - ko\u0148adry i mod\u0159inky. M\u016f\u017eete je zahl\u00e9dnout i v online p\u0159enosech, v\u011bt\u0161inou po r\u00e1nu kolem des\u00e1t\u00e9, tedy v dob\u011b, kdy u\u017e po\u0161tol\u010d\u00ed nocle\u017en\u00edci lod\u017eii opustili. N\u011bkdy osam\u011bl\u00e9, jindy i ve skupink\u00e1ch, prohled\u00e1vaj\u00ed systematicky a drze \u00fapln\u011b\u2026","rel":"","context":"V \u201eInfo\u201c","block_context":{"text":"Info","link":"https:\/\/tinnunculus.sy-sy.cz\/index.php\/category\/info\/"},"img":{"alt_text":"","src":"https:\/\/i0.wp.com\/tinnunculus.sy-sy.cz\/wp-content\/uploads\/2015\/09\/20150911-0928183743-1024x640.jpg?resize=350%2C200&ssl=1","width":350,"height":200,"srcset":"https:\/\/i0.wp.com\/tinnunculus.sy-sy.cz\/wp-content\/uploads\/2015\/09\/20150911-0928183743-1024x640.jpg?resize=350%2C200&ssl=1 1x, https:\/\/i0.wp.com\/tinnunculus.sy-sy.cz\/wp-content\/uploads\/2015\/09\/20150911-0928183743-1024x640.jpg?resize=525%2C300&ssl=1 1.5x"},"classes":[]},{"id":6211,"url":"https:\/\/tinnunculus.sy-sy.cz\/index.php\/2018\/09\/26\/mala-mila-e-mys\/","url_meta":{"origin":6193,"position":5},"title":"Mal\u00e1 mil\u00e1 e-my\u0161","author":"Zuzana Syrov\u00e1 An\u00fd\u017eov\u00e1","date":"26\/09\/2018","format":"quote","excerpt":"Byla tu a u\u017e tu nen\u00ed. Jmenovala se Eli\u0161ka, ale \u0159\u00edkali jsme j\u00ed tak\u00e9 \u00e9-my\u0161ka.\u00a0 Nejprve jsme mysleli, \u017ee se jen nachladila, ale pak, se uk\u00e1zalo, \u017ee jej\u00ed choroba je z\u00e1ludn\u011bj\u0161\u00ed... Byla \u010dern\u00e1 s b\u00edl\u00fdm koso\u010dtvrecem na b\u0159\u00ed\u0161ku, n\u011b\u017en\u00e1 a p\u0159\u00edtuln\u00e1.\u00a0 A jeliko\u017e tu o na\u0161ich my\u0161k\u00e1ch vlastn\u011b moc nep\u00ed\u0161eme\u2026","rel":"","context":"V \u201eMy\u0161\u201c","block_context":{"text":"My\u0161","link":"https:\/\/tinnunculus.sy-sy.cz\/index.php\/category\/ostatni-zvirena\/savec\/mys-cs\/"},"img":{"alt_text":"","src":"https:\/\/i0.wp.com\/tinnunculus.sy-sy.cz\/wp-content\/uploads\/2018\/09\/P1370792u1-1024x698.jpg?resize=350%2C200&ssl=1","width":350,"height":200,"srcset":"https:\/\/i0.wp.com\/tinnunculus.sy-sy.cz\/wp-content\/uploads\/2018\/09\/P1370792u1-1024x698.jpg?resize=350%2C200&ssl=1 1x, https:\/\/i0.wp.com\/tinnunculus.sy-sy.cz\/wp-content\/uploads\/2018\/09\/P1370792u1-1024x698.jpg?resize=525%2C300&ssl=1 1.5x"},"classes":[]}],"jetpack_sharing_enabled":true,"_links":{"self":[{"href":"https:\/\/tinnunculus.sy-sy.cz\/index.php\/wp-json\/wp\/v2\/posts\/6193","targetHints":{"allow":["GET"]}}],"collection":[{"href":"https:\/\/tinnunculus.sy-sy.cz\/index.php\/wp-json\/wp\/v2\/posts"}],"about":[{"href":"https:\/\/tinnunculus.sy-sy.cz\/index.php\/wp-json\/wp\/v2\/types\/post"}],"author":[{"embeddable":true,"href":"https:\/\/tinnunculus.sy-sy.cz\/index.php\/wp-json\/wp\/v2\/users\/2"}],"replies":[{"embeddable":true,"href":"https:\/\/tinnunculus.sy-sy.cz\/index.php\/wp-json\/wp\/v2\/comments?post=6193"}],"version-history":[{"count":1,"href":"https:\/\/tinnunculus.sy-sy.cz\/index.php\/wp-json\/wp\/v2\/posts\/6193\/revisions"}],"predecessor-version":[{"id":32953,"href":"https:\/\/tinnunculus.sy-sy.cz\/index.php\/wp-json\/wp\/v2\/posts\/6193\/revisions\/32953"}],"wp:attachment":[{"href":"https:\/\/tinnunculus.sy-sy.cz\/index.php\/wp-json\/wp\/v2\/media?parent=6193"}],"wp:term":[{"taxonomy":"category","embeddable":true,"href":"https:\/\/tinnunculus.sy-sy.cz\/index.php\/wp-json\/wp\/v2\/categories?post=6193"},{"taxonomy":"post_tag","embeddable":true,"href":"https:\/\/tinnunculus.sy-sy.cz\/index.php\/wp-json\/wp\/v2\/tags?post=6193"}],"curies":[{"name":"wp","href":"https:\/\/api.w.org\/{rel}","templated":true}]}}