{"id":6090,"date":"2018-09-14T19:28:31","date_gmt":"2018-09-14T17:28:31","guid":{"rendered":"http:\/\/tinnunculus.sy-sy.cz\/?p=6090"},"modified":"2026-03-21T08:29:53","modified_gmt":"2026-03-21T07:29:53","slug":"vytrvaly-mladik","status":"publish","type":"post","link":"https:\/\/tinnunculus.sy-sy.cz\/index.php\/2018\/09\/14\/vytrvaly-mladik\/","title":{"rendered":"Vytrval\u00fd mlad\u00edk"},"content":{"rendered":"<p><img data-recalc-dims=\"1\" loading=\"lazy\" decoding=\"async\" data-attachment-id=\"6093\" data-permalink=\"https:\/\/tinnunculus.sy-sy.cz\/index.php\/2018\/09\/14\/vytrvaly-mladik\/20180910_07-11-19u\/\" data-orig-file=\"https:\/\/i0.wp.com\/tinnunculus.sy-sy.cz\/wp-content\/uploads\/2018\/09\/20180910_07-11-19u.jpg?fit=1080%2C749&amp;ssl=1\" data-orig-size=\"1080,749\" data-comments-opened=\"1\" data-image-meta=\"{&quot;aperture&quot;:&quot;0&quot;,&quot;credit&quot;:&quot;&quot;,&quot;camera&quot;:&quot;&quot;,&quot;caption&quot;:&quot;&quot;,&quot;created_timestamp&quot;:&quot;0&quot;,&quot;copyright&quot;:&quot;&quot;,&quot;focal_length&quot;:&quot;0&quot;,&quot;iso&quot;:&quot;0&quot;,&quot;shutter_speed&quot;:&quot;0&quot;,&quot;title&quot;:&quot;&quot;,&quot;orientation&quot;:&quot;1&quot;}\" data-image-title=\"20180910_07-11-19u\" data-image-description=\"\" data-image-caption=\"\" data-large-file=\"https:\/\/i0.wp.com\/tinnunculus.sy-sy.cz\/wp-content\/uploads\/2018\/09\/20180910_07-11-19u.jpg?fit=525%2C364&amp;ssl=1\" class=\"alignnone wp-image-6093 size-large\" src=\"https:\/\/i0.wp.com\/tinnunculus.sy-sy.cz\/wp-content\/uploads\/2018\/09\/20180910_07-11-19u.jpg?resize=525%2C364&#038;ssl=1\" alt=\"\" width=\"525\" height=\"364\" srcset=\"https:\/\/i0.wp.com\/tinnunculus.sy-sy.cz\/wp-content\/uploads\/2018\/09\/20180910_07-11-19u.jpg?resize=1024%2C710&amp;ssl=1 1024w, https:\/\/i0.wp.com\/tinnunculus.sy-sy.cz\/wp-content\/uploads\/2018\/09\/20180910_07-11-19u.jpg?resize=300%2C208&amp;ssl=1 300w, https:\/\/i0.wp.com\/tinnunculus.sy-sy.cz\/wp-content\/uploads\/2018\/09\/20180910_07-11-19u.jpg?resize=768%2C533&amp;ssl=1 768w, https:\/\/i0.wp.com\/tinnunculus.sy-sy.cz\/wp-content\/uploads\/2018\/09\/20180910_07-11-19u.jpg?w=1080&amp;ssl=1 1080w\" sizes=\"auto, (max-width: 525px) 100vw, 525px\" \/><\/p>\n<p>Na za\u010d\u00e1tku z\u00e1\u0159\u00ed se v&nbsp;na\u0161\u00ed lod\u017eii objevil nov\u00fd same\u010dek. Vyhl\u00ed\u017e\u00ed velmi mladistv\u011b. Ocasn\u00ed pera m\u00e1 u\u017e \u0161ed\u00e1, ale shora na hlav\u011b m\u00e1 je\u0161t\u011b mno\u017estv\u00ed hn\u011bdav\u00fdch p\u00edrek, tak\u017ee pokud ho vid\u00edte zep\u0159edu, snadno si ho m\u016f\u017eete spl\u00e9st se sami\u010dkou.\u00a0 Od &#8220;na\u0161eho&#8220; star\u00e9ho same\u010dka se li\u0161\u00ed nejen zbarven\u00edm hlavy, ale i&nbsp;velk\u00fdm po\u010dtem \u010dern\u00fdch kapek na k\u0159\u00eddlech. M\u00e1 spoustu energie a&nbsp;je tu evidentn\u011b nov\u00fd, proto\u017ee nejprve v\u0161e prozkoumal: vyzkou\u0161el posed na t\u011bch nejho\u0159ej\u0161\u00edch poli\u010dk\u00e1ch pro kamery\u00a0 i&nbsp;na kamer\u00e1ch pod stropem, kter\u00e9 se mu poda\u0159ilo dokonale p\u0159enastavit. P\u0159edev\u0161\u00edm se ale zaj\u00edm\u00e1 o&nbsp;hn\u00edzdn\u00ed bed\u00fdnku, v&nbsp;n\u00ed\u017e vyt\u00e1\u010d\u00ed d\u016flek a&nbsp;o&nbsp;sami\u010dku, p\u0159ed kterou se serviln\u011b ukl\u00e1n\u00ed, nat\u0159\u00e1s\u00e1 a&nbsp;tik\u00e1 a&nbsp;tik\u00e1 a&nbsp;tik\u00e1.\u00a0 <!--more--><\/p>\n<p><img data-recalc-dims=\"1\" loading=\"lazy\" decoding=\"async\" data-attachment-id=\"6092\" data-permalink=\"https:\/\/tinnunculus.sy-sy.cz\/index.php\/2018\/09\/14\/vytrvaly-mladik\/20180913_18-48-05\/\" data-orig-file=\"https:\/\/i0.wp.com\/tinnunculus.sy-sy.cz\/wp-content\/uploads\/2018\/09\/20180913_18-48-05.jpg?fit=1280%2C720&amp;ssl=1\" data-orig-size=\"1280,720\" data-comments-opened=\"1\" data-image-meta=\"{&quot;aperture&quot;:&quot;0&quot;,&quot;credit&quot;:&quot;&quot;,&quot;camera&quot;:&quot;&quot;,&quot;caption&quot;:&quot;&quot;,&quot;created_timestamp&quot;:&quot;0&quot;,&quot;copyright&quot;:&quot;&quot;,&quot;focal_length&quot;:&quot;0&quot;,&quot;iso&quot;:&quot;0&quot;,&quot;shutter_speed&quot;:&quot;0&quot;,&quot;title&quot;:&quot;&quot;,&quot;orientation&quot;:&quot;0&quot;}\" data-image-title=\"20180913_18-48-05\" data-image-description=\"\" data-image-caption=\"\" data-large-file=\"https:\/\/i0.wp.com\/tinnunculus.sy-sy.cz\/wp-content\/uploads\/2018\/09\/20180913_18-48-05.jpg?fit=525%2C295&amp;ssl=1\" class=\"aligncenter wp-image-6092 size-large\" src=\"https:\/\/i0.wp.com\/tinnunculus.sy-sy.cz\/wp-content\/uploads\/2018\/09\/20180913_18-48-05.jpg?resize=525%2C295&#038;ssl=1\" alt=\"\" width=\"525\" height=\"295\" srcset=\"https:\/\/i0.wp.com\/tinnunculus.sy-sy.cz\/wp-content\/uploads\/2018\/09\/20180913_18-48-05.jpg?resize=1024%2C576&amp;ssl=1 1024w, https:\/\/i0.wp.com\/tinnunculus.sy-sy.cz\/wp-content\/uploads\/2018\/09\/20180913_18-48-05.jpg?resize=300%2C169&amp;ssl=1 300w, https:\/\/i0.wp.com\/tinnunculus.sy-sy.cz\/wp-content\/uploads\/2018\/09\/20180913_18-48-05.jpg?resize=768%2C432&amp;ssl=1 768w, https:\/\/i0.wp.com\/tinnunculus.sy-sy.cz\/wp-content\/uploads\/2018\/09\/20180913_18-48-05.jpg?w=1280&amp;ssl=1 1280w\" sizes=\"auto, (max-width: 525px) 100vw, 525px\" \/><\/p>\n<p><img data-recalc-dims=\"1\" loading=\"lazy\" decoding=\"async\" data-attachment-id=\"6091\" data-permalink=\"https:\/\/tinnunculus.sy-sy.cz\/index.php\/2018\/09\/14\/vytrvaly-mladik\/20180913_19-05-00uu\/\" data-orig-file=\"https:\/\/i0.wp.com\/tinnunculus.sy-sy.cz\/wp-content\/uploads\/2018\/09\/20180913_19-05-00uu.jpg?fit=820%2C569&amp;ssl=1\" data-orig-size=\"820,569\" data-comments-opened=\"1\" data-image-meta=\"{&quot;aperture&quot;:&quot;0&quot;,&quot;credit&quot;:&quot;&quot;,&quot;camera&quot;:&quot;&quot;,&quot;caption&quot;:&quot;&quot;,&quot;created_timestamp&quot;:&quot;0&quot;,&quot;copyright&quot;:&quot;&quot;,&quot;focal_length&quot;:&quot;0&quot;,&quot;iso&quot;:&quot;0&quot;,&quot;shutter_speed&quot;:&quot;0&quot;,&quot;title&quot;:&quot;&quot;,&quot;orientation&quot;:&quot;1&quot;}\" data-image-title=\"20180913_19-05-00uu\" data-image-description=\"\" data-image-caption=\"\" data-large-file=\"https:\/\/i0.wp.com\/tinnunculus.sy-sy.cz\/wp-content\/uploads\/2018\/09\/20180913_19-05-00uu.jpg?fit=525%2C364&amp;ssl=1\" class=\"aligncenter wp-image-6091 size-full\" src=\"https:\/\/i0.wp.com\/tinnunculus.sy-sy.cz\/wp-content\/uploads\/2018\/09\/20180913_19-05-00uu.jpg?resize=525%2C364&#038;ssl=1\" alt=\"\" width=\"525\" height=\"364\" srcset=\"https:\/\/i0.wp.com\/tinnunculus.sy-sy.cz\/wp-content\/uploads\/2018\/09\/20180913_19-05-00uu.jpg?w=820&amp;ssl=1 820w, https:\/\/i0.wp.com\/tinnunculus.sy-sy.cz\/wp-content\/uploads\/2018\/09\/20180913_19-05-00uu.jpg?resize=300%2C208&amp;ssl=1 300w, https:\/\/i0.wp.com\/tinnunculus.sy-sy.cz\/wp-content\/uploads\/2018\/09\/20180913_19-05-00uu.jpg?resize=768%2C533&amp;ssl=1 768w\" sizes=\"auto, (max-width: 767px) 89vw, (max-width: 1000px) 54vw, (max-width: 1071px) 543px, 580px\" \/><\/p>\n<p>Je z\u0159ejm\u00e9, \u017ee o&nbsp;tu velkou budku, kterou je na\u0161e lod\u017eie, i&nbsp;o&nbsp;sami\u010dku m\u00e1 v\u00e1\u017en\u00fd z\u00e1jem. Sami\u010dka v\u011bt\u0161inou p\u0159edst\u00edr\u00e1, \u017ee ho nevid\u00ed a&nbsp;nesly\u0161\u00ed; jen kdy\u017e je moc dot\u011brn\u00fd, tak ho ode\u017eene. V\u010dera mu ale dovolila poprv\u00e9 v&nbsp;lod\u017eii p\u0159espat, tak uvid\u00edme, zda se mu ta jeho vytrvalost vyplat\u00ed.<\/p>\n<p>Ze same\u010dkova dvo\u0159en\u00ed jsme zde vybrali z\u00e1znamy ze v\u010derej\u0161\u00edho ve\u010dera:<\/p>\n<div style=\"width: 525px;\" class=\"wp-video\"><video class=\"wp-video-shortcode\" id=\"video-6090-1\" width=\"525\" height=\"295\" preload=\"metadata\" controls=\"controls\"><source type=\"video\/mp4\" src=\"https:\/\/tinnunculus.sy-sy.cz\/wp-content\/uploads\/2018\/09\/20180913-184657-184710.mp4?_=1\" \/><a href=\"https:\/\/tinnunculus.sy-sy.cz\/wp-content\/uploads\/2018\/09\/20180913-184657-184710.mp4\">https:\/\/tinnunculus.sy-sy.cz\/wp-content\/uploads\/2018\/09\/20180913-184657-184710.mp4<\/a><\/video><\/div>\n<div style=\"width: 525px;\" class=\"wp-video\"><video class=\"wp-video-shortcode\" id=\"video-6090-2\" width=\"525\" height=\"295\" preload=\"metadata\" controls=\"controls\"><source type=\"video\/mp4\" src=\"https:\/\/tinnunculus.sy-sy.cz\/wp-content\/uploads\/2018\/09\/20180913-184645-184952_185033.mp4?_=2\" \/><a href=\"https:\/\/tinnunculus.sy-sy.cz\/wp-content\/uploads\/2018\/09\/20180913-184645-184952_185033.mp4\">https:\/\/tinnunculus.sy-sy.cz\/wp-content\/uploads\/2018\/09\/20180913-184645-184952_185033.mp4<\/a><\/video><\/div>\n","protected":false},"excerpt":{"rendered":"<p>Na za\u010d\u00e1tku z\u00e1\u0159\u00ed se v&nbsp;na\u0161\u00ed lod\u017eii objevil nov\u00fd same\u010dek. Vyhl\u00ed\u017e\u00ed velmi mladistv\u011b. Ocasn\u00ed pera m\u00e1 u\u017e \u0161ed\u00e1, ale shora na hlav\u011b m\u00e1 je\u0161t\u011b mno\u017estv\u00ed hn\u011bdav\u00fdch p\u00edrek, tak\u017ee pokud ho vid\u00edte zep\u0159edu, snadno si ho m\u016f\u017eete spl\u00e9st se sami\u010dkou.\u00a0 Od &#8220;na\u0161eho&#8220; star\u00e9ho same\u010dka se li\u0161\u00ed nejen zbarven\u00edm hlavy, ale i&nbsp;velk\u00fdm po\u010dtem \u010dern\u00fdch kapek na k\u0159\u00eddlech. M\u00e1 &hellip; <\/p>\n<p class=\"link-more\"><a href=\"https:\/\/tinnunculus.sy-sy.cz\/index.php\/2018\/09\/14\/vytrvaly-mladik\/\" class=\"more-link\">Pokra\u010dovat ve \u010dten\u00ed<span class=\"screen-reader-text\"> &#8222;Vytrval\u00fd mlad\u00edk&#8220;<\/span><\/a><\/p>\n","protected":false},"author":2,"featured_media":0,"comment_status":"open","ping_status":"open","sticky":false,"template":"","format":"standard","meta":{"jetpack_post_was_ever_published":false,"_jetpack_newsletter_access":"","_jetpack_dont_email_post_to_subs":false,"_jetpack_newsletter_tier_id":0,"_jetpack_memberships_contains_paywalled_content":false,"_jetpack_memberships_contains_paid_content":false,"footnotes":""},"categories":[147,142,116,105,110,1596,307,108],"tags":[206,297,90,91,9,10],"class_list":["post-6090","post","type-post","status-publish","format-standard","hentry","category-nase-postolky","category-dravec","category-nasi","category-postolka","category-postolka-obecna","category-postolky-z-nasi-lodzie","category-ptaci","category-ostatni-zvirena","tag-206","tag-hnizdo","tag-ps_96","tag-ps_95","tag-ps_24","tag-ps_41"],"jetpack_featured_media_url":"","jetpack_shortlink":"https:\/\/wp.me\/p91gKE-1Ae","jetpack-related-posts":[{"id":247,"url":"https:\/\/tinnunculus.sy-sy.cz\/index.php\/2015\/08\/15\/z-letni-lodzie\/","url_meta":{"origin":6090,"position":0},"title":"Z letn\u00ed lod\u017eie","author":"Zuzana Syrov\u00e1 An\u00fd\u017eov\u00e1","date":"15\/08\/2015","format":false,"excerpt":"N\u011bjak\u00e9 hork\u00e9 novinky ne\u010dekejte, i kdy\u017e beton i kovov\u00e9 z\u00e1bradl\u00ed na\u0161\u00ed lod\u017eie jsou rozp\u00e1len\u00e9. Po zmizen\u00ed po\u0161tol\u010dat, letos, asi d\u00edky tvrd\u0161\u00edmu odchovu ze strany rodi\u010d\u016f, neobvykle \u010dasn\u00e9m, zela lod\u017eie po n\u011bkolik dn\u00ed tak\u0159ka pr\u00e1zdnotou. Ale pak se objevil dal\u0161\u00ed, pln\u011b vybarven\u00fd same\u010dek, a chv\u00edli nebylo jasn\u00e9, kdo vlastn\u011b lod\u017eii opanuje.\u2026","rel":"","context":"V \u201e\"Na\u0161e\" po\u0161tolky\u201c","block_context":{"text":"\"Na\u0161e\" po\u0161tolky","link":"https:\/\/tinnunculus.sy-sy.cz\/index.php\/category\/nasi\/nase-postolky\/"},"img":{"alt_text":"","src":"https:\/\/i0.wp.com\/tinnunculus.sy-sy.cz\/wp-content\/uploads\/2015\/08\/20150815-0659241170-1024x819.jpg?resize=350%2C200&ssl=1","width":350,"height":200,"srcset":"https:\/\/i0.wp.com\/tinnunculus.sy-sy.cz\/wp-content\/uploads\/2015\/08\/20150815-0659241170-1024x819.jpg?resize=350%2C200&ssl=1 1x, https:\/\/i0.wp.com\/tinnunculus.sy-sy.cz\/wp-content\/uploads\/2015\/08\/20150815-0659241170-1024x819.jpg?resize=525%2C300&ssl=1 1.5x"},"classes":[]},{"id":182,"url":"https:\/\/tinnunculus.sy-sy.cz\/index.php\/2015\/03\/12\/nova-sezona-novy-samecek\/","url_meta":{"origin":6090,"position":1},"title":"Nov\u00e1 sez\u00f3na, nov\u00fd same\u010dek","author":"Zuzana Syrov\u00e1 An\u00fd\u017eov\u00e1","date":"12\/03\/2015","format":false,"excerpt":"Tak od ned\u011ble 8. b\u0159ezna m\u00e1me nov\u00e9ho same\u010dka. Ten prvn\u00ed se v tichosti vytratil v podve\u010der 5. b\u0159ezna. Byl p\u011bkn\u011b urostl\u00fd a \u0159\u00e1dn\u011b vybarven\u00fd, jak spr\u00e1vn\u00fd po\u0161tol\u010d\u00ed same\u010dek b\u00fdti m\u00e1. Se sami\u010dkou tvo\u0159ili harmonick\u00fd p\u00e1r a mo\u017en\u00e1, \u017ee jen zmizel na krat\u0161\u00ed dovolenou, ze kter\u00e9 se je\u0161t\u011b m\u00edn\u00ed vr\u00e1tit. Star\u00fd\u2026","rel":"","context":"V \u201e\"Na\u0161e\" po\u0161tolky\u201c","block_context":{"text":"\"Na\u0161e\" po\u0161tolky","link":"https:\/\/tinnunculus.sy-sy.cz\/index.php\/category\/nasi\/nase-postolky\/"},"img":{"alt_text":"","src":"https:\/\/i0.wp.com\/tinnunculus.sy-sy.cz\/wp-content\/uploads\/2015\/03\/20150304_15-47-25-1024x576.jpg?resize=350%2C200&ssl=1","width":350,"height":200,"srcset":"https:\/\/i0.wp.com\/tinnunculus.sy-sy.cz\/wp-content\/uploads\/2015\/03\/20150304_15-47-25-1024x576.jpg?resize=350%2C200&ssl=1 1x, https:\/\/i0.wp.com\/tinnunculus.sy-sy.cz\/wp-content\/uploads\/2015\/03\/20150304_15-47-25-1024x576.jpg?resize=525%2C300&ssl=1 1.5x"},"classes":[]},{"id":415,"url":"https:\/\/tinnunculus.sy-sy.cz\/index.php\/2017\/05\/26\/postolky-spizni\/","url_meta":{"origin":6090,"position":2},"title":"Po\u0161tolky spi\u017en\u00ed","author":"Zuzana Syrov\u00e1 An\u00fd\u017eov\u00e1","date":"26\/05\/2017","format":false,"excerpt":"Objevuj\u00ed se tu u\u017e \u0159adu let, v\u011bt\u0161inou po polovin\u011b kv\u011btna, a sna\u017e\u00ed se zahn\u00edzdit v otvoru po vypadl\u00e9m v\u011btr\u00e1ku kuchy\u0148sk\u00e9 sk\u0159\u00edn\u011b o dv\u011b patra n\u00ed\u017ee po n\u00e1mi. Ka\u017ed\u00fd rok jim slibujeme budku, ale je\u0161t\u011b jsme se k tomu nedostali... Leto\u0161n\u00ed spi\u017en\u00ed p\u00e1r (v pop\u0159ed\u00ed same\u010dek, v pozad\u00ed sami\u010dka) na atice\u2026","rel":"","context":"V \u201e\"Na\u0161e\" po\u0161tolky\u201c","block_context":{"text":"\"Na\u0161e\" po\u0161tolky","link":"https:\/\/tinnunculus.sy-sy.cz\/index.php\/category\/nasi\/nase-postolky\/"},"img":{"alt_text":"","src":"https:\/\/i0.wp.com\/tinnunculus.sy-sy.cz\/wp-content\/uploads\/2017\/05\/P1350331-1024x768.jpg?resize=350%2C200&ssl=1","width":350,"height":200,"srcset":"https:\/\/i0.wp.com\/tinnunculus.sy-sy.cz\/wp-content\/uploads\/2017\/05\/P1350331-1024x768.jpg?resize=350%2C200&ssl=1 1x, https:\/\/i0.wp.com\/tinnunculus.sy-sy.cz\/wp-content\/uploads\/2017\/05\/P1350331-1024x768.jpg?resize=525%2C300&ssl=1 1.5x"},"classes":[]},{"id":7484,"url":"https:\/\/tinnunculus.sy-sy.cz\/index.php\/2019\/04\/17\/bigamie-nebo-jen-nevera\/","url_meta":{"origin":6090,"position":3},"title":"Bigamie nebo jen nev\u011bra?","author":"Zuzana Syrov\u00e1 An\u00fd\u017eov\u00e1","date":"17\/04\/2019","format":false,"excerpt":"\"Na\u0161e\" po\u0161tol\u010d\u00ed sami\u010dka, ta dom\u00e1c\u00ed s \u0161ed\u00fdm oc\u00e1skem, co u n\u00e1s str\u00e1vila zimu, m\u00e1 dva n\u00e1padn\u00edky. Ten, co se tu objevil 3.dubna se u\u017e s n\u00ed, jak se zd\u00e1, \u0159\u00e1dn\u011b sp\u00e1roval.\u00a0 P\u00e1\u0159\u00ed se spolu kdykoliv a kdekoliv... a pravideln\u011b ji z\u00e1sobuje tu\u010dn\u00fdmi hrabo\u0161i. Od ostatn\u00edch po\u0161tol\u010d\u00edch same\u010dk\u016f v okol\u00ed se\u2026","rel":"","context":"V \u201e\"Na\u0161e\" po\u0161tolky\u201c","block_context":{"text":"\"Na\u0161e\" po\u0161tolky","link":"https:\/\/tinnunculus.sy-sy.cz\/index.php\/category\/nasi\/nase-postolky\/"},"img":{"alt_text":"","src":"https:\/\/i0.wp.com\/tinnunculus.sy-sy.cz\/wp-content\/uploads\/2019\/04\/20190415_07-18-36u-1024x733.jpg?resize=350%2C200&ssl=1","width":350,"height":200,"srcset":"https:\/\/i0.wp.com\/tinnunculus.sy-sy.cz\/wp-content\/uploads\/2019\/04\/20190415_07-18-36u-1024x733.jpg?resize=350%2C200&ssl=1 1x, https:\/\/i0.wp.com\/tinnunculus.sy-sy.cz\/wp-content\/uploads\/2019\/04\/20190415_07-18-36u-1024x733.jpg?resize=525%2C300&ssl=1 1.5x"},"classes":[]},{"id":256,"url":"https:\/\/tinnunculus.sy-sy.cz\/index.php\/2015\/08\/27\/nova-zmena-podnajemnika\/","url_meta":{"origin":6090,"position":4},"title":"Nov\u00e1 zm\u011bna podn\u00e1jemn\u00edka?","author":"Zuzana Syrov\u00e1 An\u00fd\u017eov\u00e1","date":"27\/08\/2015","format":false,"excerpt":"Ve st\u0159edu 26. srpna 2015 do\u0161lo z\u0159ejm\u011b k nov\u00e9 zm\u011bn\u011b podn\u00e1jemn\u00edka na\u0161\u00ed lod\u017eie. V podve\u010der, kdy\u017e byl ji\u017e v lod\u017eii same\u010dek usazen\u00fd na bid\u00fdlku a sami\u010dka schovan\u00e1 v kout\u011b pod policemi u dve\u0159\u00ed, p\u0159ilet\u011bla dal\u0161\u00ed po\u0161tolka, z\u0159ejm\u011b odrostl\u00e9 po\u0161tol\u010de, ka\u017edop\u00e1dn\u011b dosud vybarven\u00e9 podobn\u011b jako sami\u010dka. Chvilku trvalo, ne\u017e se sami\u010dkou\u2026","rel":"","context":"V \u201e\"Na\u0161e\" po\u0161tolky\u201c","block_context":{"text":"\"Na\u0161e\" po\u0161tolky","link":"https:\/\/tinnunculus.sy-sy.cz\/index.php\/category\/nasi\/nase-postolky\/"},"img":{"alt_text":"","src":"","width":0,"height":0},"classes":[]},{"id":37112,"url":"https:\/\/tinnunculus.sy-sy.cz\/index.php\/2024\/07\/24\/po-sezone\/","url_meta":{"origin":6090,"position":5},"title":"Po sez\u00f3n\u011b","author":"Zuzana Syrov\u00e1 An\u00fd\u017eov\u00e1","date":"24\/07\/2024","format":false,"excerpt":"Aneb o tom, jak se \"n\u00e1\u0161\" po\u0161tol\u010d\u00ed p\u00e1r vrac\u00ed po hn\u00edzdn\u00ed sez\u00f3n\u011b ke star\u00fdm zvyk\u016fm, a tak\u00e9 o tom, jak jsme vym\u011bnili kameru \u010d.15.","rel":"","context":"V \u201e\"Na\u0161e\" po\u0161tolky\u201c","block_context":{"text":"\"Na\u0161e\" po\u0161tolky","link":"https:\/\/tinnunculus.sy-sy.cz\/index.php\/category\/nasi\/nase-postolky\/"},"img":{"alt_text":"","src":"https:\/\/i0.wp.com\/tinnunculus.sy-sy.cz\/wp-content\/uploads\/2024\/07\/20240724-0646411929-1024x576.jpg?resize=350%2C200&ssl=1","width":350,"height":200,"srcset":"https:\/\/i0.wp.com\/tinnunculus.sy-sy.cz\/wp-content\/uploads\/2024\/07\/20240724-0646411929-1024x576.jpg?resize=350%2C200&ssl=1 1x, https:\/\/i0.wp.com\/tinnunculus.sy-sy.cz\/wp-content\/uploads\/2024\/07\/20240724-0646411929-1024x576.jpg?resize=525%2C300&ssl=1 1.5x"},"classes":[]}],"jetpack_sharing_enabled":true,"_links":{"self":[{"href":"https:\/\/tinnunculus.sy-sy.cz\/index.php\/wp-json\/wp\/v2\/posts\/6090","targetHints":{"allow":["GET"]}}],"collection":[{"href":"https:\/\/tinnunculus.sy-sy.cz\/index.php\/wp-json\/wp\/v2\/posts"}],"about":[{"href":"https:\/\/tinnunculus.sy-sy.cz\/index.php\/wp-json\/wp\/v2\/types\/post"}],"author":[{"embeddable":true,"href":"https:\/\/tinnunculus.sy-sy.cz\/index.php\/wp-json\/wp\/v2\/users\/2"}],"replies":[{"embeddable":true,"href":"https:\/\/tinnunculus.sy-sy.cz\/index.php\/wp-json\/wp\/v2\/comments?post=6090"}],"version-history":[{"count":3,"href":"https:\/\/tinnunculus.sy-sy.cz\/index.php\/wp-json\/wp\/v2\/posts\/6090\/revisions"}],"predecessor-version":[{"id":32960,"href":"https:\/\/tinnunculus.sy-sy.cz\/index.php\/wp-json\/wp\/v2\/posts\/6090\/revisions\/32960"}],"wp:attachment":[{"href":"https:\/\/tinnunculus.sy-sy.cz\/index.php\/wp-json\/wp\/v2\/media?parent=6090"}],"wp:term":[{"taxonomy":"category","embeddable":true,"href":"https:\/\/tinnunculus.sy-sy.cz\/index.php\/wp-json\/wp\/v2\/categories?post=6090"},{"taxonomy":"post_tag","embeddable":true,"href":"https:\/\/tinnunculus.sy-sy.cz\/index.php\/wp-json\/wp\/v2\/tags?post=6090"}],"curies":[{"name":"wp","href":"https:\/\/api.w.org\/{rel}","templated":true}]}}