{"id":5395,"date":"2018-06-10T08:30:34","date_gmt":"2018-06-10T06:30:34","guid":{"rendered":"http:\/\/tinnunculus.sy-sy.cz\/?p=5395"},"modified":"2026-03-21T08:30:19","modified_gmt":"2026-03-21T07:30:19","slug":"kdyz-starosta-nevi","status":"publish","type":"post","link":"https:\/\/tinnunculus.sy-sy.cz\/index.php\/2018\/06\/10\/kdyz-starosta-nevi\/","title":{"rendered":"Kdy\u017e starosta nev\u00ed&#8230;"},"content":{"rendered":"<p><img data-recalc-dims=\"1\" loading=\"lazy\" decoding=\"async\" data-attachment-id=\"5396\" data-permalink=\"https:\/\/tinnunculus.sy-sy.cz\/index.php\/2018\/06\/10\/kdyz-starosta-nevi\/fireworks-865104_960_720\/\" data-orig-file=\"https:\/\/i0.wp.com\/tinnunculus.sy-sy.cz\/wp-content\/uploads\/2018\/06\/fireworks-865104_960_720.jpg?fit=960%2C640&amp;ssl=1\" data-orig-size=\"960,640\" data-comments-opened=\"1\" data-image-meta=\"{&quot;aperture&quot;:&quot;0&quot;,&quot;credit&quot;:&quot;&quot;,&quot;camera&quot;:&quot;&quot;,&quot;caption&quot;:&quot;&quot;,&quot;created_timestamp&quot;:&quot;0&quot;,&quot;copyright&quot;:&quot;&quot;,&quot;focal_length&quot;:&quot;0&quot;,&quot;iso&quot;:&quot;0&quot;,&quot;shutter_speed&quot;:&quot;0&quot;,&quot;title&quot;:&quot;&quot;,&quot;orientation&quot;:&quot;0&quot;}\" data-image-title=\"fireworks-865104_960_720\" data-image-description=\"\" data-image-caption=\"\" data-large-file=\"https:\/\/i0.wp.com\/tinnunculus.sy-sy.cz\/wp-content\/uploads\/2018\/06\/fireworks-865104_960_720.jpg?fit=525%2C350&amp;ssl=1\" class=\"alignnone wp-image-5396 size-full\" src=\"https:\/\/i0.wp.com\/tinnunculus.sy-sy.cz\/wp-content\/uploads\/2018\/06\/fireworks-865104_960_720.jpg?resize=525%2C350&#038;ssl=1\" alt=\"\" width=\"525\" height=\"350\" srcset=\"https:\/\/i0.wp.com\/tinnunculus.sy-sy.cz\/wp-content\/uploads\/2018\/06\/fireworks-865104_960_720.jpg?w=960&amp;ssl=1 960w, https:\/\/i0.wp.com\/tinnunculus.sy-sy.cz\/wp-content\/uploads\/2018\/06\/fireworks-865104_960_720.jpg?resize=300%2C200&amp;ssl=1 300w, https:\/\/i0.wp.com\/tinnunculus.sy-sy.cz\/wp-content\/uploads\/2018\/06\/fireworks-865104_960_720.jpg?resize=768%2C512&amp;ssl=1 768w\" sizes=\"auto, (max-width: 767px) 89vw, (max-width: 1000px) 54vw, (max-width: 1071px) 543px, 580px\" \/><\/p>\n<p><a href=\"http:\/\/www.ignisbrunensis.cz\/pripravujeme-reportaz-ze-soutezniho-ohnostroje-rumunsko-100--1913.html\" target=\"_blank\" rel=\"noopener noreferrer\">Oh\u0148ostroj rumunsk\u00fdch mistr\u016f<\/a> pr\u00fd v\u010dera nad brn\u011bnskou rozd\u00e1val energii a&nbsp;<a href=\"http:\/\/www.ignisbrunensis.cz\/pripravujeme-anketa-ze-sobotniho-ohnostroje--1912.html\" target=\"_blank\" rel=\"noopener noreferrer\">osloven\u00ed div\u00e1ci ocenili jeho vlasteneckost<\/a>.\u00a0 Kdyby se n\u011bkdo zeptal n\u00e1s, kladn\u00e9ho ohlasu by se nedo\u010dkal. A&nbsp;&#8222;na\u0161ich po\u0161tolek&#8220;, t\u011bch se stejn\u011b jako dal\u0161\u00edch zv\u00ed\u0159ec\u00edch obyvatel nejbli\u017e\u0161\u00edho okol\u00ed m\u00edsta kon\u00e1n\u00ed, nikdo za celou dobu existence Ignis brunensis od r. 2001, neptal nikdo. <!--more-->Letos, kdy\u017e je\u0161t\u011b\u00a0 sed\u00ed na vejc\u00ed, tak to m\u00e1 ona t\u011b\u017e\u0161\u00ed. Jako\u017eto zodpov\u011bdn\u00e1 matka sice nejprve vykoukne, co \u017ee se to bl\u00ed\u017e\u00ed za katastrofu, ale pot\u00e9 se vr\u00e1t\u00ed a&nbsp;state\u010dn\u011b zase vejce zah\u0159\u00edv\u00e1. On to m\u00e1 jednodu\u0161\u0161\u00ed a&nbsp;tak p\u0159i&nbsp;prvn\u00ed r\u00e1n\u011b vezme k\u0159\u00eddla na ramena. Zachoval se st\u011bjn\u011b i&nbsp;6.&nbsp;\u010dervna, kdy\u017e n\u00e1m <a href=\"http:\/\/www.ignisbrunensis.cz\/duha-nad-brnenskou-prehradou-privezli-ji-polsti-ohnostrujci--1902.html\" target=\"_blank\" rel=\"noopener noreferrer\">pol\u0161t\u00ed oh\u0148ostr\u016fjci p\u0159ivezli duhu<\/a>. A&nbsp;to n\u00e1s \u010dek\u00e1 je\u0161t\u011b jeden francouzsk\u00fd 13.\u010dervna. To u\u017e by se pomalu m\u011bla za\u010d\u00edt l\u00edhnout po\u0161tol\u010data. Tak mus\u00edme doufat, \u017ee se jejich otec po&nbsp;oh\u0148ostroji tak jako po&nbsp;p\u0159ede\u0161l\u00fdch op\u011bt vr\u00e1t\u00ed, aby m\u011bla zaji\u0161t\u011bnu ob\u017eivu.<\/p>\n<p>Jinak ov\u0161em bystrck\u00e9 oh\u0148ostroje, jak se zd\u00e1 u\u017e nikomu nevad\u00ed. Za tu dlouhou dobu, co je tu m\u00e1me, ostatn\u011b v\u0161e podstatn\u00e9 ji\u017e bylo z\u0159ejm\u011b \u0159e\u010deno. Jeden z&nbsp;nejv\u00fdsti\u017en\u011bj\u0161\u00edch \u010dl\u00e1nk\u016f na toto t\u00e9ma je odpov\u011b\u010f na dotaz\u00a0<a href=\"http:\/\/www.veronica.cz\/otazky?i=365\" target=\"_blank\" rel=\"noopener noreferrer\"> \u0160kod\u00ed oh\u0148ostroje \u017eivotn\u00edmu prost\u0159ed\u00ed?<\/a> v&nbsp;poradn\u011b ekologick\u00e9ho institutu Veronica.\u00a0 Z&nbsp;n\u011bj jsme si vyp\u016fj\u010dili cit\u00e1t do n\u00e1zvu tohoto p\u0159\u00edsp\u011bvku<\/p>\n<blockquote><p>\u201eKdy\u017e starosta nev\u00ed, co by ud\u011blal, uspo\u0159\u00e1d\u00e1 oh\u0148ostroj.\u201c<\/p><\/blockquote>\n<p>N\u00e1\u0161 bystrck\u00fd starosta se v&nbsp;roce 2016, kdy to vypadalo, \u017ee m\u011bsto Brno na po\u0159\u00e1d\u00e1n\u00ed akce ji\u017e nebude p\u0159isp\u00edvat, vyj\u00e1d\u0159il Ignis brunensis jednozna\u010dnou podporu (Oh\u0148ostroje do Bystrce pat\u0159\u00ed &#8211; http:\/\/www.bystrcnik.cz\/tomas-kratochvil-ohnostroje-do-bystrce-patri\/).\u00a0 Odpov\u011b\u010f na to, jak na po\u017eadavky ochrany p\u0159\u00edrody reaguj\u00ed po\u0159adatel\u00e9 a&nbsp;oh\u0148ostr\u016fjci najdete nap\u0159.&nbsp;ve star\u0161\u00edm rozhovoru s&nbsp;jedn\u00edm z&nbsp;nich na str\u00e1nk\u00e1ch Ignis brunensis (<a href=\"http:\/\/www.ignisbrunensis.cz\/jaroslav-stolba-na-ignis-brunensis-chceme-pokazde-predvest-neco-noveho--1614.html\" target=\"_blank\" rel=\"noopener noreferrer\">Jaroslav \u0160tolba: Na Ignis Brunensis chceme poka\u017ed\u00e9 p\u0159edv\u00e9st n\u011bco nov\u00e9ho<\/a>). Zde jsme se do\u010detli:<\/p>\n<blockquote><p>\u201ePou\u017e\u00edv\u00e1me tady pyrotechnick\u00e9 v\u00fdrobky z&nbsp;pap\u00edru, kter\u00fd se rozlo\u017e\u00ed tam, kam po&nbsp;v\u00fdbuchu dolet\u00ed. Dal\u0161\u00edm opat\u0159en\u00edm jsou oznamovac\u00ed r\u00e1ny na za\u010d\u00e1tku oh\u0148ostroje. Pro div\u00e1ky jsou sice komer\u010dn\u00edm odpo\u010d\u00edt\u00e1v\u00e1n\u00edm do za\u010d\u00e1tku oh\u0148ostroje, ale jejich pravou funkc\u00ed je vyru\u0161it pt\u00e1ky a&nbsp;ryby. Zp\u011bvn\u00ed pt\u00e1ci odlet\u00ed hned po&nbsp;prvn\u00ed r\u00e1n\u011b a&nbsp;ryby se p\u0159esunou pod hrad Veve\u0159\u00ed. Ryb\u00e1\u0159\u016fm to vyhovuje, v&nbsp;den oh\u0148ostroje v\u00ed, kam zaj\u00edt. A&nbsp;vodn\u00ed ptactvo je v&nbsp;pohod\u011b, t\u0159eba kachny a&nbsp;ka\u010de\u0159i oh\u0148ostroje dokonce sleduj\u00ed.&#8220;<\/p><\/blockquote>\n<p>Nelze ne\u017e potvrdit, \u017ee ohla\u0161ovac\u00ed r\u00e1ny pla\u0161\u00ed spolehliv\u011b. Alespo\u0148 &#8222;na\u0161eho&#8220; leto\u0161n\u00edho po\u0161tol\u010d\u00edho same\u010dka. Ur\u010dit\u011b zvl\u00e1dnou spolehliv\u011b zapla\u0161it i&nbsp;n\u011bkter\u00e9 pta\u010d\u00ed sami\u010dky. Vejce a&nbsp;ml\u00e1\u010fata, kter\u00e1 zah\u0159\u00edvaj\u00ed, pravd\u011bpodobn\u011b neodlet\u00ed, ale organiz\u00e1to\u0159i ur\u010dit\u011b od roku 2015 ji\u017e vymyslelo n\u011bco, jak pomoci i&nbsp;jim. A&nbsp;na ty kachny a&nbsp;ka\u010dery se budeme muset j\u00edt pod\u00edvat&#8230; Kdo v\u00ed, mo\u017en\u00e1 i&nbsp;&#8222;n\u00e1\u0161&#8220; po\u0161tol\u010d\u00ed same\u010dek neodl\u00e9t\u00e1 od oh\u0148ostroje pry\u010d, ale let\u00ed se j\u00edm naopak pokochat.<\/p>\n<p>Mo\u017en\u00e1 se m\u00fdl\u00edme, a&nbsp;v\u011bt\u0161in\u011b zv\u00ed\u0159at se oh\u0148ostroje l\u00edb\u00ed stejn\u011b tak, jako v\u011bt\u0161in\u011b lid\u00ed. Ve Franti\u0161kov\u00fdch L\u00e1zn\u00edch to zkusili s&nbsp;<a href=\"https:\/\/www.petice24.com\/petice_za_zrueni_ohostroj_ve_frantikovych_laznich\" target=\"_blank\" rel=\"noopener noreferrer\">Petic\u00ed za zru\u0161en\u00ed oh\u0148ostroj\u016f<\/a>. K&nbsp;dne\u0161n\u00edmu dn\u00ed ji od lo\u0148sk\u00e9ho dubna podepsalo pouh\u00fdch 74 lid\u00ed&#8230;<\/p>\n<p>&nbsp;<\/p>\n<ul>\n<li><a href=\"https:\/\/tinnunculus.sy-sy.cz\/index.php\/tag\/ps_52\/\">Souvisej\u00edc\u00ed p\u0159\u00edsp\u011bvky<\/a><\/li>\n<\/ul>\n","protected":false},"excerpt":{"rendered":"<p>Oh\u0148ostroj rumunsk\u00fdch mistr\u016f pr\u00fd v\u010dera nad brn\u011bnskou rozd\u00e1val energii a&nbsp;osloven\u00ed div\u00e1ci ocenili jeho vlasteneckost.\u00a0 Kdyby se n\u011bkdo zeptal n\u00e1s, kladn\u00e9ho ohlasu by se nedo\u010dkal. A&nbsp;&#8222;na\u0161ich po\u0161tolek&#8220;, t\u011bch se stejn\u011b jako dal\u0161\u00edch zv\u00ed\u0159ec\u00edch obyvatel nejbli\u017e\u0161\u00edho okol\u00ed m\u00edsta kon\u00e1n\u00ed, nikdo za celou dobu existence Ignis brunensis od r. 2001, neptal nikdo.<\/p>\n","protected":false},"author":2,"featured_media":0,"comment_status":"open","ping_status":"open","sticky":false,"template":"","format":"standard","meta":{"jetpack_post_was_ever_published":false,"_jetpack_newsletter_access":"","_jetpack_dont_email_post_to_subs":false,"_jetpack_newsletter_tier_id":0,"_jetpack_memberships_contains_paywalled_content":false,"_jetpack_memberships_contains_paid_content":false,"footnotes":""},"categories":[147,116,308,105,110,1596,108],"tags":[206,18,376,90,91,79],"class_list":["post-5395","post","type-post","status-publish","format-standard","hentry","category-nase-postolky","category-nasi","category-ostatni-najemnici-a-navstevnici","category-postolka","category-postolka-obecna","category-postolky-z-nasi-lodzie","category-ostatni-zvirena","tag-206","tag-ps_52","tag-ohnostroj","tag-ps_96","tag-ps_95","tag-ps_71"],"jetpack_featured_media_url":"","jetpack_shortlink":"https:\/\/wp.me\/p91gKE-1p1","jetpack-related-posts":[{"id":343,"url":"https:\/\/tinnunculus.sy-sy.cz\/index.php\/2016\/06\/12\/ignis-brunensis-2016\/","url_meta":{"origin":5395,"position":0},"title":"Ignis Brunensis 2016","author":"Zuzana Syrov\u00e1 An\u00fd\u017eov\u00e1","date":"12\/06\/2016","format":false,"excerpt":"Zase je tu, letos u\u017e po devaten\u00e1ct\u00e9, Ignis Brunensis. A jak by taky ne, kdy\u017e \u017eijeme v Brn\u011b, m\u011bst\u011b uprost\u0159ed Evropy. \u017de by proti takov\u00e9 veselici n\u011bkdo mohl n\u011bco m\u00edt? To mo\u017en\u00e1 b\u00fdvalo. Letos co do protest\u016f, zd\u00e1 se, ticho po p\u011b\u0161in\u011b. Po t\u011bch kolem brn\u011bnsk\u00e9 p\u0159ehledy l\u00e9pe se po\u2026","rel":"","context":"V \u201e\"Na\u0161e\" po\u0161tolky\u201c","block_context":{"text":"\"Na\u0161e\" po\u0161tolky","link":"https:\/\/tinnunculus.sy-sy.cz\/index.php\/category\/nasi\/nase-postolky\/"},"img":{"alt_text":"","src":"","width":0,"height":0},"classes":[]},{"id":225,"url":"https:\/\/tinnunculus.sy-sy.cz\/index.php\/2015\/06\/07\/ignis-brunensis\/","url_meta":{"origin":5395,"position":1},"title":"Ignis Brunensis","author":"Zuzana Syrov\u00e1 An\u00fd\u017eov\u00e1","date":"07\/06\/2015","format":false,"excerpt":"Tak u\u017e ho tu zase m\u00e1me: Ignis Brunensis. Jak uv\u00e1d\u011bj\u00ed propaga\u010dn\u00ed str\u00e1nky t\u00e9to akce, letos si kone\u010dn\u011b mohou atmosf\u00e9ru oh\u0148ostroj\u016f na brn\u011bnsk\u00e9 p\u0159ehrad\u011b u\u017e\u00edt pohodln\u011b i hendikepovan\u00ed. Lid\u00e9 a zv\u00ed\u0159ata \u017eij\u00edc\u00ed v okol\u00ed brn\u011bnsk\u00e9 p\u0159ehrady a v neposledn\u00ed \u0159ad\u011b ryby, \u017eij\u00edc\u00ed p\u0159\u00edmo v n\u00ed, si u\u017e u\u017e\u00edvaj\u00ed m\u00e9n\u011b. V\u00fdzva UKOZ\u2026","rel":"","context":"V \u201e\"Na\u0161e\" po\u0161tolky\u201c","block_context":{"text":"\"Na\u0161e\" po\u0161tolky","link":"https:\/\/tinnunculus.sy-sy.cz\/index.php\/category\/nasi\/nase-postolky\/"},"img":{"alt_text":"","src":"https:\/\/i0.wp.com\/tinnunculus.sy-sy.cz\/wp-content\/uploads\/2015\/06\/Young_American_Kestrel-1024x683.jpg?resize=350%2C200&ssl=1","width":350,"height":200,"srcset":"https:\/\/i0.wp.com\/tinnunculus.sy-sy.cz\/wp-content\/uploads\/2015\/06\/Young_American_Kestrel-1024x683.jpg?resize=350%2C200&ssl=1 1x, https:\/\/i0.wp.com\/tinnunculus.sy-sy.cz\/wp-content\/uploads\/2015\/06\/Young_American_Kestrel-1024x683.jpg?resize=525%2C300&ssl=1 1.5x"},"classes":[]},{"id":42886,"url":"https:\/\/tinnunculus.sy-sy.cz\/index.php\/2025\/06\/25\/plaseni-postolcat\/","url_meta":{"origin":5395,"position":2},"title":"Pla\u0161en\u00ed po\u0161tol\u010dat","author":"Zuzana Syrov\u00e1 An\u00fd\u017eov\u00e1","date":"25\/06\/2025","format":false,"excerpt":"Aneb zase jednou po roce o oh\u0148ostroj\u00edch nad brn\u011bnskou p\u0159ehradou.","rel":"","context":"V \u201e\"Na\u0161e\" po\u0161tolky\u201c","block_context":{"text":"\"Na\u0161e\" po\u0161tolky","link":"https:\/\/tinnunculus.sy-sy.cz\/index.php\/category\/nasi\/nase-postolky\/"},"img":{"alt_text":"","src":"https:\/\/i0.wp.com\/tinnunculus.sy-sy.cz\/wp-content\/uploads\/2025\/06\/20250621-2233-1024x768.jpg?resize=350%2C200&ssl=1","width":350,"height":200,"srcset":"https:\/\/i0.wp.com\/tinnunculus.sy-sy.cz\/wp-content\/uploads\/2025\/06\/20250621-2233-1024x768.jpg?resize=350%2C200&ssl=1 1x, https:\/\/i0.wp.com\/tinnunculus.sy-sy.cz\/wp-content\/uploads\/2025\/06\/20250621-2233-1024x768.jpg?resize=525%2C300&ssl=1 1.5x"},"classes":[]},{"id":19210,"url":"https:\/\/tinnunculus.sy-sy.cz\/index.php\/2022\/07\/01\/k-cemu-ohnostroje\/","url_meta":{"origin":5395,"position":3},"title":"K \u010demu oh\u0148ostroje","author":"Zuzana Syrov\u00e1 An\u00fd\u017eov\u00e1","date":"01\/07\/2022","format":false,"excerpt":"Aneb o tom, jak oh\u0148ostroje nad hladinou brn\u011bnsk\u00e9 p\u0159ehrady op\u011bt pla\u0161\u00ed po\u0161tolky v na\u0161\u00ed lod\u017eii a k \u010demu n\u00e1m bylo to pla\u0161en\u00ed letos dobr\u00e9.","rel":"","context":"V \u201e\"Na\u0161e\" po\u0161tolky\u201c","block_context":{"text":"\"Na\u0161e\" po\u0161tolky","link":"https:\/\/tinnunculus.sy-sy.cz\/index.php\/category\/nasi\/nase-postolky\/"},"img":{"alt_text":"","src":"https:\/\/i0.wp.com\/tinnunculus.sy-sy.cz\/wp-content\/uploads\/2022\/06\/20220625_22-44-35-e1656625599426.jpg?resize=350%2C200&ssl=1","width":350,"height":200,"srcset":"https:\/\/i0.wp.com\/tinnunculus.sy-sy.cz\/wp-content\/uploads\/2022\/06\/20220625_22-44-35-e1656625599426.jpg?resize=350%2C200&ssl=1 1x, https:\/\/i0.wp.com\/tinnunculus.sy-sy.cz\/wp-content\/uploads\/2022\/06\/20220625_22-44-35-e1656625599426.jpg?resize=525%2C300&ssl=1 1.5x"},"classes":[]},{"id":20488,"url":"https:\/\/tinnunculus.sy-sy.cz\/index.php\/2022\/12\/31\/ptaci-a-ohnostroje\/","url_meta":{"origin":5395,"position":4},"title":"Pt\u00e1ci a&nbsp;oh\u0148ostroje","author":"Zuzana Syrov\u00e1 An\u00fd\u017eov\u00e1","date":"31\/12\/2022","format":false,"excerpt":"Aneb upozorn\u011bn\u00ed na p\u0159\u00edsp\u011bvek rozeb\u00edraj\u00edc\u00ed nebezpe\u010d\u00ed oh\u0148ostroj\u016f pro pt\u00e1ky na str\u00e1nk\u00e1ch Ochrana dravcov na Slovensku.","rel":"","context":"V \u201e\"Na\u0161e\" po\u0161tolky\u201c","block_context":{"text":"\"Na\u0161e\" po\u0161tolky","link":"https:\/\/tinnunculus.sy-sy.cz\/index.php\/category\/nasi\/nase-postolky\/"},"img":{"alt_text":"","src":"","width":0,"height":0},"classes":[]},{"id":11726,"url":"https:\/\/tinnunculus.sy-sy.cz\/index.php\/2020\/03\/23\/stop-petardam\/","url_meta":{"origin":5395,"position":5},"title":"Stop petard\u00e1m","author":"Zuzana Syrov\u00e1 An\u00fd\u017eov\u00e1","date":"23\/03\/2020","format":false,"excerpt":"Aneb mal\u00e9 ka\u017edoro\u010dn\u00ed p\u0159ipomenut\u00ed oh\u0148ostroj\u016f, petard a jednoho na\u0161eho neobl\u00edben\u00e9ho festivalu. I kdy\u017e se mo\u017en\u00e1 letos konat nebude, stoj\u00ed za to \u0159\u00edci ne mo\u017en\u00e9mu p\u0159\u00ed\u0161t\u00edmu ro\u010dn\u00edku u\u017e nyn\u00ed.","rel":"","context":"V \u201eInfo\u201c","block_context":{"text":"Info","link":"https:\/\/tinnunculus.sy-sy.cz\/index.php\/category\/info\/"},"img":{"alt_text":"","src":"https:\/\/i0.wp.com\/tinnunculus.sy-sy.cz\/wp-content\/uploads\/2020\/03\/DSC_0139-1024x681.jpg?resize=350%2C200&ssl=1","width":350,"height":200,"srcset":"https:\/\/i0.wp.com\/tinnunculus.sy-sy.cz\/wp-content\/uploads\/2020\/03\/DSC_0139-1024x681.jpg?resize=350%2C200&ssl=1 1x, https:\/\/i0.wp.com\/tinnunculus.sy-sy.cz\/wp-content\/uploads\/2020\/03\/DSC_0139-1024x681.jpg?resize=525%2C300&ssl=1 1.5x"},"classes":[]}],"jetpack_sharing_enabled":true,"_links":{"self":[{"href":"https:\/\/tinnunculus.sy-sy.cz\/index.php\/wp-json\/wp\/v2\/posts\/5395","targetHints":{"allow":["GET"]}}],"collection":[{"href":"https:\/\/tinnunculus.sy-sy.cz\/index.php\/wp-json\/wp\/v2\/posts"}],"about":[{"href":"https:\/\/tinnunculus.sy-sy.cz\/index.php\/wp-json\/wp\/v2\/types\/post"}],"author":[{"embeddable":true,"href":"https:\/\/tinnunculus.sy-sy.cz\/index.php\/wp-json\/wp\/v2\/users\/2"}],"replies":[{"embeddable":true,"href":"https:\/\/tinnunculus.sy-sy.cz\/index.php\/wp-json\/wp\/v2\/comments?post=5395"}],"version-history":[{"count":3,"href":"https:\/\/tinnunculus.sy-sy.cz\/index.php\/wp-json\/wp\/v2\/posts\/5395\/revisions"}],"predecessor-version":[{"id":44482,"href":"https:\/\/tinnunculus.sy-sy.cz\/index.php\/wp-json\/wp\/v2\/posts\/5395\/revisions\/44482"}],"wp:attachment":[{"href":"https:\/\/tinnunculus.sy-sy.cz\/index.php\/wp-json\/wp\/v2\/media?parent=5395"}],"wp:term":[{"taxonomy":"category","embeddable":true,"href":"https:\/\/tinnunculus.sy-sy.cz\/index.php\/wp-json\/wp\/v2\/categories?post=5395"},{"taxonomy":"post_tag","embeddable":true,"href":"https:\/\/tinnunculus.sy-sy.cz\/index.php\/wp-json\/wp\/v2\/tags?post=5395"}],"curies":[{"name":"wp","href":"https:\/\/api.w.org\/{rel}","templated":true}]}}