{"id":51953,"date":"2026-07-28T17:32:59","date_gmt":"2026-07-28T15:32:59","guid":{"rendered":"https:\/\/tinnunculus.sy-sy.cz\/?p=51953"},"modified":"2026-09-01T18:11:04","modified_gmt":"2026-09-01T16:11:04","slug":"ptaci-paula-roberta","status":"publish","type":"post","link":"https:\/\/tinnunculus.sy-sy.cz\/index.php\/2026\/07\/28\/ptaci-paula-roberta\/","title":{"rendered":"Pt\u00e1ci Paula Roberta"},"content":{"rendered":"<p><a href=\"https:\/\/i0.wp.com\/tinnunculus.sy-sy.cz\/wp-content\/uploads\/2026\/07\/crecerelle-e1784900328939.jpg?ssl=1\" target=\"_blank\" rel=\"noopener\"><img data-recalc-dims=\"1\" loading=\"lazy\" decoding=\"async\" data-attachment-id=\"51947\" data-permalink=\"https:\/\/tinnunculus.sy-sy.cz\/index.php\/2026\/07\/28\/ptaci-paula-roberta\/crecerelle\/\" data-orig-file=\"https:\/\/i0.wp.com\/tinnunculus.sy-sy.cz\/wp-content\/uploads\/2026\/07\/crecerelle-e1784900328939.jpg?fit=1038%2C744&amp;ssl=1\" data-orig-size=\"1038,744\" data-comments-opened=\"1\" data-image-title=\"crecerelle\" data-image-description=\"\" data-image-caption=\"\" data-large-file=\"https:\/\/i0.wp.com\/tinnunculus.sy-sy.cz\/wp-content\/uploads\/2026\/07\/crecerelle-e1784900328939.jpg?fit=525%2C376&amp;ssl=1\" class=\"aligncenter wp-image-51947 size-large\" src=\"https:\/\/i0.wp.com\/tinnunculus.sy-sy.cz\/wp-content\/uploads\/2026\/07\/crecerelle-e1784900301843-1024x734.jpg?resize=525%2C376&#038;ssl=1\" alt=\"\" width=\"525\" height=\"376\" \/><\/a><\/p>\n<p>Pro ilustraci p\u0159edchoz\u00edho p\u0159\u00edsp\u011bvku\u00a0<a href=\"https:\/\/tinnunculus.sy-sy.cz\/index.php\/2026\/07\/25\/ze-zivota-rorysu\/\">Ze \u017eivota ror\u00fds\u016f<\/a> jsme jsme vyu\u017eili obraz <span style=\"font-size: 1rem;\">Paula Roberta z&nbsp;let 1919\u20141923.<\/span> L\u00e9o-Paul Samuel Robert (1851\u20141923), zn\u00e1m\u00fd tak\u00e9 jako Paul Robert, byl \u0161v\u00fdcarsk\u00fd mali\u0159, proslul\u00fd sv\u00fdmi zobrazen\u00edmi pt\u00e1k\u016f a&nbsp;dal\u0161\u00edch divok\u00fdch zv\u00ed\u0159at.<!--more--><\/p>\n<p>Ilustroval i&nbsp;knihu Eug\u00e8na Ramberta (1830\u20141886)\u00a0<a class=\"external text\" href=\"https:\/\/tinnunculus.sy-sy.cz\/wp-content\/uploads\/2026\/07\/lesoiseauxdansla00ramb.pdf\" target=\"_blank\" rel=\"mw:ExtLink nofollow noopener\"><i>Les Oiseaux Dans La Nature <\/i><\/a>\u00a0[<i>Pt\u00e1ci v p\u0159\u00edrod\u011b<\/i>].<\/p>\n<div class=\"wp-block-pdfemb-pdf-embedder-viewer\"><a href=\"https:\/\/tinnunculus.sy-sy.cz\/wp-content\/uploads\/2026\/07\/lesoiseauxdansla00ramb.pdf\" class=\"pdfemb-viewer\" style=\"\" data-width=\"max\" data-height=\"max\" data-toolbar=\"bottom\" data-toolbar-fixed=\"off\">lesoiseauxdansla00ramb<\/a><\/div>\n<hr \/>\n<p>V t\u00e9to knize nemohla chyb\u011bt po\u0161tolka ani ror\u00fds&#8230;<\/p>\n<p><a href=\"https:\/\/i0.wp.com\/tinnunculus.sy-sy.cz\/wp-content\/uploads\/2026\/07\/martinet-e1784900387168.jpg?ssl=1\" target=\"_blank\" rel=\"noopener\"><img data-recalc-dims=\"1\" loading=\"lazy\" decoding=\"async\" data-attachment-id=\"51946\" data-permalink=\"https:\/\/tinnunculus.sy-sy.cz\/index.php\/2026\/07\/28\/ptaci-paula-roberta\/martinet\/\" data-orig-file=\"https:\/\/i0.wp.com\/tinnunculus.sy-sy.cz\/wp-content\/uploads\/2026\/07\/martinet-e1784900387168.jpg?fit=731%2C1038&amp;ssl=1\" data-orig-size=\"731,1038\" data-comments-opened=\"1\" data-image-title=\"martinet\" data-image-description=\"\" data-image-caption=\"\" data-large-file=\"https:\/\/i0.wp.com\/tinnunculus.sy-sy.cz\/wp-content\/uploads\/2026\/07\/martinet-e1784900387168.jpg?fit=525%2C746&amp;ssl=1\" class=\"aligncenter wp-image-51946\" src=\"https:\/\/i0.wp.com\/tinnunculus.sy-sy.cz\/wp-content\/uploads\/2026\/07\/martinet.jpg?resize=300%2C426&#038;ssl=1\" alt=\"\" width=\"300\" height=\"426\" \/><\/a><\/p>\n<ul>\n<li><a href=\"https:\/\/en.wikipedia.org\/wiki\/L%C3%A9o-Paul_Robert\" target=\"_blank\" rel=\"noopener\">L\u00e9o-Paul Robert na Wikipedii<\/a><\/li>\n<\/ul>\n<p>Souvisej\u00edc\u00ed p\u0159\u00edsp\u011bvky:\u00a0<a href=\"https:\/\/tinnunculus.sy-sy.cz\/index.php\/2026\/07\/25\/ze-zivota-rorysu\/\">Ze \u017eivota ror\u00fds\u016f<\/a><\/p>\n","protected":false},"excerpt":{"rendered":"<p>Aneb o&nbsp;po\u0161tolce a&nbsp;dal\u0161\u00edm ror\u00fdsovi v&nbsp;d\u00edle \u0161v\u00fdcarsk\u00e9ho mal\u00ed\u0159e Paula Roberta.<\/p>\n","protected":false},"author":2,"featured_media":0,"comment_status":"open","ping_status":"open","sticky":false,"template":"","format":"standard","meta":{"_jetpack_newsletter_access":"","_jetpack_dont_email_post_to_subs":false,"_jetpack_newsletter_tier_id":0,"_jetpack_memberships_contains_paywalled_content":false,"_jetpack_feature_clip_id":0,"_jetpack_memberships_contains_paid_content":false,"footnotes":"","jetpack_post_was_ever_published":false,"_members_access_role":[],"_members_access_error":""},"categories":[142,105,110,225,307,106,113,108],"tags":[1060,1626,1628],"class_list":["post-51953","post","type-post","status-publish","format-standard","hentry","category-dravec","category-postolka","category-postolka-obecna","category-ptaci-v-literature-filmu-a-vytvarnem-umeni","category-ptaci","category-rorys-cs","category-rorys-obecny-cs","category-ostatni-zvirena","tag-postolka-vytvarna","tag-robert-leo-paul-samuel","tag-rorys-vytvarny"],"jetpack_shortlink":"https:\/\/wp.me\/p91gKE-dvX","jetpack-related-posts":[{"id":51943,"url":"https:\/\/tinnunculus.sy-sy.cz\/index.php\/2026\/07\/25\/ze-zivota-rorysu\/","url_meta":{"origin":51953,"position":0},"title":"Ze \u017eivota ror\u00fds\u016f","author":"Zuzana Syrov\u00e1 An\u00fd\u017eov\u00e1","date":"25\/07\/2026","format":"quote","excerpt":"Takov\u00fd ror\u00fds pro\u017eije v\u011bt\u0161inu \u017eivota ve vzduchu. S b\u00e1snickou licenc\u00ed m\u016f\u017ee dokonce za letu sn\u00e1\u0161et vejce: Ror\u00fdsi nech\u00e1vaj\u00ed sv\u016fj st\u00edn na zemi proto\u017ee je pr\u00fd p\u0159\u00edli\u0161 t\u011b\u017ek\u00fd a nemohli by s n\u00edm l\u00e9tat Vypr\u00e1v\u00ed se \u017ee jako trest za odhozen\u00ed st\u00ednu mus\u00ed za letu v\u0161echno Cel\u00fd \u017eivot krou\u017e\u00ed v nepo\u010detn\u00fdch\u2026","rel":"","context":"V \u201ePo\u0161tolky a jin\u00e1 zv\u00ed\u0159ena kulturn\u00ed\u201c","block_context":{"text":"Po\u0161tolky a jin\u00e1 zv\u00ed\u0159ena kulturn\u00ed","link":"https:\/\/tinnunculus.sy-sy.cz\/index.php\/category\/ptaci-v-literature-filmu-a-vytvarnem-umeni\/"},"img":{"alt_text":"","src":"https:\/\/i0.wp.com\/tinnunculus.sy-sy.cz\/wp-content\/uploads\/2026\/07\/Paul_Robert_-_Mauersegler_1916-1923-1024x669.jpg?resize=350%2C200&ssl=1","width":350,"height":200,"srcset":"https:\/\/i0.wp.com\/tinnunculus.sy-sy.cz\/wp-content\/uploads\/2026\/07\/Paul_Robert_-_Mauersegler_1916-1923-1024x669.jpg?resize=350%2C200&ssl=1 1x, https:\/\/i0.wp.com\/tinnunculus.sy-sy.cz\/wp-content\/uploads\/2026\/07\/Paul_Robert_-_Mauersegler_1916-1923-1024x669.jpg?resize=525%2C300&ssl=1 1.5x"},"classes":[]},{"id":9475,"url":"https:\/\/tinnunculus.sy-sy.cz\/index.php\/2019\/10\/06\/kocky-a-ptaci-ptaci-a-kocky\/","url_meta":{"origin":51953,"position":1},"title":"Ko\u010dky a&nbsp;pt\u00e1ci, pt\u00e1ci a&nbsp;ko\u010dky","author":"Zuzana Syrov\u00e1 An\u00fd\u017eov\u00e1","date":"06\/10\/2019","format":"quote","excerpt":"Aneb o ko\u010dk\u00e1ch lov\u00edch pt\u00e1ky v literatu\u0159e, v\u00fdtvarn\u00e9m um\u011bn\u00ed i re\u00e1ln\u00e9m sv\u011bt\u011b kolem n\u00e1s.","rel":"","context":"V \u201eKo\u010dka\u201c","block_context":{"text":"Ko\u010dka","link":"https:\/\/tinnunculus.sy-sy.cz\/index.php\/category\/ostatni-zvirena\/savec\/kocka-cs\/"},"img":{"alt_text":"","src":"https:\/\/i0.wp.com\/tinnunculus.sy-sy.cz\/wp-content\/uploads\/2019\/09\/Cat-and-Bird-1928.jpg?resize=350%2C200&ssl=1","width":350,"height":200,"srcset":"https:\/\/i0.wp.com\/tinnunculus.sy-sy.cz\/wp-content\/uploads\/2019\/09\/Cat-and-Bird-1928.jpg?resize=350%2C200&ssl=1 1x, https:\/\/i0.wp.com\/tinnunculus.sy-sy.cz\/wp-content\/uploads\/2019\/09\/Cat-and-Bird-1928.jpg?resize=525%2C300&ssl=1 1.5x, https:\/\/i0.wp.com\/tinnunculus.sy-sy.cz\/wp-content\/uploads\/2019\/09\/Cat-and-Bird-1928.jpg?resize=700%2C400&ssl=1 2x"},"classes":[]},{"id":121,"url":"https:\/\/tinnunculus.sy-sy.cz\/index.php\/2014\/07\/26\/mys-a-posta\/","url_meta":{"origin":51953,"position":2},"title":"My\u0161 a&nbsp;po\u0161ta","author":"Zuzana Syrov\u00e1 An\u00fd\u017eov\u00e1","date":"26\/07\/2014","format":false,"excerpt":"Mo\u017en\u00e1 je to jejich oby\u010dejnost\u00ed, jejich \u0161patnou pov\u011bst\u00ed \u010di t\u00edm, \u017ee panuje domn\u011bnka, \u017ee je nehygienick\u00e9 zn\u00e1mku, na kter\u00e9 je my\u0161, ol\u00edznout... Pakli\u017ee se po\u0161tolka objevuje na po\u0161tovn\u00edch zn\u00e1mk\u00e1ch hojn\u011b (viz\u00a0 Po\u0161tolky a po\u0161ta), my\u0161 dom\u00e1c\u00ed (mus musculus) \u010di hrabo\u0161e poln\u00edho (microtus arvalis) a jejich p\u0159\u00edbuzn\u00e9 na nich prakticky nenajdeme.\u2026","rel":"","context":"V \u201eHrabo\u0161 poln\u00ed\u201c","block_context":{"text":"Hrabo\u0161 poln\u00ed","link":"https:\/\/tinnunculus.sy-sy.cz\/index.php\/category\/ostatni-zvirena\/savec\/mys-cs\/hrabos-polni\/"},"img":{"alt_text":"","src":"https:\/\/i0.wp.com\/tinnunculus.sy-sy.cz\/wp-content\/uploads\/2014\/07\/jersey04.jpg?resize=350%2C200&ssl=1","width":350,"height":200},"classes":[]},{"id":51956,"url":"https:\/\/tinnunculus.sy-sy.cz\/index.php\/2026\/08\/21\/postolky-a-rorysi-brnuno-liljeforse\/","url_meta":{"origin":51953,"position":3},"title":"Po\u0161tolky a&nbsp;ror\u00fdsi Brnuno Liljeforse","author":"Zuzana Syrov\u00e1 An\u00fd\u017eov\u00e1","date":"21\/08\/2026","format":false,"excerpt":"Aneb po\u0161tolky a ror\u00fdsi obrazem.","rel":"","context":"V \u201eDravec\u201c","block_context":{"text":"Dravec","link":"https:\/\/tinnunculus.sy-sy.cz\/index.php\/category\/ostatni-zvirena\/ptaci\/dravec\/"},"img":{"alt_text":"","src":"https:\/\/i0.wp.com\/tinnunculus.sy-sy.cz\/wp-content\/uploads\/2026\/07\/bruno-liljefors-Kestrel-at-Nest-with-Chicks.jpg?resize=350%2C200&ssl=1","width":350,"height":200,"srcset":"https:\/\/i0.wp.com\/tinnunculus.sy-sy.cz\/wp-content\/uploads\/2026\/07\/bruno-liljefors-Kestrel-at-Nest-with-Chicks.jpg?resize=350%2C200&ssl=1 1x, https:\/\/i0.wp.com\/tinnunculus.sy-sy.cz\/wp-content\/uploads\/2026\/07\/bruno-liljefors-Kestrel-at-Nest-with-Chicks.jpg?resize=525%2C300&ssl=1 1.5x, https:\/\/i0.wp.com\/tinnunculus.sy-sy.cz\/wp-content\/uploads\/2026\/07\/bruno-liljefors-Kestrel-at-Nest-with-Chicks.jpg?resize=700%2C400&ssl=1 2x"},"classes":[]},{"id":243,"url":"https:\/\/tinnunculus.sy-sy.cz\/index.php\/2015\/07\/08\/owls-vs-kestrels-i\/","url_meta":{"origin":51953,"position":4},"title":"Owls vs kestrels I","author":"Zuzana Syrov\u00e1 An\u00fd\u017eov\u00e1","date":"08\/07\/2015","format":false,"excerpt":"Bude \u0159e\u010d o sov\u00e1ch, symbolech to moudrosti. Vzpome\u0148me tedy na \u00favod v\u00fdrok jednoho rovn\u011b\u017e moudr\u00e9ho medv\u011bda:\u00a0 \"... if anyone knows anything about anything, it's Owl who knows something about something..\" pravil kdysi Medv\u00eddek P\u00fa \u010dili Winnie-the-Pooh. Bude \u0159e\u010d o sov\u00e1ch, p\u0159edev\u0161\u00edm v\u0161ak o jejich vztaz\u00edch s po\u0161tolkami. Konkuruj\u00ed si v\u2026","rel":"","context":"V \u201ePo\u0161tolka\u201c","block_context":{"text":"Po\u0161tolka","link":"https:\/\/tinnunculus.sy-sy.cz\/index.php\/category\/ostatni-zvirena\/ptaci\/dravec\/postolka\/"},"img":{"alt_text":"","src":"https:\/\/i0.wp.com\/tinnunculus.sy-sy.cz\/wp-content\/uploads\/2015\/07\/Linconshire_2009-264x300.jpg?resize=350%2C200&ssl=1","width":350,"height":200},"classes":[]},{"id":2322,"url":"https:\/\/tinnunculus.sy-sy.cz\/index.php\/2017\/10\/29\/vichrice\/","url_meta":{"origin":51953,"position":5},"title":"Vich\u0159ice","author":"Zuzana Syrov\u00e1 An\u00fd\u017eov\u00e1","date":"29\/10\/2017","format":false,"excerpt":"P\u0159es \u00fazem\u00ed \u010cesk\u00e9 republiky se dnes p\u0159ehnala vich\u0159ice. Podle v\u00fdstrahy \u010cHM\u00da \"V siln\u00e9m severoz\u00e1padn\u00edm proud\u011bn\u00ed postupuje p\u0159es na\u0161e \u00fazem\u00ed front\u00e1ln\u00ed syst\u00e9m, za n\u00edm\u017e k n\u00e1m zes\u00edl\u00ed p\u0159\u00edliv studen\u00e9ho vzduchu. ... B\u011bhem rann\u00edch hodin bude v\u00edtr od z\u00e1padu d\u00e1le zesilovat, v ni\u017e\u0161\u00edch a st\u0159edn\u00edch poloh\u00e1ch se mohou b\u011bhem dne ojedin\u011ble vyskytnout\u2026","rel":"","context":"V \u201e\"Na\u0161e\" po\u0161tolky\u201c","block_context":{"text":"\"Na\u0161e\" po\u0161tolky","link":"https:\/\/tinnunculus.sy-sy.cz\/index.php\/category\/nasi\/nase-postolky\/"},"img":{"alt_text":"","src":"https:\/\/i0.wp.com\/tinnunculus.sy-sy.cz\/wp-content\/uploads\/2017\/10\/meteo_20171029-300x200.jpg?resize=350%2C200&ssl=1","width":350,"height":200,"srcset":"https:\/\/i0.wp.com\/tinnunculus.sy-sy.cz\/wp-content\/uploads\/2017\/10\/meteo_20171029-300x200.jpg?resize=350%2C200&ssl=1 1x, https:\/\/i0.wp.com\/tinnunculus.sy-sy.cz\/wp-content\/uploads\/2017\/10\/meteo_20171029-300x200.jpg?resize=525%2C300&ssl=1 1.5x"},"classes":[]}],"jetpack_sharing_enabled":true,"jetpack_featured_media_url":"","_links":{"self":[{"href":"https:\/\/tinnunculus.sy-sy.cz\/index.php\/wp-json\/wp\/v2\/posts\/51953","targetHints":{"allow":["GET"]}}],"collection":[{"href":"https:\/\/tinnunculus.sy-sy.cz\/index.php\/wp-json\/wp\/v2\/posts"}],"about":[{"href":"https:\/\/tinnunculus.sy-sy.cz\/index.php\/wp-json\/wp\/v2\/types\/post"}],"author":[{"embeddable":true,"href":"https:\/\/tinnunculus.sy-sy.cz\/index.php\/wp-json\/wp\/v2\/users\/2"}],"replies":[{"embeddable":true,"href":"https:\/\/tinnunculus.sy-sy.cz\/index.php\/wp-json\/wp\/v2\/comments?post=51953"}],"version-history":[{"count":8,"href":"https:\/\/tinnunculus.sy-sy.cz\/index.php\/wp-json\/wp\/v2\/posts\/51953\/revisions"}],"predecessor-version":[{"id":52325,"href":"https:\/\/tinnunculus.sy-sy.cz\/index.php\/wp-json\/wp\/v2\/posts\/51953\/revisions\/52325"}],"wp:attachment":[{"href":"https:\/\/tinnunculus.sy-sy.cz\/index.php\/wp-json\/wp\/v2\/media?parent=51953"}],"wp:term":[{"taxonomy":"category","embeddable":true,"href":"https:\/\/tinnunculus.sy-sy.cz\/index.php\/wp-json\/wp\/v2\/categories?post=51953"},{"taxonomy":"post_tag","embeddable":true,"href":"https:\/\/tinnunculus.sy-sy.cz\/index.php\/wp-json\/wp\/v2\/tags?post=51953"}],"curies":[{"name":"wp","href":"https:\/\/api.w.org\/{rel}","templated":true}]}}