{"id":5154,"date":"2018-05-08T22:49:55","date_gmt":"2018-05-08T20:49:55","guid":{"rendered":"http:\/\/tinnunculus.sy-sy.cz\/?p=5154"},"modified":"2025-12-14T14:40:13","modified_gmt":"2025-12-14T13:40:13","slug":"kulasec-za-dvermi","status":"publish","type":"post","link":"https:\/\/tinnunculus.sy-sy.cz\/index.php\/2018\/05\/08\/kulasec-za-dvermi\/","title":{"rendered":"Kul\u00e1sec za dve\u0159mi"},"content":{"rendered":"<p><img data-recalc-dims=\"1\" loading=\"lazy\" decoding=\"async\" data-attachment-id=\"5155\" data-permalink=\"https:\/\/tinnunculus.sy-sy.cz\/index.php\/2018\/05\/08\/kulasec-za-dvermi\/20180503-0957250728u\/\" data-orig-file=\"https:\/\/i0.wp.com\/tinnunculus.sy-sy.cz\/wp-content\/uploads\/2018\/05\/20180503-0957250728u.jpg?fit=503%2C349&amp;ssl=1\" data-orig-size=\"503,349\" data-comments-opened=\"1\" data-image-meta=\"{&quot;aperture&quot;:&quot;0&quot;,&quot;credit&quot;:&quot;&quot;,&quot;camera&quot;:&quot;&quot;,&quot;caption&quot;:&quot;&quot;,&quot;created_timestamp&quot;:&quot;0&quot;,&quot;copyright&quot;:&quot;&quot;,&quot;focal_length&quot;:&quot;0&quot;,&quot;iso&quot;:&quot;0&quot;,&quot;shutter_speed&quot;:&quot;0&quot;,&quot;title&quot;:&quot;&quot;,&quot;orientation&quot;:&quot;1&quot;}\" data-image-title=\"20180503-0957250728u\" data-image-description=\"\" data-image-caption=\"\" data-large-file=\"https:\/\/i0.wp.com\/tinnunculus.sy-sy.cz\/wp-content\/uploads\/2018\/05\/20180503-0957250728u.jpg?fit=503%2C349&amp;ssl=1\" class=\"alignnone wp-image-5155\" src=\"https:\/\/i0.wp.com\/tinnunculus.sy-sy.cz\/wp-content\/uploads\/2018\/05\/20180503-0957250728u.jpg?resize=525%2C364&#038;ssl=1\" alt=\"\" width=\"525\" height=\"364\" srcset=\"https:\/\/i0.wp.com\/tinnunculus.sy-sy.cz\/wp-content\/uploads\/2018\/05\/20180503-0957250728u.jpg?w=503&amp;ssl=1 503w, https:\/\/i0.wp.com\/tinnunculus.sy-sy.cz\/wp-content\/uploads\/2018\/05\/20180503-0957250728u.jpg?resize=300%2C208&amp;ssl=1 300w\" sizes=\"auto, (max-width: 525px) 100vw, 525px\" \/><\/p>\n<p><a href=\"https:\/\/tinnunculus.sy-sy.cz\/index.php\/2018\/05\/01\/poetolcin-zval-ku-lasce-hlas\/\">Prvom\u00e1jov\u00fdm p\u0159\u00edsp\u011bvkem<\/a> jsme z\u0159ejm\u011b p\u0159il\u00e1kali k&nbsp;n\u00e1m do lod\u017eie v&nbsp;n\u011bm zm\u00edn\u011bnou hrdli\u010dku &#8211; tu zahradn\u00ed (<i>Streptopelia decaocto<\/i>). Zkr\u00e1tka my o&nbsp;hrdli\u010dce a&nbsp;kul\u00e1sec za dve\u0159mi&#8230;<!--more--><\/p>\n<p>V na\u0161\u00ed ulici bydl\u00ed ji\u017e del\u0161\u00ed dobu, ale zdr\u017euj\u00ed se a&nbsp;hn\u00edzd\u00ed n\u00ed\u017ee v&nbsp;korun\u00e1ch strom\u016f. Te\u010f se ov\u0161em jedna stala dal\u0161\u00edm\u00a0 pravideln\u00fdm n\u00e1v\u0161t\u011bvn\u00edkem. Objevuje se, podobn\u011b jako holubi, v&nbsp;dob\u011b, kdy\u017e po\u0161tolky zrovna nejsou doma&#8230;<\/p>\n<ul>\n<li><a href=\"https:\/\/cs.wikipedia.org\/wiki\/Hrdli%C4%8Dka_zahradn%C3%AD\" target=\"_blank\" rel=\"noopener noreferrer\">Hrdli\u010dka zahradn\u00ed na Wikipedii<\/a><\/li>\n<\/ul>\n","protected":false},"excerpt":{"rendered":"<p>Prvom\u00e1jov\u00fdm p\u0159\u00edsp\u011bvkem jsme z\u0159ejm\u011b p\u0159il\u00e1kali k&nbsp;n\u00e1m do lod\u017eie v&nbsp;n\u011bm zm\u00edn\u011bnou hrdli\u010dku &#8211; tu zahradn\u00ed (Streptopelia decaocto). Zkr\u00e1tka my o&nbsp;hrdli\u010dce a&nbsp;kul\u00e1sec za dve\u0159mi&#8230;<\/p>\n","protected":false},"author":2,"featured_media":0,"comment_status":"open","ping_status":"open","sticky":false,"template":"","format":"standard","meta":{"jetpack_post_was_ever_published":false,"_jetpack_newsletter_access":"","_jetpack_dont_email_post_to_subs":false,"_jetpack_newsletter_tier_id":0,"_jetpack_memberships_contains_paywalled_content":false,"_jetpack_memberships_contains_paid_content":false,"footnotes":""},"categories":[289,116,844,308],"tags":[206,212,99],"class_list":["post-5154","post","type-post","status-publish","format-standard","hentry","category-hrdlicka","category-nasi","category-nasi-sousede-hrdlicky","category-ostatni-najemnici-a-navstevnici","tag-206","tag-hrdlicka","tag-ps_68"],"jetpack_featured_media_url":"","jetpack_shortlink":"https:\/\/wp.me\/p91gKE-1l8","jetpack-related-posts":[{"id":4930,"url":"https:\/\/tinnunculus.sy-sy.cz\/index.php\/2018\/05\/01\/poetolcin-zval-ku-lasce-hlas\/","url_meta":{"origin":5154,"position":0},"title":"Po\u0161tol\u010din zval ku l\u00e1sce hlas","author":"Zuzana Syrov\u00e1 An\u00fd\u017eov\u00e1","date":"01\/05\/2018","format":false,"excerpt":"Ji\u017e na z\u00e1kladn\u00ed \u0161kole n\u00e1s pan\u00ed u\u010ditelka Sladkovsk\u00e1 pou\u010dila, \u017ee same\u010dek od hrdli\u010dky se jmenuje kul\u00e1sec, co\u017e jasn\u011b vypl\u00fdv\u00e1 z M\u00e1chova M\u00e1je: Byl pozdn\u00ed ve\u010der \u2013 prvn\u00ed m\u00e1j \u2013 ve\u010dern\u00ed m\u00e1j \u2013 byl l\u00e1sky \u010das. Hrdli\u010d\u010din zval ku l\u00e1sce hlas, kde borov\u00fd zav\u00e1n\u011bl h\u00e1j. Ale o to tu te\u010f nejde.\u00a0\u2026","rel":"","context":"V \u201e\"Na\u0161e\" po\u0161tolky\u201c","block_context":{"text":"\"Na\u0161e\" po\u0161tolky","link":"https:\/\/tinnunculus.sy-sy.cz\/index.php\/category\/nasi\/nase-postolky\/"},"img":{"alt_text":"","src":"https:\/\/i0.wp.com\/tinnunculus.sy-sy.cz\/wp-content\/uploads\/2018\/05\/20180501_17-53-55u-1024x710.jpg?resize=350%2C200&ssl=1","width":350,"height":200,"srcset":"https:\/\/i0.wp.com\/tinnunculus.sy-sy.cz\/wp-content\/uploads\/2018\/05\/20180501_17-53-55u-1024x710.jpg?resize=350%2C200&ssl=1 1x, https:\/\/i0.wp.com\/tinnunculus.sy-sy.cz\/wp-content\/uploads\/2018\/05\/20180501_17-53-55u-1024x710.jpg?resize=525%2C300&ssl=1 1.5x"},"classes":[]},{"id":7506,"url":"https:\/\/tinnunculus.sy-sy.cz\/index.php\/2019\/04\/17\/vitani-ptaciho-zpevu-2019\/","url_meta":{"origin":5154,"position":1},"title":"V\u00edt\u00e1n\u00ed pta\u010d\u00edho zp\u011bvu 2019","author":"Zuzana Syrov\u00e1 An\u00fd\u017eov\u00e1","date":"17\/04\/2019","format":false,"excerpt":"Aneb o tom, jak se chyst\u00e1me uv\u00edtat na za\u010d\u00e1tku kv\u011btna pta\u010d\u00ed zp\u011bv a kdo je letos pt\u00e1kem roku.","rel":"","context":"V \u201eChocholou\u0161\u201c","block_context":{"text":"Chocholou\u0161","link":"https:\/\/tinnunculus.sy-sy.cz\/index.php\/category\/ostatni-zvirena\/ptaci\/chocholous\/"},"img":{"alt_text":"","src":"https:\/\/i0.wp.com\/tinnunculus.sy-sy.cz\/wp-content\/uploads\/2019\/04\/European_Turtle_Dove-1024x683.jpg?resize=350%2C200&ssl=1","width":350,"height":200,"srcset":"https:\/\/i0.wp.com\/tinnunculus.sy-sy.cz\/wp-content\/uploads\/2019\/04\/European_Turtle_Dove-1024x683.jpg?resize=350%2C200&ssl=1 1x, https:\/\/i0.wp.com\/tinnunculus.sy-sy.cz\/wp-content\/uploads\/2019\/04\/European_Turtle_Dove-1024x683.jpg?resize=525%2C300&ssl=1 1.5x"},"classes":[]},{"id":2699,"url":"https:\/\/tinnunculus.sy-sy.cz\/index.php\/2017\/12\/27\/o-ptacich-a-darech-vanocnich\/","url_meta":{"origin":5154,"position":2},"title":"O pt\u00e1c\u00edch a&nbsp;darech v\u00e1no\u010dn\u00edch","author":"Zuzana Syrov\u00e1 An\u00fd\u017eov\u00e1","date":"27\/12\/2017","format":"quote","excerpt":"P\u0159i hled\u00e1n\u00ed v\u00e1no\u010dn\u00edch zm\u00ednek o po\u0161tolk\u00e1ch jsme potkali i jin\u00e9 ptactvo a pta\u010d\u00ed souvislosti, kter\u00e9\u00a0 dlu\u017eno zm\u00ednit. Koroptev poln\u00ed; sn\u00edmek K.Pitk (Own work) [CC BY-SA 3.0], via Wikimedia Commons Koledy \u010desk\u00e9 i moravsk\u00e9 rozhodn\u011b nejsou na v\u00fdskyt ptactva chud\u00e9.\u00a0 a to ani tehdy, kdy\u017e\u2026 Nen\u00ed pt\u00e1\u010dka, ani k\u0159epelice sam\u00e9 zimy,\u2026","rel":"","context":"V \u201eHolub\u201c","block_context":{"text":"Holub","link":"https:\/\/tinnunculus.sy-sy.cz\/index.php\/category\/ostatni-zvirena\/ptaci\/holub\/"},"img":{"alt_text":"","src":"https:\/\/i0.wp.com\/tinnunculus.sy-sy.cz\/wp-content\/uploads\/2017\/12\/guernsey307.jpg?resize=350%2C200&ssl=1","width":350,"height":200},"classes":[]},{"id":2291,"url":"https:\/\/tinnunculus.sy-sy.cz\/index.php\/2017\/10\/19\/uz-i-ta-postolka-si-krouzi-nad-brnem\/","url_meta":{"origin":5154,"position":3},"title":"U\u017e i&nbsp;ta po\u0161tolka si krou\u017e\u00ed nad Brnem&#8230;","author":"Zuzana Syrov\u00e1 An\u00fd\u017eov\u00e1","date":"19\/10\/2017","format":"quote","excerpt":"\u010clov\u011bk snadno propadne dojmu, \u017ee poetick\u00e1 po\u0161tolka v \u010desk\u00e9 literatu\u0159e zkr\u00e1tka neexistuje. Je pravda n\u011bco jako b\u00edl\u00e1 vr\u00e1na, ale vezm\u011bte si t\u0159eba Druhou b\u00e1se\u0148 o Brn\u011b Jana Sk\u00e1cela, v n\u00ed\u017e nejen \"po\u0161tolka si krou\u017e\u00ed nad Brnem\", ale Brno zab\u00edraj\u00ed i hbit\u00ed ror\u00fdsi... Pro nov\u00fd strach ten star\u00fd opad\u00e1v\u00e1. Divok\u00e9 hrdli\u010dky\u2026","rel":"","context":"V \u201ePo\u0161tolka\u201c","block_context":{"text":"Po\u0161tolka","link":"https:\/\/tinnunculus.sy-sy.cz\/index.php\/category\/ostatni-zvirena\/ptaci\/dravec\/postolka\/"},"img":{"alt_text":"","src":"https:\/\/i0.wp.com\/tinnunculus.sy-sy.cz\/wp-content\/uploads\/2017\/10\/DSC_1300a-1024x761.jpg?resize=350%2C200&ssl=1","width":350,"height":200,"srcset":"https:\/\/i0.wp.com\/tinnunculus.sy-sy.cz\/wp-content\/uploads\/2017\/10\/DSC_1300a-1024x761.jpg?resize=350%2C200&ssl=1 1x, https:\/\/i0.wp.com\/tinnunculus.sy-sy.cz\/wp-content\/uploads\/2017\/10\/DSC_1300a-1024x761.jpg?resize=525%2C300&ssl=1 1.5x"},"classes":[]},{"id":7755,"url":"https:\/\/tinnunculus.sy-sy.cz\/index.php\/2019\/05\/05\/jak-jsme-vitali-ptaci-zpev\/","url_meta":{"origin":5154,"position":4},"title":"Jak jsme v\u00edtali pta\u010d\u00ed zp\u011bv","author":"Zuzana Syrov\u00e1 An\u00fd\u017eov\u00e1","date":"05\/05\/2019","format":false,"excerpt":"Aneb o tom co jsme v\u0161echno vid\u011bli a co jsme v\u0161echno sly\u0161eli na leto\u0161n\u00edm V\u00edt\u00e1n\u00ed pta\u010d\u00edho zp\u011bvu u Hol\u00e1seck\u00fdch jezer.","rel":"","context":"V \u201eBrhl\u00edk\u201c","block_context":{"text":"Brhl\u00edk","link":"https:\/\/tinnunculus.sy-sy.cz\/index.php\/category\/ostatni-zvirena\/ptaci\/brhlik\/"},"img":{"alt_text":"","src":"https:\/\/i0.wp.com\/tinnunculus.sy-sy.cz\/wp-content\/uploads\/2019\/05\/DSC_4498u-1024x625.jpg?resize=350%2C200&ssl=1","width":350,"height":200,"srcset":"https:\/\/i0.wp.com\/tinnunculus.sy-sy.cz\/wp-content\/uploads\/2019\/05\/DSC_4498u-1024x625.jpg?resize=350%2C200&ssl=1 1x, https:\/\/i0.wp.com\/tinnunculus.sy-sy.cz\/wp-content\/uploads\/2019\/05\/DSC_4498u-1024x625.jpg?resize=525%2C300&ssl=1 1.5x"},"classes":[]},{"id":1761,"url":"https:\/\/tinnunculus.sy-sy.cz\/index.php\/2017\/08\/09\/zprava-o-stavu-lodzie\/","url_meta":{"origin":5154,"position":5},"title":"Zpr\u00e1va o&nbsp;stavu lod\u017eie","author":"Zuzana Syrov\u00e1 An\u00fd\u017eov\u00e1","date":"09\/08\/2017","format":false,"excerpt":"To, \u017ee jsme se na d\u00e9le ne\u017e m\u011bs\u00edc odml\u010deli neznamen\u00e1, \u017ee se v na\u0161\u00ed lod\u017eii nic ned\u011bje. Ror\u00fdsi se, na to jak hlasit\u011b kolem svi\u0161t\u011bli v p\u0159edchoz\u00edch dnech a t\u00fddnech, v tichosti vytratili po polovin\u011b \u010dervence. Prakticky ve stejnou dobu (17. \u010dervence) se u n\u00e1s zabydlela sami\u010dka po\u0161tolky.\u00a0 Nev\u00edme, zda\u2026","rel":"","context":"V \u201e\"Na\u0161e\" po\u0161tolky\u201c","block_context":{"text":"\"Na\u0161e\" po\u0161tolky","link":"https:\/\/tinnunculus.sy-sy.cz\/index.php\/category\/nasi\/nase-postolky\/"},"img":{"alt_text":"","src":"https:\/\/i0.wp.com\/tinnunculus.sy-sy.cz\/wp-content\/uploads\/2017\/08\/20170707_15-07-36_1_uprav.jpg?resize=350%2C200&ssl=1","width":350,"height":200,"srcset":"https:\/\/i0.wp.com\/tinnunculus.sy-sy.cz\/wp-content\/uploads\/2017\/08\/20170707_15-07-36_1_uprav.jpg?resize=350%2C200&ssl=1 1x, https:\/\/i0.wp.com\/tinnunculus.sy-sy.cz\/wp-content\/uploads\/2017\/08\/20170707_15-07-36_1_uprav.jpg?resize=525%2C300&ssl=1 1.5x, https:\/\/i0.wp.com\/tinnunculus.sy-sy.cz\/wp-content\/uploads\/2017\/08\/20170707_15-07-36_1_uprav.jpg?resize=700%2C400&ssl=1 2x"},"classes":[]}],"jetpack_sharing_enabled":true,"_links":{"self":[{"href":"https:\/\/tinnunculus.sy-sy.cz\/index.php\/wp-json\/wp\/v2\/posts\/5154","targetHints":{"allow":["GET"]}}],"collection":[{"href":"https:\/\/tinnunculus.sy-sy.cz\/index.php\/wp-json\/wp\/v2\/posts"}],"about":[{"href":"https:\/\/tinnunculus.sy-sy.cz\/index.php\/wp-json\/wp\/v2\/types\/post"}],"author":[{"embeddable":true,"href":"https:\/\/tinnunculus.sy-sy.cz\/index.php\/wp-json\/wp\/v2\/users\/2"}],"replies":[{"embeddable":true,"href":"https:\/\/tinnunculus.sy-sy.cz\/index.php\/wp-json\/wp\/v2\/comments?post=5154"}],"version-history":[{"count":1,"href":"https:\/\/tinnunculus.sy-sy.cz\/index.php\/wp-json\/wp\/v2\/posts\/5154\/revisions"}],"predecessor-version":[{"id":33027,"href":"https:\/\/tinnunculus.sy-sy.cz\/index.php\/wp-json\/wp\/v2\/posts\/5154\/revisions\/33027"}],"wp:attachment":[{"href":"https:\/\/tinnunculus.sy-sy.cz\/index.php\/wp-json\/wp\/v2\/media?parent=5154"}],"wp:term":[{"taxonomy":"category","embeddable":true,"href":"https:\/\/tinnunculus.sy-sy.cz\/index.php\/wp-json\/wp\/v2\/categories?post=5154"},{"taxonomy":"post_tag","embeddable":true,"href":"https:\/\/tinnunculus.sy-sy.cz\/index.php\/wp-json\/wp\/v2\/tags?post=5154"}],"curies":[{"name":"wp","href":"https:\/\/api.w.org\/{rel}","templated":true}]}}