{"id":44925,"date":"2025-12-07T10:07:08","date_gmt":"2025-12-07T09:07:08","guid":{"rendered":"https:\/\/tinnunculus.sy-sy.cz\/?p=44925"},"modified":"2025-12-12T08:22:24","modified_gmt":"2025-12-12T07:22:24","slug":"zasobnik-na-mysi-pro-postolky","status":"publish","type":"post","link":"https:\/\/tinnunculus.sy-sy.cz\/index.php\/2025\/12\/07\/zasobnik-na-mysi-pro-postolky\/","title":{"rendered":"Z\u00e1sobn\u00edk na my\u0161i pro po\u0161tolky"},"content":{"rendered":"<p><img data-recalc-dims=\"1\" loading=\"lazy\" decoding=\"async\" data-attachment-id=\"45163\" data-permalink=\"https:\/\/tinnunculus.sy-sy.cz\/index.php\/2025\/12\/07\/zasobnik-na-mysi-pro-postolky\/ptak_roku_2025-1\/\" data-orig-file=\"https:\/\/i0.wp.com\/tinnunculus.sy-sy.cz\/wp-content\/uploads\/2025\/12\/ptak_roku_2025-1-e1765097211266.jpg?fit=1038%2C581&amp;ssl=1\" data-orig-size=\"1038,581\" data-comments-opened=\"1\" data-image-meta=\"{&quot;aperture&quot;:&quot;0&quot;,&quot;credit&quot;:&quot;&quot;,&quot;camera&quot;:&quot;&quot;,&quot;caption&quot;:&quot;&quot;,&quot;created_timestamp&quot;:&quot;0&quot;,&quot;copyright&quot;:&quot;&quot;,&quot;focal_length&quot;:&quot;0&quot;,&quot;iso&quot;:&quot;0&quot;,&quot;shutter_speed&quot;:&quot;0&quot;,&quot;title&quot;:&quot;&quot;,&quot;orientation&quot;:&quot;1&quot;}\" data-image-title=\"ptak_roku_2025-1\" data-image-description=\"\" data-image-caption=\"\" data-large-file=\"https:\/\/i0.wp.com\/tinnunculus.sy-sy.cz\/wp-content\/uploads\/2025\/12\/ptak_roku_2025-1-e1765097211266.jpg?fit=525%2C294&amp;ssl=1\" class=\"alignnone wp-image-45163 size-large\" src=\"https:\/\/i0.wp.com\/tinnunculus.sy-sy.cz\/wp-content\/uploads\/2025\/12\/ptak_roku_2025-1.jpg?resize=525%2C294&#038;ssl=1\" alt=\"\" width=\"525\" height=\"294\" \/><\/p>\n<p>V\u0161imli jsme si toho pon\u011bkud se zpo\u017ed\u011bn\u00edm, ale pomalu kon\u010d\u00edc\u00ed rok 2025 je v&nbsp;Holandsku rokem po\u0161tolky. Pov\u011bdom\u00ed o&nbsp;po\u0161tolce se takto sna\u017e\u00ed zv\u00fd\u0161it Nizozemsk\u00e1 spole\u010dnost pro ochranu pt\u00e1k\u016f (<a href=\"https:\/\/www.vogelbescherming.nl\/\" target=\"_blank\" rel=\"noopener\"><em>Vogelbescherming<\/em><\/a>) a&nbsp;Sovon (<a href=\"https:\/\/www.sovon.nl\/\" target=\"_blank\" rel=\"noopener\"><i lang=\"nl\">Sovon Vogelonderzoek Nederland<\/i><\/a>) spolu s&nbsp;n\u011bkolika dal\u0161\u00edmi organizacemi.<!--more--><\/p>\n<p>V\u00edce informac\u00ed najdete zde:<\/p>\n<ul>\n<li data-outline-text=\"2025 wordt het Jaar van de Torenvalk\"><a href=\"https:\/\/www.vogelbescherming.nl\/actueel\/bericht\/2025-is-het-jaar-van-de-torenvalk\" target=\"_blank\" rel=\"noopener\">2025 is het Jaar van de Torenvalk<\/a> (Vogelbescherming)\n<ul>\n<li data-outline-text=\"2025 wordt het Jaar van de Torenvalk\"><a href=\"https:\/\/www.vogelbescherming.nl\/bescherming\/wat-wij-doen\/onze-boerenlandvogels\/jaar-van-de-torenvalk\" target=\"_blank\" rel=\"noopener\">Jaar van de Torenvalk<\/a><\/li>\n<\/ul>\n<\/li>\n<li class=\"page__title\" data-outline-text=\"2025 wordt het Jaar van de Torenvalk\"><a href=\"https:\/\/www.sovon.nl\/actueel\/nieuwsberichten\/2025-wordt-het-jaar-van-de-torenvalk\" target=\"_blank\" rel=\"noopener\">2025 wordt het Jaar van de Torenvalk<\/a> (Sovon)\n<ul>\n<li data-outline-text=\"2025 wordt het Jaar van de Torenvalk\"><a href=\"https:\/\/www.sovon.nl\/tellen\/telprojecten\/jaar-van-de-torenvalk\/waar-bidt-de-torenvalk\" target=\"_blank\" rel=\"noopener\">Waar bidt de Torenvalk?<\/a><\/li>\n<li data-outline-text=\"2025 wordt het Jaar van de Torenvalk\"><a href=\"https:\/\/sovon.nl\/tellen\/telprojecten\/jaar-van-de-torenvalk\" target=\"_blank\" rel=\"noopener\">Jaar van de Torenvalk<\/a><\/li>\n<li data-outline-text=\"2025 wordt het Jaar van de Torenvalk\"><a href=\"https:\/\/stats.sovon.nl\/stats\/soort\/3040\" target=\"_blank\" rel=\"noopener\">Torenvalk<\/a>\n<ul>\n<li data-outline-text=\"2025 wordt het Jaar van de Torenvalk\">Voorstudie voor het Jaar van de Torenvalk\u00a0(<a href=\"https:\/\/tinnunculus.sy-sy.cz\/wp-content\/uploads\/2025\/12\/Rap_2024-104_Voorstudie-voor-het-Jaar-van-de-Torenvalk-S2024-017_LR.pdf\" target=\"_blank\" rel=\"noopener\">PDF<\/a>)<\/li>\n<li data-outline-text=\"2025 wordt het Jaar van de Torenvalk\">2025 wordt het Jaar van de Torenvalk (<a href=\"https:\/\/tinnunculus.sy-sy.cz\/wp-content\/uploads\/2025\/12\/Vogelbalans-2024-Torenvalk_LR.pdf\" target=\"_blank\" rel=\"noopener\">PDF<\/a>)<\/li>\n<li data-outline-text=\"2025 wordt het Jaar van de Torenvalk\">Bidden langs de weg (<a href=\"https:\/\/tinnunculus.sy-sy.cz\/wp-content\/uploads\/2025\/12\/SN2025-01_Jaar-van-de-Torenvalk_LR.pdf\" target=\"_blank\" rel=\"noopener\">PDF<\/a>)<\/li>\n<li data-outline-text=\"2025 wordt het Jaar van de Torenvalk\">Factsheet: plaats een torenvalkkast (<a href=\"https:\/\/tinnunculus.sy-sy.cz\/wp-content\/uploads\/2025\/11\/Factsheet-Plaats-een-Torenvalkkast_LR.pdf\" target=\"_blank\" rel=\"noopener\">PDF<\/a>)<\/li>\n<li data-outline-text=\"2025 wordt het Jaar van de Torenvalk\">Factsheet: plaats een muizenruiter (<a href=\"https:\/\/tinnunculus.sy-sy.cz\/wp-content\/uploads\/2025\/11\/Factsheet-Plaats-een-muizenruiter_LR2.pdf\" target=\"_blank\" rel=\"noopener\">PDF<\/a>)<\/li>\n<\/ul>\n<\/li>\n<\/ul>\n<\/li>\n<\/ul>\n<p><img data-recalc-dims=\"1\" loading=\"lazy\" decoding=\"async\" data-attachment-id=\"45165\" data-permalink=\"https:\/\/tinnunculus.sy-sy.cz\/index.php\/2025\/12\/07\/zasobnik-na-mysi-pro-postolky\/2025-torenvalk\/\" data-orig-file=\"https:\/\/i0.wp.com\/tinnunculus.sy-sy.cz\/wp-content\/uploads\/2025\/12\/2025-torenvalk.png?fit=270%2C270&amp;ssl=1\" data-orig-size=\"270,270\" data-comments-opened=\"1\" data-image-meta=\"{&quot;aperture&quot;:&quot;0&quot;,&quot;credit&quot;:&quot;&quot;,&quot;camera&quot;:&quot;&quot;,&quot;caption&quot;:&quot;&quot;,&quot;created_timestamp&quot;:&quot;0&quot;,&quot;copyright&quot;:&quot;&quot;,&quot;focal_length&quot;:&quot;0&quot;,&quot;iso&quot;:&quot;0&quot;,&quot;shutter_speed&quot;:&quot;0&quot;,&quot;title&quot;:&quot;&quot;,&quot;orientation&quot;:&quot;0&quot;}\" data-image-title=\"2025-torenvalk\" data-image-description=\"\" data-image-caption=\"\" data-large-file=\"https:\/\/i0.wp.com\/tinnunculus.sy-sy.cz\/wp-content\/uploads\/2025\/12\/2025-torenvalk.png?fit=270%2C270&amp;ssl=1\" class=\"size-full wp-image-45165 aligncenter\" src=\"https:\/\/i0.wp.com\/tinnunculus.sy-sy.cz\/wp-content\/uploads\/2025\/12\/2025-torenvalk.png?resize=270%2C270&#038;ssl=1\" alt=\"\" width=\"270\" height=\"270\" srcset=\"https:\/\/i0.wp.com\/tinnunculus.sy-sy.cz\/wp-content\/uploads\/2025\/12\/2025-torenvalk.png?w=270&amp;ssl=1 270w, https:\/\/i0.wp.com\/tinnunculus.sy-sy.cz\/wp-content\/uploads\/2025\/12\/2025-torenvalk.png?resize=150%2C150&amp;ssl=1 150w, https:\/\/i0.wp.com\/tinnunculus.sy-sy.cz\/wp-content\/uploads\/2025\/12\/2025-torenvalk.png?resize=100%2C100&amp;ssl=1 100w, https:\/\/i0.wp.com\/tinnunculus.sy-sy.cz\/wp-content\/uploads\/2025\/12\/2025-torenvalk.png?resize=50%2C50&amp;ssl=1 50w\" sizes=\"auto, (max-width: 270px) 100vw, 270px\" \/><\/p>\n<p>Mezi v\u00fd\u0161e uveden\u00fdmi odkazy upozor\u0148ujeme na dva n\u00e1vody. Prvn\u00ed se t\u00fdk\u00e1 budek pro po\u0161tolky, a&nbsp;sice p\u0159edev\u0161\u00edm\u00a0 zp\u016fsobu jejich mont\u00e1\u017ee: jak vysoko je zav\u011bsit, kam nasm\u011brovat otvor a&nbsp;jak zajistit, aby se do budky nedostali pred\u00e1to\u0159i, jako jsou kuny a&nbsp;ko\u010dky. Druh\u00fd tomu, jak pomoci po\u0161tolk\u00e1m a&nbsp;jin\u00fdm my\u0161o\u017eravc\u016fm jako jsou t\u0159eba mal\u00e9 sovy stavbou z\u00e1sobn\u00edku na my\u0161i. Je jen na v\u00e1s, zda se takto rozhodnete po\u0161tolk\u00e1m v&nbsp;roce, kdy je nedostatek hrabo\u0161\u016f pomoci na va\u0161em dvorku \u010di&nbsp;zahrad\u011b.<\/p>\n<a href=\"https:\/\/tinnunculus.sy-sy.cz\/wp-content\/uploads\/2025\/11\/Factsheet-Plaats-een-muizenruiter_LR2.pdf\" class=\"pdfemb-viewer\" style=\"\" data-width=\"max\" data-height=\"max\" data-toolbar=\"bottom\" data-toolbar-fixed=\"off\">Factsheet-Plaats-een-muizenruiter_LR2<\/a>\n","protected":false},"excerpt":{"rendered":"<p>Aneb p\u0159edstaven\u00ed leto\u0161n\u00edho nizozemsk\u00e9ho pt\u00e1ka roku a&nbsp;n\u00e1vodu na to, jak mu zajistit dostatek potravy.<\/p>\n","protected":false},"author":2,"featured_media":0,"comment_status":"open","ping_status":"open","sticky":false,"template":"","format":"standard","meta":{"jetpack_post_was_ever_published":false,"_jetpack_newsletter_access":"","_jetpack_dont_email_post_to_subs":false,"_jetpack_newsletter_tier_id":0,"_jetpack_memberships_contains_paywalled_content":false,"_jetpack_memberships_contains_paid_content":false,"footnotes":""},"categories":[119,105,110],"tags":[26,6,91,42],"class_list":["post-44925","post","type-post","status-publish","format-standard","hentry","category-info","category-postolka","category-postolka-obecna","tag-ps_19","tag-ps_14","tag-ps_95","tag-ps_31"],"jetpack_featured_media_url":"","jetpack_shortlink":"https:\/\/wp.me\/p91gKE-bGB","jetpack-related-posts":[{"id":99,"url":"https:\/\/tinnunculus.sy-sy.cz\/index.php\/2014\/04\/24\/ptak-roku\/","url_meta":{"origin":44925,"position":0},"title":"Pt\u00e1k roku","author":"Zuzana Syrov\u00e1 An\u00fd\u017eov\u00e1","date":"24\/04\/2014","format":"link","excerpt":"Po\u0161tolka obecn\u00e1 byla pt\u00e1kem roku ji\u017e v n\u011bkolika evropsk\u00fdch zem\u00edch: 1992 Ma\u010farsko 2001 Slovensko: http:\/\/www.seps.sk\/zp\/mvszopk\/ii\/2001\/062001\/11.htm 2002 \u010cR: http:\/\/www.birdlife.cz\/wpimages\/video\/ptak_roku_2002.pdf\u00a0 \u00a0http:\/\/www.oldcso.birdlife.cz\/www.cso.cz\/wpimages\/video\/ptak_roku_2002.pdf 2002 Rusko 2006 Loty\u0161sko 2007 Rakousko: https:\/\/www.birdlife.at\/unsere-arbeit\/vogel-des-jahres\/2007-turmfalke.html \/\/ https:\/\/www.birdlife.at\/voegel\/turmfalke\/ 2007 N\u011bmecko: http:\/\/www.nabu.de\/aktionenundprojekte\/vogeldesjahres\/2007-turmfalke\/; http:\/\/www.nabu.de\/imperia\/md\/content\/nabude\/vogelschutz\/vdj\/2007turmfalke\/1.pdf; http:\/\/www.nabu-elmshorn.de\/artenschutz\/turmfalke\/ 2008 \u0160v\u00fdcarsko: http:\/\/www.birdlife.ch\/fr\/content\/2008-faucon-cr%C3%A9cerelle; https:\/\/www.birdlife.ch\/fr\/content\/oiseau-de-lannee-2008-faucon-crecerelle http:\/\/www.birdlife.ch\/de\/content\/vogel-des-jahres-2008-turmfalke; http:\/\/www.birdlife.ch\/sites\/default\/files\/documents\/ORNIS-Turmfalke.pdf 2008 Gruzie: http:\/\/bcug.narod.ru\/BirdofYear2008.html 2009 Lucembursko: http:\/\/www.naturemwelt.lu\/natur-an-emwelt_ShowNews_News.20-2-296-0.html 2010 B\u011blorusko: https:\/\/birdwatch.by\/pustalga 2016 Arm\u00e9nie:\u2026","rel":"","context":"V \u201eInfo\u201c","block_context":{"text":"Info","link":"https:\/\/tinnunculus.sy-sy.cz\/index.php\/category\/info\/"},"img":{"alt_text":"","src":"","width":0,"height":0},"classes":[]},{"id":40596,"url":"https:\/\/tinnunculus.sy-sy.cz\/index.php\/2025\/03\/23\/vejce-online\/","url_meta":{"origin":44925,"position":1},"title":"Vejce online","author":"Zuzana Syrov\u00e1 An\u00fd\u017eov\u00e1","date":"23\/03\/2025","format":false,"excerpt":"Aneb o tom, \u017ee zat\u00edmco u n\u00e1s si na prvn\u00ed leto\u0161n\u00ed vejce budeme muset je\u0161t\u011b po\u010dkat, jinde u\u017e je maj\u00ed.","rel":"","context":"V \u201eDravec\u201c","block_context":{"text":"Dravec","link":"https:\/\/tinnunculus.sy-sy.cz\/index.php\/category\/ostatni-zvirena\/ptaci\/dravec\/"},"img":{"alt_text":"","src":"https:\/\/i0.wp.com\/tinnunculus.sy-sy.cz\/wp-content\/uploads\/2025\/03\/Blatna-2-20250322-2-e1742728526279.jpg?resize=350%2C200&ssl=1","width":350,"height":200,"srcset":"https:\/\/i0.wp.com\/tinnunculus.sy-sy.cz\/wp-content\/uploads\/2025\/03\/Blatna-2-20250322-2-e1742728526279.jpg?resize=350%2C200&ssl=1 1x, https:\/\/i0.wp.com\/tinnunculus.sy-sy.cz\/wp-content\/uploads\/2025\/03\/Blatna-2-20250322-2-e1742728526279.jpg?resize=525%2C300&ssl=1 1.5x, https:\/\/i0.wp.com\/tinnunculus.sy-sy.cz\/wp-content\/uploads\/2025\/03\/Blatna-2-20250322-2-e1742728526279.jpg?resize=700%2C400&ssl=1 2x"},"classes":[]},{"id":38278,"url":"https:\/\/tinnunculus.sy-sy.cz\/index.php\/2024\/11\/30\/kalendarium-2025\/","url_meta":{"origin":44925,"position":2},"title":"Kalend\u00e1rium 2025","author":"Zuzana Syrov\u00e1 An\u00fd\u017eov\u00e1","date":"30\/11\/2024","format":false,"excerpt":"Aneb tradi\u010dn\u00ed po\u0161tol\u010d\u00ed kalend\u00e1\u0159 na rok 2025.","rel":"","context":"V \u201e\"Na\u0161e\" po\u0161tolky\u201c","block_context":{"text":"\"Na\u0161e\" po\u0161tolky","link":"https:\/\/tinnunculus.sy-sy.cz\/index.php\/category\/nasi\/nase-postolky\/"},"img":{"alt_text":"","src":"","width":0,"height":0},"classes":[]},{"id":45118,"url":"https:\/\/tinnunculus.sy-sy.cz\/index.php\/2025\/12\/05\/kalendarium-2026\/","url_meta":{"origin":44925,"position":3},"title":"Kalend\u00e1rium 2026","author":"Zuzana Syrov\u00e1 An\u00fd\u017eov\u00e1","date":"05\/12\/2025","format":false,"excerpt":"Aneb tradi\u010dn\u00ed po\u0161tol\u010d\u00ed kalend\u00e1\u0159 na rok 2026.","rel":"","context":"V \u201e\"Na\u0161e\" po\u0161tolky\u201c","block_context":{"text":"\"Na\u0161e\" po\u0161tolky","link":"https:\/\/tinnunculus.sy-sy.cz\/index.php\/category\/nasi\/nase-postolky\/"},"img":{"alt_text":"","src":"","width":0,"height":0},"classes":[]},{"id":13006,"url":"https:\/\/tinnunculus.sy-sy.cz\/index.php\/2020\/06\/16\/dum-pro-jiricky\/","url_meta":{"origin":44925,"position":4},"title":"D\u016fm pro ji\u0159i\u010dky","author":"Zuzana Syrov\u00e1 An\u00fd\u017eov\u00e1","date":"16\/06\/2020","format":false,"excerpt":"Aneb o p\u0159\u00edm\u00e9m p\u0159enosu z \"domu\", kter\u00fd pro ji\u0159i\u010dky postavili ve \u0161v\u00fdcarsk\u00e9m Lausen.","rel":"","context":"V \u201eJi\u0159i\u010dka\u201c","block_context":{"text":"Ji\u0159i\u010dka","link":"https:\/\/tinnunculus.sy-sy.cz\/index.php\/category\/ostatni-zvirena\/ptaci\/jiricka\/"},"img":{"alt_text":"","src":"https:\/\/i0.wp.com\/tinnunculus.sy-sy.cz\/wp-content\/uploads\/2020\/06\/Lausen_jiricky-stavba.jpg?resize=350%2C200&ssl=1","width":350,"height":200,"srcset":"https:\/\/i0.wp.com\/tinnunculus.sy-sy.cz\/wp-content\/uploads\/2020\/06\/Lausen_jiricky-stavba.jpg?resize=350%2C200&ssl=1 1x, https:\/\/i0.wp.com\/tinnunculus.sy-sy.cz\/wp-content\/uploads\/2020\/06\/Lausen_jiricky-stavba.jpg?resize=525%2C300&ssl=1 1.5x, https:\/\/i0.wp.com\/tinnunculus.sy-sy.cz\/wp-content\/uploads\/2020\/06\/Lausen_jiricky-stavba.jpg?resize=700%2C400&ssl=1 2x"},"classes":[]},{"id":11754,"url":"https:\/\/tinnunculus.sy-sy.cz\/index.php\/2020\/03\/25\/prvni-vejce-roku-online\/","url_meta":{"origin":44925,"position":5},"title":"Prvn\u00ed vejce roku (online)","author":"Zuzana Syrov\u00e1 An\u00fd\u017eov\u00e1","date":"25\/03\/2020","format":false,"excerpt":"Aneb o tom, \u017ee se pod zv\u00eddav\u00fdmi oky kamer sleduj\u00edc\u00edmi online po\u0161tol\u010d\u00ed hn\u00edzda se u\u017e objevilo prvn\u00ed vejce.","rel":"","context":"V \u201eDravec\u201c","block_context":{"text":"Dravec","link":"https:\/\/tinnunculus.sy-sy.cz\/index.php\/category\/ostatni-zvirena\/ptaci\/dravec\/"},"img":{"alt_text":"","src":"https:\/\/i0.wp.com\/tinnunculus.sy-sy.cz\/wp-content\/uploads\/2020\/03\/Alstetten_20200325-1024x576.jpg?resize=350%2C200&ssl=1","width":350,"height":200,"srcset":"https:\/\/i0.wp.com\/tinnunculus.sy-sy.cz\/wp-content\/uploads\/2020\/03\/Alstetten_20200325-1024x576.jpg?resize=350%2C200&ssl=1 1x, https:\/\/i0.wp.com\/tinnunculus.sy-sy.cz\/wp-content\/uploads\/2020\/03\/Alstetten_20200325-1024x576.jpg?resize=525%2C300&ssl=1 1.5x"},"classes":[]}],"jetpack_sharing_enabled":true,"_links":{"self":[{"href":"https:\/\/tinnunculus.sy-sy.cz\/index.php\/wp-json\/wp\/v2\/posts\/44925","targetHints":{"allow":["GET"]}}],"collection":[{"href":"https:\/\/tinnunculus.sy-sy.cz\/index.php\/wp-json\/wp\/v2\/posts"}],"about":[{"href":"https:\/\/tinnunculus.sy-sy.cz\/index.php\/wp-json\/wp\/v2\/types\/post"}],"author":[{"embeddable":true,"href":"https:\/\/tinnunculus.sy-sy.cz\/index.php\/wp-json\/wp\/v2\/users\/2"}],"replies":[{"embeddable":true,"href":"https:\/\/tinnunculus.sy-sy.cz\/index.php\/wp-json\/wp\/v2\/comments?post=44925"}],"version-history":[{"count":3,"href":"https:\/\/tinnunculus.sy-sy.cz\/index.php\/wp-json\/wp\/v2\/posts\/44925\/revisions"}],"predecessor-version":[{"id":45186,"href":"https:\/\/tinnunculus.sy-sy.cz\/index.php\/wp-json\/wp\/v2\/posts\/44925\/revisions\/45186"}],"wp:attachment":[{"href":"https:\/\/tinnunculus.sy-sy.cz\/index.php\/wp-json\/wp\/v2\/media?parent=44925"}],"wp:term":[{"taxonomy":"category","embeddable":true,"href":"https:\/\/tinnunculus.sy-sy.cz\/index.php\/wp-json\/wp\/v2\/categories?post=44925"},{"taxonomy":"post_tag","embeddable":true,"href":"https:\/\/tinnunculus.sy-sy.cz\/index.php\/wp-json\/wp\/v2\/tags?post=44925"}],"curies":[{"name":"wp","href":"https:\/\/api.w.org\/{rel}","templated":true}]}}