{"id":44199,"date":"2025-10-28T10:13:23","date_gmt":"2025-10-28T09:13:23","guid":{"rendered":"https:\/\/tinnunculus.sy-sy.cz\/?p=44199"},"modified":"2025-12-12T12:52:42","modified_gmt":"2025-12-12T11:52:42","slug":"katedrala","status":"publish","type":"post","link":"https:\/\/tinnunculus.sy-sy.cz\/index.php\/2025\/10\/28\/katedrala\/","title":{"rendered":"Katedr\u00e1la"},"content":{"rendered":"<p><img data-recalc-dims=\"1\" loading=\"lazy\" decoding=\"async\" data-attachment-id=\"44204\" data-permalink=\"https:\/\/tinnunculus.sy-sy.cz\/index.php\/2025\/10\/28\/katedrala\/notredame03\/\" data-orig-file=\"https:\/\/i0.wp.com\/tinnunculus.sy-sy.cz\/wp-content\/uploads\/2025\/10\/NotreDame03-e1761642144249.jpg?fit=1038%2C585&amp;ssl=1\" data-orig-size=\"1038,585\" data-comments-opened=\"1\" data-image-meta=\"{&quot;aperture&quot;:&quot;0&quot;,&quot;credit&quot;:&quot;&quot;,&quot;camera&quot;:&quot;&quot;,&quot;caption&quot;:&quot;&quot;,&quot;created_timestamp&quot;:&quot;0&quot;,&quot;copyright&quot;:&quot;&quot;,&quot;focal_length&quot;:&quot;0&quot;,&quot;iso&quot;:&quot;0&quot;,&quot;shutter_speed&quot;:&quot;0&quot;,&quot;title&quot;:&quot;&quot;,&quot;orientation&quot;:&quot;0&quot;}\" data-image-title=\"NotreDame03\" data-image-description=\"\" data-image-caption=\"\" data-large-file=\"https:\/\/i0.wp.com\/tinnunculus.sy-sy.cz\/wp-content\/uploads\/2025\/10\/NotreDame03-e1761642144249.jpg?fit=525%2C296&amp;ssl=1\" class=\"aligncenter wp-image-44204 size-large\" src=\"https:\/\/i0.wp.com\/tinnunculus.sy-sy.cz\/wp-content\/uploads\/2025\/10\/NotreDame03-e1761642129948-1024x577.jpg?resize=525%2C296&#038;ssl=1\" alt=\"\" width=\"525\" height=\"296\" \/><\/p>\n<blockquote><p>Po\u0161tolka nem\u00e1 kdy rozmlouvat s&nbsp;bohem,<br \/>\nsere na baroko, sere na gotiku, mus\u00ed se ot\u00e1\u010det:<br \/>\nhrabo\u0161e si nos\u00ed z&nbsp;pol\u00ed na periferi\u00edch,<br \/>\nza v\u011btru a&nbsp;de\u0161t\u011b reguluje holuby.<!--more--><\/p>\n<p>Skl\u00e1d\u00e1 k\u0159\u00eddla a&nbsp;pad\u00e1 st\u0159emhlav k&nbsp;zemi,<br \/>\ndo d\u011btsk\u00fdch ch\u0159t\u00e1n\u016f cel\u00fd den strk\u00e1 c\u00e1ry masa.<br \/>\nJej\u00ed pe\u0159\u00ed je podobn\u00e9 brok\u00e1tu, ale ona o&nbsp;tom nev\u00ed,<br \/>\nhn\u00edzdo si stele my\u0161\u00ed ko\u017ee\u0161inou.<\/p>\n<p>Odpo\u010d\u00edv\u00e1 na apo\u0161tolech,<br \/>\n\u010dist\u00ed si letky, rovn\u00e1 \u010dern\u00fd lem roucha.<br \/>\nNa vz\u00e1cn\u00fdch st\u0159edov\u011bk\u00fdch kamenech<br \/>\nnech\u00e1v\u00e1 signaturu.<\/p><\/blockquote>\n<p>Tak takhle n\u011bjak to vypad\u00e1, kdy\u017e po\u0161tolka p\u0159ijde do m\u011bsta a&nbsp;usad\u00ed se na katedr\u00e1le, alespo\u0148 v&nbsp;b\u00e1sni Marie Ilja\u0161enko. Poslechnout si m\u016f\u017eete i&nbsp;jej\u00ed <a href=\"https:\/\/www.youtube.com\/live\/olgUDOkEcyM?si=qyPJtS-nVEezbyTC&amp;t=1423\" target=\"_blank\" rel=\"noopener\">autorsk\u00e9 \u010dten\u00ed<\/a>.<\/p>\n<ul>\n<li>ILJA\u0160ENKO, Marie.\u00a0<i>Zv\u00ed\u0159ata p\u0159ich\u00e1zej\u00ed do m\u011bsta<\/i>. Ilustroval Mariko GELMAN. Brno: Host, 2025. ISBN 978-80-275-2546-1.<\/li>\n<\/ul>\n","protected":false},"excerpt":{"rendered":"<p>Aneb o&nbsp;tom, jak to vypad\u00e1, kdy\u017e po\u0161tolka p\u0159ijde do m\u011bsta a&nbsp;usad\u00ed se na katedr\u00e1le, alespo\u0148 v&nbsp;b\u00e1sni Marie Ilja\u0161enko.<\/p>\n","protected":false},"author":2,"featured_media":0,"comment_status":"open","ping_status":"open","sticky":false,"template":"","format":"quote","meta":{"jetpack_post_was_ever_published":false,"_jetpack_newsletter_access":"","_jetpack_dont_email_post_to_subs":false,"_jetpack_newsletter_tier_id":0,"_jetpack_memberships_contains_paywalled_content":false,"_jetpack_memberships_contains_paid_content":false,"footnotes":""},"categories":[105,110,225,307,108],"tags":[1577,1034,12],"class_list":["post-44199","post","type-post","status-publish","format-quote","hentry","category-postolka","category-postolka-obecna","category-ptaci-v-literature-filmu-a-vytvarnem-umeni","category-ptaci","category-ostatni-zvirena","tag-iljasenko-marie","tag-postolka","tag-ps_30","post_format-post-format-quote"],"jetpack_featured_media_url":"","jetpack_shortlink":"https:\/\/wp.me\/p91gKE-buT","jetpack-related-posts":[{"id":2594,"url":"https:\/\/tinnunculus.sy-sy.cz\/index.php\/2017\/12\/26\/zima-online\/","url_meta":{"origin":44199,"position":0},"title":"Zima online","author":"Zuzana Syrov\u00e1 An\u00fd\u017eov\u00e1","date":"26\/12\/2017","format":false,"excerpt":"\"Bude zima, bude mr\u00e1z, kam se, pt\u00e1\u010dku, kam schov\u00e1\u0161? Schov\u00e1m j\u00e1 se pod hrudu, tam j\u00e1 zimu p\u0159ebudu. Bude zima, bude mr\u00e1z, kam se, pt\u00e1\u010dku, kam schov\u00e1\u0161? Schov\u00e1m se do javora, to bude m\u00e1 komora. Bude zima, bude mr\u00e1z, kam se, pt\u00e1\u010dku, kam schov\u00e1\u0161? Schov\u00e1m j\u00e1 se pod mezu, a\u017e\u2026","rel":"","context":"V \u201eOnline odjinud\u201c","block_context":{"text":"Online odjinud","link":"https:\/\/tinnunculus.sy-sy.cz\/index.php\/category\/zivy-prenos\/odjinud\/"},"img":{"alt_text":"","src":"","width":0,"height":0},"classes":[]},{"id":28481,"url":"https:\/\/tinnunculus.sy-sy.cz\/index.php\/2023\/12\/15\/jedlicka\/","url_meta":{"origin":44199,"position":1},"title":"Jedli\u010dka","author":"Zuzana Syrov\u00e1 An\u00fd\u017eov\u00e1","date":"15\/12\/2023","format":false,"excerpt":"Aneb o tom, jak se v na\u0161\u00ed lod\u017eii objevila nov\u00e1 jedli\u010dka a co na to \"na\u0161e\" po\u0161tolky.","rel":"","context":"V \u201e\"Na\u0161e\" po\u0161tolky\u201c","block_context":{"text":"\"Na\u0161e\" po\u0161tolky","link":"https:\/\/tinnunculus.sy-sy.cz\/index.php\/category\/nasi\/nase-postolky\/"},"img":{"alt_text":"","src":"https:\/\/i0.wp.com\/tinnunculus.sy-sy.cz\/wp-content\/uploads\/2023\/12\/20231215-1442315176-e1702658798735.jpg?resize=350%2C200","width":350,"height":200,"srcset":"https:\/\/i0.wp.com\/tinnunculus.sy-sy.cz\/wp-content\/uploads\/2023\/12\/20231215-1442315176-e1702658798735.jpg?resize=350%2C200 1x, https:\/\/i0.wp.com\/tinnunculus.sy-sy.cz\/wp-content\/uploads\/2023\/12\/20231215-1442315176-e1702658798735.jpg?resize=525%2C300 1.5x, https:\/\/i0.wp.com\/tinnunculus.sy-sy.cz\/wp-content\/uploads\/2023\/12\/20231215-1442315176-e1702658798735.jpg?resize=700%2C400 2x, https:\/\/i0.wp.com\/tinnunculus.sy-sy.cz\/wp-content\/uploads\/2023\/12\/20231215-1442315176-e1702658798735.jpg?resize=1050%2C600 3x, https:\/\/i0.wp.com\/tinnunculus.sy-sy.cz\/wp-content\/uploads\/2023\/12\/20231215-1442315176-e1702658798735.jpg?resize=1400%2C800 4x"},"classes":[]},{"id":343,"url":"https:\/\/tinnunculus.sy-sy.cz\/index.php\/2016\/06\/12\/ignis-brunensis-2016\/","url_meta":{"origin":44199,"position":2},"title":"Ignis Brunensis 2016","author":"Zuzana Syrov\u00e1 An\u00fd\u017eov\u00e1","date":"12\/06\/2016","format":false,"excerpt":"Zase je tu, letos u\u017e po devaten\u00e1ct\u00e9, Ignis Brunensis. A jak by taky ne, kdy\u017e \u017eijeme v Brn\u011b, m\u011bst\u011b uprost\u0159ed Evropy. \u017de by proti takov\u00e9 veselici n\u011bkdo mohl n\u011bco m\u00edt? To mo\u017en\u00e1 b\u00fdvalo. Letos co do protest\u016f, zd\u00e1 se, ticho po p\u011b\u0161in\u011b. Po t\u011bch kolem brn\u011bnsk\u00e9 p\u0159ehledy l\u00e9pe se po\u2026","rel":"","context":"V \u201e\"Na\u0161e\" po\u0161tolky\u201c","block_context":{"text":"\"Na\u0161e\" po\u0161tolky","link":"https:\/\/tinnunculus.sy-sy.cz\/index.php\/category\/nasi\/nase-postolky\/"},"img":{"alt_text":"","src":"","width":0,"height":0},"classes":[]},{"id":41348,"url":"https:\/\/tinnunculus.sy-sy.cz\/index.php\/2025\/04\/15\/dumyslna-skrys\/","url_meta":{"origin":44199,"position":3},"title":"D\u016fmy\u0161ln\u00e1 skr\u00fd\u0161","author":"Zuzana Syrov\u00e1 An\u00fd\u017eov\u00e1","date":"15\/04\/2025","format":false,"excerpt":"Aneb o d\u016fmysln\u00e9 skr\u00fd\u0161i na my\u0161i, kterou pou\u017e\u00edv\u00e1 \"na\u0161e\" pan\u00ed po\u0161tolka.","rel":"","context":"V \u201e\"Na\u0161e\" po\u0161tolky\u201c","block_context":{"text":"\"Na\u0161e\" po\u0161tolky","link":"https:\/\/tinnunculus.sy-sy.cz\/index.php\/category\/nasi\/nase-postolky\/"},"img":{"alt_text":"","src":"https:\/\/i0.wp.com\/tinnunculus.sy-sy.cz\/wp-content\/uploads\/2025\/04\/20250415-1845030255-Cam-7-Type-0-e1744822988111-1024x577.jpg?resize=350%2C200&ssl=1","width":350,"height":200,"srcset":"https:\/\/i0.wp.com\/tinnunculus.sy-sy.cz\/wp-content\/uploads\/2025\/04\/20250415-1845030255-Cam-7-Type-0-e1744822988111-1024x577.jpg?resize=350%2C200&ssl=1 1x, https:\/\/i0.wp.com\/tinnunculus.sy-sy.cz\/wp-content\/uploads\/2025\/04\/20250415-1845030255-Cam-7-Type-0-e1744822988111-1024x577.jpg?resize=525%2C300&ssl=1 1.5x"},"classes":[]},{"id":23207,"url":"https:\/\/tinnunculus.sy-sy.cz\/index.php\/2023\/05\/31\/zasobovani-skladovani-krmeni\/","url_meta":{"origin":44199,"position":4},"title":"Z\u00e1sobov\u00e1n\u00ed, skladov\u00e1n\u00ed, krmen\u00ed","author":"Zuzana Syrov\u00e1 An\u00fd\u017eov\u00e1","date":"31\/05\/2023","format":false,"excerpt":"Aneb o tom, jak prob\u00edh\u00e1 z\u00e1sobov\u00e1n\u00ed po\u0161tol\u010d\u00edho hn\u00edzda a jak se po\u0161tol\u010data krm\u00ed.","rel":"","context":"V \u201e\"Na\u0161e\" po\u0161tolky\u201c","block_context":{"text":"\"Na\u0161e\" po\u0161tolky","link":"https:\/\/tinnunculus.sy-sy.cz\/index.php\/category\/nasi\/nase-postolky\/"},"img":{"alt_text":"","src":"https:\/\/i0.wp.com\/tinnunculus.sy-sy.cz\/wp-content\/uploads\/2023\/06\/2023-05-31-1735070929-e1685570817686-1024x576.jpg?resize=350%2C200&ssl=1","width":350,"height":200,"srcset":"https:\/\/i0.wp.com\/tinnunculus.sy-sy.cz\/wp-content\/uploads\/2023\/06\/2023-05-31-1735070929-e1685570817686-1024x576.jpg?resize=350%2C200&ssl=1 1x, https:\/\/i0.wp.com\/tinnunculus.sy-sy.cz\/wp-content\/uploads\/2023\/06\/2023-05-31-1735070929-e1685570817686-1024x576.jpg?resize=525%2C300&ssl=1 1.5x"},"classes":[]},{"id":12524,"url":"https:\/\/tinnunculus.sy-sy.cz\/index.php\/2020\/05\/19\/postolka-rudonoha-nejen-online\/","url_meta":{"origin":44199,"position":5},"title":"Po\u0161tolka rudonoh\u00e1 (nejen) online","author":"Zuzana Syrov\u00e1 An\u00fd\u017eov\u00e1","date":"19\/05\/2020","format":false,"excerpt":"Do na\u0161\u00ed tabulky p\u0159enos\u016f z hn\u00edzd po\u0161tolek obecn\u00fdch Falco tinnunculus online jsme ned\u00e1vno doplnilip\u0159enos z N\u00e1rodn\u00edho parku Hortob\u00e1gy (Hortob\u00e1gyi Nemzeti Park) (viz info o p\u0159enosu). Do tabulky byl za\u0159azen, proto\u017ee jednu z budek, ur\u010den\u00fdch pro po\u0161tolky rudonoh\u00e9, tam obsadily po\u0161tolky obecn\u00e9. P\u0159enos\u016f z hn\u00edzd\u011bn\u00ed po\u0161tolek rudonoh\u00fdch nen\u00ed z\u0159ejm\u011b mnoho. V\u00edme\u2026","rel":"","context":"V \u201eDravec\u201c","block_context":{"text":"Dravec","link":"https:\/\/tinnunculus.sy-sy.cz\/index.php\/category\/ostatni-zvirena\/ptaci\/dravec\/"},"img":{"alt_text":"","src":"https:\/\/i0.wp.com\/tinnunculus.sy-sy.cz\/wp-content\/uploads\/2020\/05\/HU_20200429.png?resize=350%2C200&ssl=1","width":350,"height":200,"srcset":"https:\/\/i0.wp.com\/tinnunculus.sy-sy.cz\/wp-content\/uploads\/2020\/05\/HU_20200429.png?resize=350%2C200&ssl=1 1x, https:\/\/i0.wp.com\/tinnunculus.sy-sy.cz\/wp-content\/uploads\/2020\/05\/HU_20200429.png?resize=525%2C300&ssl=1 1.5x, https:\/\/i0.wp.com\/tinnunculus.sy-sy.cz\/wp-content\/uploads\/2020\/05\/HU_20200429.png?resize=700%2C400&ssl=1 2x"},"classes":[]}],"jetpack_sharing_enabled":true,"_links":{"self":[{"href":"https:\/\/tinnunculus.sy-sy.cz\/index.php\/wp-json\/wp\/v2\/posts\/44199","targetHints":{"allow":["GET"]}}],"collection":[{"href":"https:\/\/tinnunculus.sy-sy.cz\/index.php\/wp-json\/wp\/v2\/posts"}],"about":[{"href":"https:\/\/tinnunculus.sy-sy.cz\/index.php\/wp-json\/wp\/v2\/types\/post"}],"author":[{"embeddable":true,"href":"https:\/\/tinnunculus.sy-sy.cz\/index.php\/wp-json\/wp\/v2\/users\/2"}],"replies":[{"embeddable":true,"href":"https:\/\/tinnunculus.sy-sy.cz\/index.php\/wp-json\/wp\/v2\/comments?post=44199"}],"version-history":[{"count":3,"href":"https:\/\/tinnunculus.sy-sy.cz\/index.php\/wp-json\/wp\/v2\/posts\/44199\/revisions"}],"predecessor-version":[{"id":44769,"href":"https:\/\/tinnunculus.sy-sy.cz\/index.php\/wp-json\/wp\/v2\/posts\/44199\/revisions\/44769"}],"wp:attachment":[{"href":"https:\/\/tinnunculus.sy-sy.cz\/index.php\/wp-json\/wp\/v2\/media?parent=44199"}],"wp:term":[{"taxonomy":"category","embeddable":true,"href":"https:\/\/tinnunculus.sy-sy.cz\/index.php\/wp-json\/wp\/v2\/categories?post=44199"},{"taxonomy":"post_tag","embeddable":true,"href":"https:\/\/tinnunculus.sy-sy.cz\/index.php\/wp-json\/wp\/v2\/tags?post=44199"}],"curies":[{"name":"wp","href":"https:\/\/api.w.org\/{rel}","templated":true}]}}