{"id":44142,"date":"2025-10-05T16:43:30","date_gmt":"2025-10-05T14:43:30","guid":{"rendered":"https:\/\/tinnunculus.sy-sy.cz\/?p=44142"},"modified":"2025-12-12T14:24:59","modified_gmt":"2025-12-12T13:24:59","slug":"navstevnici-rehek","status":"publish","type":"post","link":"https:\/\/tinnunculus.sy-sy.cz\/index.php\/2025\/10\/05\/navstevnici-rehek\/","title":{"rendered":"N\u00e1v\u0161t\u011bvn\u00edci: Rehek"},"content":{"rendered":"<p><a href=\"https:\/\/i0.wp.com\/tinnunculus.sy-sy.cz\/wp-content\/uploads\/2025\/10\/20251004-155841pe-0-e1761141865204.jpg?ssl=1\" target=\"_blank\" rel=\"noopener\"><img data-recalc-dims=\"1\" loading=\"lazy\" decoding=\"async\" data-attachment-id=\"44129\" data-permalink=\"https:\/\/tinnunculus.sy-sy.cz\/index.php\/2025\/10\/05\/navstevnici-rehek\/20251004-155841pe-0\/\" data-orig-file=\"https:\/\/i0.wp.com\/tinnunculus.sy-sy.cz\/wp-content\/uploads\/2025\/10\/20251004-155841pe-0-e1761141865204.jpg?fit=1038%2C585&amp;ssl=1\" data-orig-size=\"1038,585\" data-comments-opened=\"1\" data-image-meta=\"{&quot;aperture&quot;:&quot;0&quot;,&quot;credit&quot;:&quot;&quot;,&quot;camera&quot;:&quot;&quot;,&quot;caption&quot;:&quot;&quot;,&quot;created_timestamp&quot;:&quot;0&quot;,&quot;copyright&quot;:&quot;&quot;,&quot;focal_length&quot;:&quot;0&quot;,&quot;iso&quot;:&quot;0&quot;,&quot;shutter_speed&quot;:&quot;0&quot;,&quot;title&quot;:&quot;&quot;,&quot;orientation&quot;:&quot;0&quot;}\" data-image-title=\"20251004-155841pe-0\" data-image-description=\"\" data-image-caption=\"\" data-large-file=\"https:\/\/i0.wp.com\/tinnunculus.sy-sy.cz\/wp-content\/uploads\/2025\/10\/20251004-155841pe-0-e1761141865204.jpg?fit=525%2C296&amp;ssl=1\" class=\"aligncenter wp-image-44129 size-large\" src=\"https:\/\/i0.wp.com\/tinnunculus.sy-sy.cz\/wp-content\/uploads\/2025\/10\/20251004-155841pe-0-e1761141850325-1024x577.jpg?resize=525%2C296&#038;ssl=1\" alt=\"\" width=\"525\" height=\"296\" \/><\/a><\/p>\n<p>Od t\u00e9 doby, co jsou dom\u00e1c\u00ed po\u0161tolky skoro cel\u00fd den pry\u010d, se v&nbsp;na\u0161\u00ed lod\u017eii objevuje st\u00e1le \u010dast\u011bji r\u016fzn\u00e1 drobotina. Jako t\u0159eba v\u010dera jist\u00fd pt\u00e1\u010dek s&nbsp;rezat\u00fdm oc\u00e1skem \u010dili rehek dom\u00e1c\u00ed&#8230;<!--more--><\/p>\n<div style=\"width: 525px;\" class=\"wp-video\"><video class=\"wp-video-shortcode\" id=\"video-44142-1\" width=\"525\" height=\"295\" preload=\"metadata\" controls=\"controls\"><source type=\"video\/mp4\" src=\"https:\/\/tinnunculus.sy-sy.cz\/wp-content\/uploads\/2025\/10\/20251004-155832_20251004-155850.mp4?_=1\" \/><a href=\"https:\/\/tinnunculus.sy-sy.cz\/wp-content\/uploads\/2025\/10\/20251004-155832_20251004-155850.mp4\">https:\/\/tinnunculus.sy-sy.cz\/wp-content\/uploads\/2025\/10\/20251004-155832_20251004-155850.mp4<\/a><\/video><\/div>\n","protected":false},"excerpt":{"rendered":"<p>Aneb o&nbsp;drobotin\u011b, co v&nbsp;dob\u011b, kdy po\u0161tolky nejsou p\u0159es den doma, st\u00e1le \u010dast\u011bji nav\u0161t\u011bvuje na\u0161i lod\u017eii &#8211; jako t\u0159eba jist\u00fd pt\u00e1\u010dek s&nbsp;rezat\u00fdm oc\u00e1skem \u010dili rehek dom\u00e1c\u00ed&#8230;<\/p>\n","protected":false},"author":2,"featured_media":0,"comment_status":"open","ping_status":"open","sticky":false,"template":"","format":"standard","meta":{"jetpack_post_was_ever_published":false,"_jetpack_newsletter_access":"","_jetpack_dont_email_post_to_subs":false,"_jetpack_newsletter_tier_id":0,"_jetpack_memberships_contains_paywalled_content":false,"_jetpack_memberships_contains_paid_content":false,"footnotes":""},"categories":[116,830,308,307,125,108],"tags":[11],"class_list":["post-44142","post","type-post","status-publish","format-standard","hentry","category-nasi","category-nasi-sousede-rehkove","category-ostatni-najemnici-a-navstevnici","category-ptaci","category-rehek","category-ostatni-zvirena","tag-ps_108"],"jetpack_featured_media_url":"","jetpack_shortlink":"https:\/\/wp.me\/p91gKE-btY","jetpack-related-posts":[{"id":49037,"url":"https:\/\/tinnunculus.sy-sy.cz\/index.php\/2026\/04\/17\/navstevnik-s-rezatym-ocaskem-2\/","url_meta":{"origin":44142,"position":0},"title":"S rezat\u00fdm oc\u00e1skem","author":"Zuzana Syrov\u00e1 An\u00fd\u017eov\u00e1","date":"17\/04\/2026","format":false,"excerpt":"Aneb o tom, n\u00e1s poctil n\u00e1v\u0161t\u011bvou pt\u00e1\u010dek s rezat\u00fdm oc\u00e1skem \u010dili rehek dom\u00e1c\u00ed (Phoenicurus ochruros).\u00a0","rel":"","context":"V \u201eN\u00e1jemn\u00edci a n\u00e1v\u0161t\u011bvn\u00edci\u201c","block_context":{"text":"N\u00e1jemn\u00edci a n\u00e1v\u0161t\u011bvn\u00edci","link":"https:\/\/tinnunculus.sy-sy.cz\/index.php\/category\/nasi\/"},"img":{"alt_text":"","src":"https:\/\/i0.wp.com\/tinnunculus.sy-sy.cz\/wp-content\/uploads\/2026\/04\/20260417-083302pe-0-e1776411394228.jpg?resize=350%2C200","width":350,"height":200,"srcset":"https:\/\/i0.wp.com\/tinnunculus.sy-sy.cz\/wp-content\/uploads\/2026\/04\/20260417-083302pe-0-e1776411394228.jpg?resize=350%2C200 1x, https:\/\/i0.wp.com\/tinnunculus.sy-sy.cz\/wp-content\/uploads\/2026\/04\/20260417-083302pe-0-e1776411394228.jpg?resize=525%2C300 1.5x, https:\/\/i0.wp.com\/tinnunculus.sy-sy.cz\/wp-content\/uploads\/2026\/04\/20260417-083302pe-0-e1776411394228.jpg?resize=700%2C400 2x"},"classes":[]},{"id":13197,"url":"https:\/\/tinnunculus.sy-sy.cz\/index.php\/2020\/06\/25\/ptacek-s-rezatym-ocaskem\/","url_meta":{"origin":44142,"position":1},"title":"Pt\u00e1\u010dek s&nbsp;rezat\u00fdm oc\u00e1skem","author":"Zuzana Syrov\u00e1 An\u00fd\u017eov\u00e1","date":"25\/06\/2020","format":false,"excerpt":"Aneb o dal\u0161\u00ed zdvo\u0159ilostn\u00ed n\u00e1v\u0161t\u011bv\u011b jednoho rehka dom\u00e1c\u00edho.","rel":"","context":"V \u201e\"Na\u0161e\" po\u0161tolky\u201c","block_context":{"text":"\"Na\u0161e\" po\u0161tolky","link":"https:\/\/tinnunculus.sy-sy.cz\/index.php\/category\/nasi\/nase-postolky\/"},"img":{"alt_text":"","src":"https:\/\/i0.wp.com\/tinnunculus.sy-sy.cz\/wp-content\/uploads\/2020\/06\/20200625-0502299854uprav-1024x576.jpg?resize=350%2C200&ssl=1","width":350,"height":200,"srcset":"https:\/\/i0.wp.com\/tinnunculus.sy-sy.cz\/wp-content\/uploads\/2020\/06\/20200625-0502299854uprav-1024x576.jpg?resize=350%2C200&ssl=1 1x, https:\/\/i0.wp.com\/tinnunculus.sy-sy.cz\/wp-content\/uploads\/2020\/06\/20200625-0502299854uprav-1024x576.jpg?resize=525%2C300&ssl=1 1.5x"},"classes":[]},{"id":34358,"url":"https:\/\/tinnunculus.sy-sy.cz\/index.php\/2024\/04\/11\/navstevnik-s-rezatym-ocaskem\/","url_meta":{"origin":44142,"position":2},"title":"N\u00e1v\u0161t\u011bvn\u00edk s&nbsp;rezat\u00fdm oc\u00e1skem","author":"Zuzana Syrov\u00e1 An\u00fd\u017eov\u00e1","date":"11\/04\/2024","format":false,"excerpt":"Aneb o prvn\u00ed kr\u00e1tk\u00e9 leto\u0161n\u00ed n\u00e1v\u0161t\u011bv\u011b ope\u0159en\u00e9ho souseda se zrzav\u00fdm oc\u00e1skem.","rel":"","context":"V \u201eN\u00e1jemn\u00edci a n\u00e1v\u0161t\u011bvn\u00edci\u201c","block_context":{"text":"N\u00e1jemn\u00edci a n\u00e1v\u0161t\u011bvn\u00edci","link":"https:\/\/tinnunculus.sy-sy.cz\/index.php\/category\/nasi\/"},"img":{"alt_text":"","src":"https:\/\/i0.wp.com\/tinnunculus.sy-sy.cz\/wp-content\/uploads\/2024\/04\/20240411-0739334955-e1712866805939.jpg?resize=350%2C200&ssl=1","width":350,"height":200,"srcset":"https:\/\/i0.wp.com\/tinnunculus.sy-sy.cz\/wp-content\/uploads\/2024\/04\/20240411-0739334955-e1712866805939.jpg?resize=350%2C200&ssl=1 1x, https:\/\/i0.wp.com\/tinnunculus.sy-sy.cz\/wp-content\/uploads\/2024\/04\/20240411-0739334955-e1712866805939.jpg?resize=525%2C300&ssl=1 1.5x, https:\/\/i0.wp.com\/tinnunculus.sy-sy.cz\/wp-content\/uploads\/2024\/04\/20240411-0739334955-e1712866805939.jpg?resize=700%2C400&ssl=1 2x"},"classes":[]},{"id":21733,"url":"https:\/\/tinnunculus.sy-sy.cz\/index.php\/2023\/04\/25\/pate-vejce-a-odmena-s-rezatym-ocaskem\/","url_meta":{"origin":44142,"position":3},"title":"P\u00e1t\u00e9 vejce a&nbsp;odm\u011bna s&nbsp;rezat\u00fdm oc\u00e1skem","author":"Zuzana Syrov\u00e1 An\u00fd\u017eov\u00e1","date":"25\/04\/2023","format":false,"excerpt":"Aneb o tom, jak \"na\u0161e\" pan\u00ed po\u0161tolka snesla p\u00e1t\u00e9 vejce a jak j\u00ed pan po\u0161tolka p\u0159inesl pt\u00e1\u010dka s rezat\u00fdm oc\u00e1skem.","rel":"","context":"V \u201e\"Na\u0161e\" po\u0161tolky\u201c","block_context":{"text":"\"Na\u0161e\" po\u0161tolky","link":"https:\/\/tinnunculus.sy-sy.cz\/index.php\/category\/nasi\/nase-postolky\/"},"img":{"alt_text":"","src":"https:\/\/i0.wp.com\/tinnunculus.sy-sy.cz\/wp-content\/uploads\/2023\/04\/2023-04-25-0852454900-e1682420666937.jpg?resize=350%2C200&ssl=1","width":350,"height":200,"srcset":"https:\/\/i0.wp.com\/tinnunculus.sy-sy.cz\/wp-content\/uploads\/2023\/04\/2023-04-25-0852454900-e1682420666937.jpg?resize=350%2C200&ssl=1 1x, https:\/\/i0.wp.com\/tinnunculus.sy-sy.cz\/wp-content\/uploads\/2023\/04\/2023-04-25-0852454900-e1682420666937.jpg?resize=525%2C300&ssl=1 1.5x, https:\/\/i0.wp.com\/tinnunculus.sy-sy.cz\/wp-content\/uploads\/2023\/04\/2023-04-25-0852454900-e1682420666937.jpg?resize=700%2C400&ssl=1 2x"},"classes":[]},{"id":49229,"url":"https:\/\/tinnunculus.sy-sy.cz\/index.php\/2026\/04\/20\/rehek-v-truhliku\/","url_meta":{"origin":44142,"position":4},"title":"Rehek v&nbsp;truhl\u00edku","author":"Zuzana Syrov\u00e1 An\u00fd\u017eov\u00e1","date":"20\/04\/2026","format":false,"excerpt":"Aneb o tom, jak jeden pt\u00e1\u010dek s rezat\u00fdm oc\u00e1skem nav\u0161t\u00edvil tentokr\u00e1te truhl\u00edk za oknem na\u0161\u00ed kuchyn\u011b.","rel":"","context":"V \u201eN\u00e1jemn\u00edci a n\u00e1v\u0161t\u011bvn\u00edci\u201c","block_context":{"text":"N\u00e1jemn\u00edci a n\u00e1v\u0161t\u011bvn\u00edci","link":"https:\/\/tinnunculus.sy-sy.cz\/index.php\/category\/nasi\/"},"img":{"alt_text":"","src":"https:\/\/i0.wp.com\/tinnunculus.sy-sy.cz\/wp-content\/uploads\/2026\/04\/20260420-143802pe-0-e1776693215193-1024x575.jpg?resize=350%2C200&ssl=1","width":350,"height":200,"srcset":"https:\/\/i0.wp.com\/tinnunculus.sy-sy.cz\/wp-content\/uploads\/2026\/04\/20260420-143802pe-0-e1776693215193-1024x575.jpg?resize=350%2C200&ssl=1 1x, https:\/\/i0.wp.com\/tinnunculus.sy-sy.cz\/wp-content\/uploads\/2026\/04\/20260420-143802pe-0-e1776693215193-1024x575.jpg?resize=525%2C300&ssl=1 1.5x"},"classes":[]},{"id":28746,"url":"https:\/\/tinnunculus.sy-sy.cz\/index.php\/2023\/12\/19\/ptak-roku-2024\/","url_meta":{"origin":44142,"position":5},"title":"Pt\u00e1k roku 2024","author":"Zuzana Syrov\u00e1 An\u00fd\u017eov\u00e1","date":"19\/12\/2023","format":false,"excerpt":"Aneb o ope\u0159enci s rezat\u00fdm oc\u00e1skem, kter\u00fd se stal pt\u00e1kem roku 2024.","rel":"","context":"V \u201eN\u00e1jemn\u00edci a n\u00e1v\u0161t\u011bvn\u00edci\u201c","block_context":{"text":"N\u00e1jemn\u00edci a n\u00e1v\u0161t\u011bvn\u00edci","link":"https:\/\/tinnunculus.sy-sy.cz\/index.php\/category\/nasi\/"},"img":{"alt_text":"","src":"https:\/\/i0.wp.com\/tinnunculus.sy-sy.cz\/wp-content\/uploads\/2023\/12\/DSC_7762-scaled-e1702934375943-1024x576.jpg?resize=350%2C200&ssl=1","width":350,"height":200,"srcset":"https:\/\/i0.wp.com\/tinnunculus.sy-sy.cz\/wp-content\/uploads\/2023\/12\/DSC_7762-scaled-e1702934375943-1024x576.jpg?resize=350%2C200&ssl=1 1x, https:\/\/i0.wp.com\/tinnunculus.sy-sy.cz\/wp-content\/uploads\/2023\/12\/DSC_7762-scaled-e1702934375943-1024x576.jpg?resize=525%2C300&ssl=1 1.5x"},"classes":[]}],"jetpack_sharing_enabled":true,"_links":{"self":[{"href":"https:\/\/tinnunculus.sy-sy.cz\/index.php\/wp-json\/wp\/v2\/posts\/44142","targetHints":{"allow":["GET"]}}],"collection":[{"href":"https:\/\/tinnunculus.sy-sy.cz\/index.php\/wp-json\/wp\/v2\/posts"}],"about":[{"href":"https:\/\/tinnunculus.sy-sy.cz\/index.php\/wp-json\/wp\/v2\/types\/post"}],"author":[{"embeddable":true,"href":"https:\/\/tinnunculus.sy-sy.cz\/index.php\/wp-json\/wp\/v2\/users\/2"}],"replies":[{"embeddable":true,"href":"https:\/\/tinnunculus.sy-sy.cz\/index.php\/wp-json\/wp\/v2\/comments?post=44142"}],"version-history":[{"count":3,"href":"https:\/\/tinnunculus.sy-sy.cz\/index.php\/wp-json\/wp\/v2\/posts\/44142\/revisions"}],"predecessor-version":[{"id":44164,"href":"https:\/\/tinnunculus.sy-sy.cz\/index.php\/wp-json\/wp\/v2\/posts\/44142\/revisions\/44164"}],"wp:attachment":[{"href":"https:\/\/tinnunculus.sy-sy.cz\/index.php\/wp-json\/wp\/v2\/media?parent=44142"}],"wp:term":[{"taxonomy":"category","embeddable":true,"href":"https:\/\/tinnunculus.sy-sy.cz\/index.php\/wp-json\/wp\/v2\/categories?post=44142"},{"taxonomy":"post_tag","embeddable":true,"href":"https:\/\/tinnunculus.sy-sy.cz\/index.php\/wp-json\/wp\/v2\/tags?post=44142"}],"curies":[{"name":"wp","href":"https:\/\/api.w.org\/{rel}","templated":true}]}}