{"id":4354,"date":"2018-03-21T22:20:57","date_gmt":"2018-03-21T21:20:57","guid":{"rendered":"http:\/\/tinnunculus.sy-sy.cz\/?p=4354"},"modified":"2026-03-21T08:32:02","modified_gmt":"2026-03-21T07:32:02","slug":"jak-to-u-nas-vypada-s-jarem","status":"publish","type":"post","link":"https:\/\/tinnunculus.sy-sy.cz\/index.php\/2018\/03\/21\/jak-to-u-nas-vypada-s-jarem\/","title":{"rendered":"Jak to u&nbsp;n\u00e1s vypad\u00e1 s&nbsp;jarem"},"content":{"rendered":"<p><img data-recalc-dims=\"1\" loading=\"lazy\" decoding=\"async\" data-attachment-id=\"4355\" data-permalink=\"https:\/\/tinnunculus.sy-sy.cz\/index.php\/2018\/03\/21\/jak-to-u-nas-vypada-s-jarem\/20180321_06-22-27u\/\" data-orig-file=\"https:\/\/i0.wp.com\/tinnunculus.sy-sy.cz\/wp-content\/uploads\/2018\/03\/20180321_06-22-27u-e1521666114340.jpg?fit=1038%2C584&amp;ssl=1\" data-orig-size=\"1038,584\" data-comments-opened=\"1\" data-image-meta=\"{&quot;aperture&quot;:&quot;0&quot;,&quot;credit&quot;:&quot;&quot;,&quot;camera&quot;:&quot;&quot;,&quot;caption&quot;:&quot;&quot;,&quot;created_timestamp&quot;:&quot;0&quot;,&quot;copyright&quot;:&quot;&quot;,&quot;focal_length&quot;:&quot;0&quot;,&quot;iso&quot;:&quot;0&quot;,&quot;shutter_speed&quot;:&quot;0&quot;,&quot;title&quot;:&quot;&quot;,&quot;orientation&quot;:&quot;0&quot;}\" data-image-title=\"20180321_06-22-27u\" data-image-description=\"\" data-image-caption=\"\" data-large-file=\"https:\/\/i0.wp.com\/tinnunculus.sy-sy.cz\/wp-content\/uploads\/2018\/03\/20180321_06-22-27u-e1521666114340.jpg?fit=525%2C295&amp;ssl=1\" class=\"aligncenter wp-image-4355 size-large\" src=\"https:\/\/i0.wp.com\/tinnunculus.sy-sy.cz\/wp-content\/uploads\/2018\/03\/20180321_06-22-27u.jpg?resize=525%2C295&#038;ssl=1\" alt=\"\" width=\"525\" height=\"295\" \/><\/p>\n<p>Snad u\u017e opravdu bude. Alespo\u0148 na n\u00e1jemn\u00edky a&nbsp;n\u00e1v\u0161t\u011bvn\u00edky na\u0161\u00ed lod\u017eie u\u017e p\u0159ich\u00e1z\u00ed. Za &#8222;na\u0161\u00ed&#8220; sami\u010dkou l\u00e9t\u00e1 do lod\u017eie same\u010dek a&nbsp;oba se st\u0159\u00eddav\u011b vrhaj\u00ed po&nbsp;hlav\u011b do bed\u00fdnky pod bid\u00fdlky, tikaj\u00ed a&nbsp;vrt\u00ed d\u016flek&#8230;<\/p>\n<p><!--more--><img data-recalc-dims=\"1\" loading=\"lazy\" decoding=\"async\" data-attachment-id=\"4357\" data-permalink=\"https:\/\/tinnunculus.sy-sy.cz\/index.php\/2018\/03\/21\/jak-to-u-nas-vypada-s-jarem\/20180321_06-21-00u1\/\" data-orig-file=\"https:\/\/i0.wp.com\/tinnunculus.sy-sy.cz\/wp-content\/uploads\/2018\/03\/20180321_06-21-00u1-e1521666266696.jpg?fit=1038%2C916&amp;ssl=1\" data-orig-size=\"1038,916\" data-comments-opened=\"1\" data-image-meta=\"{&quot;aperture&quot;:&quot;0&quot;,&quot;credit&quot;:&quot;&quot;,&quot;camera&quot;:&quot;&quot;,&quot;caption&quot;:&quot;&quot;,&quot;created_timestamp&quot;:&quot;0&quot;,&quot;copyright&quot;:&quot;&quot;,&quot;focal_length&quot;:&quot;0&quot;,&quot;iso&quot;:&quot;0&quot;,&quot;shutter_speed&quot;:&quot;0&quot;,&quot;title&quot;:&quot;&quot;,&quot;orientation&quot;:&quot;0&quot;}\" data-image-title=\"20180321_06-21-00u1\" data-image-description=\"\" data-image-caption=\"\" data-large-file=\"https:\/\/i0.wp.com\/tinnunculus.sy-sy.cz\/wp-content\/uploads\/2018\/03\/20180321_06-21-00u1-e1521666266696.jpg?fit=525%2C463&amp;ssl=1\" class=\"wp-image-4357 size-large aligncenter\" src=\"https:\/\/i0.wp.com\/tinnunculus.sy-sy.cz\/wp-content\/uploads\/2018\/03\/20180321_06-21-00u1.jpg?resize=525%2C463&#038;ssl=1\" alt=\"\" width=\"525\" height=\"463\" \/><\/p>\n<p>&nbsp;<\/p>\n","protected":false},"excerpt":{"rendered":"<p>Snad u\u017e opravdu bude. Alespo\u0148 na n\u00e1jemn\u00edky a&nbsp;n\u00e1v\u0161t\u011bvn\u00edky na\u0161\u00ed lod\u017eie u\u017e p\u0159ich\u00e1z\u00ed. Za &#8222;na\u0161\u00ed&#8220; sami\u010dkou l\u00e9t\u00e1 do lod\u017eie same\u010dek a&nbsp;oba se st\u0159\u00eddav\u011b vrhaj\u00ed po&nbsp;hlav\u011b do bed\u00fdnky pod bid\u00fdlky, tikaj\u00ed a&nbsp;vrt\u00ed d\u016flek&#8230;<\/p>\n","protected":false},"author":2,"featured_media":0,"comment_status":"open","ping_status":"open","sticky":false,"template":"","format":"standard","meta":{"jetpack_post_was_ever_published":false,"_jetpack_newsletter_access":"","_jetpack_dont_email_post_to_subs":false,"_jetpack_newsletter_tier_id":0,"_jetpack_memberships_contains_paywalled_content":false,"_jetpack_memberships_contains_paid_content":false,"footnotes":""},"categories":[147,116,105,110,1596],"tags":[206,266,90,91],"class_list":["post-4354","post","type-post","status-publish","format-standard","hentry","category-nase-postolky","category-nasi","category-postolka","category-postolka-obecna","category-postolky-z-nasi-lodzie","tag-206","tag-jaro","tag-ps_96","tag-ps_95"],"jetpack_featured_media_url":"","jetpack_shortlink":"https:\/\/wp.me\/p91gKE-18e","jetpack-related-posts":[{"id":7126,"url":"https:\/\/tinnunculus.sy-sy.cz\/index.php\/2019\/03\/10\/cekani-na-jaro\/","url_meta":{"origin":4354,"position":0},"title":"\u010cek\u00e1n\u00ed na jaro","author":"Zuzana Syrov\u00e1 An\u00fd\u017eov\u00e1","date":"10\/03\/2019","format":false,"excerpt":"Aneb o tom, jak \"na\u0161e\" po\u0161tolka vyhl\u00ed\u017e\u00ed jaro a same\u010dka a jak i my chyst\u00e1me lod\u017eii na p\u0159\u00edchod jara a postupn\u011b vytahujeme ze zimn\u00edho \u00fakrytu dal\u0161\u00ed kamery.","rel":"","context":"V \u201e\"Na\u0161e\" po\u0161tolky\u201c","block_context":{"text":"\"Na\u0161e\" po\u0161tolky","link":"https:\/\/tinnunculus.sy-sy.cz\/index.php\/category\/nasi\/nase-postolky\/"},"img":{"alt_text":"","src":"https:\/\/i0.wp.com\/tinnunculus.sy-sy.cz\/wp-content\/uploads\/2019\/03\/20190310_11-26-24-1024x640.jpg?resize=350%2C200&ssl=1","width":350,"height":200,"srcset":"https:\/\/i0.wp.com\/tinnunculus.sy-sy.cz\/wp-content\/uploads\/2019\/03\/20190310_11-26-24-1024x640.jpg?resize=350%2C200&ssl=1 1x, https:\/\/i0.wp.com\/tinnunculus.sy-sy.cz\/wp-content\/uploads\/2019\/03\/20190310_11-26-24-1024x640.jpg?resize=525%2C300&ssl=1 1.5x"},"classes":[]},{"id":10419,"url":"https:\/\/tinnunculus.sy-sy.cz\/index.php\/2020\/02\/11\/predjarni-nalada\/","url_meta":{"origin":4354,"position":1},"title":"P\u0159edjarn\u00ed n\u00e1lada","author":"Zuzana Syrov\u00e1 An\u00fd\u017eov\u00e1","date":"11\/02\/2020","format":false,"excerpt":"Aneb o tom, jak na \"na\u0161e\" po\u0161tolky u\u017e p\u0159i\u0161lo jaro.","rel":"","context":"V \u201e\"Na\u0161e\" po\u0161tolky\u201c","block_context":{"text":"\"Na\u0161e\" po\u0161tolky","link":"https:\/\/tinnunculus.sy-sy.cz\/index.php\/category\/nasi\/nase-postolky\/"},"img":{"alt_text":"","src":"https:\/\/i0.wp.com\/tinnunculus.sy-sy.cz\/wp-content\/uploads\/2020\/02\/20200209-0821196096-1024x576.jpg?resize=350%2C200&ssl=1","width":350,"height":200,"srcset":"https:\/\/i0.wp.com\/tinnunculus.sy-sy.cz\/wp-content\/uploads\/2020\/02\/20200209-0821196096-1024x576.jpg?resize=350%2C200&ssl=1 1x, https:\/\/i0.wp.com\/tinnunculus.sy-sy.cz\/wp-content\/uploads\/2020\/02\/20200209-0821196096-1024x576.jpg?resize=525%2C300&ssl=1 1.5x"},"classes":[]},{"id":32450,"url":"https:\/\/tinnunculus.sy-sy.cz\/index.php\/2024\/03\/05\/pripravy-na-jaro\/","url_meta":{"origin":4354,"position":2},"title":"P\u0159\u00edpravy na jaro","author":"Zuzana Syrov\u00e1 An\u00fd\u017eov\u00e1","date":"05\/03\/2024","format":false,"excerpt":"I kdy\u017e astronomick\u00e9 jaro m\u00e1 letos za\u010d\u00edt a\u017e 20. b\u0159ezna ve \u010dty\u0159i r\u00e1no, tak pro na\u0161e po\u0161tolky u\u017e z\u0159ejm\u011b za\u010dalo. N\u00e1mluvy, d\u00e1-li se to takto u stabiln\u00edho po\u0161tol\u010d\u00edho p\u00e1ru nazvat, se rozjely v pln\u00e9m proudu od 19. \u00fanora. Oba se v\u011bnuj\u00ed p\u0159\u00edprav\u011b na potomstvo a p\u0159itom br\u00e1n\u00ed svou lod\u017eii proti\u2026","rel":"","context":"V \u201e\"Na\u0161e\" po\u0161tolky\u201c","block_context":{"text":"\"Na\u0161e\" po\u0161tolky","link":"https:\/\/tinnunculus.sy-sy.cz\/index.php\/category\/nasi\/nase-postolky\/"},"img":{"alt_text":"","src":"https:\/\/i0.wp.com\/tinnunculus.sy-sy.cz\/wp-content\/uploads\/2024\/03\/20240304-1435348438-1-e1709594272950.jpg?resize=350%2C200&ssl=1","width":350,"height":200,"srcset":"https:\/\/i0.wp.com\/tinnunculus.sy-sy.cz\/wp-content\/uploads\/2024\/03\/20240304-1435348438-1-e1709594272950.jpg?resize=350%2C200&ssl=1 1x, https:\/\/i0.wp.com\/tinnunculus.sy-sy.cz\/wp-content\/uploads\/2024\/03\/20240304-1435348438-1-e1709594272950.jpg?resize=525%2C300&ssl=1 1.5x"},"classes":[]},{"id":33528,"url":"https:\/\/tinnunculus.sy-sy.cz\/index.php\/2024\/03\/20\/jarni-den\/","url_meta":{"origin":4354,"position":3},"title":"Jarn\u00ed den","author":"Zuzana Syrov\u00e1 An\u00fd\u017eov\u00e1","date":"20\/03\/2024","format":false,"excerpt":"Aneb o tom, jak na\u0161e po\u0161tolky str\u00e1vili prvn\u00ed den astronomick\u00e9ho jara a jak je p\u0159itom ru\u0161il jist\u00fd po\u0161tol\u010d\u00ed pobuda.","rel":"","context":"V \u201e\"Na\u0161e\" po\u0161tolky\u201c","block_context":{"text":"\"Na\u0161e\" po\u0161tolky","link":"https:\/\/tinnunculus.sy-sy.cz\/index.php\/category\/nasi\/nase-postolky\/"},"img":{"alt_text":"","src":"https:\/\/i0.wp.com\/tinnunculus.sy-sy.cz\/wp-content\/uploads\/2024\/03\/20240320-0918163567-1-e1710973146611.jpg?resize=350%2C200&ssl=1","width":350,"height":200,"srcset":"https:\/\/i0.wp.com\/tinnunculus.sy-sy.cz\/wp-content\/uploads\/2024\/03\/20240320-0918163567-1-e1710973146611.jpg?resize=350%2C200&ssl=1 1x, https:\/\/i0.wp.com\/tinnunculus.sy-sy.cz\/wp-content\/uploads\/2024\/03\/20240320-0918163567-1-e1710973146611.jpg?resize=525%2C300&ssl=1 1.5x"},"classes":[]},{"id":382,"url":"https:\/\/tinnunculus.sy-sy.cz\/index.php\/2017\/03\/20\/jaro-astronomicke-kalendarni-a-postolci\/","url_meta":{"origin":4354,"position":4},"title":"Jaro astronomick\u00e9, kalend\u00e1\u0159n\u00ed a&nbsp;po\u0161tol\u010d\u00ed","author":"Zuzana Syrov\u00e1 An\u00fd\u017eov\u00e1","date":"20\/03\/2017","format":false,"excerpt":"Jaro astronomick\u00e9 (jarn\u00ed rovnodennost) p\u0159ipadlo letos na 20. b\u0159ezna 11:28, kdy Slunce op\u011bt pro\u0165alo nebesk\u00fd rovn\u00edk a za\u010dalo stoupat na severn\u00ed obloze st\u00e1le v\u00fd\u0161e nad obzor. Za\u010d\u00e1tek jara n\u00e1m zkalilo \u00famrt\u00ed my\u0161ky J\u016flie, v\u017edy vesel\u00e9 aktivn\u00ed i v posledn\u00edch t\u00fddnech. kdy u\u017e ji tr\u00e1pila choroba. A venku u\u017e je opravdu\u2026","rel":"","context":"V \u201e\"Na\u0161e\" po\u0161tolky\u201c","block_context":{"text":"\"Na\u0161e\" po\u0161tolky","link":"https:\/\/tinnunculus.sy-sy.cz\/index.php\/category\/nasi\/nase-postolky\/"},"img":{"alt_text":"","src":"https:\/\/i0.wp.com\/tinnunculus.sy-sy.cz\/wp-content\/uploads\/2017\/03\/P1330413-1024x768.jpg?resize=350%2C200&ssl=1","width":350,"height":200,"srcset":"https:\/\/i0.wp.com\/tinnunculus.sy-sy.cz\/wp-content\/uploads\/2017\/03\/P1330413-1024x768.jpg?resize=350%2C200&ssl=1 1x, https:\/\/i0.wp.com\/tinnunculus.sy-sy.cz\/wp-content\/uploads\/2017\/03\/P1330413-1024x768.jpg?resize=525%2C300&ssl=1 1.5x"},"classes":[]},{"id":268,"url":"https:\/\/tinnunculus.sy-sy.cz\/index.php\/2015\/11\/07\/druhe-jaro\/","url_meta":{"origin":4354,"position":5},"title":"Druh\u00e9 jaro?","author":"Zuzana Syrov\u00e1 An\u00fd\u017eov\u00e1","date":"07\/11\/2015","format":false,"excerpt":"U\u017e z toho, jak same\u010dek za\u010dal nosit v z\u00e1\u0159\u00ed sami\u010dce hrabo\u0161e bylo jasn\u00e9, \u017ee na n\u011bho p\u0159ich\u00e1z\u00ed druh\u00e9 jaro. I kdy\u017e u\u017e je listopad, tak drobnou pozornost donese skoro ka\u017ed\u00fd den a pravideln\u011b p\u0159ed sami\u010dkou p\u0159edv\u00e1d\u00ed, jak\u00fdm je budovatelem hn\u00edzd. D\u016flek, kter\u00fd vyvrt\u011bl, je dokonal\u00fd. A skoro ka\u017ed\u00e9 r\u00e1no se\u2026","rel":"","context":"V \u201e\"Na\u0161e\" po\u0161tolky\u201c","block_context":{"text":"\"Na\u0161e\" po\u0161tolky","link":"https:\/\/tinnunculus.sy-sy.cz\/index.php\/category\/nasi\/nase-postolky\/"},"img":{"alt_text":"","src":"https:\/\/i0.wp.com\/tinnunculus.sy-sy.cz\/wp-content\/uploads\/2015\/11\/20151106-0900522189-1024x819.jpg?resize=350%2C200&ssl=1","width":350,"height":200,"srcset":"https:\/\/i0.wp.com\/tinnunculus.sy-sy.cz\/wp-content\/uploads\/2015\/11\/20151106-0900522189-1024x819.jpg?resize=350%2C200&ssl=1 1x, https:\/\/i0.wp.com\/tinnunculus.sy-sy.cz\/wp-content\/uploads\/2015\/11\/20151106-0900522189-1024x819.jpg?resize=525%2C300&ssl=1 1.5x"},"classes":[]}],"jetpack_sharing_enabled":true,"_links":{"self":[{"href":"https:\/\/tinnunculus.sy-sy.cz\/index.php\/wp-json\/wp\/v2\/posts\/4354","targetHints":{"allow":["GET"]}}],"collection":[{"href":"https:\/\/tinnunculus.sy-sy.cz\/index.php\/wp-json\/wp\/v2\/posts"}],"about":[{"href":"https:\/\/tinnunculus.sy-sy.cz\/index.php\/wp-json\/wp\/v2\/types\/post"}],"author":[{"embeddable":true,"href":"https:\/\/tinnunculus.sy-sy.cz\/index.php\/wp-json\/wp\/v2\/users\/2"}],"replies":[{"embeddable":true,"href":"https:\/\/tinnunculus.sy-sy.cz\/index.php\/wp-json\/wp\/v2\/comments?post=4354"}],"version-history":[{"count":1,"href":"https:\/\/tinnunculus.sy-sy.cz\/index.php\/wp-json\/wp\/v2\/posts\/4354\/revisions"}],"predecessor-version":[{"id":33073,"href":"https:\/\/tinnunculus.sy-sy.cz\/index.php\/wp-json\/wp\/v2\/posts\/4354\/revisions\/33073"}],"wp:attachment":[{"href":"https:\/\/tinnunculus.sy-sy.cz\/index.php\/wp-json\/wp\/v2\/media?parent=4354"}],"wp:term":[{"taxonomy":"category","embeddable":true,"href":"https:\/\/tinnunculus.sy-sy.cz\/index.php\/wp-json\/wp\/v2\/categories?post=4354"},{"taxonomy":"post_tag","embeddable":true,"href":"https:\/\/tinnunculus.sy-sy.cz\/index.php\/wp-json\/wp\/v2\/tags?post=4354"}],"curies":[{"name":"wp","href":"https:\/\/api.w.org\/{rel}","templated":true}]}}