{"id":40596,"date":"2025-03-23T14:01:19","date_gmt":"2025-03-23T13:01:19","guid":{"rendered":"https:\/\/tinnunculus.sy-sy.cz\/?p=40596"},"modified":"2025-12-12T18:37:53","modified_gmt":"2025-12-12T17:37:53","slug":"vejce-online","status":"publish","type":"post","link":"https:\/\/tinnunculus.sy-sy.cz\/index.php\/2025\/03\/23\/vejce-online\/","title":{"rendered":"Vejce online"},"content":{"rendered":"<p><a href=\"https:\/\/i0.wp.com\/tinnunculus.sy-sy.cz\/wp-content\/uploads\/2025\/03\/Holten-Helhuizen_20250322-e1742728563291.jpg?ssl=1\" target=\"_blank\" rel=\"noopener\"><img data-recalc-dims=\"1\" loading=\"lazy\" decoding=\"async\" data-attachment-id=\"40588\" data-permalink=\"https:\/\/tinnunculus.sy-sy.cz\/index.php\/2025\/03\/23\/vejce-online\/holten-helhuizen_20250322\/\" data-orig-file=\"https:\/\/i0.wp.com\/tinnunculus.sy-sy.cz\/wp-content\/uploads\/2025\/03\/Holten-Helhuizen_20250322-e1742728563291.jpg?fit=1038%2C582&amp;ssl=1\" data-orig-size=\"1038,582\" data-comments-opened=\"1\" data-image-meta=\"{&quot;aperture&quot;:&quot;0&quot;,&quot;credit&quot;:&quot;&quot;,&quot;camera&quot;:&quot;&quot;,&quot;caption&quot;:&quot;&quot;,&quot;created_timestamp&quot;:&quot;0&quot;,&quot;copyright&quot;:&quot;&quot;,&quot;focal_length&quot;:&quot;0&quot;,&quot;iso&quot;:&quot;0&quot;,&quot;shutter_speed&quot;:&quot;0&quot;,&quot;title&quot;:&quot;&quot;,&quot;orientation&quot;:&quot;1&quot;}\" data-image-title=\"Holten-Helhuizen_20250322\" data-image-description=\"\" data-image-caption=\"\" data-large-file=\"https:\/\/i0.wp.com\/tinnunculus.sy-sy.cz\/wp-content\/uploads\/2025\/03\/Holten-Helhuizen_20250322-e1742728563291.jpg?fit=525%2C295&amp;ssl=1\" class=\"wp-image-40588 size-large aligncenter\" src=\"https:\/\/i0.wp.com\/tinnunculus.sy-sy.cz\/wp-content\/uploads\/2025\/03\/Holten-Helhuizen_20250322.jpg?resize=525%2C295&#038;ssl=1\" alt=\"\" width=\"525\" height=\"295\" \/><\/a><\/p>\n<p>U n\u00e1s si z\u0159ejm\u011b budeme muset je\u0161t\u011b po\u010dkat. Ale na online sledovan\u00fdch hn\u00edzdech se u\u017e objevila prvn\u00ed po\u0161tol\u010d\u00ed vejce. Letos o&nbsp;n\u011bco pozd\u011bji ne\u017e loni, ale p\u0159ece&#8230;<\/p>\n<p><!--more--><\/p>\n<p>U\u017e \u0161est jsme jich dnes napo\u010d\u00edtali v&nbsp;Blatn\u00e9 (<a href=\"https:\/\/tinnunculus.sy-sy.cz\/index.php\/portfolio\/cz-blatna\/\">info<\/a>).<\/p>\n<p><a href=\"https:\/\/i0.wp.com\/tinnunculus.sy-sy.cz\/wp-content\/uploads\/2025\/03\/Blatna-2-20250322-2-e1742728526279.jpg?ssl=1\" target=\"_blank\" rel=\"noopener\"><img data-recalc-dims=\"1\" loading=\"lazy\" decoding=\"async\" data-attachment-id=\"40590\" data-permalink=\"https:\/\/tinnunculus.sy-sy.cz\/index.php\/2025\/03\/23\/vejce-online\/blatna-2-20250322-2\/\" data-orig-file=\"https:\/\/i0.wp.com\/tinnunculus.sy-sy.cz\/wp-content\/uploads\/2025\/03\/Blatna-2-20250322-2-e1742728526279.jpg?fit=902%2C508&amp;ssl=1\" data-orig-size=\"902,508\" data-comments-opened=\"1\" data-image-meta=\"{&quot;aperture&quot;:&quot;0&quot;,&quot;credit&quot;:&quot;&quot;,&quot;camera&quot;:&quot;&quot;,&quot;caption&quot;:&quot;&quot;,&quot;created_timestamp&quot;:&quot;0&quot;,&quot;copyright&quot;:&quot;&quot;,&quot;focal_length&quot;:&quot;0&quot;,&quot;iso&quot;:&quot;0&quot;,&quot;shutter_speed&quot;:&quot;0&quot;,&quot;title&quot;:&quot;&quot;,&quot;orientation&quot;:&quot;1&quot;}\" data-image-title=\"Blatna-2-20250322-2\" data-image-description=\"\" data-image-caption=\"\" data-large-file=\"https:\/\/i0.wp.com\/tinnunculus.sy-sy.cz\/wp-content\/uploads\/2025\/03\/Blatna-2-20250322-2-e1742728526279.jpg?fit=525%2C295&amp;ssl=1\" class=\"aligncenter wp-image-40590 size-full\" src=\"https:\/\/i0.wp.com\/tinnunculus.sy-sy.cz\/wp-content\/uploads\/2025\/03\/Blatna-2-20250322-2-e1742728526279.jpg?resize=525%2C296&#038;ssl=1\" alt=\"\" width=\"525\" height=\"296\" srcset=\"https:\/\/i0.wp.com\/tinnunculus.sy-sy.cz\/wp-content\/uploads\/2025\/03\/Blatna-2-20250322-2-e1742728526279.jpg?w=902&amp;ssl=1 902w, https:\/\/i0.wp.com\/tinnunculus.sy-sy.cz\/wp-content\/uploads\/2025\/03\/Blatna-2-20250322-2-e1742728526279.jpg?resize=300%2C169&amp;ssl=1 300w, https:\/\/i0.wp.com\/tinnunculus.sy-sy.cz\/wp-content\/uploads\/2025\/03\/Blatna-2-20250322-2-e1742728526279.jpg?resize=768%2C433&amp;ssl=1 768w\" sizes=\"auto, (max-width: 767px) 89vw, (max-width: 1000px) 54vw, (max-width: 1071px) 543px, 580px\" \/><\/a><\/p>\n<p>Prvn\u00ed se pak objevilo v&nbsp;polsk\u00e9m Wolsztyn\u011b (<a href=\"https:\/\/tinnunculus.sy-sy.cz\/index.php\/portfolio\/pl-wolstyn\/\">info<\/a>)\u2026<\/p>\n<p><a href=\"https:\/\/i0.wp.com\/tinnunculus.sy-sy.cz\/wp-content\/uploads\/2025\/03\/Wolstyn_20250322-e1742728549701.jpg?ssl=1\" target=\"_blank\" rel=\"noopener\"><img data-recalc-dims=\"1\" loading=\"lazy\" decoding=\"async\" data-attachment-id=\"40589\" data-permalink=\"https:\/\/tinnunculus.sy-sy.cz\/index.php\/2025\/03\/23\/vejce-online\/wolstyn_20250322\/\" data-orig-file=\"https:\/\/i0.wp.com\/tinnunculus.sy-sy.cz\/wp-content\/uploads\/2025\/03\/Wolstyn_20250322-e1742728549701.jpg?fit=1038%2C564&amp;ssl=1\" data-orig-size=\"1038,564\" data-comments-opened=\"1\" data-image-meta=\"{&quot;aperture&quot;:&quot;0&quot;,&quot;credit&quot;:&quot;&quot;,&quot;camera&quot;:&quot;&quot;,&quot;caption&quot;:&quot;&quot;,&quot;created_timestamp&quot;:&quot;0&quot;,&quot;copyright&quot;:&quot;&quot;,&quot;focal_length&quot;:&quot;0&quot;,&quot;iso&quot;:&quot;0&quot;,&quot;shutter_speed&quot;:&quot;0&quot;,&quot;title&quot;:&quot;&quot;,&quot;orientation&quot;:&quot;1&quot;}\" data-image-title=\"Wolstyn_20250322\" data-image-description=\"\" data-image-caption=\"\" data-large-file=\"https:\/\/i0.wp.com\/tinnunculus.sy-sy.cz\/wp-content\/uploads\/2025\/03\/Wolstyn_20250322-e1742728549701.jpg?fit=525%2C286&amp;ssl=1\" class=\"aligncenter wp-image-40589 size-large\" src=\"https:\/\/i0.wp.com\/tinnunculus.sy-sy.cz\/wp-content\/uploads\/2025\/03\/Wolstyn_20250322.jpg?resize=525%2C286&#038;ssl=1\" alt=\"\" width=\"525\" height=\"286\" \/><\/a><\/p>\n<p>\u2026 a&nbsp;tak\u00e9 v&nbsp;holandsk\u00e9m <span class=\"highlight\">Holten<\/span>-Helhuizen (<a href=\"https:\/\/tinnunculus.sy-sy.cz\/index.php\/portfolio\/nl-holten-helhuizen\/\">info<\/a>), kde snesen\u00ed prvn\u00edho vejce v\u010detn\u011b n\u00e1sledn\u00e9ho testov\u00e1n\u00ed bylo zaznamen\u00e1no takto:<\/p>\n<div style=\"width: 525px;\" class=\"wp-video\"><video class=\"wp-video-shortcode\" id=\"video-40596-1\" width=\"525\" height=\"295\" preload=\"metadata\" controls=\"controls\"><source type=\"video\/mp4\" src=\"https:\/\/tinnunculus.sy-sy.cz\/wp-content\/uploads\/2025\/03\/eerste-ei-torenvalk.mp4?_=1\" \/><a href=\"https:\/\/tinnunculus.sy-sy.cz\/wp-content\/uploads\/2025\/03\/eerste-ei-torenvalk.mp4\">https:\/\/tinnunculus.sy-sy.cz\/wp-content\/uploads\/2025\/03\/eerste-ei-torenvalk.mp4<\/a><\/video><\/div>\n<p>V kolika po\u0161tol\u010d\u00edch hn\u00edzdech u\u017e bylo sneseno prvn\u00ed leto\u0161n\u00ed vejce se m\u016f\u017eete p\u0159esv\u011bd\u010dit v&nbsp;t\u011bchto p\u0159ehledech, kter\u00e9 budeme postupn\u011b aktualizovat:<\/p>\n<ul>\n<li><a href=\"https:\/\/tinnunculus.sy-sy.cz\/index.php\/vyber-z-cizich-hnizd-2025\/\">V\u00fdb\u011br hn\u00edzd sledovan\u00fdch v\u00a0roce 2025<\/a>\u00a0 \u00a6\u00a0<a href=\"https:\/\/tinnunculus.sy-sy.cz\/index.php\/v-primem-prenosu-odjinud\/falco-tinnunculus-online\/?table_filter=2025\">Tabulka 2025<\/a><\/li>\n<\/ul>\n","protected":false},"excerpt":{"rendered":"<p>Aneb o&nbsp;tom, \u017ee zat\u00edmco u&nbsp;n\u00e1s si na prvn\u00ed leto\u0161n\u00ed vejce budeme muset je\u0161t\u011b po\u010dkat, jinde u\u017e je maj\u00ed.<\/p>\n","protected":false},"author":2,"featured_media":0,"comment_status":"open","ping_status":"open","sticky":false,"template":"","format":"standard","meta":{"jetpack_post_was_ever_published":false,"_jetpack_newsletter_access":"","_jetpack_dont_email_post_to_subs":false,"_jetpack_newsletter_tier_id":0,"_jetpack_memberships_contains_paywalled_content":false,"_jetpack_memberships_contains_paid_content":false,"footnotes":""},"categories":[142,218,150,105,110,307,114,108],"tags":[30,91,82,27],"class_list":["post-40596","post","type-post","status-publish","format-standard","hentry","category-dravec","category-falco-tinnunculus-online","category-odjinud","category-postolka","category-postolka-obecna","category-ptaci","category-zivy-prenos","category-ostatni-zvirena","tag-ps_55","tag-ps_95","tag-ps_64","tag-ps_13"],"jetpack_featured_media_url":"","jetpack_shortlink":"https:\/\/wp.me\/p91gKE-ayM","jetpack-related-posts":[{"id":20861,"url":"https:\/\/tinnunculus.sy-sy.cz\/index.php\/2023\/03\/11\/prvni-vejce-online\/","url_meta":{"origin":40596,"position":0},"title":"Prvn\u00ed vejce online","author":"Zuzana Syrov\u00e1 An\u00fd\u017eov\u00e1","date":"11\/03\/2023","format":false,"excerpt":"Aneb o prvn\u00ed po\u0161tol\u010d\u00edm vejci leto\u0161n\u00ed sez\u00f3ny, kter\u00e9 m\u016f\u017eete sledovat v p\u0159\u00edm\u00e9m p\u0159enosu z Izraele.","rel":"","context":"V \u201eDravec\u201c","block_context":{"text":"Dravec","link":"https:\/\/tinnunculus.sy-sy.cz\/index.php\/category\/ostatni-zvirena\/ptaci\/dravec\/"},"img":{"alt_text":"","src":"https:\/\/i0.wp.com\/tinnunculus.sy-sy.cz\/wp-content\/uploads\/2023\/03\/izrael_20230311_v1.-e1678529386554.jpg?resize=350%2C200&ssl=1","width":350,"height":200,"srcset":"https:\/\/i0.wp.com\/tinnunculus.sy-sy.cz\/wp-content\/uploads\/2023\/03\/izrael_20230311_v1.-e1678529386554.jpg?resize=350%2C200&ssl=1 1x, https:\/\/i0.wp.com\/tinnunculus.sy-sy.cz\/wp-content\/uploads\/2023\/03\/izrael_20230311_v1.-e1678529386554.jpg?resize=525%2C300&ssl=1 1.5x"},"classes":[]},{"id":11754,"url":"https:\/\/tinnunculus.sy-sy.cz\/index.php\/2020\/03\/25\/prvni-vejce-roku-online\/","url_meta":{"origin":40596,"position":1},"title":"Prvn\u00ed vejce roku (online)","author":"Zuzana Syrov\u00e1 An\u00fd\u017eov\u00e1","date":"25\/03\/2020","format":false,"excerpt":"Aneb o tom, \u017ee se pod zv\u00eddav\u00fdmi oky kamer sleduj\u00edc\u00edmi online po\u0161tol\u010d\u00ed hn\u00edzda se u\u017e objevilo prvn\u00ed vejce.","rel":"","context":"V \u201eDravec\u201c","block_context":{"text":"Dravec","link":"https:\/\/tinnunculus.sy-sy.cz\/index.php\/category\/ostatni-zvirena\/ptaci\/dravec\/"},"img":{"alt_text":"","src":"https:\/\/i0.wp.com\/tinnunculus.sy-sy.cz\/wp-content\/uploads\/2020\/03\/Alstetten_20200325-1024x576.jpg?resize=350%2C200&ssl=1","width":350,"height":200,"srcset":"https:\/\/i0.wp.com\/tinnunculus.sy-sy.cz\/wp-content\/uploads\/2020\/03\/Alstetten_20200325-1024x576.jpg?resize=350%2C200&ssl=1 1x, https:\/\/i0.wp.com\/tinnunculus.sy-sy.cz\/wp-content\/uploads\/2020\/03\/Alstetten_20200325-1024x576.jpg?resize=525%2C300&ssl=1 1.5x"},"classes":[]},{"id":7203,"url":"https:\/\/tinnunculus.sy-sy.cz\/index.php\/2019\/03\/26\/letosni-prvni\/","url_meta":{"origin":40596,"position":2},"title":"Leto\u0161n\u00ed prvn\u00ed","author":"Zuzana Syrov\u00e1 An\u00fd\u017eov\u00e1","date":"26\/03\/2019","format":false,"excerpt":"Aneb o tom, \u017ee jaro u\u017e je z\u0159ejm\u011b opravdu tu, proto\u017ee p\u0159ed zv\u00eddav\u00fdm okem kamery v n\u011bm\u011bck\u00e9m Memmingenu se objevilo prvn\u00ed leto\u0161n\u00ed po\u0161tol\u010d\u00ed vejce.","rel":"","context":"V \u201eDravec\u201c","block_context":{"text":"Dravec","link":"https:\/\/tinnunculus.sy-sy.cz\/index.php\/category\/ostatni-zvirena\/ptaci\/dravec\/"},"img":{"alt_text":"","src":"https:\/\/i0.wp.com\/tinnunculus.sy-sy.cz\/wp-content\/uploads\/2019\/03\/memmingen20190325p.jpg?resize=350%2C200&ssl=1","width":350,"height":200,"srcset":"https:\/\/i0.wp.com\/tinnunculus.sy-sy.cz\/wp-content\/uploads\/2019\/03\/memmingen20190325p.jpg?resize=350%2C200&ssl=1 1x, https:\/\/i0.wp.com\/tinnunculus.sy-sy.cz\/wp-content\/uploads\/2019\/03\/memmingen20190325p.jpg?resize=525%2C300&ssl=1 1.5x, https:\/\/i0.wp.com\/tinnunculus.sy-sy.cz\/wp-content\/uploads\/2019\/03\/memmingen20190325p.jpg?resize=700%2C400&ssl=1 2x"},"classes":[]},{"id":19084,"url":"https:\/\/tinnunculus.sy-sy.cz\/index.php\/2022\/06\/07\/prvni-druhe-a-treti\/","url_meta":{"origin":40596,"position":3},"title":"Prvn\u00ed, druh\u00e9 a&nbsp;t\u0159et\u00ed","author":"Zuzana Syrov\u00e1 An\u00fd\u017eov\u00e1","date":"07\/06\/2022","format":false,"excerpt":"Aneb o to, jak se v na\u0161\u00ed lod\u017eii objevili t\u0159i nov\u00ed mal\u00ed ochm\u00fd\u0159en\u00ed podn\u00e1jemn\u00edci.","rel":"","context":"V \u201e\"Na\u0161e\" po\u0161tolky\u201c","block_context":{"text":"\"Na\u0161e\" po\u0161tolky","link":"https:\/\/tinnunculus.sy-sy.cz\/index.php\/category\/nasi\/nase-postolky\/"},"img":{"alt_text":"","src":"https:\/\/i0.wp.com\/tinnunculus.sy-sy.cz\/wp-content\/uploads\/2022\/06\/2022-06-07-1853516520-e1654632144190-1024x576.jpg?resize=350%2C200&ssl=1","width":350,"height":200,"srcset":"https:\/\/i0.wp.com\/tinnunculus.sy-sy.cz\/wp-content\/uploads\/2022\/06\/2022-06-07-1853516520-e1654632144190-1024x576.jpg?resize=350%2C200&ssl=1 1x, https:\/\/i0.wp.com\/tinnunculus.sy-sy.cz\/wp-content\/uploads\/2022\/06\/2022-06-07-1853516520-e1654632144190-1024x576.jpg?resize=525%2C300&ssl=1 1.5x"},"classes":[]},{"id":407,"url":"https:\/\/tinnunculus.sy-sy.cz\/index.php\/2017\/04\/22\/bile-vejce\/","url_meta":{"origin":40596,"position":4},"title":"B\u00edl\u00e9 vejce","author":"Zuzana Syrov\u00e1 An\u00fd\u017eov\u00e1","date":"22\/04\/2017","format":false,"excerpt":"B\u00edl\u00e9 po\u0161tol\u010d\u00ed vejce je trochu jako b\u00edl\u00e1 vr\u00e1na. Ne, \u017ee by je ob\u010das po\u0161tolky nesnesly. Letos se to p\u0159ihodilo sami\u010dce ve \u0161v\u00fdcarsk\u00e9m Lausen u\u017e podruh\u00e9. Prvn\u00ed vejce bylo a je zrzav\u00e9 jak se na po\u0161tol\u010d\u00ed vejce pat\u0159\u00ed, ale to druh\u00e9 b\u00edl\u00e9 m\u011blo sm\u016flu a sami\u010dka ho hned prvn\u00ed den zkonzumovala.\u2026","rel":"","context":"V \u201e\"Na\u0161e\" po\u0161tolky\u201c","block_context":{"text":"\"Na\u0161e\" po\u0161tolky","link":"https:\/\/tinnunculus.sy-sy.cz\/index.php\/category\/nasi\/nase-postolky\/"},"img":{"alt_text":"","src":"https:\/\/i0.wp.com\/tinnunculus.sy-sy.cz\/wp-content\/uploads\/2017\/04\/Lausen_20170422-4-1024x819.jpg?resize=350%2C200&ssl=1","width":350,"height":200,"srcset":"https:\/\/i0.wp.com\/tinnunculus.sy-sy.cz\/wp-content\/uploads\/2017\/04\/Lausen_20170422-4-1024x819.jpg?resize=350%2C200&ssl=1 1x, https:\/\/i0.wp.com\/tinnunculus.sy-sy.cz\/wp-content\/uploads\/2017\/04\/Lausen_20170422-4-1024x819.jpg?resize=525%2C300&ssl=1 1.5x"},"classes":[]},{"id":47614,"url":"https:\/\/tinnunculus.sy-sy.cz\/index.php\/2026\/03\/26\/prvni-vejce-3\/","url_meta":{"origin":40596,"position":5},"title":"Prvn\u00ed vejce online","author":"Zuzana Syrov\u00e1 An\u00fd\u017eov\u00e1","date":"26\/03\/2026","format":false,"excerpt":"Aneb o tom, kde m\u016f\u017eete online sledovat po\u0161tol\u010d\u00ed hn\u00edzda, ve kter\u00fdch ji\u017e bylo sneseno prvn\u00ed vejce.","rel":"","context":"V \u201eDravec\u201c","block_context":{"text":"Dravec","link":"https:\/\/tinnunculus.sy-sy.cz\/index.php\/category\/ostatni-zvirena\/ptaci\/dravec\/"},"img":{"alt_text":"","src":"https:\/\/i0.wp.com\/tinnunculus.sy-sy.cz\/wp-content\/uploads\/2026\/03\/unhost20260326-1024x575.jpg?resize=350%2C200&ssl=1","width":350,"height":200,"srcset":"https:\/\/i0.wp.com\/tinnunculus.sy-sy.cz\/wp-content\/uploads\/2026\/03\/unhost20260326-1024x575.jpg?resize=350%2C200&ssl=1 1x, https:\/\/i0.wp.com\/tinnunculus.sy-sy.cz\/wp-content\/uploads\/2026\/03\/unhost20260326-1024x575.jpg?resize=525%2C300&ssl=1 1.5x"},"classes":[]}],"jetpack_sharing_enabled":true,"_links":{"self":[{"href":"https:\/\/tinnunculus.sy-sy.cz\/index.php\/wp-json\/wp\/v2\/posts\/40596","targetHints":{"allow":["GET"]}}],"collection":[{"href":"https:\/\/tinnunculus.sy-sy.cz\/index.php\/wp-json\/wp\/v2\/posts"}],"about":[{"href":"https:\/\/tinnunculus.sy-sy.cz\/index.php\/wp-json\/wp\/v2\/types\/post"}],"author":[{"embeddable":true,"href":"https:\/\/tinnunculus.sy-sy.cz\/index.php\/wp-json\/wp\/v2\/users\/2"}],"replies":[{"embeddable":true,"href":"https:\/\/tinnunculus.sy-sy.cz\/index.php\/wp-json\/wp\/v2\/comments?post=40596"}],"version-history":[{"count":3,"href":"https:\/\/tinnunculus.sy-sy.cz\/index.php\/wp-json\/wp\/v2\/posts\/40596\/revisions"}],"predecessor-version":[{"id":40599,"href":"https:\/\/tinnunculus.sy-sy.cz\/index.php\/wp-json\/wp\/v2\/posts\/40596\/revisions\/40599"}],"wp:attachment":[{"href":"https:\/\/tinnunculus.sy-sy.cz\/index.php\/wp-json\/wp\/v2\/media?parent=40596"}],"wp:term":[{"taxonomy":"category","embeddable":true,"href":"https:\/\/tinnunculus.sy-sy.cz\/index.php\/wp-json\/wp\/v2\/categories?post=40596"},{"taxonomy":"post_tag","embeddable":true,"href":"https:\/\/tinnunculus.sy-sy.cz\/index.php\/wp-json\/wp\/v2\/tags?post=40596"}],"curies":[{"name":"wp","href":"https:\/\/api.w.org\/{rel}","templated":true}]}}