{"id":399,"date":"2017-04-17T13:12:05","date_gmt":"2017-04-17T11:12:05","guid":{"rendered":"http:\/\/tinnunculus.sy-sy.cz\/index.php\/2017\/04\/17\/postolci-hrad\/"},"modified":"2025-12-14T18:05:29","modified_gmt":"2025-12-14T17:05:29","slug":"postolci-hrad","status":"publish","type":"post","link":"https:\/\/tinnunculus.sy-sy.cz\/index.php\/2017\/04\/17\/postolci-hrad\/","title":{"rendered":"Po\u0161tol\u010d\u00ed hrad"},"content":{"rendered":"<p>Nedlouho po&nbsp;po\u0161tolk\u00e1ch z\u00e1meck\u00fdch jsme nav\u0161t\u00edvili po\u0161tolky hradn\u00ed. A&nbsp;sice po\u0161tolky na hrad\u011b Malenovice. Podle \u00fadaj\u016f publikovan\u00fdch v&nbsp;\u010dl\u00e1nku <a href=\"https:\/\/tinnunculus.sy-sy.cz\/wp-content\/uploads\/2024\/01\/421d8a4e-s0-web.pdf\" target=\"_blank\" rel=\"noopener noreferrer\">Ochrana ptactva<\/a>\u00a0 na hrad\u011b Malenovice na <a href=\"https:\/\/www.muzeum-zlin.cz\/hrad-malenovice\" target=\"_blank\" rel=\"noopener\">str\u00e1nk\u00e1ch Muzea jihov\u00fdchodn\u00ed Moravy<\/a> ve Zl\u00edn\u011b &#8222;<em>na hrad\u011b ka\u017edoro\u010dn\u011b hn\u00edzd\u00ed po\u0161tolky ( cca 10 p\u00e1r\u016f ) a&nbsp;kavky ( cca 20 p\u00e1r\u016f) . Pt\u00e1ci hn\u00edzd\u00ed v&nbsp;budk\u00e1ch, kter\u00e9 jsou um\u00edst\u011bny v&nbsp;p\u016fdn\u00edch prostor\u00e1ch hradu. B\u011bhem hn\u00edzd\u011bn\u00ed jsou monitorov\u00e1ni kamerov\u00fdm syst\u00e9mem. N\u00e1v\u0161t\u011bvn\u00edci maj\u00ed mo\u017enost vid\u011bt sest\u0159ih toho nejzaj\u00edmav\u011bj\u0161\u00edho z&nbsp;hn\u00edzd\u011bn\u00ed.<\/em>&#8220; Po\u0161tolek i&nbsp;kavek je na hrad\u011b mo\u017en\u00e1 je\u0161t\u011b o&nbsp;n\u011bco v\u00edce, ale n\u00e1v\u0161t\u011bvn\u00edci je, tak jako my na Velikono\u010dn\u00ed ned\u011bli, po&nbsp;dobu rekonstrukce, kter\u00e1 zde prob\u00edh\u00e1 od konce roku 2016, mohou pozorovat pouze zven\u010d\u00ed.<\/p>\n<p><a href=\"https:\/\/i0.wp.com\/tinnunculus.sy-sy.cz\/wp-content\/uploads\/2017\/04\/DSC_1375a-e1705341699188.jpg?ssl=1\" target=\"_blank\" rel=\"noopener\"><img data-recalc-dims=\"1\" loading=\"lazy\" decoding=\"async\" data-attachment-id=\"30420\" data-permalink=\"https:\/\/tinnunculus.sy-sy.cz\/index.php\/2017\/04\/17\/postolci-hrad\/dsc_1375a\/\" data-orig-file=\"https:\/\/i0.wp.com\/tinnunculus.sy-sy.cz\/wp-content\/uploads\/2017\/04\/DSC_1375a-e1705341699188.jpg?fit=1038%2C800&amp;ssl=1\" data-orig-size=\"1038,800\" data-comments-opened=\"1\" data-image-meta=\"{&quot;aperture&quot;:&quot;5.6&quot;,&quot;credit&quot;:&quot;&quot;,&quot;camera&quot;:&quot;NIKON D70&quot;,&quot;caption&quot;:&quot;&quot;,&quot;created_timestamp&quot;:&quot;1492347153&quot;,&quot;copyright&quot;:&quot;&quot;,&quot;focal_length&quot;:&quot;400&quot;,&quot;iso&quot;:&quot;0&quot;,&quot;shutter_speed&quot;:&quot;0.00125&quot;,&quot;title&quot;:&quot;&quot;,&quot;orientation&quot;:&quot;1&quot;}\" data-image-title=\"DSC_1375a\" data-image-description=\"\" data-image-caption=\"\" data-large-file=\"https:\/\/i0.wp.com\/tinnunculus.sy-sy.cz\/wp-content\/uploads\/2017\/04\/DSC_1375a-e1705341699188.jpg?fit=525%2C405&amp;ssl=1\" class=\"aligncenter wp-image-30420 size-large\" src=\"https:\/\/i0.wp.com\/tinnunculus.sy-sy.cz\/wp-content\/uploads\/2017\/04\/DSC_1375a.jpg?resize=525%2C405&#038;ssl=1\" alt=\"\" width=\"525\" height=\"405\" \/><\/a><\/p>\n<p><!--more--><\/p>\n<p><a href=\"https:\/\/i0.wp.com\/tinnunculus.sy-sy.cz\/wp-content\/uploads\/2017\/04\/DSC_1468a-e1705341897865.jpg?ssl=1\" target=\"_blank\" rel=\"noopener\"><img data-recalc-dims=\"1\" loading=\"lazy\" decoding=\"async\" data-attachment-id=\"30421\" data-permalink=\"https:\/\/tinnunculus.sy-sy.cz\/index.php\/2017\/04\/17\/postolci-hrad\/dsc_1468a\/\" data-orig-file=\"https:\/\/i0.wp.com\/tinnunculus.sy-sy.cz\/wp-content\/uploads\/2017\/04\/DSC_1468a-e1705341897865.jpg?fit=1038%2C773&amp;ssl=1\" data-orig-size=\"1038,773\" data-comments-opened=\"1\" data-image-meta=\"{&quot;aperture&quot;:&quot;5.6&quot;,&quot;credit&quot;:&quot;&quot;,&quot;camera&quot;:&quot;NIKON D70&quot;,&quot;caption&quot;:&quot;&quot;,&quot;created_timestamp&quot;:&quot;1492356298&quot;,&quot;copyright&quot;:&quot;&quot;,&quot;focal_length&quot;:&quot;400&quot;,&quot;iso&quot;:&quot;0&quot;,&quot;shutter_speed&quot;:&quot;0.0015625&quot;,&quot;title&quot;:&quot;&quot;,&quot;orientation&quot;:&quot;1&quot;}\" data-image-title=\"DSC_1468a\" data-image-description=\"\" data-image-caption=\"\" data-large-file=\"https:\/\/i0.wp.com\/tinnunculus.sy-sy.cz\/wp-content\/uploads\/2017\/04\/DSC_1468a-e1705341897865.jpg?fit=525%2C391&amp;ssl=1\" class=\"aligncenter wp-image-30421 size-large\" src=\"https:\/\/i0.wp.com\/tinnunculus.sy-sy.cz\/wp-content\/uploads\/2017\/04\/DSC_1468a.jpg?resize=525%2C391&#038;ssl=1\" alt=\"\" width=\"525\" height=\"391\" \/><\/a><\/p>\n<p>&nbsp;<\/p>\n<p>Dal\u0161\u00ed fotografie malenovick\u00fdch po\u0161tolek a&nbsp;kavek najdete ve <a href=\"https:\/\/tinnunculus.sy-sy.cz\/index.php\/foto-a-videoarchiv\/\" target=\"_blank\" rel=\"noopener noreferrer\">foto a&nbsp;videoarchivu<\/a>.<\/p>\n","protected":false},"excerpt":{"rendered":"<p>Nedlouho po&nbsp;po\u0161tolk\u00e1ch z\u00e1meck\u00fdch jsme nav\u0161t\u00edvili po\u0161tolky hradn\u00ed. A&nbsp;sice po\u0161tolky na hrad\u011b Malenovice. Podle \u00fadaj\u016f publikovan\u00fdch v&nbsp;\u010dl\u00e1nku Ochrana ptactva\u00a0 na hrad\u011b Malenovice na str\u00e1nk\u00e1ch Muzea jihov\u00fdchodn\u00ed Moravy ve Zl\u00edn\u011b &#8222;na hrad\u011b ka\u017edoro\u010dn\u011b hn\u00edzd\u00ed po\u0161tolky ( cca 10 p\u00e1r\u016f ) a&nbsp;kavky ( cca 20 p\u00e1r\u016f) . Pt\u00e1ci hn\u00edzd\u00ed v&nbsp;budk\u00e1ch, kter\u00e9 jsou um\u00edst\u011bny v&nbsp;p\u016fdn\u00edch prostor\u00e1ch hradu. B\u011bhem hn\u00edzd\u011bn\u00ed &hellip; <\/p>\n<p class=\"link-more\"><a href=\"https:\/\/tinnunculus.sy-sy.cz\/index.php\/2017\/04\/17\/postolci-hrad\/\" class=\"more-link\">Pokra\u010dovat ve \u010dten\u00ed<span class=\"screen-reader-text\"> &#8222;Po\u0161tol\u010d\u00ed hrad&#8220;<\/span><\/a><\/p>\n","protected":false},"author":2,"featured_media":0,"comment_status":"closed","ping_status":"open","sticky":false,"template":"","format":"standard","meta":{"jetpack_post_was_ever_published":false,"_jetpack_newsletter_access":"","_jetpack_dont_email_post_to_subs":false,"_jetpack_newsletter_tier_id":0,"_jetpack_memberships_contains_paywalled_content":false,"_jetpack_memberships_contains_paid_content":false,"footnotes":""},"categories":[131,105,110,108],"tags":[98,30,127,91],"class_list":["post-399","post","type-post","status-publish","format-standard","hentry","category-kavka","category-postolka","category-postolka-obecna","category-ostatni-zvirena","tag-ps_86","tag-ps_55","tag-postolka-hradni-a-zamecka","tag-ps_95"],"jetpack_featured_media_url":"","jetpack_shortlink":"https:\/\/wp.me\/p91gKE-6r","jetpack-related-posts":[{"id":194,"url":"https:\/\/tinnunculus.sy-sy.cz\/index.php\/2015\/04\/05\/postolky-hradni-a-zamecke-i\/","url_meta":{"origin":399,"position":0},"title":"Po\u0161tolky hradn\u00ed a&nbsp;z\u00e1meck\u00e9 I.","author":"Zuzana Syrov\u00e1 An\u00fd\u017eov\u00e1","date":"05\/04\/2015","format":false,"excerpt":"\u010cesk\u00e9 hrady a z\u00e1mky l\u00e1kaj\u00ed n\u00e1v\u0161t\u011bvn\u00edky v sez\u00f3n\u011b nejr\u016fzn\u011bj\u0161\u00edm zp\u016fsobem. Na z\u00e1mc\u00edch jako Milotice nebo Lednice u\u017e pat\u0159\u00ed sokolnick\u00e9 uk\u00e1zky \u010di jen mo\u017enost vyfotit sebe \u010di sv\u00e9ho potomka s dravcem na ruce k tradi\u010dn\u00edmu letn\u00edmu o\u017eiven\u00ed. Po\u0161tolka p\u0159edv\u00e1d\u011bn\u00e1 v zahrad\u011b z\u00e1mku v Lednici (2008\/08\/11). Dravci a po\u0161tolky, kter\u00e9 n\u00e1s zaj\u00edmaj\u00ed\u2026","rel":"","context":"V \u201eInfo\u201c","block_context":{"text":"Info","link":"https:\/\/tinnunculus.sy-sy.cz\/index.php\/category\/info\/"},"img":{"alt_text":"","src":"https:\/\/i0.wp.com\/tinnunculus.sy-sy.cz\/wp-content\/uploads\/2015\/04\/DSCN4445-1024x768.jpg?resize=350%2C200&ssl=1","width":350,"height":200,"srcset":"https:\/\/i0.wp.com\/tinnunculus.sy-sy.cz\/wp-content\/uploads\/2015\/04\/DSCN4445-1024x768.jpg?resize=350%2C200&ssl=1 1x, https:\/\/i0.wp.com\/tinnunculus.sy-sy.cz\/wp-content\/uploads\/2015\/04\/DSCN4445-1024x768.jpg?resize=525%2C300&ssl=1 1.5x"},"classes":[]},{"id":2032,"url":"https:\/\/tinnunculus.sy-sy.cz\/index.php\/2017\/09\/03\/pozor-vyleti-ptacek\/","url_meta":{"origin":399,"position":1},"title":"Pozor, vylet\u00ed pt\u00e1\u010dek","author":"Zuzana Syrov\u00e1 An\u00fd\u017eov\u00e1","date":"03\/09\/2017","format":false,"excerpt":"Tak u\u017e je tu z\u00e1\u0159\u00ed... Fotky z pr\u00e1zdnin u\u017e mo\u017en\u00e1 nevyvol\u00e1v\u00e1 ani Karel Gott. Nicm\u00e9n\u011b alespo\u0148 probrat a \u0159\u00e1dn\u011b archivovat pr\u00e1zdninov\u00e9 digit\u00e1ln\u00ed resty je pot\u0159eba.\u00a0 Ob\u010das to ne nich vypad\u00e1, \u017ee n\u00e1s sami ope\u0159enci \u017e\u00e1dali, abychom je vyfotili. Na hrad\u011b Malenovice cht\u011bl dokonce jeden p\u00e1r foto rodinn\u00e9. Ale \u0159\u00edkejte ope\u0159enc\u016fm:\u2026","rel":"","context":"V \u201ePo\u0161tolka\u201c","block_context":{"text":"Po\u0161tolka","link":"https:\/\/tinnunculus.sy-sy.cz\/index.php\/category\/ostatni-zvirena\/ptaci\/dravec\/postolka\/"},"img":{"alt_text":"","src":"https:\/\/i0.wp.com\/tinnunculus.sy-sy.cz\/wp-content\/uploads\/2017\/09\/DSC_2233_crop.jpg?resize=350%2C200&ssl=1","width":350,"height":200,"srcset":"https:\/\/i0.wp.com\/tinnunculus.sy-sy.cz\/wp-content\/uploads\/2017\/09\/DSC_2233_crop.jpg?resize=350%2C200&ssl=1 1x, https:\/\/i0.wp.com\/tinnunculus.sy-sy.cz\/wp-content\/uploads\/2017\/09\/DSC_2233_crop.jpg?resize=525%2C300&ssl=1 1.5x, https:\/\/i0.wp.com\/tinnunculus.sy-sy.cz\/wp-content\/uploads\/2017\/09\/DSC_2233_crop.jpg?resize=700%2C400&ssl=1 2x"},"classes":[]},{"id":4475,"url":"https:\/\/tinnunculus.sy-sy.cz\/index.php\/2018\/04\/01\/postolky-z-andelky\/","url_meta":{"origin":399,"position":2},"title":"Po\u0161tolky z&nbsp;And\u011blky","author":"Zuzana Syrov\u00e1 An\u00fd\u017eov\u00e1","date":"01\/04\/2018","format":false,"excerpt":"Jak obecn\u011b zn\u00e1mo, po\u0161tolka \"na star\u00fdch hradech v pust\u00fdch v\u011b\u017e\u00edch se zdr\u017euje a hn\u00edzd\u00ed (odkud snad sokol kolokolnoj, Thurmfalke slove.)\" M\u016f\u017eete se to do\u010d\u00edst u\u017e v prv\u00e9m se\u0161itku Staro\u010desk\u00fdch pov\u011bst\u00ed, zp\u011bv\u016f, her, oby\u010dej\u016f, slavnost\u00ed a n\u00e1p\u011bv\u016f ohledem na b\u00e1jeslov\u00ed \u010cesko-slovansk\u00e9, o n\u011bm\u017e jsme ji\u017e psali v p\u0159\u00edsp\u011bvku Postolka, lidsky po\u0161tolka.\u2026","rel":"","context":"V \u201ePo\u0161tolka\u201c","block_context":{"text":"Po\u0161tolka","link":"https:\/\/tinnunculus.sy-sy.cz\/index.php\/category\/ostatni-zvirena\/ptaci\/dravec\/postolka\/"},"img":{"alt_text":"","src":"https:\/\/i0.wp.com\/tinnunculus.sy-sy.cz\/wp-content\/uploads\/2018\/04\/DSC_3208uu.jpg?resize=350%2C200&ssl=1","width":350,"height":200,"srcset":"https:\/\/i0.wp.com\/tinnunculus.sy-sy.cz\/wp-content\/uploads\/2018\/04\/DSC_3208uu.jpg?resize=350%2C200&ssl=1 1x, https:\/\/i0.wp.com\/tinnunculus.sy-sy.cz\/wp-content\/uploads\/2018\/04\/DSC_3208uu.jpg?resize=525%2C300&ssl=1 1.5x"},"classes":[]},{"id":240,"url":"https:\/\/tinnunculus.sy-sy.cz\/index.php\/2015\/07\/05\/postolky-hradni-a-zamecke-ii\/","url_meta":{"origin":399,"position":3},"title":"Po\u0161tolky hradn\u00ed a&nbsp;z\u00e1meck\u00e9 II.","author":"Zuzana Syrov\u00e1 An\u00fd\u017eov\u00e1","date":"05\/07\/2015","format":false,"excerpt":"Mnoh\u00e9 po\u0161tolky si dok\u00e1\u017e\u00ed naj\u00edt lep\u0161\u00ed bydla ne\u017e panelov\u00e9 s\u00eddli\u0161t\u011b a s oblibou hn\u00edzd\u00ed na hradech a z\u00e1mc\u00edch. Zvl\u00e1\u0161tn\u00ed m\u00edsto mezi nimi maj\u00ed Bu\u010dovice, kde po\u0161tolku najdeme i ve v\u00fdzdob\u011b tzv. Pta\u010d\u00edho s\u00e1lu. Po\u0161tolky \u017eiv\u00e9 pak bytuj\u00ed na \u0159ad\u011b m\u00edst z\u00e1mku. Na n\u00e1dvo\u0159\u00ed v severov\u00fdchodn\u00ed v\u011b\u017ei maj\u00ed toto tradi\u010dn\u00ed hn\u00edzdo:\u2026","rel":"","context":"V \u201ePo\u0161tolka\u201c","block_context":{"text":"Po\u0161tolka","link":"https:\/\/tinnunculus.sy-sy.cz\/index.php\/category\/ostatni-zvirena\/ptaci\/dravec\/postolka\/"},"img":{"alt_text":"","src":"https:\/\/i0.wp.com\/tinnunculus.sy-sy.cz\/wp-content\/uploads\/2015\/07\/P1140685-1024x768.jpg?resize=350%2C200&ssl=1","width":350,"height":200,"srcset":"https:\/\/i0.wp.com\/tinnunculus.sy-sy.cz\/wp-content\/uploads\/2015\/07\/P1140685-1024x768.jpg?resize=350%2C200&ssl=1 1x, https:\/\/i0.wp.com\/tinnunculus.sy-sy.cz\/wp-content\/uploads\/2015\/07\/P1140685-1024x768.jpg?resize=525%2C300&ssl=1 1.5x"},"classes":[]},{"id":6151,"url":"https:\/\/tinnunculus.sy-sy.cz\/index.php\/2018\/09\/19\/swatba-na-krasne-hore\/","url_meta":{"origin":399,"position":4},"title":"Swatba na Kr\u00e1sn\u00e9 Ho\u0159e","author":"Zuzana Syrov\u00e1 An\u00fd\u017eov\u00e1","date":"19\/09\/2018","format":"quote","excerpt":"L\u00e9ta P\u00e1n\u011b 1835 vy\u0161la v \u010casopise \u0106esk\u00e9ho Musea b\u00e1se\u0148 Swatba na Kr\u00e1sn\u00e9 Ho\u0159e, kterou \"dle pov\u011bsti vzd\u011blal V\u011bnceslav Jarom\u00edr Picek\". M\u00edstem d\u011bje jsou z\u0159\u00edceniny \"v T\u00e1borsku bl\u00ed\u017e Mlad\u00e9 Vo\u017eice. Posledn\u00ed dr\u017eitelkyn\u011b tohoto hradu, ovdov\u011bl\u00e1 pan\u00ed Mr\u00e1\u010dkovna, o n\u00ed\u017e tato b\u00e1se\u0148 jedn\u00e1, ve z\u0159\u00edcenin\u00e1ch jeho roku 1211, jak jak pov\u011bst ud\u00e1v\u00e1,\u2026","rel":"","context":"V \u201ePo\u0161tolka\u201c","block_context":{"text":"Po\u0161tolka","link":"https:\/\/tinnunculus.sy-sy.cz\/index.php\/category\/ostatni-zvirena\/ptaci\/dravec\/postolka\/"},"img":{"alt_text":"","src":"https:\/\/i0.wp.com\/tinnunculus.sy-sy.cz\/wp-content\/uploads\/2018\/09\/kestrels-castle01BW.jpg?resize=350%2C200&ssl=1","width":350,"height":200,"srcset":"https:\/\/i0.wp.com\/tinnunculus.sy-sy.cz\/wp-content\/uploads\/2018\/09\/kestrels-castle01BW.jpg?resize=350%2C200&ssl=1 1x, https:\/\/i0.wp.com\/tinnunculus.sy-sy.cz\/wp-content\/uploads\/2018\/09\/kestrels-castle01BW.jpg?resize=525%2C300&ssl=1 1.5x, https:\/\/i0.wp.com\/tinnunculus.sy-sy.cz\/wp-content\/uploads\/2018\/09\/kestrels-castle01BW.jpg?resize=700%2C400&ssl=1 2x"},"classes":[]},{"id":20612,"url":"https:\/\/tinnunculus.sy-sy.cz\/index.php\/2023\/03\/10\/postolky-a-stiri-na-karlstejne\/","url_meta":{"origin":399,"position":5},"title":"Po\u0161tolky a&nbsp;\u0161t\u00ed\u0159i na Karl\u0161tejn\u011b","author":"Zuzana Syrov\u00e1 An\u00fd\u017eov\u00e1","date":"10\/03\/2023","format":"quote","excerpt":"Aneb o Bohuslavu Balb\u00ednovi a z\u00e1hadn\u00e9 j\u00eddeln\u00ed\u010dku karl\u0161tejsnsk\u00fdch po\u0161tolek.","rel":"","context":"V \u201eDravec\u201c","block_context":{"text":"Dravec","link":"https:\/\/tinnunculus.sy-sy.cz\/index.php\/category\/ostatni-zvirena\/ptaci\/dravec\/"},"img":{"alt_text":"","src":"https:\/\/i0.wp.com\/tinnunculus.sy-sy.cz\/wp-content\/uploads\/2023\/02\/cricket-87950_960_720-e1678487811556.jpg?resize=350%2C200&ssl=1","width":350,"height":200,"srcset":"https:\/\/i0.wp.com\/tinnunculus.sy-sy.cz\/wp-content\/uploads\/2023\/02\/cricket-87950_960_720-e1678487811556.jpg?resize=350%2C200&ssl=1 1x, https:\/\/i0.wp.com\/tinnunculus.sy-sy.cz\/wp-content\/uploads\/2023\/02\/cricket-87950_960_720-e1678487811556.jpg?resize=525%2C300&ssl=1 1.5x, https:\/\/i0.wp.com\/tinnunculus.sy-sy.cz\/wp-content\/uploads\/2023\/02\/cricket-87950_960_720-e1678487811556.jpg?resize=700%2C400&ssl=1 2x"},"classes":[]}],"jetpack_sharing_enabled":true,"_links":{"self":[{"href":"https:\/\/tinnunculus.sy-sy.cz\/index.php\/wp-json\/wp\/v2\/posts\/399","targetHints":{"allow":["GET"]}}],"collection":[{"href":"https:\/\/tinnunculus.sy-sy.cz\/index.php\/wp-json\/wp\/v2\/posts"}],"about":[{"href":"https:\/\/tinnunculus.sy-sy.cz\/index.php\/wp-json\/wp\/v2\/types\/post"}],"author":[{"embeddable":true,"href":"https:\/\/tinnunculus.sy-sy.cz\/index.php\/wp-json\/wp\/v2\/users\/2"}],"replies":[{"embeddable":true,"href":"https:\/\/tinnunculus.sy-sy.cz\/index.php\/wp-json\/wp\/v2\/comments?post=399"}],"version-history":[{"count":2,"href":"https:\/\/tinnunculus.sy-sy.cz\/index.php\/wp-json\/wp\/v2\/posts\/399\/revisions"}],"predecessor-version":[{"id":30422,"href":"https:\/\/tinnunculus.sy-sy.cz\/index.php\/wp-json\/wp\/v2\/posts\/399\/revisions\/30422"}],"wp:attachment":[{"href":"https:\/\/tinnunculus.sy-sy.cz\/index.php\/wp-json\/wp\/v2\/media?parent=399"}],"wp:term":[{"taxonomy":"category","embeddable":true,"href":"https:\/\/tinnunculus.sy-sy.cz\/index.php\/wp-json\/wp\/v2\/categories?post=399"},{"taxonomy":"post_tag","embeddable":true,"href":"https:\/\/tinnunculus.sy-sy.cz\/index.php\/wp-json\/wp\/v2\/tags?post=399"}],"curies":[{"name":"wp","href":"https:\/\/api.w.org\/{rel}","templated":true}]}}