{"id":389,"date":"2017-04-02T07:28:46","date_gmt":"2017-04-02T05:28:46","guid":{"rendered":"http:\/\/tinnunculus.sy-sy.cz\/index.php\/2017\/04\/02\/aprilove-pozorovani\/"},"modified":"2025-12-14T18:11:24","modified_gmt":"2025-12-14T17:11:24","slug":"aprilove-pozorovani","status":"publish","type":"post","link":"https:\/\/tinnunculus.sy-sy.cz\/index.php\/2017\/04\/02\/aprilove-pozorovani\/","title":{"rendered":"Apr\u00edlov\u00e9 pozorov\u00e1n\u00ed"},"content":{"rendered":"<p>Krom\u011b pozorov\u00e1n\u00ed na\u0161ich po\u0161tolek &#8222;dom\u00e1c\u00edch&#8220; jsme m\u011bli v\u010dera p\u0159\u00edle\u017eitost pozorovat apr\u00edlov\u00fd rej po\u0161tolek nad st\u0159echami rajhradsk\u00e9ho kl\u00e1\u0161tera. Bydl\u00ed jich tam z\u0159ejm\u011b hned n\u011bkolik p\u00e1r\u016f.\u00a0 Po\u0161tolky sd\u00edlej\u00ed spole\u010dn\u00e9 st\u0159echy s&nbsp;<a href=\"https:\/\/www.rajhrad.cz\/benediktini\/\" target=\"_blank\" rel=\"noopener noreferrer\">benediktinsk\u00fdm opatstv\u00edm<\/a>, <a href=\"https:\/\/rajhrad.muzeumbrnenska.cz\/cz\/\" target=\"_blank\" rel=\"noopener noreferrer\">pam\u00e1tn\u00edkem p\u00edsemnictv\u00ed na Morav\u011b<\/a> a&nbsp;<a href=\"http:\/\/www.draviptaci.cz\/\" target=\"_blank\" rel=\"noopener noreferrer\">z\u00e1chrannou stanic\u00ed pro drav\u00e9 pt\u00e1ky<\/a>, kter\u00e1 pe\u010duje o&nbsp;jejich p\u0159\u00edbuzn\u00e9.<\/p>\n<p><a href=\"https:\/\/i0.wp.com\/tinnunculus.sy-sy.cz\/wp-content\/uploads\/2017\/04\/P1330458a-e1705444067536.jpg?ssl=1\" target=\"_blank\" rel=\"noopener\"><img data-recalc-dims=\"1\" loading=\"lazy\" decoding=\"async\" data-attachment-id=\"30496\" data-permalink=\"https:\/\/tinnunculus.sy-sy.cz\/index.php\/2017\/04\/02\/aprilove-pozorovani\/p1330458a\/\" data-orig-file=\"https:\/\/i0.wp.com\/tinnunculus.sy-sy.cz\/wp-content\/uploads\/2017\/04\/P1330458a-e1705444067536.jpg?fit=1038%2C720&amp;ssl=1\" data-orig-size=\"1038,720\" data-comments-opened=\"1\" data-image-meta=\"{&quot;aperture&quot;:&quot;0&quot;,&quot;credit&quot;:&quot;&quot;,&quot;camera&quot;:&quot;&quot;,&quot;caption&quot;:&quot;&quot;,&quot;created_timestamp&quot;:&quot;0&quot;,&quot;copyright&quot;:&quot;&quot;,&quot;focal_length&quot;:&quot;0&quot;,&quot;iso&quot;:&quot;0&quot;,&quot;shutter_speed&quot;:&quot;0&quot;,&quot;title&quot;:&quot;&quot;,&quot;orientation&quot;:&quot;0&quot;}\" data-image-title=\"P1330458a\" data-image-description=\"\" data-image-caption=\"\" data-large-file=\"https:\/\/i0.wp.com\/tinnunculus.sy-sy.cz\/wp-content\/uploads\/2017\/04\/P1330458a-e1705444067536.jpg?fit=525%2C364&amp;ssl=1\" class=\"aligncenter wp-image-30496 size-large\" src=\"https:\/\/i0.wp.com\/tinnunculus.sy-sy.cz\/wp-content\/uploads\/2017\/04\/P1330458a.jpg?resize=525%2C364&#038;ssl=1\" alt=\"\" width=\"525\" height=\"364\" \/><\/a><\/p>\n<p>&nbsp;<\/p>\n<p>Jedno \u00fahledn\u00e9 hn\u00edzdo se skr\u00fdv\u00e1 ve vik\u00fd\u0159i st\u0159echy kostela sv.&nbsp;Petra a&nbsp;Pavla.<\/p>\n","protected":false},"excerpt":{"rendered":"<p>Krom\u011b pozorov\u00e1n\u00ed na\u0161ich po\u0161tolek &#8222;dom\u00e1c\u00edch&#8220; jsme m\u011bli v\u010dera p\u0159\u00edle\u017eitost pozorovat apr\u00edlov\u00fd rej po\u0161tolek nad st\u0159echami rajhradsk\u00e9ho kl\u00e1\u0161tera. Bydl\u00ed jich tam z\u0159ejm\u011b hned n\u011bkolik p\u00e1r\u016f.\u00a0 Po\u0161tolky sd\u00edlej\u00ed spole\u010dn\u00e9 st\u0159echy s&nbsp;benediktinsk\u00fdm opatstv\u00edm, pam\u00e1tn\u00edkem p\u00edsemnictv\u00ed na Morav\u011b a&nbsp;z\u00e1chrannou stanic\u00ed pro drav\u00e9 pt\u00e1ky, kter\u00e1 pe\u010duje o&nbsp;jejich p\u0159\u00edbuzn\u00e9. &nbsp; Jedno \u00fahledn\u00e9 hn\u00edzdo se skr\u00fdv\u00e1 ve vik\u00fd\u0159i st\u0159echy kostela sv.&nbsp;Petra a&nbsp;Pavla.<\/p>\n","protected":false},"author":2,"featured_media":0,"comment_status":"closed","ping_status":"open","sticky":false,"template":"","format":"standard","meta":{"jetpack_post_was_ever_published":false,"_jetpack_newsletter_access":"","_jetpack_dont_email_post_to_subs":false,"_jetpack_newsletter_tier_id":0,"_jetpack_memberships_contains_paywalled_content":false,"_jetpack_memberships_contains_paid_content":false,"footnotes":""},"categories":[105,110],"tags":[30,127,91,35],"class_list":["post-389","post","type-post","status-publish","format-standard","hentry","category-postolka","category-postolka-obecna","tag-ps_55","tag-postolka-hradni-a-zamecka","tag-ps_95","tag-ps_34"],"jetpack_featured_media_url":"","jetpack_shortlink":"https:\/\/wp.me\/p91gKE-6h","jetpack-related-posts":[{"id":304,"url":"https:\/\/tinnunculus.sy-sy.cz\/index.php\/2016\/04\/01\/neni-to-april\/","url_meta":{"origin":389,"position":0},"title":"Nen\u00ed to apr\u00edl","author":"Zuzana Syrov\u00e1 An\u00fd\u017eov\u00e1","date":"01\/04\/2016","format":false,"excerpt":"Dne\u0161n\u00ed den byl 110. mezin\u00e1rodn\u00edm dnem ptactva. Slav\u00ed se ve v\u00fdro\u010dn\u00ed den podpisu\u00a0 \u201eMezin\u00e1rodn\u00ed konvence o ochran\u011b u\u017eite\u010dn\u00e9ho ptactva\u201c od roku 1906. A taky m\u011bl b\u00fdti spr\u00e1vn\u011b dnem apr\u00edlov\u00fdch \u017eert\u00edk\u016f, i kdy\u017e le\u0161en\u00ed, kter\u00e9 v\u010dera vyrostlo p\u0159ed oknem na\u0161\u00ed lo\u017enice, za n\u011b zrovna nepova\u017eujeme. Se dnem ptactva pak m\u011blo spole\u010dn\u00e9ho\u2026","rel":"","context":"V \u201e\"Na\u0161e\" po\u0161tolky\u201c","block_context":{"text":"\"Na\u0161e\" po\u0161tolky","link":"https:\/\/tinnunculus.sy-sy.cz\/index.php\/category\/nasi\/nase-postolky\/"},"img":{"alt_text":"","src":"https:\/\/i0.wp.com\/tinnunculus.sy-sy.cz\/wp-content\/uploads\/2016\/04\/20160401_08-05-05-1024x640.jpg?resize=350%2C200&ssl=1","width":350,"height":200,"srcset":"https:\/\/i0.wp.com\/tinnunculus.sy-sy.cz\/wp-content\/uploads\/2016\/04\/20160401_08-05-05-1024x640.jpg?resize=350%2C200&ssl=1 1x, https:\/\/i0.wp.com\/tinnunculus.sy-sy.cz\/wp-content\/uploads\/2016\/04\/20160401_08-05-05-1024x640.jpg?resize=525%2C300&ssl=1 1.5x"},"classes":[]},{"id":6026,"url":"https:\/\/tinnunculus.sy-sy.cz\/index.php\/2018\/08\/10\/nase-postolcata\/","url_meta":{"origin":389,"position":1},"title":"&#8222;Na\u0161e&#8220; po\u0161tol\u010data","author":"Zuzana Syrov\u00e1 An\u00fd\u017eov\u00e1","date":"10\/08\/2018","format":"aside","excerpt":"Kone\u010dn\u011b se n\u00e1m poda\u0159ilo zjistit, jak se da\u0159\u00ed \"na\u0161im\" leto\u0161n\u00edm po\u0161tol\u010dat\u016fm, kter\u00e1 jsme p\u0159ed m\u011bs\u00edce odvezli do z\u00e1chrann\u00e9 stanice.\u00a0 V\u010dera, 9. srpna, byla vypu\u0161t\u011bna z voli\u00e9ry a krou\u017eila nad Pta\u010d\u00edm centrem.\u00a0 \u010cek\u00e1 je velk\u00fd, \u0161ir\u00fd sv\u011bt\u2026","rel":"","context":"V \u201e\"Na\u0161e\" po\u0161tolky\u201c","block_context":{"text":"\"Na\u0161e\" po\u0161tolky","link":"https:\/\/tinnunculus.sy-sy.cz\/index.php\/category\/nasi\/nase-postolky\/"},"img":{"alt_text":"","src":"","width":0,"height":0},"classes":[]},{"id":30398,"url":"https:\/\/tinnunculus.sy-sy.cz\/index.php\/2024\/01\/14\/veverka-nebojsa\/","url_meta":{"origin":389,"position":2},"title":"Veverka nebojsa","author":"Zuzana Syrov\u00e1 An\u00fd\u017eov\u00e1","date":"14\/01\/2024","format":false,"excerpt":"Aneb o tom, jak do na\u0161\u00ed lod\u017eie zav\u00edtalo jist\u00e9 individuum s chlupat\u00fdm oc\u00e1skem a \u0161t\u011bti\u010dkami na u\u0161\u00edch a jak se ta neobvykl\u00e1 n\u00e1v\u0161t\u011bva l\u00edbila \"na\u0161\u00ed\" pan\u00ed po\u0161tolce.","rel":"","context":"V \u201e\"Na\u0161e\" po\u0161tolky\u201c","block_context":{"text":"\"Na\u0161e\" po\u0161tolky","link":"https:\/\/tinnunculus.sy-sy.cz\/index.php\/category\/nasi\/nase-postolky\/"},"img":{"alt_text":"","src":"https:\/\/i0.wp.com\/tinnunculus.sy-sy.cz\/wp-content\/uploads\/2024\/01\/20240114-1008587540-e1705243001289.jpg?resize=350%2C200","width":350,"height":200,"srcset":"https:\/\/i0.wp.com\/tinnunculus.sy-sy.cz\/wp-content\/uploads\/2024\/01\/20240114-1008587540-e1705243001289.jpg?resize=350%2C200 1x, https:\/\/i0.wp.com\/tinnunculus.sy-sy.cz\/wp-content\/uploads\/2024\/01\/20240114-1008587540-e1705243001289.jpg?resize=525%2C300 1.5x, https:\/\/i0.wp.com\/tinnunculus.sy-sy.cz\/wp-content\/uploads\/2024\/01\/20240114-1008587540-e1705243001289.jpg?resize=700%2C400 2x"},"classes":[]},{"id":43455,"url":"https:\/\/tinnunculus.sy-sy.cz\/index.php\/2025\/07\/13\/cas-zachranovani\/","url_meta":{"origin":389,"position":3},"title":"\u010cas zachra\u0148ov\u00e1n\u00ed","author":"Zuzana Syrov\u00e1 An\u00fd\u017eov\u00e1","date":"13\/07\/2025","format":false,"excerpt":"Aneb o ton, jak pomoci nalezen\u00e9mu po\u0161tol\u010d\u00edmu ml\u00e1d\u011bti, kter\u00e9 pon\u011bkud nezvl\u00e1dlo sv\u016fj prvn\u00ed let.","rel":"","context":"V \u201eDravec\u201c","block_context":{"text":"Dravec","link":"https:\/\/tinnunculus.sy-sy.cz\/index.php\/category\/ostatni-zvirena\/ptaci\/dravec\/"},"img":{"alt_text":"","src":"https:\/\/i0.wp.com\/tinnunculus.sy-sy.cz\/wp-content\/uploads\/2025\/07\/postolka_plzen.jpg?resize=350%2C200&ssl=1","width":350,"height":200,"srcset":"https:\/\/i0.wp.com\/tinnunculus.sy-sy.cz\/wp-content\/uploads\/2025\/07\/postolka_plzen.jpg?resize=350%2C200&ssl=1 1x, https:\/\/i0.wp.com\/tinnunculus.sy-sy.cz\/wp-content\/uploads\/2025\/07\/postolka_plzen.jpg?resize=525%2C300&ssl=1 1.5x, https:\/\/i0.wp.com\/tinnunculus.sy-sy.cz\/wp-content\/uploads\/2025\/07\/postolka_plzen.jpg?resize=700%2C400&ssl=1 2x"},"classes":[]},{"id":5718,"url":"https:\/\/tinnunculus.sy-sy.cz\/index.php\/2018\/07\/16\/jak-se-vypousteji\/","url_meta":{"origin":389,"position":4},"title":"Jak se vypou\u0161t\u011bj\u00ed","author":"Zuzana Syrov\u00e1 An\u00fd\u017eov\u00e1","date":"16\/07\/2018","format":false,"excerpt":"\"Na\u0161e\" po\u0161tol\u010data tr\u00e1v\u00ed \u010das od ned\u011ble 8. \u010dervence v z\u00e1chrann\u00e9 stanici. Pokud bylo v\u0161e prob\u00edhalo norm\u00e1ln\u011b, u\u017e by z\u0159ejm\u011b i to nejmen\u0161\u00ed m\u011blo za sebou prvn\u00ed let mimo okruh na\u0161\u00ed i jejich dom\u00e1c\u00ed lod\u017eie. Takto si je\u0161t\u011b n\u011bjakou dobu na prvn\u00ed voln\u00fd let po\u010dkaj\u00ed. Nejsp\u00ed\u0161e se teprve rozl\u00e9t\u00e1vaj\u00ed po tr\u00e9ninkov\u00e9\u2026","rel":"","context":"V \u201eDravec\u201c","block_context":{"text":"Dravec","link":"https:\/\/tinnunculus.sy-sy.cz\/index.php\/category\/ostatni-zvirena\/ptaci\/dravec\/"},"img":{"alt_text":"","src":"https:\/\/i0.wp.com\/tinnunculus.sy-sy.cz\/wp-content\/uploads\/2018\/07\/Vypusteni_postolky_U-1024x683.jpg?resize=350%2C200&ssl=1","width":350,"height":200,"srcset":"https:\/\/i0.wp.com\/tinnunculus.sy-sy.cz\/wp-content\/uploads\/2018\/07\/Vypusteni_postolky_U-1024x683.jpg?resize=350%2C200&ssl=1 1x, https:\/\/i0.wp.com\/tinnunculus.sy-sy.cz\/wp-content\/uploads\/2018\/07\/Vypusteni_postolky_U-1024x683.jpg?resize=525%2C300&ssl=1 1.5x"},"classes":[]},{"id":5730,"url":"https:\/\/tinnunculus.sy-sy.cz\/index.php\/2018\/07\/10\/odvezt-ci-neodvezt\/","url_meta":{"origin":389,"position":5},"title":"Odv\u00e9zt \u010di&nbsp;neodv\u00e9zt","author":"Zuzana Syrov\u00e1 An\u00fd\u017eov\u00e1","date":"10\/07\/2018","format":false,"excerpt":"(aneb jak jsme toto dilema nakonec vy\u0159e\u0161ili) Pokud sledujete p\u0159\u00edm\u00fd p\u0159enos z na\u0161\u00ed lod\u017eie, tak u\u017e ur\u010dit\u011b v\u00edte, \u017ee leto\u0161n\u00ed \u010dty\u0159i po\u0161tol\u010data v pozdn\u00edm ned\u011bln\u00edm odpoledni zmizela z hn\u00edzda. Od \u00faterka 3.\u010dervence, kdy se zde naposledy uk\u00e1zala matka pot\u00e9, co zahnala 29. \u010dervna po\u0161tol\u010d\u00edho otce,\u00a0 jsme dumali jak dlouho m\u00e1me\u2026","rel":"","context":"V \u201e\"Na\u0161e\" po\u0161tolky\u201c","block_context":{"text":"\"Na\u0161e\" po\u0161tolky","link":"https:\/\/tinnunculus.sy-sy.cz\/index.php\/category\/nasi\/nase-postolky\/"},"img":{"alt_text":"","src":"https:\/\/i0.wp.com\/tinnunculus.sy-sy.cz\/wp-content\/uploads\/2018\/07\/20180709-1957472495u.jpg?resize=350%2C200&ssl=1","width":350,"height":200,"srcset":"https:\/\/i0.wp.com\/tinnunculus.sy-sy.cz\/wp-content\/uploads\/2018\/07\/20180709-1957472495u.jpg?resize=350%2C200&ssl=1 1x, https:\/\/i0.wp.com\/tinnunculus.sy-sy.cz\/wp-content\/uploads\/2018\/07\/20180709-1957472495u.jpg?resize=525%2C300&ssl=1 1.5x, https:\/\/i0.wp.com\/tinnunculus.sy-sy.cz\/wp-content\/uploads\/2018\/07\/20180709-1957472495u.jpg?resize=700%2C400&ssl=1 2x"},"classes":[]}],"jetpack_sharing_enabled":true,"_links":{"self":[{"href":"https:\/\/tinnunculus.sy-sy.cz\/index.php\/wp-json\/wp\/v2\/posts\/389","targetHints":{"allow":["GET"]}}],"collection":[{"href":"https:\/\/tinnunculus.sy-sy.cz\/index.php\/wp-json\/wp\/v2\/posts"}],"about":[{"href":"https:\/\/tinnunculus.sy-sy.cz\/index.php\/wp-json\/wp\/v2\/types\/post"}],"author":[{"embeddable":true,"href":"https:\/\/tinnunculus.sy-sy.cz\/index.php\/wp-json\/wp\/v2\/users\/2"}],"replies":[{"embeddable":true,"href":"https:\/\/tinnunculus.sy-sy.cz\/index.php\/wp-json\/wp\/v2\/comments?post=389"}],"version-history":[{"count":3,"href":"https:\/\/tinnunculus.sy-sy.cz\/index.php\/wp-json\/wp\/v2\/posts\/389\/revisions"}],"predecessor-version":[{"id":40783,"href":"https:\/\/tinnunculus.sy-sy.cz\/index.php\/wp-json\/wp\/v2\/posts\/389\/revisions\/40783"}],"wp:attachment":[{"href":"https:\/\/tinnunculus.sy-sy.cz\/index.php\/wp-json\/wp\/v2\/media?parent=389"}],"wp:term":[{"taxonomy":"category","embeddable":true,"href":"https:\/\/tinnunculus.sy-sy.cz\/index.php\/wp-json\/wp\/v2\/categories?post=389"},{"taxonomy":"post_tag","embeddable":true,"href":"https:\/\/tinnunculus.sy-sy.cz\/index.php\/wp-json\/wp\/v2\/tags?post=389"}],"curies":[{"name":"wp","href":"https:\/\/api.w.org\/{rel}","templated":true}]}}