{"id":388,"date":"2017-04-02T05:30:49","date_gmt":"2017-04-02T03:30:49","guid":{"rendered":"http:\/\/tinnunculus.sy-sy.cz\/index.php\/2017\/04\/02\/happy-bird-day\/"},"modified":"2026-03-21T08:36:04","modified_gmt":"2026-03-21T07:36:04","slug":"happy-bird-day","status":"publish","type":"post","link":"https:\/\/tinnunculus.sy-sy.cz\/index.php\/2017\/04\/02\/happy-bird-day\/","title":{"rendered":"Happy bird day"},"content":{"rendered":"<p>Na prvn\u00edho dubna, jak mo\u017en\u00e1 je\u0161t\u011b ne v\u0161eobecn\u011b zn\u00e1mo, p\u0159ipad\u00e1 mezin\u00e1rodn\u00ed den ptactva. Na\u0161e po\u0161tolky ho oslavili tradi\u010dn\u011b:<\/p>\n<p><a href=\"https:\/\/i0.wp.com\/tinnunculus.sy-sy.cz\/wp-content\/uploads\/2017\/04\/20170401_08-44-00-e1705444427579.jpg?ssl=1\" target=\"_blank\" rel=\"noopener\"><img data-recalc-dims=\"1\" loading=\"lazy\" decoding=\"async\" data-attachment-id=\"30499\" data-permalink=\"https:\/\/tinnunculus.sy-sy.cz\/index.php\/2017\/04\/02\/happy-bird-day\/20170401_08-44-00\/\" data-orig-file=\"https:\/\/i0.wp.com\/tinnunculus.sy-sy.cz\/wp-content\/uploads\/2017\/04\/20170401_08-44-00-e1705444427579.jpg?fit=1038%2C649&amp;ssl=1\" data-orig-size=\"1038,649\" data-comments-opened=\"1\" data-image-meta=\"{&quot;aperture&quot;:&quot;0&quot;,&quot;credit&quot;:&quot;&quot;,&quot;camera&quot;:&quot;&quot;,&quot;caption&quot;:&quot;&quot;,&quot;created_timestamp&quot;:&quot;0&quot;,&quot;copyright&quot;:&quot;&quot;,&quot;focal_length&quot;:&quot;0&quot;,&quot;iso&quot;:&quot;0&quot;,&quot;shutter_speed&quot;:&quot;0&quot;,&quot;title&quot;:&quot;&quot;,&quot;orientation&quot;:&quot;0&quot;}\" data-image-title=\"20170401_08-44-00\" data-image-description=\"\" data-image-caption=\"\" data-large-file=\"https:\/\/i0.wp.com\/tinnunculus.sy-sy.cz\/wp-content\/uploads\/2017\/04\/20170401_08-44-00-e1705444427579.jpg?fit=525%2C328&amp;ssl=1\" class=\"aligncenter wp-image-30499 size-large\" src=\"https:\/\/i0.wp.com\/tinnunculus.sy-sy.cz\/wp-content\/uploads\/2017\/04\/20170401_08-44-00.jpg?resize=525%2C328&#038;ssl=1\" alt=\"\" width=\"525\" height=\"328\" \/><\/a><\/p>\n<p><!--more--><\/p>\n<p>Prakticky cel\u00e9 dopoledne se v\u011bnovaly \u010dinnostem nezbytn\u00fdm pro zalo\u017een\u00ed hn\u00edzda. Zd\u00e1 se, \u017ee star\u00e9 hn\u00edzdo v&nbsp;kout\u011b za sk\u0159\u00ed\u0148kou opravdu u\u017e nen\u00ed to prav\u00e9 a&nbsp;nast\u00e1v\u00e1 nov\u00e1 \u00e9ra hn\u00edzd\u011bn\u00ed pod bid\u00fdlky u&nbsp;dve\u0159\u00ed. Hn\u00edzdn\u00ed d\u016flek hloubili v\u010dera oba a&nbsp;velmi usilovn\u011b.<\/p>\n<p><a href=\"https:\/\/i0.wp.com\/tinnunculus.sy-sy.cz\/wp-content\/uploads\/2017\/04\/20170401_08-42-12.jpg?ssl=1\" target=\"_blank\" rel=\"noopener\"><img data-recalc-dims=\"1\" loading=\"lazy\" decoding=\"async\" data-attachment-id=\"30500\" data-permalink=\"https:\/\/tinnunculus.sy-sy.cz\/index.php\/2017\/04\/02\/happy-bird-day\/20170401_08-42-12\/\" data-orig-file=\"https:\/\/i0.wp.com\/tinnunculus.sy-sy.cz\/wp-content\/uploads\/2017\/04\/20170401_08-42-12.jpg?fit=1280%2C720&amp;ssl=1\" data-orig-size=\"1280,720\" data-comments-opened=\"1\" data-image-meta=\"{&quot;aperture&quot;:&quot;0&quot;,&quot;credit&quot;:&quot;&quot;,&quot;camera&quot;:&quot;&quot;,&quot;caption&quot;:&quot;&quot;,&quot;created_timestamp&quot;:&quot;0&quot;,&quot;copyright&quot;:&quot;&quot;,&quot;focal_length&quot;:&quot;0&quot;,&quot;iso&quot;:&quot;0&quot;,&quot;shutter_speed&quot;:&quot;0&quot;,&quot;title&quot;:&quot;&quot;,&quot;orientation&quot;:&quot;0&quot;}\" data-image-title=\"20170401_08-42-12\" data-image-description=\"\" data-image-caption=\"\" data-large-file=\"https:\/\/i0.wp.com\/tinnunculus.sy-sy.cz\/wp-content\/uploads\/2017\/04\/20170401_08-42-12.jpg?fit=525%2C295&amp;ssl=1\" class=\"aligncenter wp-image-30500 size-large\" src=\"https:\/\/i0.wp.com\/tinnunculus.sy-sy.cz\/wp-content\/uploads\/2017\/04\/20170401_08-42-12.jpg?resize=525%2C295&#038;ssl=1\" alt=\"\" width=\"525\" height=\"295\" srcset=\"https:\/\/i0.wp.com\/tinnunculus.sy-sy.cz\/wp-content\/uploads\/2017\/04\/20170401_08-42-12.jpg?resize=1024%2C576&amp;ssl=1 1024w, https:\/\/i0.wp.com\/tinnunculus.sy-sy.cz\/wp-content\/uploads\/2017\/04\/20170401_08-42-12.jpg?resize=300%2C169&amp;ssl=1 300w, https:\/\/i0.wp.com\/tinnunculus.sy-sy.cz\/wp-content\/uploads\/2017\/04\/20170401_08-42-12.jpg?resize=768%2C432&amp;ssl=1 768w, https:\/\/i0.wp.com\/tinnunculus.sy-sy.cz\/wp-content\/uploads\/2017\/04\/20170401_08-42-12.jpg?w=1280&amp;ssl=1 1280w\" sizes=\"auto, (max-width: 525px) 100vw, 525px\" \/><\/a><\/p>\n<p>&nbsp;<\/p>\n<p>Od p\u00e1tku je p\u0159itom sleduje i&nbsp;nov\u011b nad potenci\u00e1ln\u00ed hn\u00edzdo p\u0159em\u00edst\u011bn\u00e1 kamera. S&nbsp;kamerou p\u0159ibyl i&nbsp;nov\u00fd posed na poli\u010dce t\u011bsn\u011b pod stropem. Hned r\u00e1no si ho sami\u010dka vyhl\u00eddla a&nbsp;vyzkou\u0161ela. Na sn\u00edmku n\u00ed\u017ee se teprve odhodl\u00e1v\u00e1 k&nbsp;odrazu:<\/p>\n<p><a href=\"https:\/\/i0.wp.com\/tinnunculus.sy-sy.cz\/wp-content\/uploads\/2017\/04\/20170401_06-39-56-e1705444653991.jpg?ssl=1\" target=\"_blank\" rel=\"noopener\"><img data-recalc-dims=\"1\" loading=\"lazy\" decoding=\"async\" data-attachment-id=\"30501\" data-permalink=\"https:\/\/tinnunculus.sy-sy.cz\/index.php\/2017\/04\/02\/happy-bird-day\/20170401_06-39-56\/\" data-orig-file=\"https:\/\/i0.wp.com\/tinnunculus.sy-sy.cz\/wp-content\/uploads\/2017\/04\/20170401_06-39-56-e1705444653991.jpg?fit=1038%2C584&amp;ssl=1\" data-orig-size=\"1038,584\" data-comments-opened=\"1\" data-image-meta=\"{&quot;aperture&quot;:&quot;0&quot;,&quot;credit&quot;:&quot;&quot;,&quot;camera&quot;:&quot;&quot;,&quot;caption&quot;:&quot;&quot;,&quot;created_timestamp&quot;:&quot;0&quot;,&quot;copyright&quot;:&quot;&quot;,&quot;focal_length&quot;:&quot;0&quot;,&quot;iso&quot;:&quot;0&quot;,&quot;shutter_speed&quot;:&quot;0&quot;,&quot;title&quot;:&quot;&quot;,&quot;orientation&quot;:&quot;0&quot;}\" data-image-title=\"20170401_06-39-56\" data-image-description=\"\" data-image-caption=\"\" data-large-file=\"https:\/\/i0.wp.com\/tinnunculus.sy-sy.cz\/wp-content\/uploads\/2017\/04\/20170401_06-39-56-e1705444653991.jpg?fit=525%2C295&amp;ssl=1\" class=\"aligncenter wp-image-30501 size-large\" src=\"https:\/\/i0.wp.com\/tinnunculus.sy-sy.cz\/wp-content\/uploads\/2017\/04\/20170401_06-39-56.jpg?resize=525%2C295&#038;ssl=1\" alt=\"\" width=\"525\" height=\"295\" \/><\/a><\/p>\n<p>Odpoledne u\u017e na horn\u00ed poli\u010dce oba suverenn\u011b p\u0159ist\u00e1vali hned po&nbsp;p\u0159\u00edletu. P\u0159esv\u011bd\u010dit se m\u016f\u017eete na tomto videu:<\/p>\n<div style=\"width: 525px;\" class=\"wp-video\"><video class=\"wp-video-shortcode\" id=\"video-388-1\" width=\"525\" height=\"328\" preload=\"metadata\" controls=\"controls\"><source type=\"video\/mp4\" src=\"https:\/\/tinnunculus.sy-sy.cz\/wp-content\/uploads\/2017\/04\/20170401-1491062895-1491062912.mp4?_=1\" \/><a href=\"https:\/\/tinnunculus.sy-sy.cz\/wp-content\/uploads\/2017\/04\/20170401-1491062895-1491062912.mp4\">https:\/\/tinnunculus.sy-sy.cz\/wp-content\/uploads\/2017\/04\/20170401-1491062895-1491062912.mp4<\/a><\/video><\/div>\n","protected":false},"excerpt":{"rendered":"<p>Na prvn\u00edho dubna, jak mo\u017en\u00e1 je\u0161t\u011b ne v\u0161eobecn\u011b zn\u00e1mo, p\u0159ipad\u00e1 mezin\u00e1rodn\u00ed den ptactva. Na\u0161e po\u0161tolky ho oslavili tradi\u010dn\u011b:<\/p>\n","protected":false},"author":2,"featured_media":0,"comment_status":"closed","ping_status":"open","sticky":false,"template":"","format":"standard","meta":{"jetpack_post_was_ever_published":false,"_jetpack_newsletter_access":"","_jetpack_dont_email_post_to_subs":false,"_jetpack_newsletter_tier_id":0,"_jetpack_memberships_contains_paywalled_content":false,"_jetpack_memberships_contains_paid_content":false,"footnotes":""},"categories":[147,116,149,105,110,1596,114],"tags":[89,1114,80,90,91],"class_list":["post-388","post","type-post","status-publish","format-standard","hentry","category-nase-postolky","category-nasi","category-z-nasi-lodzie","category-postolka","category-postolka-obecna","category-postolky-z-nasi-lodzie","category-zivy-prenos","tag-ps_79","tag-den-ptactva","tag-ps_90","tag-ps_96","tag-ps_95"],"jetpack_featured_media_url":"","jetpack_shortlink":"https:\/\/wp.me\/p91gKE-6g","jetpack-related-posts":[{"id":21222,"url":"https:\/\/tinnunculus.sy-sy.cz\/index.php\/2023\/04\/01\/den-ptactva-podle-postolek\/","url_meta":{"origin":388,"position":0},"title":"Den ptactva podle po\u0161tolek","author":"Zuzana Syrov\u00e1 An\u00fd\u017eov\u00e1","date":"01\/04\/2023","format":false,"excerpt":"Aneb o dni ptactva a o tom, jak ho str\u00e1vily \"na\u0161e\" po\u0161tolky.","rel":"","context":"V \u201e\"Na\u0161e\" po\u0161tolky\u201c","block_context":{"text":"\"Na\u0161e\" po\u0161tolky","link":"https:\/\/tinnunculus.sy-sy.cz\/index.php\/category\/nasi\/nase-postolky\/"},"img":{"alt_text":"","src":"https:\/\/i0.wp.com\/tinnunculus.sy-sy.cz\/wp-content\/uploads\/2023\/04\/2023-04-01-1512335395-e1680381061274.jpg?resize=350%2C200&ssl=1","width":350,"height":200,"srcset":"https:\/\/i0.wp.com\/tinnunculus.sy-sy.cz\/wp-content\/uploads\/2023\/04\/2023-04-01-1512335395-e1680381061274.jpg?resize=350%2C200&ssl=1 1x, https:\/\/i0.wp.com\/tinnunculus.sy-sy.cz\/wp-content\/uploads\/2023\/04\/2023-04-01-1512335395-e1680381061274.jpg?resize=525%2C300&ssl=1 1.5x, https:\/\/i0.wp.com\/tinnunculus.sy-sy.cz\/wp-content\/uploads\/2023\/04\/2023-04-01-1512335395-e1680381061274.jpg?resize=700%2C400&ssl=1 2x"},"classes":[]},{"id":15183,"url":"https:\/\/tinnunculus.sy-sy.cz\/index.php\/2021\/04\/01\/vhodny-darek-ke-dni-ptactva\/","url_meta":{"origin":388,"position":1},"title":"Vhodn\u00fd d\u00e1rek ke dni ptactva","author":"Zuzana Syrov\u00e1 An\u00fd\u017eov\u00e1","date":"01\/04\/2021","format":false,"excerpt":"Aneb o tom, jak \"na\u0161e\" po\u0161tolky slavily den ptactva.","rel":"","context":"V \u201e\"Na\u0161e\" po\u0161tolky\u201c","block_context":{"text":"\"Na\u0161e\" po\u0161tolky","link":"https:\/\/tinnunculus.sy-sy.cz\/index.php\/category\/nasi\/nase-postolky\/"},"img":{"alt_text":"","src":"https:\/\/i0.wp.com\/tinnunculus.sy-sy.cz\/wp-content\/uploads\/2021\/04\/20210401-0707093999-1024x576.jpg?resize=350%2C200&ssl=1","width":350,"height":200,"srcset":"https:\/\/i0.wp.com\/tinnunculus.sy-sy.cz\/wp-content\/uploads\/2021\/04\/20210401-0707093999-1024x576.jpg?resize=350%2C200&ssl=1 1x, https:\/\/i0.wp.com\/tinnunculus.sy-sy.cz\/wp-content\/uploads\/2021\/04\/20210401-0707093999-1024x576.jpg?resize=525%2C300&ssl=1 1.5x"},"classes":[]},{"id":266,"url":"https:\/\/tinnunculus.sy-sy.cz\/index.php\/2015\/10\/07\/festival-ptactva\/","url_meta":{"origin":388,"position":2},"title":"Festival ptactva","author":"Zuzana Syrov\u00e1 An\u00fd\u017eov\u00e1","date":"07\/10\/2015","format":false,"excerpt":"B\u011bhem prvn\u00edho \u0159\u00edjnov\u00e9ho v\u00edkendu prob\u011bhl v Evrop\u011b ji\u017e tradi\u010dn\u011b Festival ptactva (EuroBirdwatch). Jeho ohlasy najdete na \u010desk\u00fdch i zahrani\u010dn\u00edch str\u00e1nk\u00e1ch. Pro \"na\u0161e\" po\u0161tolky i tlupu s\u00fdkorek, kter\u00e1 je u n\u00e1s pravideln\u00fdm n\u00e1v\u0161t\u011bvn\u00edkem kolem des\u00e1t\u00e9 hodiny dopoledn\u00ed, byl ov\u0161em t\u0159et\u00ed i \u010dtvrt\u00fd \u0159\u00edjen den jako ka\u017ed\u00fd jin\u00fd. Pro migraci se zat\u00edm\u2026","rel":"","context":"V \u201e\"Na\u0161e\" po\u0161tolky\u201c","block_context":{"text":"\"Na\u0161e\" po\u0161tolky","link":"https:\/\/tinnunculus.sy-sy.cz\/index.php\/category\/nasi\/nase-postolky\/"},"img":{"alt_text":"","src":"https:\/\/i0.wp.com\/tinnunculus.sy-sy.cz\/wp-content\/uploads\/2015\/10\/20151003_15-30-20_1-1024x576.jpg?resize=350%2C200&ssl=1","width":350,"height":200,"srcset":"https:\/\/i0.wp.com\/tinnunculus.sy-sy.cz\/wp-content\/uploads\/2015\/10\/20151003_15-30-20_1-1024x576.jpg?resize=350%2C200&ssl=1 1x, https:\/\/i0.wp.com\/tinnunculus.sy-sy.cz\/wp-content\/uploads\/2015\/10\/20151003_15-30-20_1-1024x576.jpg?resize=525%2C300&ssl=1 1.5x"},"classes":[]},{"id":304,"url":"https:\/\/tinnunculus.sy-sy.cz\/index.php\/2016\/04\/01\/neni-to-april\/","url_meta":{"origin":388,"position":3},"title":"Nen\u00ed to apr\u00edl","author":"Zuzana Syrov\u00e1 An\u00fd\u017eov\u00e1","date":"01\/04\/2016","format":false,"excerpt":"Dne\u0161n\u00ed den byl 110. mezin\u00e1rodn\u00edm dnem ptactva. Slav\u00ed se ve v\u00fdro\u010dn\u00ed den podpisu\u00a0 \u201eMezin\u00e1rodn\u00ed konvence o ochran\u011b u\u017eite\u010dn\u00e9ho ptactva\u201c od roku 1906. A taky m\u011bl b\u00fdti spr\u00e1vn\u011b dnem apr\u00edlov\u00fdch \u017eert\u00edk\u016f, i kdy\u017e le\u0161en\u00ed, kter\u00e9 v\u010dera vyrostlo p\u0159ed oknem na\u0161\u00ed lo\u017enice, za n\u011b zrovna nepova\u017eujeme. Se dnem ptactva pak m\u011blo spole\u010dn\u00e9ho\u2026","rel":"","context":"V \u201e\"Na\u0161e\" po\u0161tolky\u201c","block_context":{"text":"\"Na\u0161e\" po\u0161tolky","link":"https:\/\/tinnunculus.sy-sy.cz\/index.php\/category\/nasi\/nase-postolky\/"},"img":{"alt_text":"","src":"https:\/\/i0.wp.com\/tinnunculus.sy-sy.cz\/wp-content\/uploads\/2016\/04\/20160401_08-05-05-1024x640.jpg?resize=350%2C200&ssl=1","width":350,"height":200,"srcset":"https:\/\/i0.wp.com\/tinnunculus.sy-sy.cz\/wp-content\/uploads\/2016\/04\/20160401_08-05-05-1024x640.jpg?resize=350%2C200&ssl=1 1x, https:\/\/i0.wp.com\/tinnunculus.sy-sy.cz\/wp-content\/uploads\/2016\/04\/20160401_08-05-05-1024x640.jpg?resize=525%2C300&ssl=1 1.5x"},"classes":[]},{"id":4525,"url":"https:\/\/tinnunculus.sy-sy.cz\/index.php\/2018\/04\/04\/aprilove-ptactvo\/","url_meta":{"origin":388,"position":4},"title":"Apr\u00edlov\u00e9 ptactvo","author":"Zuzana Syrov\u00e1 An\u00fd\u017eov\u00e1","date":"04\/04\/2018","format":false,"excerpt":"Ka\u017edoro\u010dn\u011b zde p\u0159ipom\u00edn\u00e1me v\u00edcem\u00e9n\u011b obecn\u011b zn\u00e1m\u00fd fakt, \u017ee na prvn\u00edho dubna p\u0159ipad\u00e1 mezin\u00e1rodn\u00ed den ptactva. Letos jsme d\u00edky tomu, \u017ee z\u00e1rove\u0148 byly velikonoce, m\u011bli mo\u017enost pozorovat \u010dasn\u011b apr\u00edlov\u00e9 ptactvo na n\u011bkolika v\u00fdjezdech za architekturou do ter\u00e9nu. Po\u0161tolky jsme zastihli na v\u011b\u017e\u00edch z\u00e1meck\u00fdch i kosteln\u00edch v \u010cern\u00e9, Poln\u00e9 a Havl\u00ed\u010dkov\u011b Brod\u011b,\u2026","rel":"","context":"V \u201e\u010c\u00e1p\u201c","block_context":{"text":"\u010c\u00e1p","link":"https:\/\/tinnunculus.sy-sy.cz\/index.php\/category\/ostatni-zvirena\/ptaci\/cap\/"},"img":{"alt_text":"","src":"https:\/\/i0.wp.com\/tinnunculus.sy-sy.cz\/wp-content\/uploads\/2018\/04\/DSC_3295u-1024x632.jpg?resize=350%2C200&ssl=1","width":350,"height":200,"srcset":"https:\/\/i0.wp.com\/tinnunculus.sy-sy.cz\/wp-content\/uploads\/2018\/04\/DSC_3295u-1024x632.jpg?resize=350%2C200&ssl=1 1x, https:\/\/i0.wp.com\/tinnunculus.sy-sy.cz\/wp-content\/uploads\/2018\/04\/DSC_3295u-1024x632.jpg?resize=525%2C300&ssl=1 1.5x"},"classes":[]},{"id":34601,"url":"https:\/\/tinnunculus.sy-sy.cz\/index.php\/2024\/04\/18\/ptactvo-domaci-a-okolni\/","url_meta":{"origin":388,"position":5},"title":"Ptactvo dom\u00e1c\u00ed a&nbsp;okoln\u00ed","author":"Zuzana Syrov\u00e1 An\u00fd\u017eov\u00e1","date":"18\/04\/2024","format":false,"excerpt":"Aneb o tom, co d\u011bl\u00e1 pan po\u0161tolka, kdy\u017e zrovna nelov\u00ed nebo nesed\u00ed na vejc\u00edch, a o dal\u0161\u00edch ope\u0159enc\u00edch, kte\u0159\u00ed se potloukaj\u00ed kolem na\u0161\u00ed lod\u017eie.","rel":"","context":"V \u201e\"Na\u0161e\" po\u0161tolky\u201c","block_context":{"text":"\"Na\u0161e\" po\u0161tolky","link":"https:\/\/tinnunculus.sy-sy.cz\/index.php\/category\/nasi\/nase-postolky\/"},"img":{"alt_text":"","src":"https:\/\/i0.wp.com\/tinnunculus.sy-sy.cz\/wp-content\/uploads\/2024\/04\/20240418-0639482142-e1713421042629.jpg?resize=350%2C200&ssl=1","width":350,"height":200,"srcset":"https:\/\/i0.wp.com\/tinnunculus.sy-sy.cz\/wp-content\/uploads\/2024\/04\/20240418-0639482142-e1713421042629.jpg?resize=350%2C200&ssl=1 1x, https:\/\/i0.wp.com\/tinnunculus.sy-sy.cz\/wp-content\/uploads\/2024\/04\/20240418-0639482142-e1713421042629.jpg?resize=525%2C300&ssl=1 1.5x, https:\/\/i0.wp.com\/tinnunculus.sy-sy.cz\/wp-content\/uploads\/2024\/04\/20240418-0639482142-e1713421042629.jpg?resize=700%2C400&ssl=1 2x"},"classes":[]}],"jetpack_sharing_enabled":true,"_links":{"self":[{"href":"https:\/\/tinnunculus.sy-sy.cz\/index.php\/wp-json\/wp\/v2\/posts\/388","targetHints":{"allow":["GET"]}}],"collection":[{"href":"https:\/\/tinnunculus.sy-sy.cz\/index.php\/wp-json\/wp\/v2\/posts"}],"about":[{"href":"https:\/\/tinnunculus.sy-sy.cz\/index.php\/wp-json\/wp\/v2\/types\/post"}],"author":[{"embeddable":true,"href":"https:\/\/tinnunculus.sy-sy.cz\/index.php\/wp-json\/wp\/v2\/users\/2"}],"replies":[{"embeddable":true,"href":"https:\/\/tinnunculus.sy-sy.cz\/index.php\/wp-json\/wp\/v2\/comments?post=388"}],"version-history":[{"count":3,"href":"https:\/\/tinnunculus.sy-sy.cz\/index.php\/wp-json\/wp\/v2\/posts\/388\/revisions"}],"predecessor-version":[{"id":30506,"href":"https:\/\/tinnunculus.sy-sy.cz\/index.php\/wp-json\/wp\/v2\/posts\/388\/revisions\/30506"}],"wp:attachment":[{"href":"https:\/\/tinnunculus.sy-sy.cz\/index.php\/wp-json\/wp\/v2\/media?parent=388"}],"wp:term":[{"taxonomy":"category","embeddable":true,"href":"https:\/\/tinnunculus.sy-sy.cz\/index.php\/wp-json\/wp\/v2\/categories?post=388"},{"taxonomy":"post_tag","embeddable":true,"href":"https:\/\/tinnunculus.sy-sy.cz\/index.php\/wp-json\/wp\/v2\/tags?post=388"}],"curies":[{"name":"wp","href":"https:\/\/api.w.org\/{rel}","templated":true}]}}