{"id":3602,"date":"2018-03-14T07:54:01","date_gmt":"2018-03-14T06:54:01","guid":{"rendered":"http:\/\/tinnunculus.sy-sy.cz\/?p=3602"},"modified":"2026-03-21T08:32:40","modified_gmt":"2026-03-21T07:32:40","slug":"predjarni-kamery","status":"publish","type":"post","link":"https:\/\/tinnunculus.sy-sy.cz\/index.php\/2018\/03\/14\/predjarni-kamery\/","title":{"rendered":"P\u0159edjarn\u00ed kamery"},"content":{"rendered":"<p>V ned\u011bli 11.&nbsp;b\u0159ezna jsme s\u00e1hli do sk\u0159\u00edn\u011b a&nbsp;vyt\u00e1hli 3 kamery, kter\u00e9 snesou teploty do 0\u00b0 C. Prvn\u00edm zaznamenan\u00fdm n\u00e1v\u0161t\u011bvn\u00edkem byl n\u00e1\u0161 star\u00fd zn\u00e1m\u00fd brhl\u00edk:<\/p>\n<p><img data-recalc-dims=\"1\" loading=\"lazy\" decoding=\"async\" data-attachment-id=\"3601\" data-permalink=\"https:\/\/tinnunculus.sy-sy.cz\/index.php\/2018\/03\/14\/predjarni-kamery\/20180312-1115574775\/\" data-orig-file=\"https:\/\/i0.wp.com\/tinnunculus.sy-sy.cz\/wp-content\/uploads\/2018\/03\/20180312-1115574775-e1520853477895.jpg?fit=1038%2C830&amp;ssl=1\" data-orig-size=\"1038,830\" data-comments-opened=\"1\" data-image-meta=\"{&quot;aperture&quot;:&quot;0&quot;,&quot;credit&quot;:&quot;&quot;,&quot;camera&quot;:&quot;&quot;,&quot;caption&quot;:&quot;&quot;,&quot;created_timestamp&quot;:&quot;0&quot;,&quot;copyright&quot;:&quot;&quot;,&quot;focal_length&quot;:&quot;0&quot;,&quot;iso&quot;:&quot;0&quot;,&quot;shutter_speed&quot;:&quot;0&quot;,&quot;title&quot;:&quot;&quot;,&quot;orientation&quot;:&quot;0&quot;}\" data-image-title=\"20180312-1115574775\" data-image-description=\"\" data-image-caption=\"\" data-large-file=\"https:\/\/i0.wp.com\/tinnunculus.sy-sy.cz\/wp-content\/uploads\/2018\/03\/20180312-1115574775-e1520853477895.jpg?fit=525%2C420&amp;ssl=1\" class=\"alignnone size-full wp-image-3601\" src=\"https:\/\/i0.wp.com\/tinnunculus.sy-sy.cz\/wp-content\/uploads\/2018\/03\/20180312-1115574775-e1520853477895.jpg?resize=525%2C420&#038;ssl=1\" alt=\"\" width=\"525\" height=\"420\" \/><!--more--><\/p>\n<p>Po\u0161tolka se objevila na bid\u00fdlku pod znovuinstalovanou kamerou a\u017e v&nbsp;podve\u010der 13.&nbsp;b\u0159ezna:<\/p>\n<div style=\"width: 525px;\" class=\"wp-video\"><video class=\"wp-video-shortcode\" id=\"video-3602-1\" width=\"525\" height=\"295\" preload=\"metadata\" controls=\"controls\"><source type=\"video\/mp4\" src=\"https:\/\/tinnunculus.sy-sy.cz\/wp-content\/uploads\/2018\/03\/20180313-180931-180947.mp4?_=1\" \/><a href=\"https:\/\/tinnunculus.sy-sy.cz\/wp-content\/uploads\/2018\/03\/20180313-180931-180947.mp4\">https:\/\/tinnunculus.sy-sy.cz\/wp-content\/uploads\/2018\/03\/20180313-180931-180947.mp4<\/a><\/video><\/div>\n<p>V p\u0159edchoz\u00edch dnech a&nbsp;noc\u00edch toti\u017e foukal v\u00edtr z&nbsp;opa\u010dn\u00e9 strany a&nbsp;tak se objevovala jen na prot\u011bj\u0161\u00ed stran\u011b lod\u017eie.<\/p>\n<p>A ov\u0161em. proto\u017ee dle dlouhodob\u00e9 p\u0159edpov\u011bdi po\u010das\u00ed maj\u00ed teploty koncem t\u00fddne op\u011bt klesnout pod bod mrazu, je mo\u017en\u00e9, \u017ee \u010derstv\u011b znovunainstalovan\u00e9 kamery budeme op\u011bt n\u011bkdy v&nbsp;p\u00e1tek \u010di&nbsp;v&nbsp;sobotu op\u011bt pracn\u011b schov\u00e1vat&#8230;.<\/p>\n","protected":false},"excerpt":{"rendered":"<p>V ned\u011bli 11.&nbsp;b\u0159ezna jsme s\u00e1hli do sk\u0159\u00edn\u011b a&nbsp;vyt\u00e1hli 3 kamery, kter\u00e9 snesou teploty do 0\u00b0 C. Prvn\u00edm zaznamenan\u00fdm n\u00e1v\u0161t\u011bvn\u00edkem byl n\u00e1\u0161 star\u00fd zn\u00e1m\u00fd brhl\u00edk:<\/p>\n","protected":false},"author":2,"featured_media":0,"comment_status":"open","ping_status":"open","sticky":false,"template":"","format":"standard","meta":{"jetpack_post_was_ever_published":false,"_jetpack_newsletter_access":"","_jetpack_dont_email_post_to_subs":false,"_jetpack_newsletter_tier_id":0,"_jetpack_memberships_contains_paywalled_content":false,"_jetpack_memberships_contains_paid_content":false,"footnotes":""},"categories":[147,118,193,116,836,149,308,110,1596,114,108],"tags":[206,192,23,27],"class_list":["post-3602","post","type-post","status-publish","format-standard","hentry","category-nase-postolky","category-kamery","category-brhlik","category-nasi","category-nasi-sousede-brhlici","category-z-nasi-lodzie","category-ostatni-najemnici-a-navstevnici","category-postolka-obecna","category-postolky-z-nasi-lodzie","category-zivy-prenos","category-ostatni-zvirena","tag-206","tag-brhlik","tag-ps_38","tag-ps_13"],"jetpack_featured_media_url":"","jetpack_shortlink":"https:\/\/wp.me\/p91gKE-W6","jetpack-related-posts":[{"id":4424,"url":"https:\/\/tinnunculus.sy-sy.cz\/index.php\/2018\/03\/29\/nacase-vytahnout-jarni-kamery\/","url_meta":{"origin":3602,"position":0},"title":"Na\u010dase vyt\u00e1hnout jarn\u00ed kamery","author":"Zuzana Syrov\u00e1 An\u00fd\u017eov\u00e1","date":"29\/03\/2018","format":false,"excerpt":"Za\u010d\u00e1tkem t\u00fddne jsme usoudili, \u017ee je na\u010dase op\u011bt vyt\u00e1hnout kamery sn\u00e1\u0161ej\u00edc\u00ed teploty do 0\u00b0C, kter\u00e9 jsme na\u010das sklidili kv\u016fli mraz\u016fm. P\u0159i t\u00e9 p\u0159\u00edle\u017eitosti jsme\u00a0 tak\u00e9 n\u011bkter\u00e9 z nich p\u0159em\u00edstili. Nyn\u00ed tedy m\u016f\u017eete vid\u011bt zbl\u00edzka \"na\u0161i\" po\u0161tolku i v dob\u011b, kdy nocuje na bid\u00fdlku nad star\u00fdm hn\u00edzdem: Umo\u017e\u0148uje to kamera AXIS\u2026","rel":"","context":"V \u201e\"Na\u0161e\" po\u0161tolky\u201c","block_context":{"text":"\"Na\u0161e\" po\u0161tolky","link":"https:\/\/tinnunculus.sy-sy.cz\/index.php\/category\/nasi\/nase-postolky\/"},"img":{"alt_text":"","src":"https:\/\/i0.wp.com\/tinnunculus.sy-sy.cz\/wp-content\/uploads\/2018\/03\/20180328_19-33-05-1024x640.jpg?resize=350%2C200&ssl=1","width":350,"height":200,"srcset":"https:\/\/i0.wp.com\/tinnunculus.sy-sy.cz\/wp-content\/uploads\/2018\/03\/20180328_19-33-05-1024x640.jpg?resize=350%2C200&ssl=1 1x, https:\/\/i0.wp.com\/tinnunculus.sy-sy.cz\/wp-content\/uploads\/2018\/03\/20180328_19-33-05-1024x640.jpg?resize=525%2C300&ssl=1 1.5x"},"classes":[]},{"id":5169,"url":"https:\/\/tinnunculus.sy-sy.cz\/index.php\/2018\/05\/16\/navrat-rorysu\/","url_meta":{"origin":3602,"position":1},"title":"N\u00e1vrat ror\u00fds\u016f","author":"Zuzana Syrov\u00e1 An\u00fd\u017eov\u00e1","date":"16\/05\/2018","format":false,"excerpt":"Do na\u0161\u00ed ulice se za\u010d\u00e1tkem kv\u011btna vr\u00e1tili ror\u00fdsi a lo\u0148\u0161t\u00ed n\u00e1jemn\u00edci\u00a0 se op\u011bt zabydleli v na\u0161em ror\u00fdsovn\u00edku. Jak p\u0159itom dopadl brhl\u00edk, netu\u0161\u00edme, neb kamera zam\u00fd\u0161len\u00e1 pro sledov\u00e1n\u00ed ror\u00fdsovn\u00edku je\u0161t\u011b st\u00e1le sleduje bid\u00fdlka nad star\u00fdm po\u0161tol\u010d\u00edm hn\u00edzdem, kam se pravideln\u011b vrac\u00ed \"n\u00e1\u0161\" po\u0161tol\u010d\u00ed same\u010dek na noc a ob\u010das tam je\u0161t\u011b odpo\u010d\u00edv\u00e1\u2026","rel":"","context":"V \u201e\"Na\u0161i\" ror\u00fdsi\u201c","block_context":{"text":"\"Na\u0161i\" ror\u00fdsi","link":"https:\/\/tinnunculus.sy-sy.cz\/index.php\/category\/nasi\/nasi-rorysi\/"},"img":{"alt_text":"","src":"https:\/\/i0.wp.com\/tinnunculus.sy-sy.cz\/wp-content\/uploads\/2018\/05\/20180509-1053050935-1024x640.jpg?resize=350%2C200&ssl=1","width":350,"height":200,"srcset":"https:\/\/i0.wp.com\/tinnunculus.sy-sy.cz\/wp-content\/uploads\/2018\/05\/20180509-1053050935-1024x640.jpg?resize=350%2C200&ssl=1 1x, https:\/\/i0.wp.com\/tinnunculus.sy-sy.cz\/wp-content\/uploads\/2018\/05\/20180509-1053050935-1024x640.jpg?resize=525%2C300&ssl=1 1.5x"},"classes":[]},{"id":2633,"url":"https:\/\/tinnunculus.sy-sy.cz\/index.php\/2017\/12\/25\/kalendarium-2018\/","url_meta":{"origin":3602,"position":2},"title":"Kalend\u00e1rium 2018","author":"Zuzana Syrov\u00e1 An\u00fd\u017eov\u00e1","date":"25\/12\/2017","format":false,"excerpt":"I letos jsme provedli tradi\u010dn\u00ed ohl\u00e9dnut\u00ed za leto\u0161n\u00edm rokem v na\u0161\u00ed lod\u017eii. Po\u0161tolky zde letos poprv\u00e9 od roku 2007 nehn\u00edzdly, i kdy\u017e to na za\u010d\u00e1tku jara vypadalo docela slibn\u011b. Na to, \u017ee by u n\u00e1s nebylo ru\u0161no, jsme si ale rozhodn\u011b st\u011b\u017eovat nemohli. Pot\u00e9, co se po\u0161tolky po anglicku vytratily,\u2026","rel":"","context":"V \u201e\"Na\u0161e\" po\u0161tolky\u201c","block_context":{"text":"\"Na\u0161e\" po\u0161tolky","link":"https:\/\/tinnunculus.sy-sy.cz\/index.php\/category\/nasi\/nase-postolky\/"},"img":{"alt_text":"","src":"","width":0,"height":0},"classes":[]},{"id":13897,"url":"https:\/\/tinnunculus.sy-sy.cz\/index.php\/2020\/10\/24\/soused-brhlik\/","url_meta":{"origin":3602,"position":3},"title":"Soused brhl\u00edk","author":"Zuzana Syrov\u00e1 An\u00fd\u017eov\u00e1","date":"24\/10\/2020","format":false,"excerpt":"Aneb o tom, jak se mezi n\u00e1v\u0161t\u011bvn\u00edky na\u0161\u00ed lod\u017eie u\u017e zase op\u011bt objevuje brhl\u00edk.","rel":"","context":"V \u201eBrhl\u00edk\u201c","block_context":{"text":"Brhl\u00edk","link":"https:\/\/tinnunculus.sy-sy.cz\/index.php\/category\/ostatni-zvirena\/ptaci\/brhlik\/"},"img":{"alt_text":"","src":"https:\/\/i0.wp.com\/tinnunculus.sy-sy.cz\/wp-content\/uploads\/2020\/10\/20201024-1338209352-1024x576.jpg?resize=350%2C200&ssl=1","width":350,"height":200,"srcset":"https:\/\/i0.wp.com\/tinnunculus.sy-sy.cz\/wp-content\/uploads\/2020\/10\/20201024-1338209352-1024x576.jpg?resize=350%2C200&ssl=1 1x, https:\/\/i0.wp.com\/tinnunculus.sy-sy.cz\/wp-content\/uploads\/2020\/10\/20201024-1338209352-1024x576.jpg?resize=525%2C300&ssl=1 1.5x"},"classes":[]},{"id":10769,"url":"https:\/\/tinnunculus.sy-sy.cz\/index.php\/2020\/02\/20\/kamery-a-bidylka\/","url_meta":{"origin":3602,"position":4},"title":"Kamery a&nbsp;bid\u00fdlka","author":"Zuzana Syrov\u00e1 An\u00fd\u017eov\u00e1","date":"20\/02\/2020","format":false,"excerpt":"Aneb o tom, jak se \"na\u0161e\" po\u0161tolka sna\u017eila p\u0159esm\u011brovat z\u00e1b\u011br kamer, a jak jsme zase my p\u0159emis\u0165ovali kamery.","rel":"","context":"V \u201e\"Na\u0161e\" po\u0161tolky\u201c","block_context":{"text":"\"Na\u0161e\" po\u0161tolky","link":"https:\/\/tinnunculus.sy-sy.cz\/index.php\/category\/nasi\/nase-postolky\/"},"img":{"alt_text":"","src":"https:\/\/i0.wp.com\/tinnunculus.sy-sy.cz\/wp-content\/uploads\/2020\/02\/20200220-2213230341-1024x576.jpg?resize=350%2C200&ssl=1","width":350,"height":200,"srcset":"https:\/\/i0.wp.com\/tinnunculus.sy-sy.cz\/wp-content\/uploads\/2020\/02\/20200220-2213230341-1024x576.jpg?resize=350%2C200&ssl=1 1x, https:\/\/i0.wp.com\/tinnunculus.sy-sy.cz\/wp-content\/uploads\/2020\/02\/20200220-2213230341-1024x576.jpg?resize=525%2C300&ssl=1 1.5x"},"classes":[]},{"id":20810,"url":"https:\/\/tinnunculus.sy-sy.cz\/index.php\/2023\/03\/09\/zmena-pohledu\/","url_meta":{"origin":3602,"position":5},"title":"Zm\u011bna pohledu","author":"Zuzana Syrov\u00e1 An\u00fd\u017eov\u00e1","date":"09\/03\/2023","format":false,"excerpt":"Aneb o tom, jak jsme vyt\u00e1hli a do lod\u017eie op\u011bt nainstalovali kamery, kter\u00e9 nesn\u00e1\u0161ej\u00ed teploty pod bodem mrazu.\u00a0","rel":"","context":"V \u201e\"Na\u0161e\" po\u0161tolky\u201c","block_context":{"text":"\"Na\u0161e\" po\u0161tolky","link":"https:\/\/tinnunculus.sy-sy.cz\/index.php\/category\/nasi\/nase-postolky\/"},"img":{"alt_text":"","src":"https:\/\/i0.wp.com\/tinnunculus.sy-sy.cz\/wp-content\/uploads\/2023\/03\/2023-03-02-0830423259-e1678310690390-1024x576.jpg?resize=350%2C200&ssl=1","width":350,"height":200,"srcset":"https:\/\/i0.wp.com\/tinnunculus.sy-sy.cz\/wp-content\/uploads\/2023\/03\/2023-03-02-0830423259-e1678310690390-1024x576.jpg?resize=350%2C200&ssl=1 1x, https:\/\/i0.wp.com\/tinnunculus.sy-sy.cz\/wp-content\/uploads\/2023\/03\/2023-03-02-0830423259-e1678310690390-1024x576.jpg?resize=525%2C300&ssl=1 1.5x"},"classes":[]}],"jetpack_sharing_enabled":true,"_links":{"self":[{"href":"https:\/\/tinnunculus.sy-sy.cz\/index.php\/wp-json\/wp\/v2\/posts\/3602","targetHints":{"allow":["GET"]}}],"collection":[{"href":"https:\/\/tinnunculus.sy-sy.cz\/index.php\/wp-json\/wp\/v2\/posts"}],"about":[{"href":"https:\/\/tinnunculus.sy-sy.cz\/index.php\/wp-json\/wp\/v2\/types\/post"}],"author":[{"embeddable":true,"href":"https:\/\/tinnunculus.sy-sy.cz\/index.php\/wp-json\/wp\/v2\/users\/2"}],"replies":[{"embeddable":true,"href":"https:\/\/tinnunculus.sy-sy.cz\/index.php\/wp-json\/wp\/v2\/comments?post=3602"}],"version-history":[{"count":3,"href":"https:\/\/tinnunculus.sy-sy.cz\/index.php\/wp-json\/wp\/v2\/posts\/3602\/revisions"}],"predecessor-version":[{"id":33080,"href":"https:\/\/tinnunculus.sy-sy.cz\/index.php\/wp-json\/wp\/v2\/posts\/3602\/revisions\/33080"}],"wp:attachment":[{"href":"https:\/\/tinnunculus.sy-sy.cz\/index.php\/wp-json\/wp\/v2\/media?parent=3602"}],"wp:term":[{"taxonomy":"category","embeddable":true,"href":"https:\/\/tinnunculus.sy-sy.cz\/index.php\/wp-json\/wp\/v2\/categories?post=3602"},{"taxonomy":"post_tag","embeddable":true,"href":"https:\/\/tinnunculus.sy-sy.cz\/index.php\/wp-json\/wp\/v2\/tags?post=3602"}],"curies":[{"name":"wp","href":"https:\/\/api.w.org\/{rel}","templated":true}]}}