{"id":355,"date":"2016-06-21T18:38:51","date_gmt":"2016-06-21T16:38:51","guid":{"rendered":"http:\/\/tinnunculus.sy-sy.cz\/index.php\/2016\/06\/21\/nadejny-a-beznadejny-pripad\/"},"modified":"2026-03-21T08:36:00","modified_gmt":"2026-03-21T07:36:00","slug":"nadejny-a-beznadejny-pripad","status":"publish","type":"post","link":"https:\/\/tinnunculus.sy-sy.cz\/index.php\/2016\/06\/21\/nadejny-a-beznadejny-pripad\/","title":{"rendered":"Nad\u011bjn\u00fd a&nbsp;beznad\u011bjn\u00fd p\u0159\u00edpad"},"content":{"rendered":"<p>Dnes r\u00e1no jsme m\u011bli v&nbsp;lod\u017eii op\u011bt dv\u011b po\u0161tol\u010data. To \u0161ikovn\u011bj\u0161\u00ed p\u0159espalo z\u0159ejm\u011b naho\u0159e na le\u0161en\u00ed a&nbsp;po&nbsp;p\u016fl \u0161est\u00e9 sl\u00e9tlo za sourozencem do hn\u00edzda. A&nbsp;tak byli zase spolu:<\/p>\n<p><a href=\"https:\/\/i0.wp.com\/tinnunculus.sy-sy.cz\/wp-content\/uploads\/2016\/06\/20160621_05-38-49-e1705598459174.jpg?ssl=1\" target=\"_blank\" rel=\"noopener\"><img data-recalc-dims=\"1\" loading=\"lazy\" decoding=\"async\" data-attachment-id=\"30601\" data-permalink=\"https:\/\/tinnunculus.sy-sy.cz\/index.php\/2016\/06\/21\/nadejny-a-beznadejny-pripad\/20160621_05-38-49\/\" data-orig-file=\"https:\/\/i0.wp.com\/tinnunculus.sy-sy.cz\/wp-content\/uploads\/2016\/06\/20160621_05-38-49-e1705598459174.jpg?fit=1038%2C830&amp;ssl=1\" data-orig-size=\"1038,830\" data-comments-opened=\"1\" data-image-meta=\"{&quot;aperture&quot;:&quot;0&quot;,&quot;credit&quot;:&quot;&quot;,&quot;camera&quot;:&quot;&quot;,&quot;caption&quot;:&quot;&quot;,&quot;created_timestamp&quot;:&quot;0&quot;,&quot;copyright&quot;:&quot;&quot;,&quot;focal_length&quot;:&quot;0&quot;,&quot;iso&quot;:&quot;0&quot;,&quot;shutter_speed&quot;:&quot;0&quot;,&quot;title&quot;:&quot;&quot;,&quot;orientation&quot;:&quot;0&quot;}\" data-image-title=\"20160621_05-38-49\" data-image-description=\"\" data-image-caption=\"\" data-large-file=\"https:\/\/i0.wp.com\/tinnunculus.sy-sy.cz\/wp-content\/uploads\/2016\/06\/20160621_05-38-49-e1705598459174.jpg?fit=525%2C420&amp;ssl=1\" class=\"aligncenter wp-image-30601 size-large\" src=\"https:\/\/i0.wp.com\/tinnunculus.sy-sy.cz\/wp-content\/uploads\/2016\/06\/20160621_05-38-49.jpg?resize=525%2C420&#038;ssl=1\" alt=\"\" width=\"525\" height=\"420\" \/><\/a><\/p>\n<div style=\"text-align: center;\"><\/div>\n<p><!--more--><\/p>\n<p>Po\u0161tol\u010de &#8211; v\u00fdzkumn\u00edk prok\u00e1zalo, \u017ee je u\u017e zku\u0161en\u00fdm letcem. Kdy\u017e se objevili p\u00e1nov\u00e9, kte\u0159\u00ed m\u011bli zam\u011b\u0159it lod\u017eii, vyl\u00e9tlo bravurn\u00edm obloukem na st\u0159echu sousedn\u00edho domu. A&nbsp;pak se stejn\u011b bravurn\u011b vr\u00e1tilo zp\u011bt na horn\u00ed podl\u00e1\u017eku le\u0161en\u00ed:<\/p>\n<p><a href=\"https:\/\/i0.wp.com\/tinnunculus.sy-sy.cz\/wp-content\/uploads\/2016\/06\/0009940-e1705598647453.jpg?ssl=1\" target=\"_blank\" rel=\"noopener\"><img data-recalc-dims=\"1\" loading=\"lazy\" decoding=\"async\" data-attachment-id=\"30602\" data-permalink=\"https:\/\/tinnunculus.sy-sy.cz\/index.php\/2016\/06\/21\/nadejny-a-beznadejny-pripad\/_0009940\/\" data-orig-file=\"https:\/\/i0.wp.com\/tinnunculus.sy-sy.cz\/wp-content\/uploads\/2016\/06\/0009940-e1705598647453.jpg?fit=1038%2C695&amp;ssl=1\" data-orig-size=\"1038,695\" data-comments-opened=\"1\" data-image-meta=\"{&quot;aperture&quot;:&quot;0&quot;,&quot;credit&quot;:&quot;&quot;,&quot;camera&quot;:&quot;&quot;,&quot;caption&quot;:&quot;&quot;,&quot;created_timestamp&quot;:&quot;0&quot;,&quot;copyright&quot;:&quot;&quot;,&quot;focal_length&quot;:&quot;0&quot;,&quot;iso&quot;:&quot;0&quot;,&quot;shutter_speed&quot;:&quot;0&quot;,&quot;title&quot;:&quot;&quot;,&quot;orientation&quot;:&quot;0&quot;}\" data-image-title=\"_0009940\" data-image-description=\"\" data-image-caption=\"\" data-large-file=\"https:\/\/i0.wp.com\/tinnunculus.sy-sy.cz\/wp-content\/uploads\/2016\/06\/0009940-e1705598647453.jpg?fit=525%2C352&amp;ssl=1\" class=\"aligncenter wp-image-30602 size-large\" src=\"https:\/\/i0.wp.com\/tinnunculus.sy-sy.cz\/wp-content\/uploads\/2016\/06\/0009940.jpg?resize=525%2C352&#038;ssl=1\" alt=\"\" width=\"525\" height=\"352\" \/><\/a><\/p>\n<p align=\"center\">\n<p>To, kter\u00e9 z\u016fstalo doma, je, co se l\u00e9t\u00e1n\u00ed t\u00fd\u010de, zjevn\u011b beznad\u011bjn\u00fd p\u0159\u00edpad. Pot\u00e9, co mu otrnulo po&nbsp;n\u00e1v\u0161t\u011bv\u011b lid\u00ed a&nbsp;dostate\u010dn\u011b se nal\u00e1dovalo maminkou p\u0159inesen\u00fdmi hrabo\u0161i, se v&nbsp;12:21 rozhodlo op\u011bt vylet\u011bt. Nev\u00edme zda \u00fapln\u011b ven, nebo jen na podl\u00e1\u017eku le\u0161en\u00ed. V&nbsp;ka\u017ed\u00e9m p\u0159\u00edpad\u011b skon\u010dilo jako p\u0159ede\u0161l\u00fd den v&nbsp;lod\u017eii o&nbsp;patro n\u00ed\u017ee. A&nbsp;proto\u017ee po&nbsp;cel\u00e9 odpoledne pokra\u010dovalo v&nbsp;leteck\u00fdch pokusech skon\u010dilo nakonec v&nbsp;p\u0159\u00edzem\u00ed na parapetu lod\u017eie sousedn\u00edho domu.<\/p>\n<p><a href=\"https:\/\/i0.wp.com\/tinnunculus.sy-sy.cz\/wp-content\/uploads\/2016\/06\/P1290729-e1705598770957.jpg?ssl=1\" target=\"_blank\" rel=\"noopener\"><img data-recalc-dims=\"1\" loading=\"lazy\" decoding=\"async\" data-attachment-id=\"30603\" data-permalink=\"https:\/\/tinnunculus.sy-sy.cz\/index.php\/2016\/06\/21\/nadejny-a-beznadejny-pripad\/p1290729\/\" data-orig-file=\"https:\/\/i0.wp.com\/tinnunculus.sy-sy.cz\/wp-content\/uploads\/2016\/06\/P1290729-e1705598770957.jpg?fit=1038%2C778&amp;ssl=1\" data-orig-size=\"1038,778\" data-comments-opened=\"1\" data-image-meta=\"{&quot;aperture&quot;:&quot;0&quot;,&quot;credit&quot;:&quot;&quot;,&quot;camera&quot;:&quot;&quot;,&quot;caption&quot;:&quot;&quot;,&quot;created_timestamp&quot;:&quot;0&quot;,&quot;copyright&quot;:&quot;&quot;,&quot;focal_length&quot;:&quot;0&quot;,&quot;iso&quot;:&quot;0&quot;,&quot;shutter_speed&quot;:&quot;0&quot;,&quot;title&quot;:&quot;&quot;,&quot;orientation&quot;:&quot;0&quot;}\" data-image-title=\"P1290729\" data-image-description=\"\" data-image-caption=\"\" data-large-file=\"https:\/\/i0.wp.com\/tinnunculus.sy-sy.cz\/wp-content\/uploads\/2016\/06\/P1290729-e1705598770957.jpg?fit=525%2C394&amp;ssl=1\" class=\"aligncenter wp-image-30603 size-large\" src=\"https:\/\/i0.wp.com\/tinnunculus.sy-sy.cz\/wp-content\/uploads\/2016\/06\/P1290729.jpg?resize=525%2C394&#038;ssl=1\" alt=\"\" width=\"525\" height=\"394\" \/><\/a><\/p>\n<p>Odtud pak u\u017e sta\u010dil jen jeden pokus k&nbsp;\u00fasp\u011b\u0161n\u00e9mu p\u0159ist\u00e1n\u00ed na zemi, kde bylo chyceno, str\u010deno do krabice a&nbsp;putovalo zp\u011bt v\u00fdtahem do osm\u00e9ho patra. Z\u0159ejm\u011b u\u017e to pova\u017euje za norm\u00e1ln\u00ed zp\u016fsob letu vzh\u016fru a&nbsp;n\u00e1vratu dom\u016f.<\/p>\n","protected":false},"excerpt":{"rendered":"<p>Dnes r\u00e1no jsme m\u011bli v&nbsp;lod\u017eii op\u011bt dv\u011b po\u0161tol\u010data. To \u0161ikovn\u011bj\u0161\u00ed p\u0159espalo z\u0159ejm\u011b naho\u0159e na le\u0161en\u00ed a&nbsp;po&nbsp;p\u016fl \u0161est\u00e9 sl\u00e9tlo za sourozencem do hn\u00edzda. A&nbsp;tak byli zase spolu:<\/p>\n","protected":false},"author":2,"featured_media":0,"comment_status":"closed","ping_status":"open","sticky":false,"template":"","format":"standard","meta":{"jetpack_post_was_ever_published":false,"_jetpack_newsletter_access":"","_jetpack_dont_email_post_to_subs":false,"_jetpack_newsletter_tier_id":0,"_jetpack_memberships_contains_paywalled_content":false,"_jetpack_memberships_contains_paid_content":false,"footnotes":""},"categories":[147,116,105,110,1596],"tags":[43,93,74,90,91],"class_list":["post-355","post","type-post","status-publish","format-standard","hentry","category-nase-postolky","category-nasi","category-postolka","category-postolka-obecna","category-postolky-z-nasi-lodzie","tag-ps_22","tag-ps_74","tag-ps_77","tag-ps_96","tag-ps_95"],"jetpack_featured_media_url":"","jetpack_shortlink":"https:\/\/wp.me\/p91gKE-5J","jetpack-related-posts":[{"id":304,"url":"https:\/\/tinnunculus.sy-sy.cz\/index.php\/2016\/04\/01\/neni-to-april\/","url_meta":{"origin":355,"position":0},"title":"Nen\u00ed to apr\u00edl","author":"Zuzana Syrov\u00e1 An\u00fd\u017eov\u00e1","date":"01\/04\/2016","format":false,"excerpt":"Dne\u0161n\u00ed den byl 110. mezin\u00e1rodn\u00edm dnem ptactva. Slav\u00ed se ve v\u00fdro\u010dn\u00ed den podpisu\u00a0 \u201eMezin\u00e1rodn\u00ed konvence o ochran\u011b u\u017eite\u010dn\u00e9ho ptactva\u201c od roku 1906. A taky m\u011bl b\u00fdti spr\u00e1vn\u011b dnem apr\u00edlov\u00fdch \u017eert\u00edk\u016f, i kdy\u017e le\u0161en\u00ed, kter\u00e9 v\u010dera vyrostlo p\u0159ed oknem na\u0161\u00ed lo\u017enice, za n\u011b zrovna nepova\u017eujeme. Se dnem ptactva pak m\u011blo spole\u010dn\u00e9ho\u2026","rel":"","context":"V \u201e\"Na\u0161e\" po\u0161tolky\u201c","block_context":{"text":"\"Na\u0161e\" po\u0161tolky","link":"https:\/\/tinnunculus.sy-sy.cz\/index.php\/category\/nasi\/nase-postolky\/"},"img":{"alt_text":"","src":"https:\/\/i0.wp.com\/tinnunculus.sy-sy.cz\/wp-content\/uploads\/2016\/04\/20160401_08-05-05-1024x640.jpg?resize=350%2C200&ssl=1","width":350,"height":200,"srcset":"https:\/\/i0.wp.com\/tinnunculus.sy-sy.cz\/wp-content\/uploads\/2016\/04\/20160401_08-05-05-1024x640.jpg?resize=350%2C200&ssl=1 1x, https:\/\/i0.wp.com\/tinnunculus.sy-sy.cz\/wp-content\/uploads\/2016\/04\/20160401_08-05-05-1024x640.jpg?resize=525%2C300&ssl=1 1.5x"},"classes":[]},{"id":352,"url":"https:\/\/tinnunculus.sy-sy.cz\/index.php\/2016\/06\/19\/spatne-misto-pro-pristani\/","url_meta":{"origin":355,"position":1},"title":"\u0160patn\u00e9 m\u00edsto pro p\u0159ist\u00e1n\u00ed","author":"Zuzana Syrov\u00e1 An\u00fd\u017eov\u00e1","date":"19\/06\/2016","format":false,"excerpt":"\"Na\u0161e\" po\u0161tol\u010de -v\u00fdzkumn\u00edk se dnes hned po r\u00e1no rozhodlo prozkoumat le\u0161en\u00ed. Vydalo se p\u011b\u0161mo pod\u00e9l pr\u016f\u010del\u00ed a vlastn\u011b nev\u00edme, kam a\u017e dorazilo. Byl to docela dlouh\u00fd v\u00fdlet, z n\u011bho\u017e jsme vid\u011bli jen za\u010d\u00e1tek a pak \u0161\u0165astn\u00fd n\u00e1vrat. Ob\u011b po\u0161tol\u010data je\u0161t\u011b spolu po r\u00e1no odpo\u010d\u00edvaj\u00ed na vyhl\u00eddce, odkud lze nejl\u00e9pe pozorovat\u2026","rel":"","context":"V \u201e\"Na\u0161e\" po\u0161tolky\u201c","block_context":{"text":"\"Na\u0161e\" po\u0161tolky","link":"https:\/\/tinnunculus.sy-sy.cz\/index.php\/category\/nasi\/nase-postolky\/"},"img":{"alt_text":"","src":"https:\/\/i0.wp.com\/tinnunculus.sy-sy.cz\/wp-content\/uploads\/2016\/06\/20160619-1003438885-1-e1705602086700.jpg?resize=350%2C200","width":350,"height":200,"srcset":"https:\/\/i0.wp.com\/tinnunculus.sy-sy.cz\/wp-content\/uploads\/2016\/06\/20160619-1003438885-1-e1705602086700.jpg?resize=350%2C200 1x, https:\/\/i0.wp.com\/tinnunculus.sy-sy.cz\/wp-content\/uploads\/2016\/06\/20160619-1003438885-1-e1705602086700.jpg?resize=525%2C300 1.5x, https:\/\/i0.wp.com\/tinnunculus.sy-sy.cz\/wp-content\/uploads\/2016\/06\/20160619-1003438885-1-e1705602086700.jpg?resize=700%2C400 2x"},"classes":[]},{"id":368,"url":"https:\/\/tinnunculus.sy-sy.cz\/index.php\/2016\/09\/22\/navstevnici\/","url_meta":{"origin":355,"position":2},"title":"N\u00e1v\u0161t\u011bvn\u00edci","author":"Zuzana Syrov\u00e1 An\u00fd\u017eov\u00e1","date":"22\/09\/2016","format":false,"excerpt":"Podzim, alespo\u0144 ten astronomick\u00fd je tu, a stavba kter\u00e1 n\u00e1m a na\u0161im po\u0161tolk\u00e1m od konce b\u0159ezna komplikuje \u017eivot, je tu st\u00e1le. Dostalo se n\u00e1m sice bleskov\u00e9ho sv\u011btle okrov\u00e9ho n\u00e1t\u011bru a p\u0159ed t\u011bmi \u010d\u00e1stmi fas\u00e1dy, kter\u00e9 nemaj\u00ed je\u0161t\u011b okr\u00e1\u0161lit balkony a z\u00e1bradl\u00ed, u\u017e sice zmizelo, ale jinak tu \u017e\u00e1dn\u00fd \u010dil\u00fd ruch\u2026","rel":"","context":"V \u201e\"Na\u0161e\" po\u0161tolky\u201c","block_context":{"text":"\"Na\u0161e\" po\u0161tolky","link":"https:\/\/tinnunculus.sy-sy.cz\/index.php\/category\/nasi\/nase-postolky\/"},"img":{"alt_text":"","src":"https:\/\/i0.wp.com\/tinnunculus.sy-sy.cz\/wp-content\/uploads\/2016\/09\/P1310982-1024x768.jpg?resize=350%2C200&ssl=1","width":350,"height":200,"srcset":"https:\/\/i0.wp.com\/tinnunculus.sy-sy.cz\/wp-content\/uploads\/2016\/09\/P1310982-1024x768.jpg?resize=350%2C200&ssl=1 1x, https:\/\/i0.wp.com\/tinnunculus.sy-sy.cz\/wp-content\/uploads\/2016\/09\/P1310982-1024x768.jpg?resize=525%2C300&ssl=1 1.5x"},"classes":[]},{"id":342,"url":"https:\/\/tinnunculus.sy-sy.cz\/index.php\/2016\/06\/11\/sliby-chyby\/","url_meta":{"origin":355,"position":3},"title":"Sliby, chyby","author":"Zuzana Syrov\u00e1 An\u00fd\u017eov\u00e1","date":"11\/06\/2016","format":false,"excerpt":"U\u017e jste si toho mo\u017en\u00e1 v\u0161imli, mo\u017en\u00e1 dosud ne. V\u0161echno je zase jinak a mo\u017en\u00e1 je\u0161t\u011b jinak bude. Naivn\u011b jsme se domn\u00edvali, \u017ee dohoda nestav\u011bt le\u0161en\u00ed p\u0159ed na\u0161\u00ed lod\u017ei\u00ed do odletu pt\u00e1k\u016f, plat\u00ed. V sobotu 11.\u010dervna se n\u00e1m le\u0161en\u00ed p\u0159ed lod\u017ei\u00ed objevilo. Po\u0161tol\u010dat\u016fm bylo v\u010dera minim\u00e1ln\u011b 23 dn\u00ed (pokud z\u2026","rel":"","context":"V \u201e\"Na\u0161e\" po\u0161tolky\u201c","block_context":{"text":"\"Na\u0161e\" po\u0161tolky","link":"https:\/\/tinnunculus.sy-sy.cz\/index.php\/category\/nasi\/nase-postolky\/"},"img":{"alt_text":"","src":"https:\/\/i0.wp.com\/tinnunculus.sy-sy.cz\/wp-content\/uploads\/2016\/06\/20160612-0824119127-1024x640.jpg?resize=350%2C200&ssl=1","width":350,"height":200,"srcset":"https:\/\/i0.wp.com\/tinnunculus.sy-sy.cz\/wp-content\/uploads\/2016\/06\/20160612-0824119127-1024x640.jpg?resize=350%2C200&ssl=1 1x, https:\/\/i0.wp.com\/tinnunculus.sy-sy.cz\/wp-content\/uploads\/2016\/06\/20160612-0824119127-1024x640.jpg?resize=525%2C300&ssl=1 1.5x"},"classes":[]},{"id":339,"url":"https:\/\/tinnunculus.sy-sy.cz\/index.php\/2016\/06\/03\/stehovani-kamer\/","url_meta":{"origin":355,"position":4},"title":"St\u011bhov\u00e1n\u00ed kamer","author":"Zuzana Syrov\u00e1 An\u00fd\u017eov\u00e1","date":"03\/06\/2016","format":false,"excerpt":"Ve st\u0159edu n\u00e1m maj\u00ed demontovat z\u00e1bradl\u00ed lod\u017eie. \u00dadajn\u011b to m\u00e1 b\u00fdt rychl\u00e1 operace. Dvojice horolezc\u016f z\u00e1bradl\u00ed od\u0161roubuje a snese. Po\u0161tol\u010data by tuto akci m\u011bla p\u0159e\u010dkat v hn\u00edzdn\u00edm kout\u011b a z\u016fstat pak v lod\u017eii do t\u00e9 doby ne\u017e sama vylet\u00ed. Do t\u00e9 doby z\u016fstane lod\u017eie a\u017e na z\u00e1bradl\u00ed tak, jak je.\u2026","rel":"","context":"V \u201e\"Na\u0161e\" po\u0161tolky\u201c","block_context":{"text":"\"Na\u0161e\" po\u0161tolky","link":"https:\/\/tinnunculus.sy-sy.cz\/index.php\/category\/nasi\/nase-postolky\/"},"img":{"alt_text":"","src":"https:\/\/i0.wp.com\/tinnunculus.sy-sy.cz\/wp-content\/uploads\/2016\/06\/20160603_07-40-36-1024x576.jpg?resize=350%2C200&ssl=1","width":350,"height":200,"srcset":"https:\/\/i0.wp.com\/tinnunculus.sy-sy.cz\/wp-content\/uploads\/2016\/06\/20160603_07-40-36-1024x576.jpg?resize=350%2C200&ssl=1 1x, https:\/\/i0.wp.com\/tinnunculus.sy-sy.cz\/wp-content\/uploads\/2016\/06\/20160603_07-40-36-1024x576.jpg?resize=525%2C300&ssl=1 1.5x"},"classes":[]},{"id":319,"url":"https:\/\/tinnunculus.sy-sy.cz\/index.php\/2016\/04\/24\/z-pohledu-vnejsiho-pozorovatele\/","url_meta":{"origin":355,"position":5},"title":"Z pohledu vn\u011bj\u0161\u00edho pozorovatele","author":"Zuzana Syrov\u00e1 An\u00fd\u017eov\u00e1","date":"24\/04\/2016","format":false,"excerpt":"Jak vlastn\u011b vypad\u00e1 na\u0161e lod\u017eie s hn\u00edzdem pro vn\u011bj\u0161\u00ed pozorovatele? Pro ty shora a\u0165 ji\u017e ope\u0159en\u00e9 nebo lidsk\u00e9 v\u00fdletn\u00edky v bal\u00f3nov\u00fdch letech, kter\u00fdch bude s postupuj\u00edc\u00edm jarem p\u0159ib\u00fdvat, n\u011bjak takto: A pro pozorn\u00e9ho chodce zdola z chodn\u00edku v dob\u011b, kdy je n\u011bkter\u00e1 z po\u0161tolek na bid\u00fdlku takto: D\u016fm u\u017e ov\u0161em\u2026","rel":"","context":"V \u201e\"Na\u0161e\" po\u0161tolky\u201c","block_context":{"text":"\"Na\u0161e\" po\u0161tolky","link":"https:\/\/tinnunculus.sy-sy.cz\/index.php\/category\/nasi\/nase-postolky\/"},"img":{"alt_text":"","src":"https:\/\/i0.wp.com\/tinnunculus.sy-sy.cz\/wp-content\/uploads\/2016\/04\/Kde-je-hnizdo_02a-1024x710.jpg?resize=350%2C200&ssl=1","width":350,"height":200,"srcset":"https:\/\/i0.wp.com\/tinnunculus.sy-sy.cz\/wp-content\/uploads\/2016\/04\/Kde-je-hnizdo_02a-1024x710.jpg?resize=350%2C200&ssl=1 1x, https:\/\/i0.wp.com\/tinnunculus.sy-sy.cz\/wp-content\/uploads\/2016\/04\/Kde-je-hnizdo_02a-1024x710.jpg?resize=525%2C300&ssl=1 1.5x"},"classes":[]}],"jetpack_sharing_enabled":true,"_links":{"self":[{"href":"https:\/\/tinnunculus.sy-sy.cz\/index.php\/wp-json\/wp\/v2\/posts\/355","targetHints":{"allow":["GET"]}}],"collection":[{"href":"https:\/\/tinnunculus.sy-sy.cz\/index.php\/wp-json\/wp\/v2\/posts"}],"about":[{"href":"https:\/\/tinnunculus.sy-sy.cz\/index.php\/wp-json\/wp\/v2\/types\/post"}],"author":[{"embeddable":true,"href":"https:\/\/tinnunculus.sy-sy.cz\/index.php\/wp-json\/wp\/v2\/users\/2"}],"replies":[{"embeddable":true,"href":"https:\/\/tinnunculus.sy-sy.cz\/index.php\/wp-json\/wp\/v2\/comments?post=355"}],"version-history":[{"count":2,"href":"https:\/\/tinnunculus.sy-sy.cz\/index.php\/wp-json\/wp\/v2\/posts\/355\/revisions"}],"predecessor-version":[{"id":30604,"href":"https:\/\/tinnunculus.sy-sy.cz\/index.php\/wp-json\/wp\/v2\/posts\/355\/revisions\/30604"}],"wp:attachment":[{"href":"https:\/\/tinnunculus.sy-sy.cz\/index.php\/wp-json\/wp\/v2\/media?parent=355"}],"wp:term":[{"taxonomy":"category","embeddable":true,"href":"https:\/\/tinnunculus.sy-sy.cz\/index.php\/wp-json\/wp\/v2\/categories?post=355"},{"taxonomy":"post_tag","embeddable":true,"href":"https:\/\/tinnunculus.sy-sy.cz\/index.php\/wp-json\/wp\/v2\/tags?post=355"}],"curies":[{"name":"wp","href":"https:\/\/api.w.org\/{rel}","templated":true}]}}