{"id":34319,"date":"2024-04-10T21:56:06","date_gmt":"2024-04-10T19:56:06","guid":{"rendered":"https:\/\/tinnunculus.sy-sy.cz\/?p=34319"},"modified":"2026-03-21T07:52:28","modified_gmt":"2026-03-21T06:52:28","slug":"vejce-druhe-zrzave-po-tatinkovi","status":"publish","type":"post","link":"https:\/\/tinnunculus.sy-sy.cz\/index.php\/2024\/04\/10\/vejce-druhe-zrzave-po-tatinkovi\/","title":{"rendered":"Vejce druh\u00e9 (zrzav\u00e9 po&nbsp;tat\u00ednkovi)"},"content":{"rendered":"<p><a href=\"https:\/\/i0.wp.com\/tinnunculus.sy-sy.cz\/wp-content\/uploads\/2024\/04\/20240410-1914148348-e1712777838659.jpg?ssl=1\" target=\"_blank\" rel=\"noopener\"><img data-recalc-dims=\"1\" loading=\"lazy\" decoding=\"async\" data-attachment-id=\"34315\" data-permalink=\"https:\/\/tinnunculus.sy-sy.cz\/index.php\/2024\/04\/10\/vejce-druhe-zrzave-po-tatinkovi\/20240410-1914148348\/\" data-orig-file=\"https:\/\/i0.wp.com\/tinnunculus.sy-sy.cz\/wp-content\/uploads\/2024\/04\/20240410-1914148348-e1712777838659.jpg?fit=972%2C550&amp;ssl=1\" data-orig-size=\"972,550\" data-comments-opened=\"1\" data-image-meta=\"{&quot;aperture&quot;:&quot;0&quot;,&quot;credit&quot;:&quot;&quot;,&quot;camera&quot;:&quot;&quot;,&quot;caption&quot;:&quot;&quot;,&quot;created_timestamp&quot;:&quot;0&quot;,&quot;copyright&quot;:&quot;&quot;,&quot;focal_length&quot;:&quot;0&quot;,&quot;iso&quot;:&quot;0&quot;,&quot;shutter_speed&quot;:&quot;0&quot;,&quot;title&quot;:&quot;&quot;,&quot;orientation&quot;:&quot;0&quot;}\" data-image-title=\"20240410-1914148348\" data-image-description=\"\" data-image-caption=\"\" data-large-file=\"https:\/\/i0.wp.com\/tinnunculus.sy-sy.cz\/wp-content\/uploads\/2024\/04\/20240410-1914148348-e1712777838659.jpg?fit=525%2C295&amp;ssl=1\" class=\"aligncenter wp-image-34315 size-full\" src=\"https:\/\/i0.wp.com\/tinnunculus.sy-sy.cz\/wp-content\/uploads\/2024\/04\/20240410-1914148348-e1712777838659.jpg?resize=525%2C297&#038;ssl=1\" alt=\"\" width=\"525\" height=\"297\" srcset=\"https:\/\/i0.wp.com\/tinnunculus.sy-sy.cz\/wp-content\/uploads\/2024\/04\/20240410-1914148348-e1712777838659.jpg?w=972&amp;ssl=1 972w, https:\/\/i0.wp.com\/tinnunculus.sy-sy.cz\/wp-content\/uploads\/2024\/04\/20240410-1914148348-e1712777838659.jpg?resize=300%2C170&amp;ssl=1 300w, https:\/\/i0.wp.com\/tinnunculus.sy-sy.cz\/wp-content\/uploads\/2024\/04\/20240410-1914148348-e1712777838659.jpg?resize=768%2C435&amp;ssl=1 768w\" sizes=\"auto, (max-width: 767px) 89vw, (max-width: 1000px) 54vw, (max-width: 1071px) 543px, 580px\" \/><\/a><\/p>\n<p>Objevilo-li se prvn\u00ed vejce ne\u010dekan\u011b brzy, to druh\u00e9 ji\u017e snesla pan\u00ed po\u0161tolka dle o\u010dek\u00e1v\u00e1n\u00ed ve st\u0159edu ve\u010der. Na hn\u00edzdo usedla v&nbsp;18:19:<!--more--><\/p>\n<div style=\"width: 525px;\" class=\"wp-video\"><video class=\"wp-video-shortcode\" id=\"video-34319-1\" width=\"525\" height=\"295\" preload=\"metadata\" controls=\"controls\"><source type=\"video\/mp4\" src=\"https:\/\/tinnunculus.sy-sy.cz\/wp-content\/uploads\/2024\/04\/20240410-181938.mp4?_=1\" \/><a href=\"https:\/\/tinnunculus.sy-sy.cz\/wp-content\/uploads\/2024\/04\/20240410-181938.mp4\">https:\/\/tinnunculus.sy-sy.cz\/wp-content\/uploads\/2024\/04\/20240410-181938.mp4<\/a><\/video><\/div>\n<p>Poprv\u00e9 bylo mo\u017eno zahl\u00e9dnout vejce \u010d\u00edslo dv\u011b v&nbsp;18:48, kdy\u017e p\u0159ilet\u011bl pan po\u0161tolka a&nbsp;pan\u00ed po\u0161tolka mu d\u00e1vala jasn\u011b najevo, \u017ee tam nem\u00e1 co d\u011blat:<\/p>\n<div style=\"width: 525px;\" class=\"wp-video\"><video class=\"wp-video-shortcode\" id=\"video-34319-2\" width=\"525\" height=\"295\" preload=\"metadata\" controls=\"controls\"><source type=\"video\/mp4\" src=\"https:\/\/tinnunculus.sy-sy.cz\/wp-content\/uploads\/2024\/04\/20240410-184801.mp4?_=2\" \/><a href=\"https:\/\/tinnunculus.sy-sy.cz\/wp-content\/uploads\/2024\/04\/20240410-184801.mp4\">https:\/\/tinnunculus.sy-sy.cz\/wp-content\/uploads\/2024\/04\/20240410-184801.mp4<\/a><\/video><\/div>\n<p>V pln\u00e9 kr\u00e1se jsme je pak uvid\u011bli a\u017e kdy\u017e se zvedla, aby v&nbsp;19:16 odlet\u011bla&#8220;<\/p>\n<div style=\"width: 525px;\" class=\"wp-video\"><video class=\"wp-video-shortcode\" id=\"video-34319-3\" width=\"525\" height=\"295\" preload=\"metadata\" controls=\"controls\"><source type=\"video\/mp4\" src=\"https:\/\/tinnunculus.sy-sy.cz\/wp-content\/uploads\/2024\/04\/20240410-191509.mp4?_=3\" \/><a href=\"https:\/\/tinnunculus.sy-sy.cz\/wp-content\/uploads\/2024\/04\/20240410-191509.mp4\">https:\/\/tinnunculus.sy-sy.cz\/wp-content\/uploads\/2024\/04\/20240410-191509.mp4<\/a><\/video><\/div>\n<p>Vz\u00e1p\u011bt\u00ed se vr\u00e1til pan po\u0161tolka, seznamoval se s&nbsp;nov\u00fdm p\u0159\u00edr\u016fstkem na hn\u00edzd\u011b a&nbsp;opakoval si, jak se na vejc\u00edch sed\u00ed:<\/p>\n<div style=\"width: 525px;\" class=\"wp-video\"><video class=\"wp-video-shortcode\" id=\"video-34319-4\" width=\"525\" height=\"295\" preload=\"metadata\" controls=\"controls\"><source type=\"video\/mp4\" src=\"https:\/\/tinnunculus.sy-sy.cz\/wp-content\/uploads\/2024\/04\/20240410-191729.mp4?_=4\" \/><a href=\"https:\/\/tinnunculus.sy-sy.cz\/wp-content\/uploads\/2024\/04\/20240410-191729.mp4\">https:\/\/tinnunculus.sy-sy.cz\/wp-content\/uploads\/2024\/04\/20240410-191729.mp4<\/a><\/video><\/div>\n<p>Dal\u0161\u00ed vejce se m\u016f\u017ee objevit nejd\u0159\u00edve v&nbsp;p\u00e1tek pozd\u011b ve\u010der, kdy\u017e u\u017e bude tma\u2026<\/p>\n","protected":false},"excerpt":{"rendered":"<p>Aneb o&nbsp;tom, jak &#8222;na\u0161e&#8220; pan\u00ed po\u0161tolka snesla druh\u00e9 leto\u0161n\u00ed vejce.<\/p>\n","protected":false},"author":2,"featured_media":0,"comment_status":"open","ping_status":"open","sticky":false,"template":"","format":"standard","meta":{"jetpack_post_was_ever_published":false,"_jetpack_newsletter_access":"","_jetpack_dont_email_post_to_subs":false,"_jetpack_newsletter_tier_id":0,"_jetpack_memberships_contains_paywalled_content":false,"_jetpack_memberships_contains_paid_content":false,"footnotes":""},"categories":[147,142,116,105,110,1596,307,108],"tags":[1395,90,91,9,10,81,82],"class_list":["post-34319","post","type-post","status-publish","format-standard","hentry","category-nase-postolky","category-dravec","category-nasi","category-postolka","category-postolka-obecna","category-postolky-z-nasi-lodzie","category-ptaci","category-ostatni-zvirena","tag-1395","tag-ps_96","tag-ps_95","tag-ps_24","tag-ps_41","tag-ps_65","tag-ps_64"],"jetpack_featured_media_url":"","jetpack_shortlink":"https:\/\/wp.me\/p91gKE-8Vx","jetpack-related-posts":[{"id":130,"url":"https:\/\/tinnunculus.sy-sy.cz\/index.php\/2014\/08\/01\/hadej-kdo-prisel-k-veceri\/","url_meta":{"origin":34319,"position":0},"title":"H\u00e1dej, kdo p\u0159i\u0161el k&nbsp;ve\u010de\u0159i&#8230;","author":"Zuzana Syrov\u00e1 An\u00fd\u017eov\u00e1","date":"01\/08\/2014","format":false,"excerpt":"Hlavu to m\u00e1 jako same\u010dek, k\u0159\u00eddla a z\u00e1da taky, ale oc\u00e1sek to m\u00e1 jako sami\u010dka. Potlouk\u00e1 se to po ciz\u00edch hn\u00edzdech a hled\u00e1 my\u0161e po skr\u00fd\u0161\u00edch. Co to je? Po\u0161tol\u010data si obvykle mysl\u00ed, \u017ee by to mohl b\u00fdt tat\u00ednek a hul\u00e1kaj\u00ed na to vytrvale, \u017ee by si dala n\u011bco k\u2026","rel":"","context":"V \u201e\"Na\u0161e\" po\u0161tolky\u201c","block_context":{"text":"\"Na\u0161e\" po\u0161tolky","link":"https:\/\/tinnunculus.sy-sy.cz\/index.php\/category\/nasi\/nase-postolky\/"},"img":{"alt_text":"","src":"https:\/\/i0.wp.com\/tinnunculus.sy-sy.cz\/wp-content\/uploads\/2014\/08\/P1080867-e1698600824648-1024x575.jpg?resize=350%2C200&ssl=1","width":350,"height":200,"srcset":"https:\/\/i0.wp.com\/tinnunculus.sy-sy.cz\/wp-content\/uploads\/2014\/08\/P1080867-e1698600824648-1024x575.jpg?resize=350%2C200&ssl=1 1x, https:\/\/i0.wp.com\/tinnunculus.sy-sy.cz\/wp-content\/uploads\/2014\/08\/P1080867-e1698600824648-1024x575.jpg?resize=525%2C300&ssl=1 1.5x"},"classes":[]},{"id":21462,"url":"https:\/\/tinnunculus.sy-sy.cz\/index.php\/2023\/04\/18\/dlouho-ocekavane-druhe-vejce\/","url_meta":{"origin":34319,"position":1},"title":"Dlouho o\u010dek\u00e1van\u00e9 druh\u00e9 vejce","author":"Zuzana Syrov\u00e1 An\u00fd\u017eov\u00e1","date":"18\/04\/2023","format":false,"excerpt":"Aneb o tom, jak \"na\u0161e\" pam\u00ed po\u0161tolka snesla druh\u00e9 leto\u0161n\u00ed vejce.","rel":"","context":"V \u201e\"Na\u0161e\" po\u0161tolky\u201c","block_context":{"text":"\"Na\u0161e\" po\u0161tolky","link":"https:\/\/tinnunculus.sy-sy.cz\/index.php\/category\/nasi\/nase-postolky\/"},"img":{"alt_text":"","src":"https:\/\/i0.wp.com\/tinnunculus.sy-sy.cz\/wp-content\/uploads\/2023\/04\/2023-04-18-1111247711-e1681822941149.jpg?resize=350%2C200&ssl=1","width":350,"height":200,"srcset":"https:\/\/i0.wp.com\/tinnunculus.sy-sy.cz\/wp-content\/uploads\/2023\/04\/2023-04-18-1111247711-e1681822941149.jpg?resize=350%2C200&ssl=1 1x, https:\/\/i0.wp.com\/tinnunculus.sy-sy.cz\/wp-content\/uploads\/2023\/04\/2023-04-18-1111247711-e1681822941149.jpg?resize=525%2C300&ssl=1 1.5x"},"classes":[]},{"id":189,"url":"https:\/\/tinnunculus.sy-sy.cz\/index.php\/2015\/04\/04\/o-rorysech\/","url_meta":{"origin":34319,"position":2},"title":"O ror\u00fdsech","author":"Zuzana Syrov\u00e1 An\u00fd\u017eov\u00e1","date":"04\/04\/2015","format":false,"excerpt":"M\u016f\u017eeme je o\u010dek\u00e1vat do t\u0159\u00ed t\u00fddn\u016f. Ze sv\u00fdch zimovi\u0161\u0165 se vr\u00e1t\u00ed jedni z nejpodivuhodn\u011bj\u0161\u00ed pt\u00e1k\u016f u n\u00e1s \u017eij\u00edc\u00edch. I kdy\u017e si je leckdo m\u016f\u017ee pl\u00e9st s vla\u0161tovkou, n\u00e1le\u017e\u00ed do \u0159\u00e1du svi\u0161\u0165oun\u016f a jsou p\u0159\u00edbuzn\u00ed\u00a0 americk\u00fdm kolib\u0159\u00edk\u016fm. Ror\u00fds obecn\u00fd (apus apus) je dokonale p\u0159izp\u016fsoben \u017eivotu ve vzduchu a za letu i\u2026","rel":"","context":"V \u201e\"Na\u0161i\" ror\u00fdsi\u201c","block_context":{"text":"\"Na\u0161i\" ror\u00fdsi","link":"https:\/\/tinnunculus.sy-sy.cz\/index.php\/category\/nasi\/nasi-rorysi\/"},"img":{"alt_text":"","src":"https:\/\/i0.wp.com\/tinnunculus.sy-sy.cz\/wp-content\/uploads\/2015\/04\/Apus_apus_flock_flying_1.jpg?resize=350%2C200&ssl=1","width":350,"height":200,"srcset":"https:\/\/i0.wp.com\/tinnunculus.sy-sy.cz\/wp-content\/uploads\/2015\/04\/Apus_apus_flock_flying_1.jpg?resize=350%2C200&ssl=1 1x, https:\/\/i0.wp.com\/tinnunculus.sy-sy.cz\/wp-content\/uploads\/2015\/04\/Apus_apus_flock_flying_1.jpg?resize=525%2C300&ssl=1 1.5x"},"classes":[]},{"id":99,"url":"https:\/\/tinnunculus.sy-sy.cz\/index.php\/2014\/04\/24\/ptak-roku\/","url_meta":{"origin":34319,"position":3},"title":"Pt\u00e1k roku","author":"Zuzana Syrov\u00e1 An\u00fd\u017eov\u00e1","date":"24\/04\/2014","format":"link","excerpt":"Po\u0161tolka obecn\u00e1 byla pt\u00e1kem roku ji\u017e v n\u011bkolika evropsk\u00fdch zem\u00edch: 1992 Ma\u010farsko 2001 Slovensko: http:\/\/www.seps.sk\/zp\/mvszopk\/ii\/2001\/062001\/11.htm 2002 \u010cR: http:\/\/www.birdlife.cz\/wpimages\/video\/ptak_roku_2002.pdf\u00a0 \u00a0http:\/\/www.oldcso.birdlife.cz\/www.cso.cz\/wpimages\/video\/ptak_roku_2002.pdf 2002 Rusko 2006 Loty\u0161sko 2007 Rakousko: https:\/\/www.birdlife.at\/unsere-arbeit\/vogel-des-jahres\/2007-turmfalke.html \/\/ https:\/\/www.birdlife.at\/voegel\/turmfalke\/ 2007 N\u011bmecko: http:\/\/www.nabu.de\/aktionenundprojekte\/vogeldesjahres\/2007-turmfalke\/; http:\/\/www.nabu.de\/imperia\/md\/content\/nabude\/vogelschutz\/vdj\/2007turmfalke\/1.pdf; http:\/\/www.nabu-elmshorn.de\/artenschutz\/turmfalke\/ 2008 \u0160v\u00fdcarsko: http:\/\/www.birdlife.ch\/fr\/content\/2008-faucon-cr%C3%A9cerelle; https:\/\/www.birdlife.ch\/fr\/content\/oiseau-de-lannee-2008-faucon-crecerelle http:\/\/www.birdlife.ch\/de\/content\/vogel-des-jahres-2008-turmfalke; http:\/\/www.birdlife.ch\/sites\/default\/files\/documents\/ORNIS-Turmfalke.pdf 2008 Gruzie: http:\/\/bcug.narod.ru\/BirdofYear2008.html 2009 Lucembursko: http:\/\/www.naturemwelt.lu\/natur-an-emwelt_ShowNews_News.20-2-296-0.html 2010 B\u011blorusko: https:\/\/birdwatch.by\/pustalga 2016 Arm\u00e9nie:\u2026","rel":"","context":"V \u201eInfo\u201c","block_context":{"text":"Info","link":"https:\/\/tinnunculus.sy-sy.cz\/index.php\/category\/info\/"},"img":{"alt_text":"","src":"","width":0,"height":0},"classes":[]},{"id":202,"url":"https:\/\/tinnunculus.sy-sy.cz\/index.php\/2015\/04\/19\/vejce-a-on\/","url_meta":{"origin":34319,"position":4},"title":"Vejce a&nbsp;on","author":"Zuzana Syrov\u00e1 An\u00fd\u017eov\u00e1","date":"19\/04\/2015","format":false,"excerpt":"Jak zn\u00e1mo z rom\u00e1nu Betty MacDonald s vejci to nemus\u00ed b\u00fdt v\u017edy jednoduch\u00e9. Kdy\u017e sami\u010dka letos snesla 13. dubna prvn\u00ed vejce, same\u010dek se s n\u00edm nejprve seznamoval tak, \u017ee ho, dalo by se \u0159\u00edci o\u0165uk\u00e1val. Ve skute\u010dnosti ov\u0161em do vejce nekloval, ale zkoumal ho ot\u00e1\u010den\u00edm a kotoulen\u00edm. Jeho prvn\u00ed setk\u00e1n\u00ed\u2026","rel":"","context":"V \u201e\"Na\u0161e\" po\u0161tolky\u201c","block_context":{"text":"\"Na\u0161e\" po\u0161tolky","link":"https:\/\/tinnunculus.sy-sy.cz\/index.php\/category\/nasi\/nase-postolky\/"},"img":{"alt_text":"","src":"https:\/\/i0.wp.com\/tinnunculus.sy-sy.cz\/wp-content\/uploads\/2015\/04\/20150414_07-36-40-1024x576.jpg?resize=350%2C200&ssl=1","width":350,"height":200,"srcset":"https:\/\/i0.wp.com\/tinnunculus.sy-sy.cz\/wp-content\/uploads\/2015\/04\/20150414_07-36-40-1024x576.jpg?resize=350%2C200&ssl=1 1x, https:\/\/i0.wp.com\/tinnunculus.sy-sy.cz\/wp-content\/uploads\/2015\/04\/20150414_07-36-40-1024x576.jpg?resize=525%2C300&ssl=1 1.5x"},"classes":[]},{"id":34663,"url":"https:\/\/tinnunculus.sy-sy.cz\/index.php\/2024\/04\/19\/vejce-seste-posledni\/","url_meta":{"origin":34319,"position":5},"title":"Vejce \u0161est\u00e9 (posledn\u00ed ?)","author":"Zuzana Syrov\u00e1 An\u00fd\u017eov\u00e1","date":"19\/04\/2024","format":false,"excerpt":"Aneb o tom, jak \"na\u0161e\" pan\u00ed po\u0161tolka snesla \u0161est\u00e9, pravd\u011bpodobn\u011b posledn\u00ed leto\u0161n\u00ed vejce.","rel":"","context":"V \u201e\"Na\u0161e\" po\u0161tolky\u201c","block_context":{"text":"\"Na\u0161e\" po\u0161tolky","link":"https:\/\/tinnunculus.sy-sy.cz\/index.php\/category\/nasi\/nase-postolky\/"},"img":{"alt_text":"","src":"https:\/\/i0.wp.com\/tinnunculus.sy-sy.cz\/wp-content\/uploads\/2024\/04\/20240419-1445380197-e1713541029916.jpg?resize=350%2C200&ssl=1","width":350,"height":200,"srcset":"https:\/\/i0.wp.com\/tinnunculus.sy-sy.cz\/wp-content\/uploads\/2024\/04\/20240419-1445380197-e1713541029916.jpg?resize=350%2C200&ssl=1 1x, https:\/\/i0.wp.com\/tinnunculus.sy-sy.cz\/wp-content\/uploads\/2024\/04\/20240419-1445380197-e1713541029916.jpg?resize=525%2C300&ssl=1 1.5x"},"classes":[]}],"jetpack_sharing_enabled":true,"_links":{"self":[{"href":"https:\/\/tinnunculus.sy-sy.cz\/index.php\/wp-json\/wp\/v2\/posts\/34319","targetHints":{"allow":["GET"]}}],"collection":[{"href":"https:\/\/tinnunculus.sy-sy.cz\/index.php\/wp-json\/wp\/v2\/posts"}],"about":[{"href":"https:\/\/tinnunculus.sy-sy.cz\/index.php\/wp-json\/wp\/v2\/types\/post"}],"author":[{"embeddable":true,"href":"https:\/\/tinnunculus.sy-sy.cz\/index.php\/wp-json\/wp\/v2\/users\/2"}],"replies":[{"embeddable":true,"href":"https:\/\/tinnunculus.sy-sy.cz\/index.php\/wp-json\/wp\/v2\/comments?post=34319"}],"version-history":[{"count":1,"href":"https:\/\/tinnunculus.sy-sy.cz\/index.php\/wp-json\/wp\/v2\/posts\/34319\/revisions"}],"predecessor-version":[{"id":34321,"href":"https:\/\/tinnunculus.sy-sy.cz\/index.php\/wp-json\/wp\/v2\/posts\/34319\/revisions\/34321"}],"wp:attachment":[{"href":"https:\/\/tinnunculus.sy-sy.cz\/index.php\/wp-json\/wp\/v2\/media?parent=34319"}],"wp:term":[{"taxonomy":"category","embeddable":true,"href":"https:\/\/tinnunculus.sy-sy.cz\/index.php\/wp-json\/wp\/v2\/categories?post=34319"},{"taxonomy":"post_tag","embeddable":true,"href":"https:\/\/tinnunculus.sy-sy.cz\/index.php\/wp-json\/wp\/v2\/tags?post=34319"}],"curies":[{"name":"wp","href":"https:\/\/api.w.org\/{rel}","templated":true}]}}