{"id":343,"date":"2016-06-12T09:32:22","date_gmt":"2016-06-12T07:32:22","guid":{"rendered":"http:\/\/tinnunculus.sy-sy.cz\/index.php\/2016\/06\/12\/ignis-brunensis-2016\/"},"modified":"2026-03-21T08:34:51","modified_gmt":"2026-03-21T07:34:51","slug":"ignis-brunensis-2016","status":"publish","type":"post","link":"https:\/\/tinnunculus.sy-sy.cz\/index.php\/2016\/06\/12\/ignis-brunensis-2016\/","title":{"rendered":"Ignis Brunensis 2016"},"content":{"rendered":"<p>Zase je tu, letos u\u017e po&nbsp;devaten\u00e1ct\u00e9, <a href=\"http:\/\/www.ignisbrunensis.cz\" target=\"_blank\" rel=\"noopener noreferrer\">Ignis Brunensis<\/a>. A&nbsp;jak by taky ne, kdy\u017e \u017eijeme v&nbsp;Brn\u011b, m\u011bst\u011b uprost\u0159ed Evropy. \u017de by proti takov\u00e9 veselici n\u011bkdo mohl n\u011bco m\u00edt? To mo\u017en\u00e1 b\u00fdvalo. Letos co do protest\u016f, zd\u00e1 se, ticho po&nbsp;p\u011b\u0161in\u011b. Po&nbsp;t\u011bch kolem brn\u011bnsk\u00e9 p\u0159ehledy l\u00e9pe se po&nbsp;v\u010derej\u0161\u00edm oh\u0148ostroji rad\u011bji neproch\u00e1zet&#8230;<\/p>\n<p>Proto\u017ee se nechceme opakovat, tak si m\u016f\u017eeme aspo\u0148 p\u0159ipomenout, co jsme k&nbsp;oh\u0148ostr\u016fjn\u00e9mu festivalu napsali loni: <a href=\"https:\/\/tinnunculus.sy-sy.cz\/index.php\/2015\/06\/07\/ignis-brunensis\/\">Ignis Brunensis 2015<\/a>. A&nbsp;tak\u00e9 se s&nbsp;V\u00e1mi m\u016f\u017eeme pod\u011blit o&nbsp;to, jak to vypad\u00e1 od n\u00e1s. Je pravda, \u017ee &#8222;na\u0161e&#8220; po\u0161tolky u\u017e takov\u00e1 mali\u010dkost letos nevyru\u0161\u00ed. Sami\u010dka i&nbsp;same\u010dek str\u00e1vili noc v&nbsp;klidu na bid\u00fdlku a&nbsp;po\u0161tol\u010data dole v&nbsp;hn\u00edzdn\u00edm kout\u011b.<\/p>\n<div style=\"width: 525px;\" class=\"wp-video\"><video class=\"wp-video-shortcode\" id=\"video-343-1\" width=\"525\" height=\"295\" preload=\"metadata\" controls=\"controls\"><source type=\"video\/mp4\" src=\"https:\/\/tinnunculus.sy-sy.cz\/wp-content\/uploads\/2016\/06\/20160611-224832-1465678112.mp4?_=1\" \/><a href=\"https:\/\/tinnunculus.sy-sy.cz\/wp-content\/uploads\/2016\/06\/20160611-224832-1465678112.mp4\">https:\/\/tinnunculus.sy-sy.cz\/wp-content\/uploads\/2016\/06\/20160611-224832-1465678112.mp4<\/a><\/video><\/div>\n","protected":false},"excerpt":{"rendered":"<p>Zase je tu, letos u\u017e po&nbsp;devaten\u00e1ct\u00e9, Ignis Brunensis. A&nbsp;jak by taky ne, kdy\u017e \u017eijeme v&nbsp;Brn\u011b, m\u011bst\u011b uprost\u0159ed Evropy. \u017de by proti takov\u00e9 veselici n\u011bkdo mohl n\u011bco m\u00edt? To mo\u017en\u00e1 b\u00fdvalo. Letos co do protest\u016f, zd\u00e1 se, ticho po&nbsp;p\u011b\u0161in\u011b. Po&nbsp;t\u011bch kolem brn\u011bnsk\u00e9 p\u0159ehledy l\u00e9pe se po&nbsp;v\u010derej\u0161\u00edm oh\u0148ostroji rad\u011bji neproch\u00e1zet&#8230; Proto\u017ee se nechceme opakovat, tak si m\u016f\u017eeme &hellip; <\/p>\n<p class=\"link-more\"><a href=\"https:\/\/tinnunculus.sy-sy.cz\/index.php\/2016\/06\/12\/ignis-brunensis-2016\/\" class=\"more-link\">Pokra\u010dovat ve \u010dten\u00ed<span class=\"screen-reader-text\"> &#8222;Ignis Brunensis 2016&#8220;<\/span><\/a><\/p>\n","protected":false},"author":2,"featured_media":0,"comment_status":"closed","ping_status":"open","sticky":false,"template":"","format":"standard","meta":{"jetpack_post_was_ever_published":false,"_jetpack_newsletter_access":"","_jetpack_dont_email_post_to_subs":false,"_jetpack_newsletter_tier_id":0,"_jetpack_memberships_contains_paywalled_content":false,"_jetpack_memberships_contains_paid_content":false,"footnotes":""},"categories":[147,116,308,105,110,1596,108],"tags":[43,18,376,90,91,79],"class_list":["post-343","post","type-post","status-publish","format-standard","hentry","category-nase-postolky","category-nasi","category-ostatni-najemnici-a-navstevnici","category-postolka","category-postolka-obecna","category-postolky-z-nasi-lodzie","category-ostatni-zvirena","tag-ps_22","tag-ps_52","tag-ohnostroj","tag-ps_96","tag-ps_95","tag-ps_71"],"jetpack_featured_media_url":"","jetpack_shortlink":"https:\/\/wp.me\/p91gKE-5x","jetpack-related-posts":[{"id":225,"url":"https:\/\/tinnunculus.sy-sy.cz\/index.php\/2015\/06\/07\/ignis-brunensis\/","url_meta":{"origin":343,"position":0},"title":"Ignis Brunensis","author":"Zuzana Syrov\u00e1 An\u00fd\u017eov\u00e1","date":"07\/06\/2015","format":false,"excerpt":"Tak u\u017e ho tu zase m\u00e1me: Ignis Brunensis. Jak uv\u00e1d\u011bj\u00ed propaga\u010dn\u00ed str\u00e1nky t\u00e9to akce, letos si kone\u010dn\u011b mohou atmosf\u00e9ru oh\u0148ostroj\u016f na brn\u011bnsk\u00e9 p\u0159ehrad\u011b u\u017e\u00edt pohodln\u011b i hendikepovan\u00ed. Lid\u00e9 a zv\u00ed\u0159ata \u017eij\u00edc\u00ed v okol\u00ed brn\u011bnsk\u00e9 p\u0159ehrady a v neposledn\u00ed \u0159ad\u011b ryby, \u017eij\u00edc\u00ed p\u0159\u00edmo v n\u00ed, si u\u017e u\u017e\u00edvaj\u00ed m\u00e9n\u011b. V\u00fdzva UKOZ\u2026","rel":"","context":"V \u201e\"Na\u0161e\" po\u0161tolky\u201c","block_context":{"text":"\"Na\u0161e\" po\u0161tolky","link":"https:\/\/tinnunculus.sy-sy.cz\/index.php\/category\/nasi\/nase-postolky\/"},"img":{"alt_text":"","src":"https:\/\/i0.wp.com\/tinnunculus.sy-sy.cz\/wp-content\/uploads\/2015\/06\/Young_American_Kestrel-1024x683.jpg?resize=350%2C200&ssl=1","width":350,"height":200,"srcset":"https:\/\/i0.wp.com\/tinnunculus.sy-sy.cz\/wp-content\/uploads\/2015\/06\/Young_American_Kestrel-1024x683.jpg?resize=350%2C200&ssl=1 1x, https:\/\/i0.wp.com\/tinnunculus.sy-sy.cz\/wp-content\/uploads\/2015\/06\/Young_American_Kestrel-1024x683.jpg?resize=525%2C300&ssl=1 1.5x"},"classes":[]},{"id":42886,"url":"https:\/\/tinnunculus.sy-sy.cz\/index.php\/2025\/06\/25\/plaseni-postolcat\/","url_meta":{"origin":343,"position":1},"title":"Pla\u0161en\u00ed po\u0161tol\u010dat","author":"Zuzana Syrov\u00e1 An\u00fd\u017eov\u00e1","date":"25\/06\/2025","format":false,"excerpt":"Aneb zase jednou po roce o oh\u0148ostroj\u00edch nad brn\u011bnskou p\u0159ehradou.","rel":"","context":"V \u201e\"Na\u0161e\" po\u0161tolky\u201c","block_context":{"text":"\"Na\u0161e\" po\u0161tolky","link":"https:\/\/tinnunculus.sy-sy.cz\/index.php\/category\/nasi\/nase-postolky\/"},"img":{"alt_text":"","src":"https:\/\/i0.wp.com\/tinnunculus.sy-sy.cz\/wp-content\/uploads\/2025\/06\/20250621-2233-1024x768.jpg?resize=350%2C200&ssl=1","width":350,"height":200,"srcset":"https:\/\/i0.wp.com\/tinnunculus.sy-sy.cz\/wp-content\/uploads\/2025\/06\/20250621-2233-1024x768.jpg?resize=350%2C200&ssl=1 1x, https:\/\/i0.wp.com\/tinnunculus.sy-sy.cz\/wp-content\/uploads\/2025\/06\/20250621-2233-1024x768.jpg?resize=525%2C300&ssl=1 1.5x"},"classes":[]},{"id":5395,"url":"https:\/\/tinnunculus.sy-sy.cz\/index.php\/2018\/06\/10\/kdyz-starosta-nevi\/","url_meta":{"origin":343,"position":2},"title":"Kdy\u017e starosta nev\u00ed&#8230;","author":"Zuzana Syrov\u00e1 An\u00fd\u017eov\u00e1","date":"10\/06\/2018","format":false,"excerpt":"Oh\u0148ostroj rumunsk\u00fdch mistr\u016f pr\u00fd v\u010dera nad brn\u011bnskou rozd\u00e1val energii a osloven\u00ed div\u00e1ci ocenili jeho vlasteneckost.\u00a0 Kdyby se n\u011bkdo zeptal n\u00e1s, kladn\u00e9ho ohlasu by se nedo\u010dkal. A \"na\u0161ich po\u0161tolek\", t\u011bch se stejn\u011b jako dal\u0161\u00edch zv\u00ed\u0159ec\u00edch obyvatel nejbli\u017e\u0161\u00edho okol\u00ed m\u00edsta kon\u00e1n\u00ed, nikdo za celou dobu existence Ignis brunensis od r. 2001, neptal\u2026","rel":"","context":"V \u201e\"Na\u0161e\" po\u0161tolky\u201c","block_context":{"text":"\"Na\u0161e\" po\u0161tolky","link":"https:\/\/tinnunculus.sy-sy.cz\/index.php\/category\/nasi\/nase-postolky\/"},"img":{"alt_text":"","src":"https:\/\/i0.wp.com\/tinnunculus.sy-sy.cz\/wp-content\/uploads\/2018\/06\/fireworks-865104_960_720.jpg?resize=350%2C200&ssl=1","width":350,"height":200,"srcset":"https:\/\/i0.wp.com\/tinnunculus.sy-sy.cz\/wp-content\/uploads\/2018\/06\/fireworks-865104_960_720.jpg?resize=350%2C200&ssl=1 1x, https:\/\/i0.wp.com\/tinnunculus.sy-sy.cz\/wp-content\/uploads\/2018\/06\/fireworks-865104_960_720.jpg?resize=525%2C300&ssl=1 1.5x, https:\/\/i0.wp.com\/tinnunculus.sy-sy.cz\/wp-content\/uploads\/2018\/06\/fireworks-865104_960_720.jpg?resize=700%2C400&ssl=1 2x"},"classes":[]},{"id":11726,"url":"https:\/\/tinnunculus.sy-sy.cz\/index.php\/2020\/03\/23\/stop-petardam\/","url_meta":{"origin":343,"position":3},"title":"Stop petard\u00e1m","author":"Zuzana Syrov\u00e1 An\u00fd\u017eov\u00e1","date":"23\/03\/2020","format":false,"excerpt":"Aneb mal\u00e9 ka\u017edoro\u010dn\u00ed p\u0159ipomenut\u00ed oh\u0148ostroj\u016f, petard a jednoho na\u0161eho neobl\u00edben\u00e9ho festivalu. I kdy\u017e se mo\u017en\u00e1 letos konat nebude, stoj\u00ed za to \u0159\u00edci ne mo\u017en\u00e9mu p\u0159\u00ed\u0161t\u00edmu ro\u010dn\u00edku u\u017e nyn\u00ed.","rel":"","context":"V \u201eInfo\u201c","block_context":{"text":"Info","link":"https:\/\/tinnunculus.sy-sy.cz\/index.php\/category\/info\/"},"img":{"alt_text":"","src":"https:\/\/i0.wp.com\/tinnunculus.sy-sy.cz\/wp-content\/uploads\/2020\/03\/DSC_0139-1024x681.jpg?resize=350%2C200&ssl=1","width":350,"height":200,"srcset":"https:\/\/i0.wp.com\/tinnunculus.sy-sy.cz\/wp-content\/uploads\/2020\/03\/DSC_0139-1024x681.jpg?resize=350%2C200&ssl=1 1x, https:\/\/i0.wp.com\/tinnunculus.sy-sy.cz\/wp-content\/uploads\/2020\/03\/DSC_0139-1024x681.jpg?resize=525%2C300&ssl=1 1.5x"},"classes":[]},{"id":19210,"url":"https:\/\/tinnunculus.sy-sy.cz\/index.php\/2022\/07\/01\/k-cemu-ohnostroje\/","url_meta":{"origin":343,"position":4},"title":"K \u010demu oh\u0148ostroje","author":"Zuzana Syrov\u00e1 An\u00fd\u017eov\u00e1","date":"01\/07\/2022","format":false,"excerpt":"Aneb o tom, jak oh\u0148ostroje nad hladinou brn\u011bnsk\u00e9 p\u0159ehrady op\u011bt pla\u0161\u00ed po\u0161tolky v na\u0161\u00ed lod\u017eii a k \u010demu n\u00e1m bylo to pla\u0161en\u00ed letos dobr\u00e9.","rel":"","context":"V \u201e\"Na\u0161e\" po\u0161tolky\u201c","block_context":{"text":"\"Na\u0161e\" po\u0161tolky","link":"https:\/\/tinnunculus.sy-sy.cz\/index.php\/category\/nasi\/nase-postolky\/"},"img":{"alt_text":"","src":"https:\/\/i0.wp.com\/tinnunculus.sy-sy.cz\/wp-content\/uploads\/2022\/06\/20220625_22-44-35-e1656625599426.jpg?resize=350%2C200&ssl=1","width":350,"height":200,"srcset":"https:\/\/i0.wp.com\/tinnunculus.sy-sy.cz\/wp-content\/uploads\/2022\/06\/20220625_22-44-35-e1656625599426.jpg?resize=350%2C200&ssl=1 1x, https:\/\/i0.wp.com\/tinnunculus.sy-sy.cz\/wp-content\/uploads\/2022\/06\/20220625_22-44-35-e1656625599426.jpg?resize=525%2C300&ssl=1 1.5x"},"classes":[]},{"id":20488,"url":"https:\/\/tinnunculus.sy-sy.cz\/index.php\/2022\/12\/31\/ptaci-a-ohnostroje\/","url_meta":{"origin":343,"position":5},"title":"Pt\u00e1ci a&nbsp;oh\u0148ostroje","author":"Zuzana Syrov\u00e1 An\u00fd\u017eov\u00e1","date":"31\/12\/2022","format":false,"excerpt":"Aneb upozorn\u011bn\u00ed na p\u0159\u00edsp\u011bvek rozeb\u00edraj\u00edc\u00ed nebezpe\u010d\u00ed oh\u0148ostroj\u016f pro pt\u00e1ky na str\u00e1nk\u00e1ch Ochrana dravcov na Slovensku.","rel":"","context":"V \u201e\"Na\u0161e\" po\u0161tolky\u201c","block_context":{"text":"\"Na\u0161e\" po\u0161tolky","link":"https:\/\/tinnunculus.sy-sy.cz\/index.php\/category\/nasi\/nase-postolky\/"},"img":{"alt_text":"","src":"","width":0,"height":0},"classes":[]}],"jetpack_sharing_enabled":true,"_links":{"self":[{"href":"https:\/\/tinnunculus.sy-sy.cz\/index.php\/wp-json\/wp\/v2\/posts\/343","targetHints":{"allow":["GET"]}}],"collection":[{"href":"https:\/\/tinnunculus.sy-sy.cz\/index.php\/wp-json\/wp\/v2\/posts"}],"about":[{"href":"https:\/\/tinnunculus.sy-sy.cz\/index.php\/wp-json\/wp\/v2\/types\/post"}],"author":[{"embeddable":true,"href":"https:\/\/tinnunculus.sy-sy.cz\/index.php\/wp-json\/wp\/v2\/users\/2"}],"replies":[{"embeddable":true,"href":"https:\/\/tinnunculus.sy-sy.cz\/index.php\/wp-json\/wp\/v2\/comments?post=343"}],"version-history":[{"count":3,"href":"https:\/\/tinnunculus.sy-sy.cz\/index.php\/wp-json\/wp\/v2\/posts\/343\/revisions"}],"predecessor-version":[{"id":33155,"href":"https:\/\/tinnunculus.sy-sy.cz\/index.php\/wp-json\/wp\/v2\/posts\/343\/revisions\/33155"}],"wp:attachment":[{"href":"https:\/\/tinnunculus.sy-sy.cz\/index.php\/wp-json\/wp\/v2\/media?parent=343"}],"wp:term":[{"taxonomy":"category","embeddable":true,"href":"https:\/\/tinnunculus.sy-sy.cz\/index.php\/wp-json\/wp\/v2\/categories?post=343"},{"taxonomy":"post_tag","embeddable":true,"href":"https:\/\/tinnunculus.sy-sy.cz\/index.php\/wp-json\/wp\/v2\/tags?post=343"}],"curies":[{"name":"wp","href":"https:\/\/api.w.org\/{rel}","templated":true}]}}