{"id":325,"date":"2016-05-03T07:47:33","date_gmt":"2016-05-03T05:47:33","guid":{"rendered":"http:\/\/tinnunculus.sy-sy.cz\/index.php\/2016\/05\/03\/emancipace\/"},"modified":"2026-03-21T08:37:00","modified_gmt":"2026-03-21T07:37:00","slug":"emancipace","status":"publish","type":"post","link":"https:\/\/tinnunculus.sy-sy.cz\/index.php\/2016\/05\/03\/emancipace\/","title":{"rendered":"Emancipace"},"content":{"rendered":"<p>Kdy\u017e si \u010dtete o&nbsp;po\u0161tolk\u00e1ch, dozv\u00edte se jako jednu ze z\u00e1kladn\u00ed informac\u00ed, \u017ee same\u010dek ob\u010das st\u0159\u00edd\u00e1 sami\u010dku v&nbsp;sezen\u00ed na vejc\u00edch v&nbsp;dob\u011b, kdy se sami\u010dka \u017eiv\u00ed donesenou potravou. Dokonce se m\u016f\u017eete do\u010d\u00edst, \u017ee sed\u00ed na vejc\u00edch m\u00e9n\u011b pe\u010dliv\u011b. Po\u0161tol\u010d\u00ed povahy, stejn\u011b jako lidsk\u00e9 jsou ov\u0161em r\u016fzn\u00e9, a&nbsp;pokud bychom m\u011bli soudit podle same\u010dk\u016f, kte\u0159\u00ed se u&nbsp;n\u00e1s za deset let vyst\u0159\u00eddali, museli bychom konstatovat, \u017ee emancipace po\u0161tol\u010d\u00edch same\u010dk\u016f je v&nbsp;tomto sm\u011bru v\u00edce ne\u017e pokro\u010dil\u00e1. I&nbsp;&#8222;n\u00e1\u0161&#8220; leto\u0161n\u00ed same\u010dek sed\u00ed na vejc\u00edch neskonale r\u00e1d. Ob\u010das p\u0159ijde sami\u010dce jen tak nab\u00eddnout, \u017ee ji vyst\u0159\u00edd\u00e1.<\/p>\n<p><a href=\"https:\/\/i0.wp.com\/tinnunculus.sy-sy.cz\/wp-content\/uploads\/2016\/05\/20160503_07-13-12-e1706219976683.jpg?ssl=1\" target=\"_blank\" rel=\"noopener\"><img data-recalc-dims=\"1\" loading=\"lazy\" decoding=\"async\" data-attachment-id=\"30898\" data-permalink=\"https:\/\/tinnunculus.sy-sy.cz\/index.php\/2016\/05\/03\/emancipace\/20160503_07-13-12\/\" data-orig-file=\"https:\/\/i0.wp.com\/tinnunculus.sy-sy.cz\/wp-content\/uploads\/2016\/05\/20160503_07-13-12-e1706219976683.jpg?fit=1038%2C830&amp;ssl=1\" data-orig-size=\"1038,830\" data-comments-opened=\"1\" data-image-meta=\"{&quot;aperture&quot;:&quot;0&quot;,&quot;credit&quot;:&quot;&quot;,&quot;camera&quot;:&quot;&quot;,&quot;caption&quot;:&quot;&quot;,&quot;created_timestamp&quot;:&quot;0&quot;,&quot;copyright&quot;:&quot;&quot;,&quot;focal_length&quot;:&quot;0&quot;,&quot;iso&quot;:&quot;0&quot;,&quot;shutter_speed&quot;:&quot;0&quot;,&quot;title&quot;:&quot;&quot;,&quot;orientation&quot;:&quot;0&quot;}\" data-image-title=\"20160503_07-13-12\" data-image-description=\"\" data-image-caption=\"\" data-large-file=\"https:\/\/i0.wp.com\/tinnunculus.sy-sy.cz\/wp-content\/uploads\/2016\/05\/20160503_07-13-12-e1706219976683.jpg?fit=525%2C420&amp;ssl=1\" class=\"aligncenter wp-image-30898 size-large\" src=\"https:\/\/i0.wp.com\/tinnunculus.sy-sy.cz\/wp-content\/uploads\/2016\/05\/20160503_07-13-12.jpg?resize=525%2C420&#038;ssl=1\" alt=\"\" width=\"525\" height=\"420\" \/><\/a><\/p>\n<p><!--more--><\/p>\n<p style=\"text-align: left;\">Bezpe\u010dn\u011bj\u0161\u00ed zp\u016fsob, jak ji k&nbsp;tomu p\u0159esv\u011bd\u010dit je ov\u0161em p\u0159in\u00e9st j\u00ed aspo\u0148 men\u0161\u00ed sva\u010dinku. Sami\u010dka vracej\u00edc\u00ed se na hn\u00edzdo pak m\u00e1 obvykle probl\u00e9m, jak same\u010dka z&nbsp;vajec vystrnadit (spr\u00e1vn\u011b by se v&nbsp;tomto p\u0159\u00edpad\u011b m\u011blo \u0159\u00edkat mo\u017en\u00e1 vypo\u0161tol\u010dit). Same\u010dek p\u0159edst\u00edr\u00e1, \u017ee m\u00e1 na pr\u00e1ci n\u011bco d\u016fle\u017eit\u011bj\u0161\u00edho jako ot\u00e1\u010den\u00ed vajec nebo osobn\u00ed hygienu a&nbsp;\u017ee zkr\u00e1tka sami\u010dku nevid\u00ed a&nbsp;nesly\u0161\u00ed.<\/p>\n<p><img data-recalc-dims=\"1\" loading=\"lazy\" decoding=\"async\" data-attachment-id=\"32310\" data-permalink=\"https:\/\/tinnunculus.sy-sy.cz\/index.php\/2016\/05\/03\/emancipace\/20160502_18-35-29-2\/\" data-orig-file=\"https:\/\/i0.wp.com\/tinnunculus.sy-sy.cz\/wp-content\/uploads\/2016\/05\/20160502_18-35-29-1-e1709498665170.jpg?fit=1038%2C830&amp;ssl=1\" data-orig-size=\"1038,830\" data-comments-opened=\"1\" data-image-meta=\"{&quot;aperture&quot;:&quot;0&quot;,&quot;credit&quot;:&quot;&quot;,&quot;camera&quot;:&quot;&quot;,&quot;caption&quot;:&quot;&quot;,&quot;created_timestamp&quot;:&quot;0&quot;,&quot;copyright&quot;:&quot;&quot;,&quot;focal_length&quot;:&quot;0&quot;,&quot;iso&quot;:&quot;0&quot;,&quot;shutter_speed&quot;:&quot;0&quot;,&quot;title&quot;:&quot;&quot;,&quot;orientation&quot;:&quot;0&quot;}\" data-image-title=\"20160502_18-35-29\" data-image-description=\"\" data-image-caption=\"\" data-large-file=\"https:\/\/i0.wp.com\/tinnunculus.sy-sy.cz\/wp-content\/uploads\/2016\/05\/20160502_18-35-29-1-e1709498665170.jpg?fit=525%2C420&amp;ssl=1\" class=\"aligncenter wp-image-32310 size-large\" src=\"https:\/\/i0.wp.com\/tinnunculus.sy-sy.cz\/wp-content\/uploads\/2016\/05\/20160502_18-35-29-1.jpg?resize=525%2C420&#038;ssl=1\" alt=\"\" width=\"525\" height=\"420\" \/><\/p>\n<p>&nbsp;<\/p>\n<p>To druh\u00e9 je st\u011b\u017e\u00ed uv\u011b\u0159iteln\u00e9, proto\u017ee sami\u010dka k\u0159i\u010d\u00ed a&nbsp;k\u0159i\u010d\u00ed a&nbsp;k\u0159i\u010d\u00ed.<\/p>\n<div style=\"width: 525px;\" class=\"wp-video\"><video class=\"wp-video-shortcode\" id=\"video-325-1\" width=\"525\" height=\"295\" preload=\"metadata\" controls=\"controls\"><source type=\"video\/mp4\" src=\"https:\/\/tinnunculus.sy-sy.cz\/wp-content\/uploads\/2016\/05\/20160503-070045-1462251645.mp4?_=1\" \/><a href=\"https:\/\/tinnunculus.sy-sy.cz\/wp-content\/uploads\/2016\/05\/20160503-070045-1462251645.mp4\">https:\/\/tinnunculus.sy-sy.cz\/wp-content\/uploads\/2016\/05\/20160503-070045-1462251645.mp4<\/a><\/video><\/div>\n<p>V\u010dera ve\u010der se sna\u017eila same\u010dka vyk\u0159i\u010det nep\u0159etr\u017eit\u011b celou p\u016flhodinu od p\u016fl sedm\u00e9 do sedmi. Kdy\u017e se pak po&nbsp;p\u016flhodin\u011b vr\u00e1tila, trvalo to je\u0161t\u011b dobr\u00fdch deset minut ne\u017e se same\u010dek z&nbsp;vajec kone\u010dn\u011b zvedl.<\/p>\n<p>Ot\u00e1zka, kdo bude sed\u011bt na vejc\u00edch, je zkr\u00e1tka kl\u00ed\u010dov\u00e1.<\/p>\n<p><a href=\"https:\/\/i0.wp.com\/tinnunculus.sy-sy.cz\/wp-content\/uploads\/2016\/05\/20160502_06-49-16-e1706220912200.jpg?ssl=1\" target=\"_blank\" rel=\"noopener\"><img data-recalc-dims=\"1\" loading=\"lazy\" decoding=\"async\" data-attachment-id=\"30900\" data-permalink=\"https:\/\/tinnunculus.sy-sy.cz\/index.php\/2016\/05\/03\/emancipace\/20160502_06-49-16\/\" data-orig-file=\"https:\/\/i0.wp.com\/tinnunculus.sy-sy.cz\/wp-content\/uploads\/2016\/05\/20160502_06-49-16-e1706220912200.jpg?fit=1038%2C584&amp;ssl=1\" data-orig-size=\"1038,584\" data-comments-opened=\"1\" data-image-meta=\"{&quot;aperture&quot;:&quot;0&quot;,&quot;credit&quot;:&quot;&quot;,&quot;camera&quot;:&quot;&quot;,&quot;caption&quot;:&quot;&quot;,&quot;created_timestamp&quot;:&quot;0&quot;,&quot;copyright&quot;:&quot;&quot;,&quot;focal_length&quot;:&quot;0&quot;,&quot;iso&quot;:&quot;0&quot;,&quot;shutter_speed&quot;:&quot;0&quot;,&quot;title&quot;:&quot;&quot;,&quot;orientation&quot;:&quot;0&quot;}\" data-image-title=\"20160502_06-49-16\" data-image-description=\"\" data-image-caption=\"\" data-large-file=\"https:\/\/i0.wp.com\/tinnunculus.sy-sy.cz\/wp-content\/uploads\/2016\/05\/20160502_06-49-16-e1706220912200.jpg?fit=525%2C295&amp;ssl=1\" class=\"aligncenter wp-image-30900 size-large\" src=\"https:\/\/i0.wp.com\/tinnunculus.sy-sy.cz\/wp-content\/uploads\/2016\/05\/20160502_06-49-16.jpg?resize=525%2C295&#038;ssl=1\" alt=\"\" width=\"525\" height=\"295\" \/><\/a><\/p>\n<p>&nbsp;<\/p>\n<p>Souvisej\u00edc\u00ed p\u0159\u00edsp\u011bvky:<\/p>\n<ul>\n<li><a href=\"https:\/\/tinnunculus.sy-sy.cz\/index.php\/2015\/04\/19\/vejce-a-on\/\">Vejce a&nbsp;on <\/a><\/li>\n<\/ul>\n","protected":false},"excerpt":{"rendered":"<p>Kdy\u017e si \u010dtete o&nbsp;po\u0161tolk\u00e1ch, dozv\u00edte se jako jednu ze z\u00e1kladn\u00ed informac\u00ed, \u017ee same\u010dek ob\u010das st\u0159\u00edd\u00e1 sami\u010dku v&nbsp;sezen\u00ed na vejc\u00edch v&nbsp;dob\u011b, kdy se sami\u010dka \u017eiv\u00ed donesenou potravou. Dokonce se m\u016f\u017eete do\u010d\u00edst, \u017ee sed\u00ed na vejc\u00edch m\u00e9n\u011b pe\u010dliv\u011b. Po\u0161tol\u010d\u00ed povahy, stejn\u011b jako lidsk\u00e9 jsou ov\u0161em r\u016fzn\u00e9, a&nbsp;pokud bychom m\u011bli soudit podle same\u010dk\u016f, kte\u0159\u00ed se u&nbsp;n\u00e1s za deset &hellip; <\/p>\n<p class=\"link-more\"><a href=\"https:\/\/tinnunculus.sy-sy.cz\/index.php\/2016\/05\/03\/emancipace\/\" class=\"more-link\">Pokra\u010dovat ve \u010dten\u00ed<span class=\"screen-reader-text\"> &#8222;Emancipace&#8220;<\/span><\/a><\/p>\n","protected":false},"author":2,"featured_media":0,"comment_status":"closed","ping_status":"open","sticky":false,"template":"","format":"standard","meta":{"jetpack_post_was_ever_published":false,"_jetpack_newsletter_access":"","_jetpack_dont_email_post_to_subs":false,"_jetpack_newsletter_tier_id":0,"_jetpack_memberships_contains_paywalled_content":false,"_jetpack_memberships_contains_paid_content":false,"footnotes":""},"categories":[147,116,105,110,1596],"tags":[44,90,91,9,10,82],"class_list":["post-325","post","type-post","status-publish","format-standard","hentry","category-nase-postolky","category-nasi","category-postolka","category-postolka-obecna","category-postolky-z-nasi-lodzie","tag-ps_50","tag-ps_96","tag-ps_95","tag-ps_24","tag-ps_41","tag-ps_64"],"jetpack_featured_media_url":"","jetpack_shortlink":"https:\/\/wp.me\/p91gKE-5f","jetpack-related-posts":[{"id":7911,"url":"https:\/\/tinnunculus.sy-sy.cz\/index.php\/2019\/05\/14\/kazdy-chvilku\/","url_meta":{"origin":325,"position":0},"title":"Ka\u017ed\u00fd chvilku&#8230;","author":"Zuzana Syrov\u00e1 An\u00fd\u017eov\u00e1","date":"14\/05\/2019","format":false,"excerpt":"Aneb o tom, jak\u00e9 taktiky pou\u017e\u00edv\u00e1 \"n\u00e1\u0161\" po\u0161tol\u010d\u00ed same\u010dek, aby si mohl posed\u011bt na vejc\u00edch.","rel":"","context":"V \u201e\"Na\u0161e\" po\u0161tolky\u201c","block_context":{"text":"\"Na\u0161e\" po\u0161tolky","link":"https:\/\/tinnunculus.sy-sy.cz\/index.php\/category\/nasi\/nase-postolky\/"},"img":{"alt_text":"","src":"https:\/\/i0.wp.com\/tinnunculus.sy-sy.cz\/wp-content\/uploads\/2019\/05\/20190514_09-13-29u.jpg?resize=350%2C200&ssl=1","width":350,"height":200,"srcset":"https:\/\/i0.wp.com\/tinnunculus.sy-sy.cz\/wp-content\/uploads\/2019\/05\/20190514_09-13-29u.jpg?resize=350%2C200&ssl=1 1x, https:\/\/i0.wp.com\/tinnunculus.sy-sy.cz\/wp-content\/uploads\/2019\/05\/20190514_09-13-29u.jpg?resize=525%2C300&ssl=1 1.5x, https:\/\/i0.wp.com\/tinnunculus.sy-sy.cz\/wp-content\/uploads\/2019\/05\/20190514_09-13-29u.jpg?resize=700%2C400&ssl=1 2x"},"classes":[]},{"id":219,"url":"https:\/\/tinnunculus.sy-sy.cz\/index.php\/2015\/05\/18\/lihnuti\/","url_meta":{"origin":325,"position":1},"title":"L\u00edhnut\u00ed.","author":"Zuzana Syrov\u00e1 An\u00fd\u017eov\u00e1","date":"18\/05\/2015","format":false,"excerpt":"Prvn\u00ed leto\u0161n\u00ed po\u0161tol\u010de se vyl\u00edhlo 18. kv\u011btna r\u00e1no asi o den d\u0159\u00edve, ne\u017e jsme \u010dekali. Pod\u00edl na tomto p\u0159edstihu m\u00e1 z\u0159ejm\u011b jak sami\u010dka, kter\u00e1 za\u010dala sed\u011bt u\u017e mezi \u010dtvrt\u00fdm a p\u00e1t\u00fdm vejcem ze \u0161esti, tak same\u010dek, kter\u00fd se uk\u00e1zal b\u00fdti nesm\u00edrn\u011b sv\u011bdomit\u00fdm v sezen\u00ed. Vejce nebyla t\u00e9m\u011b\u0159 po celou dobu\u2026","rel":"","context":"V \u201e\"Na\u0161e\" po\u0161tolky\u201c","block_context":{"text":"\"Na\u0161e\" po\u0161tolky","link":"https:\/\/tinnunculus.sy-sy.cz\/index.php\/category\/nasi\/nase-postolky\/"},"img":{"alt_text":"","src":"https:\/\/i0.wp.com\/tinnunculus.sy-sy.cz\/wp-content\/uploads\/2015\/05\/20150518_11-16-32_cropped.jpg?resize=350%2C200&ssl=1","width":350,"height":200,"srcset":"https:\/\/i0.wp.com\/tinnunculus.sy-sy.cz\/wp-content\/uploads\/2015\/05\/20150518_11-16-32_cropped.jpg?resize=350%2C200&ssl=1 1x, https:\/\/i0.wp.com\/tinnunculus.sy-sy.cz\/wp-content\/uploads\/2015\/05\/20150518_11-16-32_cropped.jpg?resize=525%2C300&ssl=1 1.5x"},"classes":[]},{"id":202,"url":"https:\/\/tinnunculus.sy-sy.cz\/index.php\/2015\/04\/19\/vejce-a-on\/","url_meta":{"origin":325,"position":2},"title":"Vejce a&nbsp;on","author":"Zuzana Syrov\u00e1 An\u00fd\u017eov\u00e1","date":"19\/04\/2015","format":false,"excerpt":"Jak zn\u00e1mo z rom\u00e1nu Betty MacDonald s vejci to nemus\u00ed b\u00fdt v\u017edy jednoduch\u00e9. Kdy\u017e sami\u010dka letos snesla 13. dubna prvn\u00ed vejce, same\u010dek se s n\u00edm nejprve seznamoval tak, \u017ee ho, dalo by se \u0159\u00edci o\u0165uk\u00e1val. Ve skute\u010dnosti ov\u0161em do vejce nekloval, ale zkoumal ho ot\u00e1\u010den\u00edm a kotoulen\u00edm. Jeho prvn\u00ed setk\u00e1n\u00ed\u2026","rel":"","context":"V \u201e\"Na\u0161e\" po\u0161tolky\u201c","block_context":{"text":"\"Na\u0161e\" po\u0161tolky","link":"https:\/\/tinnunculus.sy-sy.cz\/index.php\/category\/nasi\/nase-postolky\/"},"img":{"alt_text":"","src":"https:\/\/i0.wp.com\/tinnunculus.sy-sy.cz\/wp-content\/uploads\/2015\/04\/20150414_07-36-40-1024x576.jpg?resize=350%2C200&ssl=1","width":350,"height":200,"srcset":"https:\/\/i0.wp.com\/tinnunculus.sy-sy.cz\/wp-content\/uploads\/2015\/04\/20150414_07-36-40-1024x576.jpg?resize=350%2C200&ssl=1 1x, https:\/\/i0.wp.com\/tinnunculus.sy-sy.cz\/wp-content\/uploads\/2015\/04\/20150414_07-36-40-1024x576.jpg?resize=525%2C300&ssl=1 1.5x"},"classes":[]},{"id":15824,"url":"https:\/\/tinnunculus.sy-sy.cz\/index.php\/2021\/05\/12\/sezeni-na-vejcich\/","url_meta":{"origin":325,"position":3},"title":"Sezen\u00ed na vejc\u00edch","author":"Zuzana Syrov\u00e1 An\u00fd\u017eov\u00e1","date":"12\/05\/2021","format":false,"excerpt":"Aneb o tom, jak se \"na\u0161\u00ed\" pan\u00ed po\u0161tolce a panu po\u0161tolkovi sed\u00ed na vejc\u00edch.","rel":"","context":"V \u201e\"Na\u0161e\" po\u0161tolky\u201c","block_context":{"text":"\"Na\u0161e\" po\u0161tolky","link":"https:\/\/tinnunculus.sy-sy.cz\/index.php\/category\/nasi\/nase-postolky\/"},"img":{"alt_text":"","src":"https:\/\/i0.wp.com\/tinnunculus.sy-sy.cz\/wp-content\/uploads\/2021\/05\/20210510-0819424453-e1620666732203.jpg?resize=350%2C200&ssl=1","width":350,"height":200,"srcset":"https:\/\/i0.wp.com\/tinnunculus.sy-sy.cz\/wp-content\/uploads\/2021\/05\/20210510-0819424453-e1620666732203.jpg?resize=350%2C200&ssl=1 1x, https:\/\/i0.wp.com\/tinnunculus.sy-sy.cz\/wp-content\/uploads\/2021\/05\/20210510-0819424453-e1620666732203.jpg?resize=525%2C300&ssl=1 1.5x, https:\/\/i0.wp.com\/tinnunculus.sy-sy.cz\/wp-content\/uploads\/2021\/05\/20210510-0819424453-e1620666732203.jpg?resize=700%2C400&ssl=1 2x"},"classes":[]},{"id":12325,"url":"https:\/\/tinnunculus.sy-sy.cz\/index.php\/2020\/04\/28\/vejce-nocni\/","url_meta":{"origin":325,"position":4},"title":"Vejce no\u010dn\u00ed","author":"Zuzana Syrov\u00e1 An\u00fd\u017eov\u00e1","date":"28\/04\/2020","format":false,"excerpt":"Aneb o tom, jak \"na\u0161e\" po\u0161tolka snesla dal\u0161\u00ed, v po\u0159ad\u00ed t\u0159et\u00ed leto\u0161n\u00ed vejce.","rel":"","context":"V \u201e\"Na\u0161e\" po\u0161tolky\u201c","block_context":{"text":"\"Na\u0161e\" po\u0161tolky","link":"https:\/\/tinnunculus.sy-sy.cz\/index.php\/category\/nasi\/nase-postolky\/"},"img":{"alt_text":"","src":"https:\/\/i0.wp.com\/tinnunculus.sy-sy.cz\/wp-content\/uploads\/2020\/04\/20200428_07-42-34uprav.jpg?resize=350%2C200&ssl=1","width":350,"height":200,"srcset":"https:\/\/i0.wp.com\/tinnunculus.sy-sy.cz\/wp-content\/uploads\/2020\/04\/20200428_07-42-34uprav.jpg?resize=350%2C200&ssl=1 1x, https:\/\/i0.wp.com\/tinnunculus.sy-sy.cz\/wp-content\/uploads\/2020\/04\/20200428_07-42-34uprav.jpg?resize=525%2C300&ssl=1 1.5x, https:\/\/i0.wp.com\/tinnunculus.sy-sy.cz\/wp-content\/uploads\/2020\/04\/20200428_07-42-34uprav.jpg?resize=700%2C400&ssl=1 2x"},"classes":[]},{"id":5401,"url":"https:\/\/tinnunculus.sy-sy.cz\/index.php\/2018\/06\/13\/uz-jen-ctyri-vejce\/","url_meta":{"origin":325,"position":5},"title":"U\u017e jen \u010dty\u0159i vejce","author":"Zuzana Syrov\u00e1 An\u00fd\u017eov\u00e1","date":"13\/06\/2018","format":false,"excerpt":"Ano, vejce jsou ji\u017e jen \u010dty\u0159i a mo\u017en\u00e1, \u017ee v dob\u011b kdy toto p\u00ed\u0161eme, jsou u\u017e jen t\u0159i. Dnes r\u00e1no se toti\u017e vyl\u00edhlo prvn\u00ed po\u0161tol\u010de. Sami\u010dka u\u017e se s vejci n\u011bjak\u00fd ten den p\u0159edt\u00edm bavila kvok\u00e1n\u00edm. Dnes hned za rozedn\u011bn\u00ed bylo vid\u011bt, \u017ee se na vejc\u00edch v\u00edce vrt\u00ed.\u00a0 A kdy\u017e\u2026","rel":"","context":"V \u201e\"Na\u0161e\" po\u0161tolky\u201c","block_context":{"text":"\"Na\u0161e\" po\u0161tolky","link":"https:\/\/tinnunculus.sy-sy.cz\/index.php\/category\/nasi\/nase-postolky\/"},"img":{"alt_text":"","src":"https:\/\/i0.wp.com\/tinnunculus.sy-sy.cz\/wp-content\/uploads\/2018\/06\/20180613-0715006917u.jpg?resize=350%2C200&ssl=1","width":350,"height":200,"srcset":"https:\/\/i0.wp.com\/tinnunculus.sy-sy.cz\/wp-content\/uploads\/2018\/06\/20180613-0715006917u.jpg?resize=350%2C200&ssl=1 1x, https:\/\/i0.wp.com\/tinnunculus.sy-sy.cz\/wp-content\/uploads\/2018\/06\/20180613-0715006917u.jpg?resize=525%2C300&ssl=1 1.5x, https:\/\/i0.wp.com\/tinnunculus.sy-sy.cz\/wp-content\/uploads\/2018\/06\/20180613-0715006917u.jpg?resize=700%2C400&ssl=1 2x"},"classes":[]}],"jetpack_sharing_enabled":true,"_links":{"self":[{"href":"https:\/\/tinnunculus.sy-sy.cz\/index.php\/wp-json\/wp\/v2\/posts\/325","targetHints":{"allow":["GET"]}}],"collection":[{"href":"https:\/\/tinnunculus.sy-sy.cz\/index.php\/wp-json\/wp\/v2\/posts"}],"about":[{"href":"https:\/\/tinnunculus.sy-sy.cz\/index.php\/wp-json\/wp\/v2\/types\/post"}],"author":[{"embeddable":true,"href":"https:\/\/tinnunculus.sy-sy.cz\/index.php\/wp-json\/wp\/v2\/users\/2"}],"replies":[{"embeddable":true,"href":"https:\/\/tinnunculus.sy-sy.cz\/index.php\/wp-json\/wp\/v2\/comments?post=325"}],"version-history":[{"count":3,"href":"https:\/\/tinnunculus.sy-sy.cz\/index.php\/wp-json\/wp\/v2\/posts\/325\/revisions"}],"predecessor-version":[{"id":33159,"href":"https:\/\/tinnunculus.sy-sy.cz\/index.php\/wp-json\/wp\/v2\/posts\/325\/revisions\/33159"}],"wp:attachment":[{"href":"https:\/\/tinnunculus.sy-sy.cz\/index.php\/wp-json\/wp\/v2\/media?parent=325"}],"wp:term":[{"taxonomy":"category","embeddable":true,"href":"https:\/\/tinnunculus.sy-sy.cz\/index.php\/wp-json\/wp\/v2\/categories?post=325"},{"taxonomy":"post_tag","embeddable":true,"href":"https:\/\/tinnunculus.sy-sy.cz\/index.php\/wp-json\/wp\/v2\/tags?post=325"}],"curies":[{"name":"wp","href":"https:\/\/api.w.org\/{rel}","templated":true}]}}