{"id":317,"date":"2016-04-23T19:37:15","date_gmt":"2016-04-23T17:37:15","guid":{"rendered":"http:\/\/tinnunculus.sy-sy.cz\/index.php\/2016\/04\/23\/kvetiny-a-kvetinace\/"},"modified":"2026-03-21T08:35:57","modified_gmt":"2026-03-21T07:35:57","slug":"kvetiny-a-kvetinace","status":"publish","type":"post","link":"https:\/\/tinnunculus.sy-sy.cz\/index.php\/2016\/04\/23\/kvetiny-a-kvetinace\/","title":{"rendered":"Kv\u011btiny a&nbsp;kv\u011btin\u00e1\u010de"},"content":{"rendered":"<p>Kdy\u017e za\u010dne po\u0161tolka \u0159\u00e1dn\u011b sed\u011bt na vejc\u00edch, je pot\u0159eba v\u017edy prov\u00e9st posledn\u00ed \u00fapravy nezbytn\u00e9 pro to, abychom ji ani same\u010dka p\u0159\u00edli\u0161 neru\u0161ili chozen\u00edm do lod\u017eie. A&nbsp;tak jsme dnes p\u0159em\u00edstili dva jarn\u00ed kv\u011btin\u00e1\u010de ze sk\u0159\u00ed\u0148ky, kde o&nbsp;velikonoc\u00edch nahradily v\u00e1no\u010dn\u00ed strome\u010dek, dol\u016f t\u011bsn\u011b p\u0159ede dve\u0159e, kde je bude mo\u017eno z&nbsp;pootev\u0159en\u00fdch dve\u0159\u00ed snadno zal\u00e9vat. Ostatn\u00ed rostliny v&nbsp;lod\u017eii u\u017e vzaly za sv\u00e9 v&nbsp;letech minul\u00fdch a&nbsp;slou\u017e\u00ed ji\u017e jen jako bid\u00fdlka pro po\u0161tol\u010data tr\u00e9nuj\u00edc\u00ed um\u011bn\u00ed letu a&nbsp;p\u0159ist\u00e1n\u00ed.<\/p>\n<p><a href=\"https:\/\/i0.wp.com\/tinnunculus.sy-sy.cz\/wp-content\/uploads\/2016\/04\/20160423-1914204775-e1706293296596.jpg?ssl=1\" target=\"_blank\" rel=\"noopener\"><img data-recalc-dims=\"1\" loading=\"lazy\" decoding=\"async\" data-attachment-id=\"30930\" data-permalink=\"https:\/\/tinnunculus.sy-sy.cz\/index.php\/2016\/04\/23\/kvetiny-a-kvetinace\/20160423-1914204775\/\" data-orig-file=\"https:\/\/i0.wp.com\/tinnunculus.sy-sy.cz\/wp-content\/uploads\/2016\/04\/20160423-1914204775-e1706293296596.jpg?fit=1038%2C830&amp;ssl=1\" data-orig-size=\"1038,830\" data-comments-opened=\"1\" data-image-meta=\"{&quot;aperture&quot;:&quot;0&quot;,&quot;credit&quot;:&quot;&quot;,&quot;camera&quot;:&quot;&quot;,&quot;caption&quot;:&quot;&quot;,&quot;created_timestamp&quot;:&quot;0&quot;,&quot;copyright&quot;:&quot;&quot;,&quot;focal_length&quot;:&quot;0&quot;,&quot;iso&quot;:&quot;0&quot;,&quot;shutter_speed&quot;:&quot;0&quot;,&quot;title&quot;:&quot;&quot;,&quot;orientation&quot;:&quot;0&quot;}\" data-image-title=\"20160423-1914204775\" data-image-description=\"\" data-image-caption=\"\" data-large-file=\"https:\/\/i0.wp.com\/tinnunculus.sy-sy.cz\/wp-content\/uploads\/2016\/04\/20160423-1914204775-e1706293296596.jpg?fit=525%2C420&amp;ssl=1\" class=\"aligncenter wp-image-30930 size-large\" src=\"https:\/\/i0.wp.com\/tinnunculus.sy-sy.cz\/wp-content\/uploads\/2016\/04\/20160423-1914204775.jpg?resize=525%2C420&#038;ssl=1\" alt=\"\" width=\"525\" height=\"420\" \/><\/a><\/p>\n<p style=\"text-align: center;\"><em>Same\u010dek vyhl\u00ed\u017e\u00ed, co se d\u011bje u&nbsp;dve\u0159\u00ed<\/em><!--more--><\/p>\n<p><a href=\"https:\/\/i0.wp.com\/tinnunculus.sy-sy.cz\/wp-content\/uploads\/2016\/04\/20160423-1912082288_col-e1706293487344.jpg?ssl=1\" target=\"_blank\" rel=\"noopener\"><img data-recalc-dims=\"1\" loading=\"lazy\" decoding=\"async\" data-attachment-id=\"30931\" data-permalink=\"https:\/\/tinnunculus.sy-sy.cz\/index.php\/2016\/04\/23\/kvetiny-a-kvetinace\/20160423-1912082288_col\/\" data-orig-file=\"https:\/\/i0.wp.com\/tinnunculus.sy-sy.cz\/wp-content\/uploads\/2016\/04\/20160423-1912082288_col-e1706293487344.jpg?fit=1038%2C649&amp;ssl=1\" data-orig-size=\"1038,649\" data-comments-opened=\"1\" data-image-meta=\"{&quot;aperture&quot;:&quot;0&quot;,&quot;credit&quot;:&quot;&quot;,&quot;camera&quot;:&quot;&quot;,&quot;caption&quot;:&quot;&quot;,&quot;created_timestamp&quot;:&quot;0&quot;,&quot;copyright&quot;:&quot;&quot;,&quot;focal_length&quot;:&quot;0&quot;,&quot;iso&quot;:&quot;0&quot;,&quot;shutter_speed&quot;:&quot;0&quot;,&quot;title&quot;:&quot;&quot;,&quot;orientation&quot;:&quot;0&quot;}\" data-image-title=\"20160423-1912082288_col\" data-image-description=\"\" data-image-caption=\"\" data-large-file=\"https:\/\/i0.wp.com\/tinnunculus.sy-sy.cz\/wp-content\/uploads\/2016\/04\/20160423-1912082288_col-e1706293487344.jpg?fit=525%2C328&amp;ssl=1\" class=\"aligncenter wp-image-30931 size-large\" src=\"https:\/\/i0.wp.com\/tinnunculus.sy-sy.cz\/wp-content\/uploads\/2016\/04\/20160423-1912082288_col.jpg?resize=525%2C328&#038;ssl=1\" alt=\"\" width=\"525\" height=\"328\" \/><\/a><\/p>\n<p style=\"text-align: center;\"><em>Zat\u00edmco se poloha kv\u011btin\u00e1\u010d\u016f je\u0161t\u011b dola\u010fuje, same\u010dek rychle miz\u00ed pod z\u00e1bradl\u00edm.<\/em><\/p>\n<p>Okam\u017eik pro transfer se hledal obt\u00ed\u017en\u011b. Sami\u010dka odl\u00e9t\u00e1 pouze, kdy\u017e je v&nbsp;dohledu same\u010dek s&nbsp;proviantem, a&nbsp;same\u010dek ji vzorn\u011b st\u0159\u00edd\u00e1. Tak se stalo, \u017ee navr\u00e1tiv\u0161\u00ed se same\u010dek nevydr\u017eel psychicky kv\u011btin\u00e1\u010dov\u00e9 man\u00e9vry a&nbsp;ulet\u011bl. Sami\u010dka se nicm\u00e9n\u011b vz\u00e1p\u011bt\u00ed vr\u00e1tila a&nbsp;u\u017e zase sed\u00ed na vejc\u00edch, kter\u00fdch je (zat\u00edm?) p\u011bt.<\/p>\n","protected":false},"excerpt":{"rendered":"<p>Kdy\u017e za\u010dne po\u0161tolka \u0159\u00e1dn\u011b sed\u011bt na vejc\u00edch, je pot\u0159eba v\u017edy prov\u00e9st posledn\u00ed \u00fapravy nezbytn\u00e9 pro to, abychom ji ani same\u010dka p\u0159\u00edli\u0161 neru\u0161ili chozen\u00edm do lod\u017eie. A&nbsp;tak jsme dnes p\u0159em\u00edstili dva jarn\u00ed kv\u011btin\u00e1\u010de ze sk\u0159\u00ed\u0148ky, kde o&nbsp;velikonoc\u00edch nahradily v\u00e1no\u010dn\u00ed strome\u010dek, dol\u016f t\u011bsn\u011b p\u0159ede dve\u0159e, kde je bude mo\u017eno z&nbsp;pootev\u0159en\u00fdch dve\u0159\u00ed snadno zal\u00e9vat. Ostatn\u00ed rostliny v&nbsp;lod\u017eii u\u017e &hellip; <\/p>\n<p class=\"link-more\"><a href=\"https:\/\/tinnunculus.sy-sy.cz\/index.php\/2016\/04\/23\/kvetiny-a-kvetinace\/\" class=\"more-link\">Pokra\u010dovat ve \u010dten\u00ed<span class=\"screen-reader-text\"> &#8222;Kv\u011btiny a&nbsp;kv\u011btin\u00e1\u010de&#8220;<\/span><\/a><\/p>\n","protected":false},"author":2,"featured_media":0,"comment_status":"closed","ping_status":"open","sticky":false,"template":"","format":"standard","meta":{"jetpack_post_was_ever_published":false,"_jetpack_newsletter_access":"","_jetpack_dont_email_post_to_subs":false,"_jetpack_newsletter_tier_id":0,"_jetpack_memberships_contains_paywalled_content":false,"_jetpack_memberships_contains_paid_content":false,"footnotes":""},"categories":[147,116,105,110,1596],"tags":[43,90,91],"class_list":["post-317","post","type-post","status-publish","format-standard","hentry","category-nase-postolky","category-nasi","category-postolka","category-postolka-obecna","category-postolky-z-nasi-lodzie","tag-ps_22","tag-ps_96","tag-ps_95"],"jetpack_featured_media_url":"","jetpack_shortlink":"https:\/\/wp.me\/p91gKE-57","jetpack-related-posts":[{"id":162,"url":"https:\/\/tinnunculus.sy-sy.cz\/index.php\/2014\/11\/09\/o-kamerach-jak-je-vidite-a-nevidite-prostor-prede-dvermi-drive\/","url_meta":{"origin":317,"position":0},"title":"O kamer\u00e1ch, jak je vid\u00edte a&nbsp;nevid\u00edte: Prostor p\u0159ede dve\u0159mi (d\u0159\u00edve).","author":"Zuzana Syrov\u00e1 An\u00fd\u017eov\u00e1","date":"09\/11\/2014","format":false,"excerpt":"Prostor p\u0159ede dve\u0159mi sleduj\u00ed na \u00farovni podlahy dv\u011b kamery. Jedna obr\u00e1cen\u00e1 do kouta pod bid\u00fdlky, druh\u00e1 do prostoru lod\u017eie. Vz\u00e1jemn\u011b na sebe z\u00edraj\u00ed a za tmy sv\u00edt\u00ed zelen\u00fdmi sv\u011bt\u00fdlky kontrolek. Ta prvn\u00ed, star\u0161\u00ed (AXIS 211M), je p\u0159ipevn\u011bna podobn\u011b jako kamera p\u0159ed hn\u00edzdem sed\u00e1k pod stoli\u010dky.\u00a0 P\u016fvodn\u011b sn\u00edmala prostor p\u0159ed hn\u00edzdem\u2026","rel":"","context":"V \u201e(Web)kamery\u201c","block_context":{"text":"(Web)kamery","link":"https:\/\/tinnunculus.sy-sy.cz\/index.php\/category\/zivy-prenos\/kamery\/"},"img":{"alt_text":"","src":"https:\/\/i0.wp.com\/tinnunculus.sy-sy.cz\/wp-content\/uploads\/2014\/11\/P1200298-300x225.jpg?resize=350%2C200&ssl=1","width":350,"height":200},"classes":[]},{"id":165,"url":"https:\/\/tinnunculus.sy-sy.cz\/index.php\/2014\/11\/09\/o-kamerach-jak-je-vidite-a-nevidite-bidylka-u-dveri\/","url_meta":{"origin":317,"position":1},"title":"O kamer\u00e1ch, jak je vid\u00edte a&nbsp;nevid\u00edte: Bid\u00fdlka u&nbsp;dve\u0159\u00ed.","author":"Zuzana Syrov\u00e1 An\u00fd\u017eov\u00e1","date":"09\/11\/2014","format":false,"excerpt":"Druh\u00e1 kamera sleduj\u00edc\u00ed d\u011bn\u00ed v na\u0161\u00ed po\u0161tol\u010d\u00ed lod\u017eii v \u00farovni z\u00e1bradl\u00ed a bid\u00fdlek, (AXIS 211M), je um\u00edst\u011bna na r\u00e1mu dve\u0159\u00ed. M\u00ed\u0159\u00ed na d\u0159ev\u011bn\u00e1 bid\u00fdlka na bo\u010dn\u00ed st\u011bn\u011b lod\u017eie u dve\u0159\u00ed. P\u016fvodn\u011b zab\u00edrala pouze detail bid\u00fdlek, nyn\u00ed sn\u00edm\u00e1 i z\u00e1bradl\u00ed a police v kout\u011b, kryt\u00e9 prknem a pro zv\u00fd\u0161en\u00ed komfortu po\u0161tol\u010d\u00ed\u2026","rel":"","context":"V \u201e(Web)kamery\u201c","block_context":{"text":"(Web)kamery","link":"https:\/\/tinnunculus.sy-sy.cz\/index.php\/category\/zivy-prenos\/kamery\/"},"img":{"alt_text":"","src":"https:\/\/i0.wp.com\/tinnunculus.sy-sy.cz\/wp-content\/uploads\/2014\/11\/P1200310-300x225.jpg?resize=350%2C200&ssl=1","width":350,"height":200},"classes":[]},{"id":247,"url":"https:\/\/tinnunculus.sy-sy.cz\/index.php\/2015\/08\/15\/z-letni-lodzie\/","url_meta":{"origin":317,"position":2},"title":"Z letn\u00ed lod\u017eie","author":"Zuzana Syrov\u00e1 An\u00fd\u017eov\u00e1","date":"15\/08\/2015","format":false,"excerpt":"N\u011bjak\u00e9 hork\u00e9 novinky ne\u010dekejte, i kdy\u017e beton i kovov\u00e9 z\u00e1bradl\u00ed na\u0161\u00ed lod\u017eie jsou rozp\u00e1len\u00e9. Po zmizen\u00ed po\u0161tol\u010dat, letos, asi d\u00edky tvrd\u0161\u00edmu odchovu ze strany rodi\u010d\u016f, neobvykle \u010dasn\u00e9m, zela lod\u017eie po n\u011bkolik dn\u00ed tak\u0159ka pr\u00e1zdnotou. Ale pak se objevil dal\u0161\u00ed, pln\u011b vybarven\u00fd same\u010dek, a chv\u00edli nebylo jasn\u00e9, kdo vlastn\u011b lod\u017eii opanuje.\u2026","rel":"","context":"V \u201e\"Na\u0161e\" po\u0161tolky\u201c","block_context":{"text":"\"Na\u0161e\" po\u0161tolky","link":"https:\/\/tinnunculus.sy-sy.cz\/index.php\/category\/nasi\/nase-postolky\/"},"img":{"alt_text":"","src":"https:\/\/i0.wp.com\/tinnunculus.sy-sy.cz\/wp-content\/uploads\/2015\/08\/20150815-0659241170-1024x819.jpg?resize=350%2C200&ssl=1","width":350,"height":200,"srcset":"https:\/\/i0.wp.com\/tinnunculus.sy-sy.cz\/wp-content\/uploads\/2015\/08\/20150815-0659241170-1024x819.jpg?resize=350%2C200&ssl=1 1x, https:\/\/i0.wp.com\/tinnunculus.sy-sy.cz\/wp-content\/uploads\/2015\/08\/20150815-0659241170-1024x819.jpg?resize=525%2C300&ssl=1 1.5x"},"classes":[]},{"id":222,"url":"https:\/\/tinnunculus.sy-sy.cz\/index.php\/2015\/05\/20\/den-navstevni\/","url_meta":{"origin":317,"position":3},"title":"Den n\u00e1v\u0161t\u011bvn\u00ed","author":"Zuzana Syrov\u00e1 An\u00fd\u017eov\u00e1","date":"20\/05\/2015","format":false,"excerpt":"V\u010dera a p\u0159edev\u010d\u00edrem se vyl\u00edhlo ze 6 vajec, kter\u00e9 po\u0161tolka nakladla od 13. do 24. dubna, 5 po\u0161tol\u010dat. \u0160est\u00e9 vejce nyn\u00ed v podve\u010der je je\u0161t\u011b st\u00e1le vejcem a slou\u017e\u00ed po\u0161tol\u010dat\u016fm jako podlo\u017eka pod klimbaj\u00edc\u00ed hlavi\u010dky. Po\u0161tol\u010data je ov\u0161em vid\u011bt jen p\u0159i krmen\u00ed nebo kdy\u017e p\u0159ed n\u00edm moc zlob\u00ed a vystrkuj\u00ed\u2026","rel":"","context":"V \u201e\"Na\u0161e\" po\u0161tolky\u201c","block_context":{"text":"\"Na\u0161e\" po\u0161tolky","link":"https:\/\/tinnunculus.sy-sy.cz\/index.php\/category\/nasi\/nase-postolky\/"},"img":{"alt_text":"","src":"https:\/\/i0.wp.com\/tinnunculus.sy-sy.cz\/wp-content\/uploads\/2015\/05\/20150520-1346397552-1024x819.jpg?resize=350%2C200&ssl=1","width":350,"height":200,"srcset":"https:\/\/i0.wp.com\/tinnunculus.sy-sy.cz\/wp-content\/uploads\/2015\/05\/20150520-1346397552-1024x819.jpg?resize=350%2C200&ssl=1 1x, https:\/\/i0.wp.com\/tinnunculus.sy-sy.cz\/wp-content\/uploads\/2015\/05\/20150520-1346397552-1024x819.jpg?resize=525%2C300&ssl=1 1.5x"},"classes":[]},{"id":233,"url":"https:\/\/tinnunculus.sy-sy.cz\/index.php\/2015\/06\/23\/navstevnik\/","url_meta":{"origin":317,"position":4},"title":"N\u00e1v\u0161t\u011bvn\u00edk","author":"Zuzana Syrov\u00e1 An\u00fd\u017eov\u00e1","date":"23\/06\/2015","format":false,"excerpt":"Kde se vzalo, tu se vzalo... Dnes r\u00e1no je op\u011bt v lod\u017eii \u0161est po\u0161tol\u010dat. \u0160est\u00e9, p\u0159ibli\u017en\u011b stejn\u00e9ho v\u011bku jako dom\u00e1c\u00ed, p\u0159il\u00e9tlo p\u0159ed osmou hodinou, kdy ho do lod\u017eie z\u0159ejm\u011b p\u0159il\u00e1kal ruch spojen\u00fd s p\u0159\u00edletem same\u010dka, kter\u00fd donesl po\u0161tol\u010dat\u016fm hrabo\u0161e. Ciz\u00ed po\u0161tol\u010data se takto objevuj\u00ed z\u0159ejm\u011b ka\u017ed\u00fd rok, ale ne v\u017edy\u2026","rel":"","context":"V \u201e\"Na\u0161e\" po\u0161tolky\u201c","block_context":{"text":"\"Na\u0161e\" po\u0161tolky","link":"https:\/\/tinnunculus.sy-sy.cz\/index.php\/category\/nasi\/nase-postolky\/"},"img":{"alt_text":"","src":"https:\/\/i0.wp.com\/tinnunculus.sy-sy.cz\/wp-content\/uploads\/2015\/06\/20150623_07-50-07-1-1024x640.jpg?resize=350%2C200&ssl=1","width":350,"height":200,"srcset":"https:\/\/i0.wp.com\/tinnunculus.sy-sy.cz\/wp-content\/uploads\/2015\/06\/20150623_07-50-07-1-1024x640.jpg?resize=350%2C200&ssl=1 1x, https:\/\/i0.wp.com\/tinnunculus.sy-sy.cz\/wp-content\/uploads\/2015\/06\/20150623_07-50-07-1-1024x640.jpg?resize=525%2C300&ssl=1 1.5x"},"classes":[]},{"id":7883,"url":"https:\/\/tinnunculus.sy-sy.cz\/index.php\/2019\/05\/12\/jak-jsme-zachranovali-vanocni-stromecky\/","url_meta":{"origin":317,"position":5},"title":"Jak jsme zachra\u0148ovali v\u00e1no\u010dn\u00ed strome\u010dky","author":"Zuzana Syrov\u00e1 An\u00fd\u017eov\u00e1","date":"12\/05\/2019","format":false,"excerpt":"Aneb o tom, jak jsme po zral\u00e9 \u00favaze p\u0159ipravili \"na\u0161i\" po\u0161tolku o jej\u00ed obl\u00edbenou spi\u017en\u00ed skr\u00fd\u0161.","rel":"","context":"V \u201e\"Na\u0161e\" po\u0161tolky\u201c","block_context":{"text":"\"Na\u0161e\" po\u0161tolky","link":"https:\/\/tinnunculus.sy-sy.cz\/index.php\/category\/nasi\/nase-postolky\/"},"img":{"alt_text":"","src":"https:\/\/i0.wp.com\/tinnunculus.sy-sy.cz\/wp-content\/uploads\/2019\/05\/20190512-1540319973u.jpg?resize=350%2C200&ssl=1","width":350,"height":200,"srcset":"https:\/\/i0.wp.com\/tinnunculus.sy-sy.cz\/wp-content\/uploads\/2019\/05\/20190512-1540319973u.jpg?resize=350%2C200&ssl=1 1x, https:\/\/i0.wp.com\/tinnunculus.sy-sy.cz\/wp-content\/uploads\/2019\/05\/20190512-1540319973u.jpg?resize=525%2C300&ssl=1 1.5x, https:\/\/i0.wp.com\/tinnunculus.sy-sy.cz\/wp-content\/uploads\/2019\/05\/20190512-1540319973u.jpg?resize=700%2C400&ssl=1 2x"},"classes":[]}],"jetpack_sharing_enabled":true,"_links":{"self":[{"href":"https:\/\/tinnunculus.sy-sy.cz\/index.php\/wp-json\/wp\/v2\/posts\/317","targetHints":{"allow":["GET"]}}],"collection":[{"href":"https:\/\/tinnunculus.sy-sy.cz\/index.php\/wp-json\/wp\/v2\/posts"}],"about":[{"href":"https:\/\/tinnunculus.sy-sy.cz\/index.php\/wp-json\/wp\/v2\/types\/post"}],"author":[{"embeddable":true,"href":"https:\/\/tinnunculus.sy-sy.cz\/index.php\/wp-json\/wp\/v2\/users\/2"}],"replies":[{"embeddable":true,"href":"https:\/\/tinnunculus.sy-sy.cz\/index.php\/wp-json\/wp\/v2\/comments?post=317"}],"version-history":[{"count":3,"href":"https:\/\/tinnunculus.sy-sy.cz\/index.php\/wp-json\/wp\/v2\/posts\/317\/revisions"}],"predecessor-version":[{"id":34758,"href":"https:\/\/tinnunculus.sy-sy.cz\/index.php\/wp-json\/wp\/v2\/posts\/317\/revisions\/34758"}],"wp:attachment":[{"href":"https:\/\/tinnunculus.sy-sy.cz\/index.php\/wp-json\/wp\/v2\/media?parent=317"}],"wp:term":[{"taxonomy":"category","embeddable":true,"href":"https:\/\/tinnunculus.sy-sy.cz\/index.php\/wp-json\/wp\/v2\/categories?post=317"},{"taxonomy":"post_tag","embeddable":true,"href":"https:\/\/tinnunculus.sy-sy.cz\/index.php\/wp-json\/wp\/v2\/tags?post=317"}],"curies":[{"name":"wp","href":"https:\/\/api.w.org\/{rel}","templated":true}]}}