{"id":316,"date":"2016-04-22T20:54:55","date_gmt":"2016-04-22T18:54:55","guid":{"rendered":"http:\/\/tinnunculus.sy-sy.cz\/index.php\/2016\/04\/22\/nejen-sezeni-zacina\/"},"modified":"2026-04-22T17:04:25","modified_gmt":"2026-04-22T15:04:25","slug":"nejen-sezeni-zacina","status":"publish","type":"post","link":"https:\/\/tinnunculus.sy-sy.cz\/index.php\/2016\/04\/22\/nejen-sezeni-zacina\/","title":{"rendered":"(Nejen) sezen\u00ed za\u010d\u00edn\u00e1"},"content":{"rendered":"<p>Sn\u016f\u0161ka pokra\u010duje v&nbsp;pravideln\u00e9m rytmu jednoho vejce za 49 hodin a\u00a0n\u011bco minut. Prozat\u00edm posledn\u00ed bylo sneseno v&nbsp;noci ze v\u010derej\u0161ka na dne\u0161ek ji\u017e za tmy. P\u0159ipsali jsme ho ve statistick\u00fdch \u00fadaj\u00edch ke v\u010derej\u0161ku, ale nen\u00ed pochopiteln\u011b jist\u00e9, zda se interval mezi snesen\u00edm posledn\u00edch dvou vajec neprot\u00e1hl. Ka\u017edop\u00e1dn\u011b se u\u017e r\u00e1no t\u011bsn\u011b po&nbsp;p\u016fl sedm\u00e9, kdy se sami\u010dka se same\u010dkem st\u0159\u00eddali v&nbsp;sezen\u00ed, objevilo p\u0159ed objektivem kamery sn\u00edmaj\u00edc\u00ed shora d\u011bn\u00ed na hn\u00edzd\u011b.<!--more--> Zda p\u0159ibude je\u0161t\u011b vejce dal\u0161\u00ed se uk\u00e1\u017ee z\u0159ejm\u011b nejd\u0159\u00edve v&nbsp;ned\u011bli r\u00e1no. Sami\u010dka za\u010d\u00edn\u00e1 sed\u011bt obvykle na vejci p\u0159edposledn\u00edm. Letos podobn\u011b jako loni za\u010dala sed\u011bt &#8222;napevno&#8220; den p\u0159ed snesen\u00edm p\u00e1t\u00e9ho vejce, tedy ve st\u0159edu 22.&nbsp;dubna, kdy u\u017e ji tak\u00e9 same\u010dek pravideln\u011b st\u0159\u00eddal, a&nbsp;tak\u00e9 v&nbsp;noci ze st\u0159edy na \u010dtvrtek u\u017e p\u0159espala na hn\u00edzd\u011b. My lid\u00e9 pochopiteln\u011b nepozn\u00e1me, kdy doopravdy za\u010dne vejce h\u0159\u00e1t a&nbsp;spust\u00ed tak v\u00fdvoj z\u00e1rodk\u016f. Ale douf\u00e1me, \u017ee stejn\u011b jako sami\u010dky v&nbsp;letech minul\u00fdch v\u00ed, co d\u011bl\u00e1.<\/p>\n<p><a href=\"https:\/\/i0.wp.com\/tinnunculus.sy-sy.cz\/wp-content\/uploads\/2016\/04\/20160422_13-15-55-e1706293792346.jpg?ssl=1\" target=\"_blank\" rel=\"noopener\"><img data-recalc-dims=\"1\" loading=\"lazy\" decoding=\"async\" data-attachment-id=\"30933\" data-permalink=\"https:\/\/tinnunculus.sy-sy.cz\/index.php\/2016\/04\/22\/nejen-sezeni-zacina\/20160422_13-15-55\/\" data-orig-file=\"https:\/\/i0.wp.com\/tinnunculus.sy-sy.cz\/wp-content\/uploads\/2016\/04\/20160422_13-15-55-e1706293792346.jpg?fit=1038%2C830&amp;ssl=1\" data-orig-size=\"1038,830\" data-comments-opened=\"1\" data-image-meta=\"{&quot;aperture&quot;:&quot;0&quot;,&quot;credit&quot;:&quot;&quot;,&quot;camera&quot;:&quot;&quot;,&quot;caption&quot;:&quot;&quot;,&quot;created_timestamp&quot;:&quot;0&quot;,&quot;copyright&quot;:&quot;&quot;,&quot;focal_length&quot;:&quot;0&quot;,&quot;iso&quot;:&quot;0&quot;,&quot;shutter_speed&quot;:&quot;0&quot;,&quot;title&quot;:&quot;&quot;,&quot;orientation&quot;:&quot;0&quot;}\" data-image-title=\"20160422_13-15-55\" data-image-description=\"\" data-image-caption=\"\" data-large-file=\"https:\/\/i0.wp.com\/tinnunculus.sy-sy.cz\/wp-content\/uploads\/2016\/04\/20160422_13-15-55-e1706293792346.jpg?fit=525%2C420&amp;ssl=1\" class=\"aligncenter wp-image-30933 size-large\" src=\"https:\/\/i0.wp.com\/tinnunculus.sy-sy.cz\/wp-content\/uploads\/2016\/04\/20160422_13-15-55.jpg?resize=525%2C420&#038;ssl=1\" alt=\"\" width=\"525\" height=\"420\" \/><\/a><\/p>\n<p style=\"text-align: center;\" align=\"center\"><em>Sami\u010dka st\u0159\u00edd\u00e1 same\u010dka v&nbsp;sezen\u00ed na vejc\u00edch (2016\/04\/22)<\/em><\/p>\n<p align=\"center\"><a href=\"https:\/\/i0.wp.com\/tinnunculus.sy-sy.cz\/wp-content\/uploads\/2016\/04\/20160422_13-14-43-e1706293964589.jpg?ssl=1\" target=\"_blank\" rel=\"noopener\"><img data-recalc-dims=\"1\" loading=\"lazy\" decoding=\"async\" data-attachment-id=\"30935\" data-permalink=\"https:\/\/tinnunculus.sy-sy.cz\/index.php\/2016\/04\/22\/nejen-sezeni-zacina\/20160422_13-14-43\/\" data-orig-file=\"https:\/\/i0.wp.com\/tinnunculus.sy-sy.cz\/wp-content\/uploads\/2016\/04\/20160422_13-14-43-e1706293964589.jpg?fit=1038%2C584&amp;ssl=1\" data-orig-size=\"1038,584\" data-comments-opened=\"1\" data-image-meta=\"{&quot;aperture&quot;:&quot;0&quot;,&quot;credit&quot;:&quot;&quot;,&quot;camera&quot;:&quot;&quot;,&quot;caption&quot;:&quot;&quot;,&quot;created_timestamp&quot;:&quot;0&quot;,&quot;copyright&quot;:&quot;&quot;,&quot;focal_length&quot;:&quot;0&quot;,&quot;iso&quot;:&quot;0&quot;,&quot;shutter_speed&quot;:&quot;0&quot;,&quot;title&quot;:&quot;&quot;,&quot;orientation&quot;:&quot;0&quot;}\" data-image-title=\"20160422_13-14-43\" data-image-description=\"\" data-image-caption=\"\" data-large-file=\"https:\/\/i0.wp.com\/tinnunculus.sy-sy.cz\/wp-content\/uploads\/2016\/04\/20160422_13-14-43-e1706293964589.jpg?fit=525%2C295&amp;ssl=1\" class=\"wp-image-30935 size-large aligncenter\" src=\"https:\/\/i0.wp.com\/tinnunculus.sy-sy.cz\/wp-content\/uploads\/2016\/04\/20160422_13-14-43.jpg?resize=525%2C295&#038;ssl=1\" alt=\"\" width=\"525\" height=\"295\" \/><\/a><\/p>\n<p align=\"center\"><em>Sami\u010dka se p\u0159ed vyst\u0159\u00edd\u00e1n\u00edm na vejc\u00edch ohl\u00ed\u017e\u00ed vzh\u016fru na d\u011bn\u00ed na le\u0161en\u00ed (2016\/04\/22). <\/em><\/p>\n<p>Stejn\u011b jako my, ov\u0161em zat\u00edm netu\u0161\u00ed, co j\u00ed je\u0161t\u011b uchyst\u00e1 prob\u00edhaj\u00edc\u00ed stavba. Od \u00faterka je v&nbsp;okol\u00ed po\u0161tol\u010d\u00edho hn\u00edzda v&nbsp;na\u0161\u00ed lod\u017eii ru\u0161no. Nejprve byly demontov\u00e1ny balkony na na\u0161em a&nbsp;dvou sousedn\u00edch domech a&nbsp;pak dostav\u011bno le\u0161en\u00ed mezi ob\u011bma \u010d\u00e1stmi, kter\u00e9 se nenad\u00e1le vyno\u0159ily na p\u0159elomu b\u0159ezna a&nbsp;dubna. Po\u0161tol\u010d\u00ed p\u00e1r si kupodivu nic moc z&nbsp;hluku stavby, kter\u00fd vad\u00ed n\u00e1m, ned\u011bl\u00e1. Vypla\u0161ilo je zat\u00edm jen nahl\u00ed\u017een\u00ed zv\u011bdav\u00fdch d\u011bln\u00edk\u016f do hn\u00edzda a&nbsp;p\u0159ehazov\u00e1n\u00ed s\u00edt\u011b p\u0159es le\u0161en\u00ed.<\/p>\n<p><a href=\"https:\/\/i0.wp.com\/tinnunculus.sy-sy.cz\/wp-content\/uploads\/2016\/04\/20160422-1200353442-e1706294185539.jpg?ssl=1\" target=\"_blank\" rel=\"noopener\"><img data-recalc-dims=\"1\" loading=\"lazy\" decoding=\"async\" data-attachment-id=\"30936\" data-permalink=\"https:\/\/tinnunculus.sy-sy.cz\/index.php\/2016\/04\/22\/nejen-sezeni-zacina\/20160422-1200353442\/\" data-orig-file=\"https:\/\/i0.wp.com\/tinnunculus.sy-sy.cz\/wp-content\/uploads\/2016\/04\/20160422-1200353442-e1706294185539.jpg?fit=1038%2C649&amp;ssl=1\" data-orig-size=\"1038,649\" data-comments-opened=\"1\" data-image-meta=\"{&quot;aperture&quot;:&quot;0&quot;,&quot;credit&quot;:&quot;&quot;,&quot;camera&quot;:&quot;&quot;,&quot;caption&quot;:&quot;&quot;,&quot;created_timestamp&quot;:&quot;0&quot;,&quot;copyright&quot;:&quot;&quot;,&quot;focal_length&quot;:&quot;0&quot;,&quot;iso&quot;:&quot;0&quot;,&quot;shutter_speed&quot;:&quot;0&quot;,&quot;title&quot;:&quot;&quot;,&quot;orientation&quot;:&quot;0&quot;}\" data-image-title=\"20160422-1200353442\" data-image-description=\"\" data-image-caption=\"\" data-large-file=\"https:\/\/i0.wp.com\/tinnunculus.sy-sy.cz\/wp-content\/uploads\/2016\/04\/20160422-1200353442-e1706294185539.jpg?fit=525%2C328&amp;ssl=1\" class=\"aligncenter wp-image-30936 size-large\" src=\"https:\/\/i0.wp.com\/tinnunculus.sy-sy.cz\/wp-content\/uploads\/2016\/04\/20160422-1200353442.jpg?resize=525%2C328&#038;ssl=1\" alt=\"\" width=\"525\" height=\"328\" \/><\/a><\/p>\n<p>Po\u0161tolky se p\u0159i&nbsp;dne\u0161n\u00edch vyru\u0161en\u00edch vr\u00e1tily v\u017edy do deseti minut, tak\u017ee zat\u00edm v\u0161e prob\u00edh\u00e1 v&nbsp;mez\u00edch mo\u017enost\u00ed tak, jak m\u00e1.<\/p>\n<p>Souvisej\u00edc\u00ed p\u0159\u00edsp\u011bvky:<\/p>\n<ul>\n<li><a href=\"https:\/\/tinnunculus.sy-sy.cz\/index.php\/2015\/05\/16\/v-ocekavani\/\" target=\"_blank\" rel=\"noopener noreferrer\">V o\u010dek\u00e1v\u00e1n\u00ed<\/a><\/li>\n<li><a href=\"https:\/\/tinnunculus.sy-sy.cz\/index.php\/2016\/03\/31\/tak-tu-mame-co-jsme-nechteli\/\">Tak tu m\u00e1me, co jsme necht\u011bli<\/a><\/li>\n<li><a href=\"https:\/\/docs.google.com\/spreadsheets\/d\/1D7zH0JPBP9l9sPBZBxEY6VdHhC-Phj3Dl-4QBQHJ9GU\/pubhtml\" target=\"_blank\" rel=\"noopener noreferrer\">Statistick\u00e9 kalend\u00e1rium<\/a><\/li>\n<\/ul>\n","protected":false},"excerpt":{"rendered":"<p>Sn\u016f\u0161ka pokra\u010duje v&nbsp;pravideln\u00e9m rytmu jednoho vejce za 49 hodin a\u00a0n\u011bco minut. Prozat\u00edm posledn\u00ed bylo sneseno v&nbsp;noci ze v\u010derej\u0161ka na dne\u0161ek ji\u017e za tmy. P\u0159ipsali jsme ho ve statistick\u00fdch \u00fadaj\u00edch ke v\u010derej\u0161ku, ale nen\u00ed pochopiteln\u011b jist\u00e9, zda se interval mezi snesen\u00edm posledn\u00edch dvou vajec neprot\u00e1hl. Ka\u017edop\u00e1dn\u011b se u\u017e r\u00e1no t\u011bsn\u011b po&nbsp;p\u016fl sedm\u00e9, kdy se sami\u010dka se &hellip; <\/p>\n<p class=\"link-more\"><a href=\"https:\/\/tinnunculus.sy-sy.cz\/index.php\/2016\/04\/22\/nejen-sezeni-zacina\/\" class=\"more-link\">Pokra\u010dovat ve \u010dten\u00ed<span class=\"screen-reader-text\"> &#8222;(Nejen) sezen\u00ed za\u010d\u00edn\u00e1&#8220;<\/span><\/a><\/p>\n","protected":false},"author":2,"featured_media":0,"comment_status":"closed","ping_status":"open","sticky":false,"template":"","format":"standard","meta":{"jetpack_post_was_ever_published":false,"_jetpack_newsletter_access":"","_jetpack_dont_email_post_to_subs":false,"_jetpack_newsletter_tier_id":0,"_jetpack_memberships_contains_paywalled_content":false,"_jetpack_memberships_contains_paid_content":false,"footnotes":""},"categories":[147,116,105,110,1596],"tags":[43,52,90,91,79,81],"class_list":["post-316","post","type-post","status-publish","format-standard","hentry","category-nase-postolky","category-nasi","category-postolka","category-postolka-obecna","category-postolky-z-nasi-lodzie","tag-ps_22","tag-ps_45","tag-ps_96","tag-ps_95","tag-ps_71","tag-ps_65"],"jetpack_featured_media_url":"","jetpack_shortlink":"https:\/\/wp.me\/p91gKE-56","jetpack-related-posts":[{"id":7789,"url":"https:\/\/tinnunculus.sy-sy.cz\/index.php\/2019\/05\/06\/vejce-ctvrte-ranni\/","url_meta":{"origin":316,"position":0},"title":"Vejce \u010dtvrt\u00e9 (rann\u00ed)","author":"Zuzana Syrov\u00e1 An\u00fd\u017eov\u00e1","date":"06\/05\/2019","format":false,"excerpt":"Aneb o tom, jak \"na\u0161e\" po\u0161tolka p\u0159eci jen dnes nad r\u00e1nem snesla dal\u0161\u00ed, \u010dtvrt\u00e9 vejce a jak za\u010d\u00edn\u00e1 sezen\u00ed...","rel":"","context":"V \u201e\"Na\u0161e\" po\u0161tolky\u201c","block_context":{"text":"\"Na\u0161e\" po\u0161tolky","link":"https:\/\/tinnunculus.sy-sy.cz\/index.php\/category\/nasi\/nase-postolky\/"},"img":{"alt_text":"","src":"https:\/\/i0.wp.com\/tinnunculus.sy-sy.cz\/wp-content\/uploads\/2019\/05\/20190506-0735253839u.jpg?resize=350%2C200&ssl=1","width":350,"height":200,"srcset":"https:\/\/i0.wp.com\/tinnunculus.sy-sy.cz\/wp-content\/uploads\/2019\/05\/20190506-0735253839u.jpg?resize=350%2C200&ssl=1 1x, https:\/\/i0.wp.com\/tinnunculus.sy-sy.cz\/wp-content\/uploads\/2019\/05\/20190506-0735253839u.jpg?resize=525%2C300&ssl=1 1.5x, https:\/\/i0.wp.com\/tinnunculus.sy-sy.cz\/wp-content\/uploads\/2019\/05\/20190506-0735253839u.jpg?resize=700%2C400&ssl=1 2x"},"classes":[]},{"id":210,"url":"https:\/\/tinnunculus.sy-sy.cz\/index.php\/2015\/04\/23\/seste-vejce\/","url_meta":{"origin":316,"position":1},"title":"\u0160est\u00e9 vejce","author":"Zuzana Syrov\u00e1 An\u00fd\u017eov\u00e1","date":"23\/04\/2015","format":false,"excerpt":"Dnes r\u00e1no snesla sami\u010dka \u0161est\u00e9 vejce. Je to pravd\u011bpodobn\u011b letos vejce posledn\u00ed. nazna\u010duje to \u0159ada pr\u016fvodn\u00edch jev\u016f. Obvykle sami\u010dka za\u010d\u00edn\u00e1 sed\u011bt po snesen\u00ed vejce p\u0159edposledn\u00edho. To, \u017ee tomu tak je, m\u00e1 prost\u00fd d\u016fvod: Sami\u010dka sn\u00e1\u0161\u00ed vejce obden; n\u011bkdy m\u016f\u017ee b\u00fdt doba mezi snesen\u00edm vajec i del\u0161\u00ed (u na\u0161ich po\u0161tolek n\u011bkolikr\u00e1t\u2026","rel":"","context":"V \u201e\"Na\u0161e\" po\u0161tolky\u201c","block_context":{"text":"\"Na\u0161e\" po\u0161tolky","link":"https:\/\/tinnunculus.sy-sy.cz\/index.php\/category\/nasi\/nase-postolky\/"},"img":{"alt_text":"","src":"https:\/\/i0.wp.com\/tinnunculus.sy-sy.cz\/wp-content\/uploads\/2015\/04\/20150423-0830513214-1024x819.jpg?resize=350%2C200&ssl=1","width":350,"height":200,"srcset":"https:\/\/i0.wp.com\/tinnunculus.sy-sy.cz\/wp-content\/uploads\/2015\/04\/20150423-0830513214-1024x819.jpg?resize=350%2C200&ssl=1 1x, https:\/\/i0.wp.com\/tinnunculus.sy-sy.cz\/wp-content\/uploads\/2015\/04\/20150423-0830513214-1024x819.jpg?resize=525%2C300&ssl=1 1.5x"},"classes":[]},{"id":41335,"url":"https:\/\/tinnunculus.sy-sy.cz\/index.php\/2025\/04\/16\/sedme-vejce-rekordni\/","url_meta":{"origin":316,"position":2},"title":"Sedm\u00e9 vejce (rekordn\u00ed)","author":"Zuzana Syrov\u00e1 An\u00fd\u017eov\u00e1","date":"16\/04\/2025","format":false,"excerpt":"Aneb o tom, jak se v na\u0161\u00ed lod\u017eii objevilo rekordn\u00ed sedm\u00e9 vejce - skoro \u00fapln\u011b b\u00edl\u00e9, jen s n\u011bkolika zrzav\u00fdmi pihami...","rel":"","context":"V \u201e\"Na\u0161e\" po\u0161tolky\u201c","block_context":{"text":"\"Na\u0161e\" po\u0161tolky","link":"https:\/\/tinnunculus.sy-sy.cz\/index.php\/category\/nasi\/nase-postolky\/"},"img":{"alt_text":"","src":"https:\/\/i0.wp.com\/tinnunculus.sy-sy.cz\/wp-content\/uploads\/2025\/04\/20250416-1255134225-Cam-24-Type-0-1024x576.jpg?resize=350%2C200&ssl=1","width":350,"height":200,"srcset":"https:\/\/i0.wp.com\/tinnunculus.sy-sy.cz\/wp-content\/uploads\/2025\/04\/20250416-1255134225-Cam-24-Type-0-1024x576.jpg?resize=350%2C200&ssl=1 1x, https:\/\/i0.wp.com\/tinnunculus.sy-sy.cz\/wp-content\/uploads\/2025\/04\/20250416-1255134225-Cam-24-Type-0-1024x576.jpg?resize=525%2C300&ssl=1 1.5x"},"classes":[]},{"id":217,"url":"https:\/\/tinnunculus.sy-sy.cz\/index.php\/2015\/05\/16\/v-ocekavani\/","url_meta":{"origin":316,"position":3},"title":"V o\u010dek\u00e1v\u00e1n\u00ed","author":"Zuzana Syrov\u00e1 An\u00fd\u017eov\u00e1","date":"16\/05\/2015","format":false,"excerpt":"Po\u0161tolky v na\u0161\u00ed lod\u017eii u\u017e 26. den pe\u010dliv\u011b sed\u00ed na vejc\u00edch, kter\u00e1 se i same\u010dek p\u0159es sv\u00e9 ml\u00e1d\u00ed a nezku\u0161enost nau\u010dil bravurn\u011b zasednout. St\u0159\u00edd\u00e1 spolehliv\u011b sami\u010dku a ob\u010das se z\u0159ejm\u011b hl\u00e1s\u00ed o sezen\u00ed jen tak, aby se sami\u010dka mohla prol\u00e9tnout, a hlavn\u011b, aby s\u00e1m mohl na vejc\u00edch posed\u011bt. Krom\u011b toho,\u2026","rel":"","context":"V \u201e\"Na\u0161e\" po\u0161tolky\u201c","block_context":{"text":"\"Na\u0161e\" po\u0161tolky","link":"https:\/\/tinnunculus.sy-sy.cz\/index.php\/category\/nasi\/nase-postolky\/"},"img":{"alt_text":"","src":"https:\/\/i0.wp.com\/tinnunculus.sy-sy.cz\/wp-content\/uploads\/2015\/05\/20140514-184125-1024x819.jpg?resize=350%2C200&ssl=1","width":350,"height":200,"srcset":"https:\/\/i0.wp.com\/tinnunculus.sy-sy.cz\/wp-content\/uploads\/2015\/05\/20140514-184125-1024x819.jpg?resize=350%2C200&ssl=1 1x, https:\/\/i0.wp.com\/tinnunculus.sy-sy.cz\/wp-content\/uploads\/2015\/05\/20140514-184125-1024x819.jpg?resize=525%2C300&ssl=1 1.5x"},"classes":[]},{"id":7850,"url":"https:\/\/tinnunculus.sy-sy.cz\/index.php\/2019\/05\/10\/vejce-pate-pozdni\/","url_meta":{"origin":316,"position":4},"title":"Vejce p\u00e1t\u00e9 (pozdn\u00ed)","author":"Zuzana Syrov\u00e1 An\u00fd\u017eov\u00e1","date":"10\/05\/2019","format":false,"excerpt":"Aneb o to, jak n\u00e1s \"na\u0161e\" po\u0161tol\u010d\u00ed sami\u010dka p\u0159ekvapila a snesla je\u0161t\u011b jedno, p\u00e1t\u00e9, vejce.","rel":"","context":"V \u201e\"Na\u0161e\" po\u0161tolky\u201c","block_context":{"text":"\"Na\u0161e\" po\u0161tolky","link":"https:\/\/tinnunculus.sy-sy.cz\/index.php\/category\/nasi\/nase-postolky\/"},"img":{"alt_text":"","src":"https:\/\/i0.wp.com\/tinnunculus.sy-sy.cz\/wp-content\/uploads\/2019\/05\/20190509-2237300628u-e1557470218600.jpg?resize=350%2C200&ssl=1","width":350,"height":200,"srcset":"https:\/\/i0.wp.com\/tinnunculus.sy-sy.cz\/wp-content\/uploads\/2019\/05\/20190509-2237300628u-e1557470218600.jpg?resize=350%2C200&ssl=1 1x, https:\/\/i0.wp.com\/tinnunculus.sy-sy.cz\/wp-content\/uploads\/2019\/05\/20190509-2237300628u-e1557470218600.jpg?resize=525%2C300&ssl=1 1.5x, https:\/\/i0.wp.com\/tinnunculus.sy-sy.cz\/wp-content\/uploads\/2019\/05\/20190509-2237300628u-e1557470218600.jpg?resize=700%2C400&ssl=1 2x"},"classes":[]},{"id":12325,"url":"https:\/\/tinnunculus.sy-sy.cz\/index.php\/2020\/04\/28\/vejce-nocni\/","url_meta":{"origin":316,"position":5},"title":"Vejce no\u010dn\u00ed","author":"Zuzana Syrov\u00e1 An\u00fd\u017eov\u00e1","date":"28\/04\/2020","format":false,"excerpt":"Aneb o tom, jak \"na\u0161e\" po\u0161tolka snesla dal\u0161\u00ed, v po\u0159ad\u00ed t\u0159et\u00ed leto\u0161n\u00ed vejce.","rel":"","context":"V \u201e\"Na\u0161e\" po\u0161tolky\u201c","block_context":{"text":"\"Na\u0161e\" po\u0161tolky","link":"https:\/\/tinnunculus.sy-sy.cz\/index.php\/category\/nasi\/nase-postolky\/"},"img":{"alt_text":"","src":"https:\/\/i0.wp.com\/tinnunculus.sy-sy.cz\/wp-content\/uploads\/2020\/04\/20200428_07-42-34uprav.jpg?resize=350%2C200&ssl=1","width":350,"height":200,"srcset":"https:\/\/i0.wp.com\/tinnunculus.sy-sy.cz\/wp-content\/uploads\/2020\/04\/20200428_07-42-34uprav.jpg?resize=350%2C200&ssl=1 1x, https:\/\/i0.wp.com\/tinnunculus.sy-sy.cz\/wp-content\/uploads\/2020\/04\/20200428_07-42-34uprav.jpg?resize=525%2C300&ssl=1 1.5x, https:\/\/i0.wp.com\/tinnunculus.sy-sy.cz\/wp-content\/uploads\/2020\/04\/20200428_07-42-34uprav.jpg?resize=700%2C400&ssl=1 2x"},"classes":[]}],"jetpack_sharing_enabled":true,"_links":{"self":[{"href":"https:\/\/tinnunculus.sy-sy.cz\/index.php\/wp-json\/wp\/v2\/posts\/316","targetHints":{"allow":["GET"]}}],"collection":[{"href":"https:\/\/tinnunculus.sy-sy.cz\/index.php\/wp-json\/wp\/v2\/posts"}],"about":[{"href":"https:\/\/tinnunculus.sy-sy.cz\/index.php\/wp-json\/wp\/v2\/types\/post"}],"author":[{"embeddable":true,"href":"https:\/\/tinnunculus.sy-sy.cz\/index.php\/wp-json\/wp\/v2\/users\/2"}],"replies":[{"embeddable":true,"href":"https:\/\/tinnunculus.sy-sy.cz\/index.php\/wp-json\/wp\/v2\/comments?post=316"}],"version-history":[{"count":4,"href":"https:\/\/tinnunculus.sy-sy.cz\/index.php\/wp-json\/wp\/v2\/posts\/316\/revisions"}],"predecessor-version":[{"id":49292,"href":"https:\/\/tinnunculus.sy-sy.cz\/index.php\/wp-json\/wp\/v2\/posts\/316\/revisions\/49292"}],"wp:attachment":[{"href":"https:\/\/tinnunculus.sy-sy.cz\/index.php\/wp-json\/wp\/v2\/media?parent=316"}],"wp:term":[{"taxonomy":"category","embeddable":true,"href":"https:\/\/tinnunculus.sy-sy.cz\/index.php\/wp-json\/wp\/v2\/categories?post=316"},{"taxonomy":"post_tag","embeddable":true,"href":"https:\/\/tinnunculus.sy-sy.cz\/index.php\/wp-json\/wp\/v2\/tags?post=316"}],"curies":[{"name":"wp","href":"https:\/\/api.w.org\/{rel}","templated":true}]}}