{"id":289,"date":"2016-03-11T07:39:49","date_gmt":"2016-03-11T06:39:49","guid":{"rendered":"http:\/\/tinnunculus.sy-sy.cz\/index.php\/2016\/03\/11\/jist-se-musi\/"},"modified":"2026-03-21T08:37:53","modified_gmt":"2026-03-21T07:37:53","slug":"jist-se-musi","status":"publish","type":"post","link":"https:\/\/tinnunculus.sy-sy.cz\/index.php\/2016\/03\/11\/jist-se-musi\/","title":{"rendered":"J\u00edst se mus\u00ed"},"content":{"rendered":"<p>Na holandsk\u00fdch str\u00e1nk\u00e1ch NestkastLive (<a href=\"https:\/\/nestkastlive.nl\/Torenvalk2\/\" target=\"_blank\" rel=\"noopener\">Torenvalk2<\/a>) se p\u0159ed n\u011bkolika dny objevilo vysv\u011btlen\u00ed, pro\u010d vlastn\u011b uhynula po\u0161tolka Molennaarsgraafu, o&nbsp;kter\u00e9 jsme ji\u017e zde psali v&nbsp;\u010dl\u00e1nku <a href=\"https:\/\/tinnunculus.sy-sy.cz\/index.php\/2016\/01\/23\/o-postolkach-taznych-preletavych-a-stalych\/\">O po\u0161tolk\u00e1ch ta\u017en\u00fdch, p\u0159el\u00e9tav\u00fdch a&nbsp;st\u00e1l\u00fdch<\/a>.<\/p>\n<p>Po\u0161tolka zem\u0159ela prakticky v&nbsp;p\u0159\u00edm\u00e9m p\u0159enosu v&nbsp;noci na 25.\u00a0ledna byla velmi mlad\u00e1. Pod sv\u00fdm na\u010dechran\u00fdm pe\u0159\u00edm byla prakticky na kost vyhubl\u00e1. Osudn\u00fdm se j\u00ed stalo to, \u017ee z\u0159ejm\u011b ji\u017e \u0159adu dn\u00ed nejedla a&nbsp;byla zcela vyhladov\u011bl\u00e1.\u00a0<!--more--><\/p>\n<p>P\u0159e\u017e\u00edt n\u00e1strahy prvn\u00edho roku samostatn\u00e9ho \u017eivota po&nbsp;opu\u0161t\u011bn\u00ed hn\u00edzda dok\u00e1\u017ee jen m\u00e1lo mlad\u00fdch po\u0161tolek. R\u016fzn\u00e9 zdroje uv\u00e1d\u011bj\u00ed r\u016fzn\u00e1 procenta. Na str\u00e1nk\u00e1ch NestkastLive se v&nbsp;t\u00e9to souvislosti uv\u00e1d\u00ed,\u00a0 \u017ee prvn\u00ed zimu jich nep\u0159e\u017eije t\u00e9m\u011b\u0159\u00a0 60%.<\/p>\n<p>Kolikpak asi z&nbsp;t\u011bch 38 po\u0161tol\u010dat, kter\u00e1 se od roku 2007 vydala z&nbsp;na\u0161\u00ed lod\u017eie do sv\u011bta, odolalo v\u0161em n\u00e1strah\u00e1m a&nbsp;pr\u00e1v\u011b te\u010f se n\u011bkde chyst\u00e1 zalo\u017eit vlastn\u00ed hn\u00edzdo&#8230;<\/p>\n<p><a href=\"https:\/\/i0.wp.com\/tinnunculus.sy-sy.cz\/wp-content\/uploads\/2016\/03\/dsc33772.jpg?ssl=1\" target=\"_blank\" rel=\"noopener\"><img data-recalc-dims=\"1\" loading=\"lazy\" decoding=\"async\" data-attachment-id=\"31009\" data-permalink=\"https:\/\/tinnunculus.sy-sy.cz\/index.php\/2016\/03\/11\/jist-se-musi\/dsc33772\/\" data-orig-file=\"https:\/\/i0.wp.com\/tinnunculus.sy-sy.cz\/wp-content\/uploads\/2016\/03\/dsc33772-e1706381855423.jpg?fit=1038%2C690&amp;ssl=1\" data-orig-size=\"1038,690\" data-comments-opened=\"1\" data-image-meta=\"{&quot;aperture&quot;:&quot;0&quot;,&quot;credit&quot;:&quot;&quot;,&quot;camera&quot;:&quot;&quot;,&quot;caption&quot;:&quot;&quot;,&quot;created_timestamp&quot;:&quot;0&quot;,&quot;copyright&quot;:&quot;&quot;,&quot;focal_length&quot;:&quot;0&quot;,&quot;iso&quot;:&quot;0&quot;,&quot;shutter_speed&quot;:&quot;0&quot;,&quot;title&quot;:&quot;&quot;,&quot;orientation&quot;:&quot;0&quot;}\" data-image-title=\"dsc33772\" data-image-description=\"\" data-image-caption=\"\" data-large-file=\"https:\/\/i0.wp.com\/tinnunculus.sy-sy.cz\/wp-content\/uploads\/2016\/03\/dsc33772-e1706381855423.jpg?fit=525%2C349&amp;ssl=1\" class=\"aligncenter wp-image-31009 size-large\" src=\"https:\/\/i0.wp.com\/tinnunculus.sy-sy.cz\/wp-content\/uploads\/2016\/03\/dsc33772.jpg?resize=525%2C349&#038;ssl=1\" alt=\"\" width=\"525\" height=\"349\" \/><\/a><\/p>\n<p style=\"text-align: center;\"><em>Ilustra\u010dn\u00ed foto z\u00a0 prvn\u00ed hn\u00edzdn\u00ed sez\u00f3ny 2007. <\/em><\/p>\n","protected":false},"excerpt":{"rendered":"<p>Na holandsk\u00fdch str\u00e1nk\u00e1ch NestkastLive (Torenvalk2) se p\u0159ed n\u011bkolika dny objevilo vysv\u011btlen\u00ed, pro\u010d vlastn\u011b uhynula po\u0161tolka Molennaarsgraafu, o&nbsp;kter\u00e9 jsme ji\u017e zde psali v&nbsp;\u010dl\u00e1nku O&nbsp;po\u0161tolk\u00e1ch ta\u017en\u00fdch, p\u0159el\u00e9tav\u00fdch a&nbsp;st\u00e1l\u00fdch. Po\u0161tolka zem\u0159ela prakticky v&nbsp;p\u0159\u00edm\u00e9m p\u0159enosu v&nbsp;noci na 25.\u00a0ledna byla velmi mlad\u00e1. Pod sv\u00fdm na\u010dechran\u00fdm pe\u0159\u00edm byla prakticky na kost vyhubl\u00e1. Osudn\u00fdm se j\u00ed stalo to, \u017ee z\u0159ejm\u011b ji\u017e &hellip; <\/p>\n<p class=\"link-more\"><a href=\"https:\/\/tinnunculus.sy-sy.cz\/index.php\/2016\/03\/11\/jist-se-musi\/\" class=\"more-link\">Pokra\u010dovat ve \u010dten\u00ed<span class=\"screen-reader-text\"> &#8222;J\u00edst se mus\u00ed&#8220;<\/span><\/a><\/p>\n","protected":false},"author":2,"featured_media":0,"comment_status":"closed","ping_status":"open","sticky":false,"template":"","format":"standard","meta":{"jetpack_post_was_ever_published":false,"_jetpack_newsletter_access":"","_jetpack_dont_email_post_to_subs":false,"_jetpack_newsletter_tier_id":0,"_jetpack_memberships_contains_paywalled_content":false,"_jetpack_memberships_contains_paid_content":false,"footnotes":""},"categories":[147,218,116,150,105,110,1596,114],"tags":[30,90,91],"class_list":["post-289","post","type-post","status-publish","format-standard","hentry","category-nase-postolky","category-falco-tinnunculus-online","category-nasi","category-odjinud","category-postolka","category-postolka-obecna","category-postolky-z-nasi-lodzie","category-zivy-prenos","tag-ps_55","tag-ps_96","tag-ps_95"],"jetpack_featured_media_url":"","jetpack_shortlink":"https:\/\/wp.me\/p91gKE-4F","jetpack-related-posts":[{"id":2995,"url":"https:\/\/tinnunculus.sy-sy.cz\/index.php\/2018\/02\/10\/zimni-postolky-online\/","url_meta":{"origin":289,"position":0},"title":"Zimn\u00ed po\u0161tolky online","author":"Zuzana Syrov\u00e1 An\u00fd\u017eov\u00e1","date":"10\/02\/2018","format":false,"excerpt":"Tak, jako na\u0161i pravidelnou po\u0161tol\u010d\u00ed nocle\u017enici, m\u016f\u017eete te\u010f v zim\u011b zastihnout po\u0161tolky nocuj\u00edc\u00ed pod bedliv\u00fdm okem kamer i na jin\u00fdch m\u00edstech.\u00a0 Dnes r\u00e1no jsme jednu takto zastihli v p\u0159enosu z budky pro po\u0161tolky, kter\u00fd b\u011b\u017e\u00ed na str\u00e1nk\u00e1ch NOCTUA (www.noctua.org\/crecerelle.htm) v\u011bnovan\u00fdch s\u00fd\u010dkovi obecn\u00e9mu: Jin\u00e1 p\u0159espala v Alpen aan den Rijn v\u2026","rel":"","context":"V \u201eFalco tinnunculus online\u201c","block_context":{"text":"Falco tinnunculus online","link":"https:\/\/tinnunculus.sy-sy.cz\/index.php\/category\/zivy-prenos\/odjinud\/falco-tinnunculus-online\/"},"img":{"alt_text":"","src":"https:\/\/i0.wp.com\/tinnunculus.sy-sy.cz\/wp-content\/uploads\/2018\/02\/Aalpen-den-Rijn_20180210.jpg?resize=350%2C200&ssl=1","width":350,"height":200,"srcset":"https:\/\/i0.wp.com\/tinnunculus.sy-sy.cz\/wp-content\/uploads\/2018\/02\/Aalpen-den-Rijn_20180210.jpg?resize=350%2C200&ssl=1 1x, https:\/\/i0.wp.com\/tinnunculus.sy-sy.cz\/wp-content\/uploads\/2018\/02\/Aalpen-den-Rijn_20180210.jpg?resize=525%2C300&ssl=1 1.5x, https:\/\/i0.wp.com\/tinnunculus.sy-sy.cz\/wp-content\/uploads\/2018\/02\/Aalpen-den-Rijn_20180210.jpg?resize=700%2C400&ssl=1 2x"},"classes":[]},{"id":41848,"url":"https:\/\/tinnunculus.sy-sy.cz\/index.php\/2025\/04\/30\/kdyz-dojdou-hrabosi-i-krtci\/","url_meta":{"origin":289,"position":1},"title":"Kdy\u017e dojdou hrabo\u0161i i&nbsp;krtci","author":"Zuzana Syrov\u00e1 An\u00fd\u017eov\u00e1","date":"30\/04\/2025","format":false,"excerpt":"Aneb zpr\u00e1va o nezvykl\u00e9 ko\u0159isti, kterou se \u017eiv\u00ed po\u0161tolky v p\u0159\u00edm\u00e9m p\u0159enosu z lokality Molenaarsgraaf.","rel":"","context":"V \u201eDravec\u201c","block_context":{"text":"Dravec","link":"https:\/\/tinnunculus.sy-sy.cz\/index.php\/category\/ostatni-zvirena\/ptaci\/dravec\/"},"img":{"alt_text":"","src":"https:\/\/i0.wp.com\/tinnunculus.sy-sy.cz\/wp-content\/uploads\/2025\/05\/Molenaargraf-krtonozka-1024x694.jpg?resize=350%2C200&ssl=1","width":350,"height":200,"srcset":"https:\/\/i0.wp.com\/tinnunculus.sy-sy.cz\/wp-content\/uploads\/2025\/05\/Molenaargraf-krtonozka-1024x694.jpg?resize=350%2C200&ssl=1 1x, https:\/\/i0.wp.com\/tinnunculus.sy-sy.cz\/wp-content\/uploads\/2025\/05\/Molenaargraf-krtonozka-1024x694.jpg?resize=525%2C300&ssl=1 1.5x"},"classes":[]},{"id":33751,"url":"https:\/\/tinnunculus.sy-sy.cz\/index.php\/2024\/03\/23\/predvelikonocni\/","url_meta":{"origin":289,"position":2},"title":"P\u0159edvelikono\u010dn\u00ed","author":"Zuzana Syrov\u00e1 An\u00fd\u017eov\u00e1","date":"23\/03\/2024","format":false,"excerpt":"Aneb o tom, \u017ee v p\u0159\u00edm\u00fdch p\u0159enosech z hn\u00edzd po\u0161tolek obecn\u00fdch se u\u017e objevila prvn\u00ed vejce a jak to s \u010dek\u00e1n\u00edm na n\u011b vypad\u00e1 u n\u00e1s.","rel":"","context":"V \u201e\"Na\u0161e\" po\u0161tolky\u201c","block_context":{"text":"\"Na\u0161e\" po\u0161tolky","link":"https:\/\/tinnunculus.sy-sy.cz\/index.php\/category\/nasi\/nase-postolky\/"},"img":{"alt_text":"","src":"https:\/\/i0.wp.com\/tinnunculus.sy-sy.cz\/wp-content\/uploads\/2024\/03\/Milevsko_20240323-001-e1711217647413.jpg?resize=350%2C200&ssl=1","width":350,"height":200,"srcset":"https:\/\/i0.wp.com\/tinnunculus.sy-sy.cz\/wp-content\/uploads\/2024\/03\/Milevsko_20240323-001-e1711217647413.jpg?resize=350%2C200&ssl=1 1x, https:\/\/i0.wp.com\/tinnunculus.sy-sy.cz\/wp-content\/uploads\/2024\/03\/Milevsko_20240323-001-e1711217647413.jpg?resize=525%2C300&ssl=1 1.5x, https:\/\/i0.wp.com\/tinnunculus.sy-sy.cz\/wp-content\/uploads\/2024\/03\/Milevsko_20240323-001-e1711217647413.jpg?resize=700%2C400&ssl=1 2x"},"classes":[]},{"id":280,"url":"https:\/\/tinnunculus.sy-sy.cz\/index.php\/2016\/01\/23\/o-postolkach-taznych-preletavych-a-stalych\/","url_meta":{"origin":289,"position":3},"title":"O po\u0161tolk\u00e1ch ta\u017en\u00fdch, p\u0159el\u00e9tav\u00fdch a&nbsp;st\u00e1l\u00fdch","author":"Zuzana Syrov\u00e1 An\u00fd\u017eov\u00e1","date":"23\/01\/2016","format":false,"excerpt":"Po\u0161tolky obecn\u00e9, kter\u00e9 \u017eij\u00ed u n\u00e1s v \u010cesk\u00e9 republice, jsou pt\u00e1ky ta\u017en\u00fdmi, p\u0159el\u00e9tav\u00fdmi i st\u00e1l\u00fdmi. Na zimu ty nejmlad\u0161\u00ed, pro kter\u00e9 je to jejich prvn\u00ed zima, podnikaj\u00ed obvykle del\u0161\u00ed pou\u0165 na jih, n\u011bkdy a\u017e do hloubi Afriky. Ty star\u0161\u00ed p\u0159el\u00e9taj\u00ed tam, kde jsou pro n\u011b nejbl\u00ed\u017ee lep\u0161\u00ed klimatick\u00e9 podm\u00ednky a\u2026","rel":"","context":"V \u201e\"Na\u0161e\" po\u0161tolky\u201c","block_context":{"text":"\"Na\u0161e\" po\u0161tolky","link":"https:\/\/tinnunculus.sy-sy.cz\/index.php\/category\/nasi\/nase-postolky\/"},"img":{"alt_text":"","src":"https:\/\/i0.wp.com\/tinnunculus.sy-sy.cz\/wp-content\/uploads\/2016\/01\/Molenaarsgraaf_20160123.jpg?resize=350%2C200&ssl=1","width":350,"height":200},"classes":[]},{"id":241,"url":"https:\/\/tinnunculus.sy-sy.cz\/index.php\/2015\/07\/06\/na-lovu-i-na-uteku\/","url_meta":{"origin":289,"position":4},"title":"Na lovu i&nbsp;na \u00fat\u011bku","author":"Zuzana Syrov\u00e1 An\u00fd\u017eov\u00e1","date":"06\/07\/2015","format":false,"excerpt":"O tom, jak po\u0161tolky lov\u00ed, jsme zde ji\u017e psali. Pro\u010d ten vyp\u016fj\u010den\u00fd n\u00e1zev? V na\u0161em dom\u00e1c\u00edm archivu fotografie ani videa z lovu nenajdeme. Tak\u017ee na to, co p\u0159edch\u00e1z\u00ed tomu, ne\u017e same\u010dek nebo sami\u010dka p\u0159inese po\u0161tol\u010dat\u016fm my\u0161e se mus\u00edme pod\u00edvat jinde. A kde jinde hledat ne\u017e v archivu BBC... Krom\u011b ji\u017e\u2026","rel":"","context":"V \u201eHrabo\u0161 poln\u00ed\u201c","block_context":{"text":"Hrabo\u0161 poln\u00ed","link":"https:\/\/tinnunculus.sy-sy.cz\/index.php\/category\/ostatni-zvirena\/savec\/mys-cs\/hrabos-polni\/"},"img":{"alt_text":"","src":"https:\/\/i0.wp.com\/tinnunculus.sy-sy.cz\/wp-content\/uploads\/2015\/07\/Arkive_KestrelVideo_08a.jpg?resize=350%2C200&ssl=1","width":350,"height":200},"classes":[]},{"id":114,"url":"https:\/\/tinnunculus.sy-sy.cz\/index.php\/2014\/06\/13\/postolky-online\/","url_meta":{"origin":289,"position":5},"title":"Po\u0161tolky online","author":"Zuzana Syrov\u00e1 An\u00fd\u017eov\u00e1","date":"13\/06\/2014","format":false,"excerpt":"Zat\u00edmco my sledujeme d\u011bn\u00ed v na\u0161\u00ed lod\u017eii pohledem z okna a dve\u0159\u00ed pracovny i prost\u0159ednictv\u00edm kamer, sleduj\u00ed jin\u00ed lid\u00e9 jin\u00e9 po\u0161tolky za okny, v podkrov\u00edch, na p\u016fd\u00e1ch, ve v\u00fdklenc\u00edch, v\u011b\u017e\u00edch nejr\u016fzn\u011bj\u0161\u00edch lidsk\u00fdch staveb i p\u0159\u00edrod\u011b, a\u0165 ji\u017e hn\u00edzd\u00ed \"jen tak\" \u010di v budk\u00e1ch, kter\u00e9 jim lid\u00e9 p\u0159ipravili. N\u011bkte\u0159\u00ed z t\u011bchto\u2026","rel":"","context":"V \u201eFalco tinnunculus online\u201c","block_context":{"text":"Falco tinnunculus online","link":"https:\/\/tinnunculus.sy-sy.cz\/index.php\/category\/zivy-prenos\/odjinud\/falco-tinnunculus-online\/"},"img":{"alt_text":"","src":"","width":0,"height":0},"classes":[]}],"jetpack_sharing_enabled":true,"_links":{"self":[{"href":"https:\/\/tinnunculus.sy-sy.cz\/index.php\/wp-json\/wp\/v2\/posts\/289","targetHints":{"allow":["GET"]}}],"collection":[{"href":"https:\/\/tinnunculus.sy-sy.cz\/index.php\/wp-json\/wp\/v2\/posts"}],"about":[{"href":"https:\/\/tinnunculus.sy-sy.cz\/index.php\/wp-json\/wp\/v2\/types\/post"}],"author":[{"embeddable":true,"href":"https:\/\/tinnunculus.sy-sy.cz\/index.php\/wp-json\/wp\/v2\/users\/2"}],"replies":[{"embeddable":true,"href":"https:\/\/tinnunculus.sy-sy.cz\/index.php\/wp-json\/wp\/v2\/comments?post=289"}],"version-history":[{"count":3,"href":"https:\/\/tinnunculus.sy-sy.cz\/index.php\/wp-json\/wp\/v2\/posts\/289\/revisions"}],"predecessor-version":[{"id":40219,"href":"https:\/\/tinnunculus.sy-sy.cz\/index.php\/wp-json\/wp\/v2\/posts\/289\/revisions\/40219"}],"wp:attachment":[{"href":"https:\/\/tinnunculus.sy-sy.cz\/index.php\/wp-json\/wp\/v2\/media?parent=289"}],"wp:term":[{"taxonomy":"category","embeddable":true,"href":"https:\/\/tinnunculus.sy-sy.cz\/index.php\/wp-json\/wp\/v2\/categories?post=289"},{"taxonomy":"post_tag","embeddable":true,"href":"https:\/\/tinnunculus.sy-sy.cz\/index.php\/wp-json\/wp\/v2\/tags?post=289"}],"curies":[{"name":"wp","href":"https:\/\/api.w.org\/{rel}","templated":true}]}}