{"id":27537,"date":"2023-11-11T19:22:50","date_gmt":"2023-11-11T18:22:50","guid":{"rendered":"https:\/\/tinnunculus.sy-sy.cz\/?p=27537"},"modified":"2026-03-21T07:58:17","modified_gmt":"2026-03-21T06:58:17","slug":"svatomartinske-menu","status":"publish","type":"post","link":"https:\/\/tinnunculus.sy-sy.cz\/index.php\/2023\/11\/11\/svatomartinske-menu\/","title":{"rendered":"Svatomartinsk\u00e9 menu"},"content":{"rendered":"<p><img data-recalc-dims=\"1\" loading=\"lazy\" decoding=\"async\" data-attachment-id=\"27539\" data-permalink=\"https:\/\/tinnunculus.sy-sy.cz\/index.php\/2023\/11\/11\/svatomartinske-menu\/20231111-1402267087\/\" data-orig-file=\"https:\/\/i0.wp.com\/tinnunculus.sy-sy.cz\/wp-content\/uploads\/2023\/11\/20231111-1402267087-e1699813774129.jpg?fit=535%2C300&amp;ssl=1\" data-orig-size=\"535,300\" data-comments-opened=\"1\" data-image-meta=\"{&quot;aperture&quot;:&quot;0&quot;,&quot;credit&quot;:&quot;&quot;,&quot;camera&quot;:&quot;&quot;,&quot;caption&quot;:&quot;&quot;,&quot;created_timestamp&quot;:&quot;0&quot;,&quot;copyright&quot;:&quot;&quot;,&quot;focal_length&quot;:&quot;0&quot;,&quot;iso&quot;:&quot;0&quot;,&quot;shutter_speed&quot;:&quot;0&quot;,&quot;title&quot;:&quot;&quot;,&quot;orientation&quot;:&quot;1&quot;}\" data-image-title=\"20231111-1402267087\" data-image-description=\"\" data-image-caption=\"\" data-large-file=\"https:\/\/i0.wp.com\/tinnunculus.sy-sy.cz\/wp-content\/uploads\/2023\/11\/20231111-1402267087-e1699813774129.jpg?fit=525%2C295&amp;ssl=1\" class=\"aligncenter wp-image-27539 size-full\" src=\"https:\/\/i0.wp.com\/tinnunculus.sy-sy.cz\/wp-content\/uploads\/2023\/11\/20231111-1402267087-e1699813774129.jpg?resize=525%2C294&#038;ssl=1\" alt=\"\" width=\"525\" height=\"294\" srcset=\"https:\/\/i0.wp.com\/tinnunculus.sy-sy.cz\/wp-content\/uploads\/2023\/11\/20231111-1402267087-e1699813774129.jpg?w=535&amp;ssl=1 535w, https:\/\/i0.wp.com\/tinnunculus.sy-sy.cz\/wp-content\/uploads\/2023\/11\/20231111-1402267087-e1699813774129.jpg?resize=300%2C168&amp;ssl=1 300w\" sizes=\"auto, (max-width: 525px) 100vw, 525px\" \/><\/p>\n<p>Zat\u00edmco my lid\u00e9 si d\u00e1v\u00e1me na svat\u00e9ho Martina husu, po\u0161tol\u010d\u00ed menu se nem\u011bn\u00ed. Pan po\u0161tolka zase p\u0159inesl jednoho hrabo\u0161e\u2026<!--more--><\/p>\n<div style=\"width: 525px;\" class=\"wp-video\"><video class=\"wp-video-shortcode\" id=\"video-27537-1\" width=\"525\" height=\"295\" preload=\"metadata\" controls=\"controls\"><source type=\"video\/mp4\" src=\"https:\/\/tinnunculus.sy-sy.cz\/wp-content\/uploads\/2023\/11\/20231111-140154.mp4?_=1\" \/><a href=\"https:\/\/tinnunculus.sy-sy.cz\/wp-content\/uploads\/2023\/11\/20231111-140154.mp4\">https:\/\/tinnunculus.sy-sy.cz\/wp-content\/uploads\/2023\/11\/20231111-140154.mp4<\/a><\/video><\/div>\n","protected":false},"excerpt":{"rendered":"<p>Aneb o&nbsp;tom, co si d\u00e1vaj\u00ed po\u0161tolky na svat\u00e9ho Martina.<\/p>\n","protected":false},"author":2,"featured_media":0,"comment_status":"open","ping_status":"open","sticky":false,"template":"","format":"standard","meta":{"jetpack_post_was_ever_published":false,"_jetpack_newsletter_access":"","_jetpack_dont_email_post_to_subs":false,"_jetpack_newsletter_tier_id":0,"_jetpack_memberships_contains_paywalled_content":false,"_jetpack_memberships_contains_paid_content":false,"footnotes":""},"categories":[147,142,112,107,116,105,110,1596,307,108],"tags":[1067,4,57,90,91],"class_list":["post-27537","post","type-post","status-publish","format-standard","hentry","category-nase-postolky","category-dravec","category-hrabos-polni","category-mys-cs","category-nasi","category-postolka","category-postolka-obecna","category-postolky-z-nasi-lodzie","category-ptaci","category-ostatni-zvirena","tag-1067","tag-ps_10","tag-ps_42","tag-ps_96","tag-ps_95"],"jetpack_featured_media_url":"","jetpack_shortlink":"https:\/\/wp.me\/p91gKE-7a9","jetpack-related-posts":[{"id":10442,"url":"https:\/\/tinnunculus.sy-sy.cz\/index.php\/2020\/02\/14\/den-svateho-valentyna\/","url_meta":{"origin":27537,"position":0},"title":"Den svat\u00e9ho Valent\u00fdna","author":"Zuzana Syrov\u00e1 An\u00fd\u017eov\u00e1","date":"14\/02\/2020","format":false,"excerpt":"Aneb o tom, jak si \"na\u0161e\" po\u0161tolky u\u017eily den svat\u00e9ho Valent\u00fdna.","rel":"","context":"V \u201e\"Na\u0161e\" po\u0161tolky\u201c","block_context":{"text":"\"Na\u0161e\" po\u0161tolky","link":"https:\/\/tinnunculus.sy-sy.cz\/index.php\/category\/nasi\/nase-postolky\/"},"img":{"alt_text":"","src":"https:\/\/i0.wp.com\/tinnunculus.sy-sy.cz\/wp-content\/uploads\/2020\/02\/20200214_09-04-33-1024x576.jpg?resize=350%2C200&ssl=1","width":350,"height":200,"srcset":"https:\/\/i0.wp.com\/tinnunculus.sy-sy.cz\/wp-content\/uploads\/2020\/02\/20200214_09-04-33-1024x576.jpg?resize=350%2C200&ssl=1 1x, https:\/\/i0.wp.com\/tinnunculus.sy-sy.cz\/wp-content\/uploads\/2020\/02\/20200214_09-04-33-1024x576.jpg?resize=525%2C300&ssl=1 1.5x"},"classes":[]},{"id":4799,"url":"https:\/\/tinnunculus.sy-sy.cz\/index.php\/2018\/04\/24\/na-svateho-jiri\/","url_meta":{"origin":27537,"position":1},"title":"Na svat\u00e9ho Ji\u0159\u00ed","author":"Zuzana Syrov\u00e1 An\u00fd\u017eov\u00e1","date":"24\/04\/2018","format":false,"excerpt":"Hadi a \u0161t\u00ed\u0159i u\u017e vylezli s velmi tepl\u00fdm po\u010das\u00edm ji\u017e p\u0159ed sv. Ji\u0159\u00edm. \"n\u00e1\u0161\" same\u010dek mnoho takov\u00fdch \u00falovk\u016f sami\u010dce nep\u0159edkl\u00e1d\u00e1: Na j\u00eddeln\u00ed\u010dku jasn\u011b p\u0159evl\u00e1d\u00e1 to, co j\u00ed chutn\u00e1 nejv\u00edce: A st\u00e1le to p\u0159itom vypad\u00e1, \u017ee sami\u010dka pro\u017eila sedm huben\u00fdch let a same\u010dka podle toho, jak se na n\u011bho vrh\u00e1, slupne\u2026","rel":"","context":"V \u201e\"Na\u0161e\" po\u0161tolky\u201c","block_context":{"text":"\"Na\u0161e\" po\u0161tolky","link":"https:\/\/tinnunculus.sy-sy.cz\/index.php\/category\/nasi\/nase-postolky\/"},"img":{"alt_text":"","src":"https:\/\/i0.wp.com\/tinnunculus.sy-sy.cz\/wp-content\/uploads\/2018\/04\/20180424-1652575699u.jpg?resize=350%2C200&ssl=1","width":350,"height":200,"srcset":"https:\/\/i0.wp.com\/tinnunculus.sy-sy.cz\/wp-content\/uploads\/2018\/04\/20180424-1652575699u.jpg?resize=350%2C200&ssl=1 1x, https:\/\/i0.wp.com\/tinnunculus.sy-sy.cz\/wp-content\/uploads\/2018\/04\/20180424-1652575699u.jpg?resize=525%2C300&ssl=1 1.5x, https:\/\/i0.wp.com\/tinnunculus.sy-sy.cz\/wp-content\/uploads\/2018\/04\/20180424-1652575699u.jpg?resize=700%2C400&ssl=1 2x"},"classes":[]},{"id":27522,"url":"https:\/\/tinnunculus.sy-sy.cz\/index.php\/2023\/11\/12\/svatomartinska-sykorka\/","url_meta":{"origin":27537,"position":2},"title":"Svatomartinsk\u00e1 s\u00fdkorka","author":"Zuzana Syrov\u00e1 An\u00fd\u017eov\u00e1","date":"12\/11\/2023","format":false,"excerpt":"Aneb o jedn\u00e9 s\u00fdkorce poletuj\u00edc\u00ed kolem ror\u00fdsovn\u00edku.","rel":"","context":"V \u201eN\u00e1jemn\u00edci a n\u00e1v\u0161t\u011bvn\u00edci\u201c","block_context":{"text":"N\u00e1jemn\u00edci a n\u00e1v\u0161t\u011bvn\u00edci","link":"https:\/\/tinnunculus.sy-sy.cz\/index.php\/category\/nasi\/"},"img":{"alt_text":"","src":"https:\/\/i0.wp.com\/tinnunculus.sy-sy.cz\/wp-content\/uploads\/2023\/11\/20231111-1214485473-e1699781714731.jpg?resize=350%2C200","width":350,"height":200,"srcset":"https:\/\/i0.wp.com\/tinnunculus.sy-sy.cz\/wp-content\/uploads\/2023\/11\/20231111-1214485473-e1699781714731.jpg?resize=350%2C200 1x, https:\/\/i0.wp.com\/tinnunculus.sy-sy.cz\/wp-content\/uploads\/2023\/11\/20231111-1214485473-e1699781714731.jpg?resize=525%2C300 1.5x, https:\/\/i0.wp.com\/tinnunculus.sy-sy.cz\/wp-content\/uploads\/2023\/11\/20231111-1214485473-e1699781714731.jpg?resize=700%2C400 2x"},"classes":[]},{"id":45155,"url":"https:\/\/tinnunculus.sy-sy.cz\/index.php\/2025\/12\/05\/predmikulasska-nadilka\/","url_meta":{"origin":27537,"position":3},"title":"P\u0159edmikul\u00e1\u0161sk\u00e1 nad\u00edlka","author":"Zuzana Syrov\u00e1 An\u00fd\u017eov\u00e1","date":"05\/12\/2025","format":false,"excerpt":"Aneb o tom, jak \"na\u0161e\" po\u0161tolky pon\u011bkud p\u0159ed\u010dasn\u011b oslavily sv\u00e1tek svat\u00e9ho Mikul\u00e1\u0161e...","rel":"","context":"V \u201e\"Na\u0161e\" po\u0161tolky\u201c","block_context":{"text":"\"Na\u0161e\" po\u0161tolky","link":"https:\/\/tinnunculus.sy-sy.cz\/index.php\/category\/nasi\/nase-postolky\/"},"img":{"alt_text":"","src":"https:\/\/i0.wp.com\/tinnunculus.sy-sy.cz\/wp-content\/uploads\/2025\/12\/20251204-151626pe-0-1024x576.jpg?resize=350%2C200&ssl=1","width":350,"height":200,"srcset":"https:\/\/i0.wp.com\/tinnunculus.sy-sy.cz\/wp-content\/uploads\/2025\/12\/20251204-151626pe-0-1024x576.jpg?resize=350%2C200&ssl=1 1x, https:\/\/i0.wp.com\/tinnunculus.sy-sy.cz\/wp-content\/uploads\/2025\/12\/20251204-151626pe-0-1024x576.jpg?resize=525%2C300&ssl=1 1.5x"},"classes":[]},{"id":24689,"url":"https:\/\/tinnunculus.sy-sy.cz\/index.php\/2023\/09\/28\/na-svateho-vaclava-babi-leto-nastava\/","url_meta":{"origin":27537,"position":4},"title":"Na svat\u00e9ho V\u00e1clava bab\u00ed l\u00e9to nast\u00e1v\u00e1","author":"Zuzana Syrov\u00e1 An\u00fd\u017eov\u00e1","date":"28\/09\/2023","format":false,"excerpt":"Aneb o tom, jak se \"n\u00e1\u0161\" po\u0161tol\u010d\u00ed p\u00edr v bab\u00edm l\u00e9t\u011b bav\u00ed zah\u00e1n\u011bn\u00edm nezvan\u00fdch n\u00e1v\u0161r\u011bvn\u00edk\u016f.","rel":"","context":"V \u201e\"Na\u0161e\" po\u0161tolky\u201c","block_context":{"text":"\"Na\u0161e\" po\u0161tolky","link":"https:\/\/tinnunculus.sy-sy.cz\/index.php\/category\/nasi\/nase-postolky\/"},"img":{"alt_text":"","src":"https:\/\/i0.wp.com\/tinnunculus.sy-sy.cz\/wp-content\/uploads\/2023\/09\/2023-09-27-1009589811-e1695930391812-1024x576.jpg?resize=350%2C200&ssl=1","width":350,"height":200,"srcset":"https:\/\/i0.wp.com\/tinnunculus.sy-sy.cz\/wp-content\/uploads\/2023\/09\/2023-09-27-1009589811-e1695930391812-1024x576.jpg?resize=350%2C200&ssl=1 1x, https:\/\/i0.wp.com\/tinnunculus.sy-sy.cz\/wp-content\/uploads\/2023\/09\/2023-09-27-1009589811-e1695930391812-1024x576.jpg?resize=525%2C300&ssl=1 1.5x"},"classes":[]},{"id":25093,"url":"https:\/\/tinnunculus.sy-sy.cz\/index.php\/2023\/10\/20\/hrabose-ma-kazdy-rad\/","url_meta":{"origin":27537,"position":5},"title":"Hrabo\u0161e m\u00e1 ka\u017ed\u00fd r\u00e1d","author":"Zuzana Syrov\u00e1 An\u00fd\u017eov\u00e1","date":"20\/10\/2023","format":false,"excerpt":"Aneb o jedn\u00e9 so\u0161e hrabo\u0161e bez hrabo\u0161e a tak\u00e9 o tom, co maj\u00ed spole\u010dn\u00e9ho po\u0161tolky a hrabo\u0161i","rel":"","context":"V \u201eHrabo\u0161 poln\u00ed\u201c","block_context":{"text":"Hrabo\u0161 poln\u00ed","link":"https:\/\/tinnunculus.sy-sy.cz\/index.php\/category\/ostatni-zvirena\/savec\/mys-cs\/hrabos-polni\/"},"img":{"alt_text":"","src":"https:\/\/i0.wp.com\/tinnunculus.sy-sy.cz\/wp-content\/uploads\/2023\/10\/DSCN3945u-scaled-e1697812061277-1024x577.jpg?resize=350%2C200&ssl=1","width":350,"height":200,"srcset":"https:\/\/i0.wp.com\/tinnunculus.sy-sy.cz\/wp-content\/uploads\/2023\/10\/DSCN3945u-scaled-e1697812061277-1024x577.jpg?resize=350%2C200&ssl=1 1x, https:\/\/i0.wp.com\/tinnunculus.sy-sy.cz\/wp-content\/uploads\/2023\/10\/DSCN3945u-scaled-e1697812061277-1024x577.jpg?resize=525%2C300&ssl=1 1.5x"},"classes":[]}],"jetpack_sharing_enabled":true,"_links":{"self":[{"href":"https:\/\/tinnunculus.sy-sy.cz\/index.php\/wp-json\/wp\/v2\/posts\/27537","targetHints":{"allow":["GET"]}}],"collection":[{"href":"https:\/\/tinnunculus.sy-sy.cz\/index.php\/wp-json\/wp\/v2\/posts"}],"about":[{"href":"https:\/\/tinnunculus.sy-sy.cz\/index.php\/wp-json\/wp\/v2\/types\/post"}],"author":[{"embeddable":true,"href":"https:\/\/tinnunculus.sy-sy.cz\/index.php\/wp-json\/wp\/v2\/users\/2"}],"replies":[{"embeddable":true,"href":"https:\/\/tinnunculus.sy-sy.cz\/index.php\/wp-json\/wp\/v2\/comments?post=27537"}],"version-history":[{"count":1,"href":"https:\/\/tinnunculus.sy-sy.cz\/index.php\/wp-json\/wp\/v2\/posts\/27537\/revisions"}],"predecessor-version":[{"id":27541,"href":"https:\/\/tinnunculus.sy-sy.cz\/index.php\/wp-json\/wp\/v2\/posts\/27537\/revisions\/27541"}],"wp:attachment":[{"href":"https:\/\/tinnunculus.sy-sy.cz\/index.php\/wp-json\/wp\/v2\/media?parent=27537"}],"wp:term":[{"taxonomy":"category","embeddable":true,"href":"https:\/\/tinnunculus.sy-sy.cz\/index.php\/wp-json\/wp\/v2\/categories?post=27537"},{"taxonomy":"post_tag","embeddable":true,"href":"https:\/\/tinnunculus.sy-sy.cz\/index.php\/wp-json\/wp\/v2\/tags?post=27537"}],"curies":[{"name":"wp","href":"https:\/\/api.w.org\/{rel}","templated":true}]}}