{"id":273,"date":"2015-12-26T17:41:03","date_gmt":"2015-12-26T16:41:03","guid":{"rendered":"http:\/\/tinnunculus.sy-sy.cz\/index.php\/2015\/12\/26\/vanoce-s-postolkou\/"},"modified":"2026-03-21T08:38:36","modified_gmt":"2026-03-21T07:38:36","slug":"vanoce-s-postolkou","status":"publish","type":"post","link":"https:\/\/tinnunculus.sy-sy.cz\/index.php\/2015\/12\/26\/vanoce-s-postolkou\/","title":{"rendered":"V\u00e1noce s&nbsp;po\u0161tolkou"},"content":{"rendered":"<p>Na \u0161t\u011bdr\u00fd den se v&nbsp;na\u0161\u00ed lod\u017eii objevil op\u011bt v\u00e1no\u010dn\u00ed strome\u010dek. Je to ten z&nbsp;lo\u0148ska, je\u0161t\u011b st\u00e1le zelen\u00fd a&nbsp;pichlav\u00fd&#8230; A&nbsp;jak se slu\u0161\u00ed a&nbsp;pat\u0159\u00ed pat\u0159i\u010dn\u011b v\u00e1no\u010dn\u011b ozdoben\u00fd.<\/p>\n<p>Letos si ho d\u00edky m\u00edrn\u00e9 zim\u011b i&nbsp;zjevn\u00e9mu odhodl\u00e1n\u00ed na\u0161eho po\u0161tol\u010d\u00edho p\u00e1ru nikam neodl\u00e9tat u\u017e\u00edv\u00e1me s&nbsp;po\u0161tolkami. M\u016f\u017ee n\u00e1m z\u00e1vid\u011bt ka\u017ed\u00fd, komu Je\u017e\u00ed\u0161ek pod nebo nad strome\u010dek po\u0161tolku nenad\u011blil&#8230; P\u0159il\u00e9taj\u00ed ka\u017ed\u00fd den t\u011bsn\u011b p\u0159ed z\u00e1padem slunce a&nbsp;odl\u00e9taj\u00ed po&nbsp;jeho v\u00fdchodu. Ob\u010das tak\u00e9 p\u0159istanou na smr\u010dku a&nbsp;z&nbsp;m\u00e1v\u00e1n\u00ed k\u0159\u00eddly a&nbsp;poposkakov\u00e1n\u00ed je z\u0159ejm\u00e9, \u017ee je vskutku pichlav\u00fd.<\/p>\n<p><a href=\"https:\/\/i0.wp.com\/tinnunculus.sy-sy.cz\/wp-content\/uploads\/2015\/12\/20151225-1027098001-e1706394916986.jpg?ssl=1\" target=\"_blank\" rel=\"noopener\"><img data-recalc-dims=\"1\" loading=\"lazy\" decoding=\"async\" data-attachment-id=\"31043\" data-permalink=\"https:\/\/tinnunculus.sy-sy.cz\/index.php\/2015\/12\/26\/vanoce-s-postolkou\/20151225-1027098001\/\" data-orig-file=\"https:\/\/i0.wp.com\/tinnunculus.sy-sy.cz\/wp-content\/uploads\/2015\/12\/20151225-1027098001-e1706394916986.jpg?fit=1038%2C649&amp;ssl=1\" data-orig-size=\"1038,649\" data-comments-opened=\"1\" data-image-meta=\"{&quot;aperture&quot;:&quot;0&quot;,&quot;credit&quot;:&quot;&quot;,&quot;camera&quot;:&quot;&quot;,&quot;caption&quot;:&quot;&quot;,&quot;created_timestamp&quot;:&quot;0&quot;,&quot;copyright&quot;:&quot;&quot;,&quot;focal_length&quot;:&quot;0&quot;,&quot;iso&quot;:&quot;0&quot;,&quot;shutter_speed&quot;:&quot;0&quot;,&quot;title&quot;:&quot;&quot;,&quot;orientation&quot;:&quot;0&quot;}\" data-image-title=\"20151225-1027098001\" data-image-description=\"\" data-image-caption=\"\" data-large-file=\"https:\/\/i0.wp.com\/tinnunculus.sy-sy.cz\/wp-content\/uploads\/2015\/12\/20151225-1027098001-e1706394916986.jpg?fit=525%2C328&amp;ssl=1\" class=\"aligncenter wp-image-31043 size-large\" src=\"https:\/\/i0.wp.com\/tinnunculus.sy-sy.cz\/wp-content\/uploads\/2015\/12\/20151225-1027098001.jpg?resize=525%2C328&#038;ssl=1\" alt=\"\" width=\"525\" height=\"328\" \/><\/a><\/p>\n<div style=\"text-align: center;\"><\/div>\n<div style=\"text-align: center;\"><em>Same\u010dek zah\u00e1n\u011bj\u00edc\u00ed drz\u00e9ho holuba p\u0159ist\u00e1v\u00e1 na \u0161pi\u010dce v\u00e1no\u010dn\u00edho strome\u010dku; 25.12.2015 <\/em><\/div>\n","protected":false},"excerpt":{"rendered":"<p>Na \u0161t\u011bdr\u00fd den se v&nbsp;na\u0161\u00ed lod\u017eii objevil op\u011bt v\u00e1no\u010dn\u00ed strome\u010dek. Je to ten z&nbsp;lo\u0148ska, je\u0161t\u011b st\u00e1le zelen\u00fd a&nbsp;pichlav\u00fd&#8230; A&nbsp;jak se slu\u0161\u00ed a&nbsp;pat\u0159\u00ed pat\u0159i\u010dn\u011b v\u00e1no\u010dn\u011b ozdoben\u00fd. Letos si ho d\u00edky m\u00edrn\u00e9 zim\u011b i&nbsp;zjevn\u00e9mu odhodl\u00e1n\u00ed na\u0161eho po\u0161tol\u010d\u00edho p\u00e1ru nikam neodl\u00e9tat u\u017e\u00edv\u00e1me s&nbsp;po\u0161tolkami. M\u016f\u017ee n\u00e1m z\u00e1vid\u011bt ka\u017ed\u00fd, komu Je\u017e\u00ed\u0161ek pod nebo nad strome\u010dek po\u0161tolku nenad\u011blil&#8230; P\u0159il\u00e9taj\u00ed ka\u017ed\u00fd den &hellip; <\/p>\n<p class=\"link-more\"><a href=\"https:\/\/tinnunculus.sy-sy.cz\/index.php\/2015\/12\/26\/vanoce-s-postolkou\/\" class=\"more-link\">Pokra\u010dovat ve \u010dten\u00ed<span class=\"screen-reader-text\"> &#8222;V\u00e1noce s&nbsp;po\u0161tolkou&#8220;<\/span><\/a><\/p>\n","protected":false},"author":2,"featured_media":0,"comment_status":"closed","ping_status":"open","sticky":false,"template":"","format":"standard","meta":{"jetpack_post_was_ever_published":false,"_jetpack_newsletter_access":"","_jetpack_dont_email_post_to_subs":false,"_jetpack_newsletter_tier_id":0,"_jetpack_memberships_contains_paywalled_content":false,"_jetpack_memberships_contains_paid_content":false,"footnotes":""},"categories":[147,116,105,110,1596],"tags":[90,91,207,76,71],"class_list":["post-273","post","type-post","status-publish","format-standard","hentry","category-nase-postolky","category-nasi","category-postolka","category-postolka-obecna","category-postolky-z-nasi-lodzie","tag-ps_96","tag-ps_95","tag-vanoce","tag-ps_100","tag-ps_97"],"jetpack_featured_media_url":"","jetpack_shortlink":"https:\/\/wp.me\/p91gKE-4p","jetpack-related-posts":[{"id":20297,"url":"https:\/\/tinnunculus.sy-sy.cz\/index.php\/2022\/12\/26\/postolci-vanoce\/","url_meta":{"origin":273,"position":0},"title":"Po\u0161tol\u010d\u00ed v\u00e1noce","author":"Zuzana Syrov\u00e1 An\u00fd\u017eov\u00e1","date":"26\/12\/2022","format":false,"excerpt":"Aneb o tom, jak jsme n\u00e1m a \"na\u0161im\" po\u0161tolk\u00e1m ozdobili v\u00e1no\u010dn\u00ed strome\u010dek a jak na n\u011b zap\u016fsobil.","rel":"","context":"V \u201e\"Na\u0161e\" po\u0161tolky\u201c","block_context":{"text":"\"Na\u0161e\" po\u0161tolky","link":"https:\/\/tinnunculus.sy-sy.cz\/index.php\/category\/nasi\/nase-postolky\/"},"img":{"alt_text":"","src":"https:\/\/i0.wp.com\/tinnunculus.sy-sy.cz\/wp-content\/uploads\/2022\/12\/2022-12-26-0733118402-e1672049232934-1024x576.jpg?resize=350%2C200&ssl=1","width":350,"height":200,"srcset":"https:\/\/i0.wp.com\/tinnunculus.sy-sy.cz\/wp-content\/uploads\/2022\/12\/2022-12-26-0733118402-e1672049232934-1024x576.jpg?resize=350%2C200&ssl=1 1x, https:\/\/i0.wp.com\/tinnunculus.sy-sy.cz\/wp-content\/uploads\/2022\/12\/2022-12-26-0733118402-e1672049232934-1024x576.jpg?resize=525%2C300&ssl=1 1.5x"},"classes":[]},{"id":175,"url":"https:\/\/tinnunculus.sy-sy.cz\/index.php\/2014\/12\/20\/o-vanocnim-stromecku\/","url_meta":{"origin":273,"position":1},"title":"O v\u00e1no\u010dn\u00edm strome\u010dku","author":"Zuzana Syrov\u00e1 An\u00fd\u017eov\u00e1","date":"20\/12\/2014","format":false,"excerpt":"Tak u\u017e je od minul\u00e9 soboty zase v lod\u017eii. Zbrusu nov\u00fd, kontejnerov\u00fd, smrk a k tomu pichlav\u00fd. Je u\u017e od t\u00e9 doby, co zde bydl\u00edme v po\u0159ad\u00ed \u010dtvrt\u00fd. Prvn\u00ed (smr\u010dek p\u0159\u00edmo z lesa) vydr\u017eel nejd\u00e9le, ale to, \u017ee jej nikdo z pov\u011b\u0159en\u00fdch nezalil po dobu na\u0161\u00ed d\u00e9le ne\u017e p\u016flro\u010dn\u00ed nep\u0159\u00edtomnosti\u2026","rel":"","context":"V \u201e\"Na\u0161e\" po\u0161tolky\u201c","block_context":{"text":"\"Na\u0161e\" po\u0161tolky","link":"https:\/\/tinnunculus.sy-sy.cz\/index.php\/category\/nasi\/nase-postolky\/"},"img":{"alt_text":"","src":"https:\/\/i0.wp.com\/tinnunculus.sy-sy.cz\/wp-content\/uploads\/2014\/12\/dsc29644-e1707063541217-1024x710.jpg?resize=350%2C200&ssl=1","width":350,"height":200,"srcset":"https:\/\/i0.wp.com\/tinnunculus.sy-sy.cz\/wp-content\/uploads\/2014\/12\/dsc29644-e1707063541217-1024x710.jpg?resize=350%2C200&ssl=1 1x, https:\/\/i0.wp.com\/tinnunculus.sy-sy.cz\/wp-content\/uploads\/2014\/12\/dsc29644-e1707063541217-1024x710.jpg?resize=525%2C300&ssl=1 1.5x"},"classes":[]},{"id":10120,"url":"https:\/\/tinnunculus.sy-sy.cz\/index.php\/2019\/12\/25\/prece-jen-vanoce\/","url_meta":{"origin":273,"position":2},"title":"P\u0159ece jen v\u00e1noce&#8230;","author":"Zuzana Syrov\u00e1 An\u00fd\u017eov\u00e1","date":"25\/12\/2019","format":"image","excerpt":"Aneb n\u00e1zorn\u00fd doklad toho, \u017ee nejenom \u017ee\u017euli\u010dky a k\u0159epeli\u010dky, \u017ee i drav\u00ed pt\u00e1ci se sl\u00e9taj\u00ed k v\u00e1no\u010dn\u00edmu strome\u010dku.","rel":"","context":"V \u201e\"Na\u0161e\" po\u0161tolky\u201c","block_context":{"text":"\"Na\u0161e\" po\u0161tolky","link":"https:\/\/tinnunculus.sy-sy.cz\/index.php\/category\/nasi\/nase-postolky\/"},"img":{"alt_text":"","src":"https:\/\/i0.wp.com\/tinnunculus.sy-sy.cz\/wp-content\/uploads\/2019\/12\/20191225_11-02-05-1024x576.jpg?resize=350%2C200&ssl=1","width":350,"height":200,"srcset":"https:\/\/i0.wp.com\/tinnunculus.sy-sy.cz\/wp-content\/uploads\/2019\/12\/20191225_11-02-05-1024x576.jpg?resize=350%2C200&ssl=1 1x, https:\/\/i0.wp.com\/tinnunculus.sy-sy.cz\/wp-content\/uploads\/2019\/12\/20191225_11-02-05-1024x576.jpg?resize=525%2C300&ssl=1 1.5x"},"classes":[]},{"id":370,"url":"https:\/\/tinnunculus.sy-sy.cz\/index.php\/2016\/12\/26\/vanocni-navstevnik\/","url_meta":{"origin":273,"position":3},"title":"V\u00e1no\u010dn\u00ed n\u00e1v\u0161t\u011bvn\u00edk","author":"Zuzana Syrov\u00e1 An\u00fd\u017eov\u00e1","date":"26\/12\/2016","format":false,"excerpt":"Narozd\u00edl od roku lo\u0148sk\u00e9ho je v na\u0161\u00ed zimn\u00ed lod\u017eii, v n\u00ed\u017e dosud nebyly dokon\u010deny v\u0161echny stavebn\u00ed \u00fapravy, pom\u011brn\u011b m\u00e1lo ope\u0159en\u00fdch n\u00e1v\u0161t\u011bvn\u00edk\u016f. Zde alespo\u0148 jeden z nich, zachycen\u00fd v okam\u017eiku, kdy asistoval zdoben\u00ed v\u00e1no\u010dn\u00edho strome\u010dku: \u00a0","rel":"","context":"V \u201eN\u00e1jemn\u00edci a n\u00e1v\u0161t\u011bvn\u00edci\u201c","block_context":{"text":"N\u00e1jemn\u00edci a n\u00e1v\u0161t\u011bvn\u00edci","link":"https:\/\/tinnunculus.sy-sy.cz\/index.php\/category\/nasi\/"},"img":{"alt_text":"","src":"https:\/\/i0.wp.com\/tinnunculus.sy-sy.cz\/wp-content\/uploads\/2016\/12\/DSC_0951-1024x681.jpg?resize=350%2C200&ssl=1","width":350,"height":200,"srcset":"https:\/\/i0.wp.com\/tinnunculus.sy-sy.cz\/wp-content\/uploads\/2016\/12\/DSC_0951-1024x681.jpg?resize=350%2C200&ssl=1 1x, https:\/\/i0.wp.com\/tinnunculus.sy-sy.cz\/wp-content\/uploads\/2016\/12\/DSC_0951-1024x681.jpg?resize=525%2C300&ssl=1 1.5x"},"classes":[]},{"id":10066,"url":"https:\/\/tinnunculus.sy-sy.cz\/index.php\/2019\/12\/13\/jaky-darek-pod-stromecek\/","url_meta":{"origin":273,"position":4},"title":"Jak\u00fd d\u00e1rek pod strome\u010dek?","author":"Zuzana Syrov\u00e1 An\u00fd\u017eov\u00e1","date":"13\/12\/2019","format":false,"excerpt":"Aneb o tom, jak se \"na\u0161e\" po\u0161tolky p\u0159ipravuj\u00ed na v\u00e1noce a jak\u00e9 d\u00e1rky si chystaj\u00ed pod strome\u010dek.","rel":"","context":"V \u201e\"Na\u0161e\" po\u0161tolky\u201c","block_context":{"text":"\"Na\u0161e\" po\u0161tolky","link":"https:\/\/tinnunculus.sy-sy.cz\/index.php\/category\/nasi\/nase-postolky\/"},"img":{"alt_text":"","src":"https:\/\/i0.wp.com\/tinnunculus.sy-sy.cz\/wp-content\/uploads\/2019\/12\/20191212-2250003160uprav-1024x576.jpg?resize=350%2C200&ssl=1","width":350,"height":200,"srcset":"https:\/\/i0.wp.com\/tinnunculus.sy-sy.cz\/wp-content\/uploads\/2019\/12\/20191212-2250003160uprav-1024x576.jpg?resize=350%2C200&ssl=1 1x, https:\/\/i0.wp.com\/tinnunculus.sy-sy.cz\/wp-content\/uploads\/2019\/12\/20191212-2250003160uprav-1024x576.jpg?resize=525%2C300&ssl=1 1.5x"},"classes":[]},{"id":45457,"url":"https:\/\/tinnunculus.sy-sy.cz\/index.php\/2025\/12\/26\/vanocni\/","url_meta":{"origin":273,"position":5},"title":"V\u00e1no\u010dn\u00ed","author":"Zuzana Syrov\u00e1 An\u00fd\u017eov\u00e1","date":"26\/12\/2025","format":false,"excerpt":"Aneb o tom, jak \"na\u0161e\" po\u0161tolky tr\u00e1v\u00ed v\u00e1noce\u2026","rel":"","context":"V \u201e\"Na\u0161e\" po\u0161tolky\u201c","block_context":{"text":"\"Na\u0161e\" po\u0161tolky","link":"https:\/\/tinnunculus.sy-sy.cz\/index.php\/category\/nasi\/nase-postolky\/"},"img":{"alt_text":"","src":"https:\/\/i0.wp.com\/tinnunculus.sy-sy.cz\/wp-content\/uploads\/2025\/12\/20251226-072839pe-0-1024x576.jpg?resize=350%2C200&ssl=1","width":350,"height":200,"srcset":"https:\/\/i0.wp.com\/tinnunculus.sy-sy.cz\/wp-content\/uploads\/2025\/12\/20251226-072839pe-0-1024x576.jpg?resize=350%2C200&ssl=1 1x, https:\/\/i0.wp.com\/tinnunculus.sy-sy.cz\/wp-content\/uploads\/2025\/12\/20251226-072839pe-0-1024x576.jpg?resize=525%2C300&ssl=1 1.5x"},"classes":[]}],"jetpack_sharing_enabled":true,"_links":{"self":[{"href":"https:\/\/tinnunculus.sy-sy.cz\/index.php\/wp-json\/wp\/v2\/posts\/273","targetHints":{"allow":["GET"]}}],"collection":[{"href":"https:\/\/tinnunculus.sy-sy.cz\/index.php\/wp-json\/wp\/v2\/posts"}],"about":[{"href":"https:\/\/tinnunculus.sy-sy.cz\/index.php\/wp-json\/wp\/v2\/types\/post"}],"author":[{"embeddable":true,"href":"https:\/\/tinnunculus.sy-sy.cz\/index.php\/wp-json\/wp\/v2\/users\/2"}],"replies":[{"embeddable":true,"href":"https:\/\/tinnunculus.sy-sy.cz\/index.php\/wp-json\/wp\/v2\/comments?post=273"}],"version-history":[{"count":2,"href":"https:\/\/tinnunculus.sy-sy.cz\/index.php\/wp-json\/wp\/v2\/posts\/273\/revisions"}],"predecessor-version":[{"id":31044,"href":"https:\/\/tinnunculus.sy-sy.cz\/index.php\/wp-json\/wp\/v2\/posts\/273\/revisions\/31044"}],"wp:attachment":[{"href":"https:\/\/tinnunculus.sy-sy.cz\/index.php\/wp-json\/wp\/v2\/media?parent=273"}],"wp:term":[{"taxonomy":"category","embeddable":true,"href":"https:\/\/tinnunculus.sy-sy.cz\/index.php\/wp-json\/wp\/v2\/categories?post=273"},{"taxonomy":"post_tag","embeddable":true,"href":"https:\/\/tinnunculus.sy-sy.cz\/index.php\/wp-json\/wp\/v2\/tags?post=273"}],"curies":[{"name":"wp","href":"https:\/\/api.w.org\/{rel}","templated":true}]}}