{"id":272,"date":"2015-11-28T08:44:07","date_gmt":"2015-11-28T07:44:07","guid":{"rendered":"http:\/\/tinnunculus.sy-sy.cz\/index.php\/2015\/11\/28\/vanocni-darek\/"},"modified":"2025-12-14T19:28:41","modified_gmt":"2025-12-14T18:28:41","slug":"vanocni-darek","status":"publish","type":"post","link":"https:\/\/tinnunculus.sy-sy.cz\/index.php\/2015\/11\/28\/vanocni-darek\/","title":{"rendered":"V\u00e1no\u010dn\u00ed d\u00e1rek?"},"content":{"rendered":"<p>Budou u\u017e za necel\u00fd m\u011bs\u00edc. Pamatujete si, jak se slavili v\u00e1noce v&nbsp;Babi\u010dce Bo\u017eeny N\u011bmcov\u00e9? I&nbsp;dr\u016fbe\u017e a&nbsp;dobytek dostaly v\u00e1no\u010dky&#8230;<\/p>\n<p>Misku je mo\u017eno naplnit i&nbsp;zv\u00ed\u0159\u00e1tk\u016fm, kter\u00e9 se ocitla v&nbsp;do\u010dasn\u00e9 nebo trval\u00e9 p\u00e9\u010di z\u00e1chrann\u00fdch stanic. T\u0159eba koup\u00ed pln\u00e9 misky pro po\u0161toky a&nbsp;je\u0161t\u011b V\u00e1m bude odm\u011bnou <a href=\"https:\/\/certifikaty.zvirevnouzi.cz\/produkt\/plna-miska-pro-postolky\/\" target=\"_blank\" rel=\"noopener noreferrer\">darovac\u00ed certifik\u00e1t<\/a>:<\/p>\n<p><a href=\"https:\/\/i0.wp.com\/tinnunculus.sy-sy.cz\/wp-content\/uploads\/2015\/11\/zvire_v_nouzi-e1706426458930.jpg?ssl=1\" target=\"_blank\" rel=\"noopener\"><img data-recalc-dims=\"1\" loading=\"lazy\" decoding=\"async\" data-attachment-id=\"31046\" data-permalink=\"https:\/\/tinnunculus.sy-sy.cz\/index.php\/2015\/11\/28\/vanocni-darek\/zvire_v_nouzi\/\" data-orig-file=\"https:\/\/i0.wp.com\/tinnunculus.sy-sy.cz\/wp-content\/uploads\/2015\/11\/zvire_v_nouzi-e1706426458930.jpg?fit=1038%2C778&amp;ssl=1\" data-orig-size=\"1038,778\" data-comments-opened=\"1\" data-image-meta=\"{&quot;aperture&quot;:&quot;0&quot;,&quot;credit&quot;:&quot;&quot;,&quot;camera&quot;:&quot;&quot;,&quot;caption&quot;:&quot;&quot;,&quot;created_timestamp&quot;:&quot;0&quot;,&quot;copyright&quot;:&quot;&quot;,&quot;focal_length&quot;:&quot;0&quot;,&quot;iso&quot;:&quot;0&quot;,&quot;shutter_speed&quot;:&quot;0&quot;,&quot;title&quot;:&quot;&quot;,&quot;orientation&quot;:&quot;0&quot;}\" data-image-title=\"zvire_v_nouzi\" data-image-description=\"\" data-image-caption=\"\" data-large-file=\"https:\/\/i0.wp.com\/tinnunculus.sy-sy.cz\/wp-content\/uploads\/2015\/11\/zvire_v_nouzi-e1706426458930.jpg?fit=525%2C394&amp;ssl=1\" class=\"aligncenter wp-image-31046 size-large\" src=\"https:\/\/i0.wp.com\/tinnunculus.sy-sy.cz\/wp-content\/uploads\/2015\/11\/zvire_v_nouzi.jpg?resize=525%2C394&#038;ssl=1\" alt=\"\" width=\"525\" height=\"394\" \/><\/a><\/p>\n<p>A t\u011bm ostatn\u00edm m\u016f\u017eete prosp\u011bt t\u0159eba tak, \u017ee je u&nbsp;sebe nech\u00e1te bydlet&#8230;<\/p>\n","protected":false},"excerpt":{"rendered":"<p>Budou u\u017e za necel\u00fd m\u011bs\u00edc. Pamatujete si, jak se slavili v\u00e1noce v&nbsp;Babi\u010dce Bo\u017eeny N\u011bmcov\u00e9? I&nbsp;dr\u016fbe\u017e a&nbsp;dobytek dostaly v\u00e1no\u010dky&#8230; Misku je mo\u017eno naplnit i&nbsp;zv\u00ed\u0159\u00e1tk\u016fm, kter\u00e9 se ocitla v&nbsp;do\u010dasn\u00e9 nebo trval\u00e9 p\u00e9\u010di z\u00e1chrann\u00fdch stanic. T\u0159eba koup\u00ed pln\u00e9 misky pro po\u0161toky a&nbsp;je\u0161t\u011b V\u00e1m bude odm\u011bnou darovac\u00ed certifik\u00e1t: A&nbsp;t\u011bm ostatn\u00edm m\u016f\u017eete prosp\u011bt t\u0159eba tak, \u017ee je u&nbsp;sebe nech\u00e1te &hellip; <\/p>\n<p class=\"link-more\"><a href=\"https:\/\/tinnunculus.sy-sy.cz\/index.php\/2015\/11\/28\/vanocni-darek\/\" class=\"more-link\">Pokra\u010dovat ve \u010dten\u00ed<span class=\"screen-reader-text\"> &#8222;V\u00e1no\u010dn\u00ed d\u00e1rek?&#8220;<\/span><\/a><\/p>\n","protected":false},"author":2,"featured_media":0,"comment_status":"closed","ping_status":"open","sticky":false,"template":"","format":"standard","meta":{"jetpack_post_was_ever_published":false,"_jetpack_newsletter_access":"","_jetpack_dont_email_post_to_subs":false,"_jetpack_newsletter_tier_id":0,"_jetpack_memberships_contains_paywalled_content":false,"_jetpack_memberships_contains_paid_content":false,"footnotes":""},"categories":[105,110,108],"tags":[91,207,35],"class_list":["post-272","post","type-post","status-publish","format-standard","hentry","category-postolka","category-postolka-obecna","category-ostatni-zvirena","tag-ps_95","tag-vanoce","tag-ps_34"],"jetpack_featured_media_url":"","jetpack_shortlink":"https:\/\/wp.me\/p91gKE-4o","jetpack-related-posts":[{"id":10120,"url":"https:\/\/tinnunculus.sy-sy.cz\/index.php\/2019\/12\/25\/prece-jen-vanoce\/","url_meta":{"origin":272,"position":0},"title":"P\u0159ece jen v\u00e1noce&#8230;","author":"Zuzana Syrov\u00e1 An\u00fd\u017eov\u00e1","date":"25\/12\/2019","format":"image","excerpt":"Aneb n\u00e1zorn\u00fd doklad toho, \u017ee nejenom \u017ee\u017euli\u010dky a k\u0159epeli\u010dky, \u017ee i drav\u00ed pt\u00e1ci se sl\u00e9taj\u00ed k v\u00e1no\u010dn\u00edmu strome\u010dku.","rel":"","context":"V \u201e\"Na\u0161e\" po\u0161tolky\u201c","block_context":{"text":"\"Na\u0161e\" po\u0161tolky","link":"https:\/\/tinnunculus.sy-sy.cz\/index.php\/category\/nasi\/nase-postolky\/"},"img":{"alt_text":"","src":"https:\/\/i0.wp.com\/tinnunculus.sy-sy.cz\/wp-content\/uploads\/2019\/12\/20191225_11-02-05-1024x576.jpg?resize=350%2C200&ssl=1","width":350,"height":200,"srcset":"https:\/\/i0.wp.com\/tinnunculus.sy-sy.cz\/wp-content\/uploads\/2019\/12\/20191225_11-02-05-1024x576.jpg?resize=350%2C200&ssl=1 1x, https:\/\/i0.wp.com\/tinnunculus.sy-sy.cz\/wp-content\/uploads\/2019\/12\/20191225_11-02-05-1024x576.jpg?resize=525%2C300&ssl=1 1.5x"},"classes":[]},{"id":360,"url":"https:\/\/tinnunculus.sy-sy.cz\/index.php\/2016\/06\/25\/leto-cas-koupani\/","url_meta":{"origin":272,"position":1},"title":"L\u00e9to, \u010das koup\u00e1n\u00ed","author":"Zuzana Syrov\u00e1 An\u00fd\u017eov\u00e1","date":"25\/06\/2016","format":false,"excerpt":"Pokud je horko, a \u017ee horko opravdu v posledn\u00edch dvou dnech bylo, ocen\u00ed i po\u0161tol\u010de koupadlo. M\u016f\u017ee to b\u00fdt i star\u00e1 miska pod kv\u011btin\u00e1\u010d. Opravdu si to v\u010dera u\u017e\u00edvalo:","rel":"","context":"V \u201e\"Na\u0161e\" po\u0161tolky\u201c","block_context":{"text":"\"Na\u0161e\" po\u0161tolky","link":"https:\/\/tinnunculus.sy-sy.cz\/index.php\/category\/nasi\/nase-postolky\/"},"img":{"alt_text":"","src":"","width":0,"height":0},"classes":[]},{"id":20297,"url":"https:\/\/tinnunculus.sy-sy.cz\/index.php\/2022\/12\/26\/postolci-vanoce\/","url_meta":{"origin":272,"position":2},"title":"Po\u0161tol\u010d\u00ed v\u00e1noce","author":"Zuzana Syrov\u00e1 An\u00fd\u017eov\u00e1","date":"26\/12\/2022","format":false,"excerpt":"Aneb o tom, jak jsme n\u00e1m a \"na\u0161im\" po\u0161tolk\u00e1m ozdobili v\u00e1no\u010dn\u00ed strome\u010dek a jak na n\u011b zap\u016fsobil.","rel":"","context":"V \u201e\"Na\u0161e\" po\u0161tolky\u201c","block_context":{"text":"\"Na\u0161e\" po\u0161tolky","link":"https:\/\/tinnunculus.sy-sy.cz\/index.php\/category\/nasi\/nase-postolky\/"},"img":{"alt_text":"","src":"https:\/\/i0.wp.com\/tinnunculus.sy-sy.cz\/wp-content\/uploads\/2022\/12\/2022-12-26-0733118402-e1672049232934-1024x576.jpg?resize=350%2C200&ssl=1","width":350,"height":200,"srcset":"https:\/\/i0.wp.com\/tinnunculus.sy-sy.cz\/wp-content\/uploads\/2022\/12\/2022-12-26-0733118402-e1672049232934-1024x576.jpg?resize=350%2C200&ssl=1 1x, https:\/\/i0.wp.com\/tinnunculus.sy-sy.cz\/wp-content\/uploads\/2022\/12\/2022-12-26-0733118402-e1672049232934-1024x576.jpg?resize=525%2C300&ssl=1 1.5x"},"classes":[]},{"id":273,"url":"https:\/\/tinnunculus.sy-sy.cz\/index.php\/2015\/12\/26\/vanoce-s-postolkou\/","url_meta":{"origin":272,"position":3},"title":"V\u00e1noce s&nbsp;po\u0161tolkou","author":"Zuzana Syrov\u00e1 An\u00fd\u017eov\u00e1","date":"26\/12\/2015","format":false,"excerpt":"Na \u0161t\u011bdr\u00fd den se v na\u0161\u00ed lod\u017eii objevil op\u011bt v\u00e1no\u010dn\u00ed strome\u010dek. Je to ten z lo\u0148ska, je\u0161t\u011b st\u00e1le zelen\u00fd a pichlav\u00fd... A jak se slu\u0161\u00ed a pat\u0159\u00ed pat\u0159i\u010dn\u011b v\u00e1no\u010dn\u011b ozdoben\u00fd. Letos si ho d\u00edky m\u00edrn\u00e9 zim\u011b i zjevn\u00e9mu odhodl\u00e1n\u00ed na\u0161eho po\u0161tol\u010d\u00edho p\u00e1ru nikam neodl\u00e9tat u\u017e\u00edv\u00e1me s po\u0161tolkami. M\u016f\u017ee n\u00e1m z\u00e1vid\u011bt\u2026","rel":"","context":"V \u201e\"Na\u0161e\" po\u0161tolky\u201c","block_context":{"text":"\"Na\u0161e\" po\u0161tolky","link":"https:\/\/tinnunculus.sy-sy.cz\/index.php\/category\/nasi\/nase-postolky\/"},"img":{"alt_text":"","src":"https:\/\/i0.wp.com\/tinnunculus.sy-sy.cz\/wp-content\/uploads\/2015\/12\/20151225-1027098001-1024x640.jpg?resize=350%2C200&ssl=1","width":350,"height":200,"srcset":"https:\/\/i0.wp.com\/tinnunculus.sy-sy.cz\/wp-content\/uploads\/2015\/12\/20151225-1027098001-1024x640.jpg?resize=350%2C200&ssl=1 1x, https:\/\/i0.wp.com\/tinnunculus.sy-sy.cz\/wp-content\/uploads\/2015\/12\/20151225-1027098001-1024x640.jpg?resize=525%2C300&ssl=1 1.5x"},"classes":[]},{"id":10109,"url":"https:\/\/tinnunculus.sy-sy.cz\/index.php\/2019\/12\/16\/vanoce-nebo-velikonoce\/","url_meta":{"origin":272,"position":4},"title":"V\u00e1noce nebo velikonoce?","author":"Zuzana Syrov\u00e1 An\u00fd\u017eov\u00e1","date":"16\/12\/2019","format":false,"excerpt":"Aneb o tom, jak to u n\u00e1s za\u010d\u00edn\u00e1 vypadat sp\u00ed\u0161e jako p\u0159ed velikonocemi ne\u017e p\u0159ed v\u00e1nocemi.","rel":"","context":"V \u201e\"Na\u0161e\" po\u0161tolky\u201c","block_context":{"text":"\"Na\u0161e\" po\u0161tolky","link":"https:\/\/tinnunculus.sy-sy.cz\/index.php\/category\/nasi\/nase-postolky\/"},"img":{"alt_text":"","src":"https:\/\/i0.wp.com\/tinnunculus.sy-sy.cz\/wp-content\/uploads\/2019\/12\/20191216-1709002228_uprav-1024x685.jpg?resize=350%2C200&ssl=1","width":350,"height":200,"srcset":"https:\/\/i0.wp.com\/tinnunculus.sy-sy.cz\/wp-content\/uploads\/2019\/12\/20191216-1709002228_uprav-1024x685.jpg?resize=350%2C200&ssl=1 1x, https:\/\/i0.wp.com\/tinnunculus.sy-sy.cz\/wp-content\/uploads\/2019\/12\/20191216-1709002228_uprav-1024x685.jpg?resize=525%2C300&ssl=1 1.5x"},"classes":[]},{"id":6881,"url":"https:\/\/tinnunculus.sy-sy.cz\/index.php\/2018\/12\/23\/kalendarium-2019\/","url_meta":{"origin":272,"position":5},"title":"Kalend\u00e1rium 2019","author":"Zuzana Syrov\u00e1 An\u00fd\u017eov\u00e1","date":"23\/12\/2018","format":false,"excerpt":"Aneb tradi\u010dn\u00ed po\u0161tol\u010d\u00ed kalend\u00e1\u0159. Letos je\u0161t\u011b p\u0159ed v\u00e1nocemi...","rel":"","context":"V \u201e\"Na\u0161e\" po\u0161tolky\u201c","block_context":{"text":"\"Na\u0161e\" po\u0161tolky","link":"https:\/\/tinnunculus.sy-sy.cz\/index.php\/category\/nasi\/nase-postolky\/"},"img":{"alt_text":"","src":"","width":0,"height":0},"classes":[]}],"jetpack_sharing_enabled":true,"_links":{"self":[{"href":"https:\/\/tinnunculus.sy-sy.cz\/index.php\/wp-json\/wp\/v2\/posts\/272","targetHints":{"allow":["GET"]}}],"collection":[{"href":"https:\/\/tinnunculus.sy-sy.cz\/index.php\/wp-json\/wp\/v2\/posts"}],"about":[{"href":"https:\/\/tinnunculus.sy-sy.cz\/index.php\/wp-json\/wp\/v2\/types\/post"}],"author":[{"embeddable":true,"href":"https:\/\/tinnunculus.sy-sy.cz\/index.php\/wp-json\/wp\/v2\/users\/2"}],"replies":[{"embeddable":true,"href":"https:\/\/tinnunculus.sy-sy.cz\/index.php\/wp-json\/wp\/v2\/comments?post=272"}],"version-history":[{"count":3,"href":"https:\/\/tinnunculus.sy-sy.cz\/index.php\/wp-json\/wp\/v2\/posts\/272\/revisions"}],"predecessor-version":[{"id":44486,"href":"https:\/\/tinnunculus.sy-sy.cz\/index.php\/wp-json\/wp\/v2\/posts\/272\/revisions\/44486"}],"wp:attachment":[{"href":"https:\/\/tinnunculus.sy-sy.cz\/index.php\/wp-json\/wp\/v2\/media?parent=272"}],"wp:term":[{"taxonomy":"category","embeddable":true,"href":"https:\/\/tinnunculus.sy-sy.cz\/index.php\/wp-json\/wp\/v2\/categories?post=272"},{"taxonomy":"post_tag","embeddable":true,"href":"https:\/\/tinnunculus.sy-sy.cz\/index.php\/wp-json\/wp\/v2\/tags?post=272"}],"curies":[{"name":"wp","href":"https:\/\/api.w.org\/{rel}","templated":true}]}}