{"id":2699,"date":"2017-12-27T00:41:07","date_gmt":"2017-12-26T23:41:07","guid":{"rendered":"http:\/\/tinnunculus.sy-sy.cz\/?p=2699"},"modified":"2025-12-14T16:35:43","modified_gmt":"2025-12-14T15:35:43","slug":"o-ptacich-a-darech-vanocnich","status":"publish","type":"post","link":"https:\/\/tinnunculus.sy-sy.cz\/index.php\/2017\/12\/27\/o-ptacich-a-darech-vanocnich\/","title":{"rendered":"O pt\u00e1c\u00edch a&nbsp;darech v\u00e1no\u010dn\u00edch"},"content":{"rendered":"<p>P\u0159i hled\u00e1n\u00ed v\u00e1no\u010dn\u00edch zm\u00ednek o&nbsp;po\u0161tolk\u00e1ch jsme potkali i&nbsp;jin\u00e9 ptactvo a&nbsp;pta\u010d\u00ed souvislosti, kter\u00e9\u00a0 dlu\u017eno zm\u00ednit.<\/p>\n<p><img data-recalc-dims=\"1\" loading=\"lazy\" decoding=\"async\" data-attachment-id=\"2709\" data-permalink=\"https:\/\/tinnunculus.sy-sy.cz\/index.php\/2017\/12\/27\/o-ptacich-a-darech-vanocnich\/koroptevpolni\/\" data-orig-file=\"https:\/\/i0.wp.com\/tinnunculus.sy-sy.cz\/wp-content\/uploads\/2017\/12\/KoroptevPolni-e1514325361747.jpg?fit=1038%2C692&amp;ssl=1\" data-orig-size=\"1038,692\" data-comments-opened=\"1\" data-image-meta=\"{&quot;aperture&quot;:&quot;0&quot;,&quot;credit&quot;:&quot;&quot;,&quot;camera&quot;:&quot;&quot;,&quot;caption&quot;:&quot;&quot;,&quot;created_timestamp&quot;:&quot;0&quot;,&quot;copyright&quot;:&quot;&quot;,&quot;focal_length&quot;:&quot;0&quot;,&quot;iso&quot;:&quot;0&quot;,&quot;shutter_speed&quot;:&quot;0&quot;,&quot;title&quot;:&quot;&quot;,&quot;orientation&quot;:&quot;0&quot;}\" data-image-title=\"KoroptevPolni\" data-image-description=\"\" data-image-caption=\"\" data-large-file=\"https:\/\/i0.wp.com\/tinnunculus.sy-sy.cz\/wp-content\/uploads\/2017\/12\/KoroptevPolni-e1514325361747.jpg?fit=525%2C350&amp;ssl=1\" class=\"alignnone wp-image-2709 size-large\" src=\"https:\/\/i0.wp.com\/tinnunculus.sy-sy.cz\/wp-content\/uploads\/2017\/12\/KoroptevPolni.jpg?resize=525%2C350&#038;ssl=1\" alt=\"\" width=\"525\" height=\"350\" \/><\/p>\n<p style=\"text-align: center;\"><em>Koroptev poln\u00ed; sn\u00edmek K.Pitk (Own work) [<a href=\"https:\/\/creativecommons.org\/licenses\/by-sa\/3.0\">CC BY-SA 3.0<\/a>], <a href=\"https:\/\/commons.wikimedia.org\/wiki\/File%3ANurmkanad.jpg\">via Wikimedia Commons<\/a><\/em><\/p>\n<p style=\"text-align: left;\">Koledy \u010desk\u00e9 i&nbsp;moravsk\u00e9 rozhodn\u011b nejsou na v\u00fdskyt ptactva chud\u00e9.\u00a0 a&nbsp;to ani tehdy, kdy\u017e\u2026<\/p>\n<blockquote>\n<p style=\"text-align: left;\"><em>Nen\u00ed pt\u00e1\u010dka, ani k\u0159epelice<br \/>\n<\/em><em>sam\u00e9 zimy, sam\u00e9 zimy, sam\u00e9 metelice<\/em><\/p>\n<\/blockquote>\n<p style=\"text-align: left;\">\u2026, jak se zp\u00edv\u00e1 v&nbsp;jedn\u00e9 z&nbsp;nich (<a href=\"http:\/\/www.hradistan.cz\/diskografie\/moravske-koledy\/text\/byla-cesta-byla-uslapana\" target=\"_blank\" rel=\"noopener\">Byla cesta byla u\u0161lapan\u00e1<\/a>).<!--more--><\/p>\n<p style=\"text-align: left;\">Je tu pochopiteln\u011b velezn\u00e1m\u00e1 koleda J\u00e1 bych r\u00e1d k&nbsp;Betl\u00e9mu, v&nbsp;n\u00ed\u017e bude \u017ee\u017euli\u010dka i&nbsp;k\u0159epeli\u010dka vyr\u00e1\u017eet Je\u017e\u00ed\u0161ka.\u00a0 Slav\u00ed\u010dek tlu\u010de, hrdli\u010dka cukruje, holoubek houk\u00e1 a&nbsp;\u017ee\u017eulenka se oz\u00fdv\u00e1 v&nbsp;koled\u011b\u00a0<a href=\"http:\/\/www.hradistan.cz\/diskografie\/moravske-koledy\/text\/co-to-ten-slavicek\" target=\"_blank\" rel=\"noopener\">Co to ten slav\u00ed\u010dek<\/a>.<\/p>\n<p style=\"text-align: left;\">Je\u0161t\u011b v\u00edce ope\u0159enc\u016f se vyskytuje v&nbsp;koled\u011b <a href=\"http:\/\/www.hradistan.cz\/diskografie\/moravske-koledy\/text\/sem-pospeste-ptacatka\" target=\"_blank\" rel=\"noopener\">Sem posp\u011b\u0161te pt\u00e1\u010d\u00e1tka<\/a>:<\/p>\n<div class=\"text2\">\n<div>\n<blockquote><p>Sem, sem, jarn\u00ed slav\u00ed\u010dku, \u010di\u017e\u00ed\u010dku,<br \/>\nzp\u00edvej libou p\u00edsni\u010dku.<br \/>\nSpi, spi, n\u00e1\u0161 Je\u017e\u00ed\u0161ku spi.<\/p>\n<p>\u010ci\u017e\u00ed\u010dek pok\u0159ikuje, pok\u0159ikuje,<br \/>\nhrdli\u010dka mu cukruje.<br \/>\nSpi, spi, n\u00e1\u0161 Je\u017e\u00ed\u0161ku spi.<\/p>\n<p>S\u00fdkorka ho v\u00edt\u00e1 k&nbsp;n\u00e1m, v\u00edt\u00e1 k&nbsp;n\u00e1m,<br \/>\nty jsi v\u0161eho sv\u011bta P\u00e1n.<br \/>\nSpi, spi, n\u00e1\u0161 Je\u017e\u00ed\u0161ku spi.<\/p>\n<p>Zezulenka mu kuk\u00e1, mu kuk\u00e1,<br \/>\nhol\u00fabek jemu vrk\u00e1.<br \/>\nSpi, spi, n\u00e1\u0161 Je\u017e\u00ed\u0161ku spi.<\/p><\/blockquote>\n<p>A najdeme i&nbsp;ope\u0159ence v&nbsp;koled\u00e1ch m\u00e9n\u011b \u010dast\u00e9:<\/p>\n<blockquote><p><em>Vylet\u011bla<\/em> sojka<em> z&nbsp;druhej strany h\u00e1jka,<\/em><br \/>\n<em>p\u00e1sli ovce pastu\u0161kov\u00e9, jedli ka\u0161u z&nbsp;hrnka.<\/em><\/p><\/blockquote>\n<p>Koroptev, kterou jsme pou\u017eili jako prvn\u00ed ilustraci, ale pat\u0159\u00ed do koledy anglick\u00e9. T\u00e9 o&nbsp;dvan\u00e1cti dnech v\u00e1no\u010dn\u00ed &#8222;The Twelve Days of Christmas&#8220;, jej\u00ed\u017e prvn\u00ed ti\u0161t\u011bn\u00e1 verze poch\u00e1z\u00ed z&nbsp;roku 1780 (Anonymous (1780). <em>Mirth without Mischief<\/em>. London: Printed by J. Davenport, George&#8217;s&nbsp;Court, for C. Sheppard, no. 8, Aylesbury Street, Clerkenwell. s.\u00a05\u201316). Je z\u0159ejm\u011b francouzsk\u00e9ho p\u016fvodu a\u00a0 tak\u00e9 star\u0161\u00ed (i&nbsp;proto, \u017ee prvn\u00ed koroptve se dotaly do Anglie z&nbsp;Francie a\u017e koncem 70.&nbsp;let 18.&nbsp;stolet\u00ed). V&nbsp;koled\u011b se vyjmenov\u00e1vaj\u00ed dary, kter\u00fd ka\u017ed\u00fd v\u00e1no\u010dn\u00ed den poslala mil\u00e1 sv\u00e9mu mil\u00e9mu. Jej\u00ed text a&nbsp;rozbor najdete i&nbsp;na Wikipedii (<a href=\"https:\/\/en.wikipedia.org\/wiki\/The_Twelve_Days_of_Christmas_(song)\" target=\"_blank\" rel=\"noopener\">The Twelve Days of Christmas (song)<\/a>),\u00a0 A&nbsp;mezi d\u00e1rky je hned n\u011bkolik pt\u00e1k\u016f co do druh\u016f i&nbsp;po\u010dtu:<\/p>\n<blockquote><p>On the First day of Christmas my true love sent to me<br \/>\na&nbsp;Partridge in a&nbsp;Pear Tree.<\/p><\/blockquote>\n<p>Tedy:<\/p>\n<blockquote><p>Prvn\u00ed den V\u00e1noc mi m\u00e1 l\u00e1ska poslala<br \/>\nkoroptev na hru\u0161ni.<\/p><\/blockquote>\n<p><img data-recalc-dims=\"1\" loading=\"lazy\" decoding=\"async\" data-attachment-id=\"2713\" data-permalink=\"https:\/\/tinnunculus.sy-sy.cz\/index.php\/2017\/12\/27\/o-ptacich-a-darech-vanocnich\/christmas-stamps5\/\" data-orig-file=\"https:\/\/i0.wp.com\/tinnunculus.sy-sy.cz\/wp-content\/uploads\/2017\/12\/christmas-stamps5.jpg?fit=600%2C300&amp;ssl=1\" data-orig-size=\"600,300\" data-comments-opened=\"1\" data-image-meta=\"{&quot;aperture&quot;:&quot;0&quot;,&quot;credit&quot;:&quot;&quot;,&quot;camera&quot;:&quot;&quot;,&quot;caption&quot;:&quot;&quot;,&quot;created_timestamp&quot;:&quot;0&quot;,&quot;copyright&quot;:&quot;&quot;,&quot;focal_length&quot;:&quot;0&quot;,&quot;iso&quot;:&quot;0&quot;,&quot;shutter_speed&quot;:&quot;0&quot;,&quot;title&quot;:&quot;&quot;,&quot;orientation&quot;:&quot;0&quot;}\" data-image-title=\"christmas-stamps5\" data-image-description=\"\" data-image-caption=\"\" data-large-file=\"https:\/\/i0.wp.com\/tinnunculus.sy-sy.cz\/wp-content\/uploads\/2017\/12\/christmas-stamps5.jpg?fit=525%2C263&amp;ssl=1\" class=\"size-full wp-image-2713 aligncenter\" src=\"https:\/\/i0.wp.com\/tinnunculus.sy-sy.cz\/wp-content\/uploads\/2017\/12\/christmas-stamps5.jpg?resize=525%2C263&#038;ssl=1\" alt=\"\" width=\"525\" height=\"263\" srcset=\"https:\/\/i0.wp.com\/tinnunculus.sy-sy.cz\/wp-content\/uploads\/2017\/12\/christmas-stamps5.jpg?w=600&amp;ssl=1 600w, https:\/\/i0.wp.com\/tinnunculus.sy-sy.cz\/wp-content\/uploads\/2017\/12\/christmas-stamps5.jpg?resize=300%2C150&amp;ssl=1 300w\" sizes=\"auto, (max-width: 525px) 100vw, 525px\" \/><\/p>\n<p style=\"text-align: center;\"><em>The Twelve Days of Christmas na zn\u00e1mk\u00e1ch britsk\u00e9 po\u0161ty z&nbsp;roku 1977 (viz. <a href=\"http:\/\/www.collectgbstamps.co.uk\/explore\/issues\/?issue=152\" target=\"_blank\" rel=\"noopener\">Collect GB Stamps<\/a>).<\/em><\/p>\n<p>V dal\u0161\u00edch dnech jsou to:<\/p>\n<ul>\n<li><em>&#8222;two turtle doves&#8220; \u2013 dv\u011b hrdli\u010dky<\/em><\/li>\n<li><em>&#8222;&#8218;three French hens&#8220; \u2013 t\u0159i francouzsk\u00e9 sl\u00edpky<\/em><\/li>\n<li><em>&#8222;four calling birds&#8220; \u2013 \u010dty\u0159i volaj\u00edc\u00ed pt\u00e1ci<\/em><\/li>\n<li><em>&#8222;six geese a-laying&#8220; \u2013 \u0161est sn\u00e1\u0161ej\u00edc\u00edch hus\u00ed<\/em><\/li>\n<li><em>&#8222;seven swans a-swimming&#8220; \u2013 sedm plovouc\u00edch labut\u00ed<\/em><\/li>\n<\/ul>\n<p style=\"text-align: center;\"><img data-recalc-dims=\"1\" loading=\"lazy\" decoding=\"async\" data-attachment-id=\"2714\" data-permalink=\"https:\/\/tinnunculus.sy-sy.cz\/index.php\/2017\/12\/27\/o-ptacich-a-darech-vanocnich\/poules_bresse_aire_avicole_domaine_planons_st_cyr_menthon_28\/\" data-orig-file=\"https:\/\/i0.wp.com\/tinnunculus.sy-sy.cz\/wp-content\/uploads\/2017\/12\/Poules_Bresse_aire_avicole_Domaine_Planons_St_Cyr_Menthon_28-e1514328510601.jpg?fit=1038%2C692&amp;ssl=1\" data-orig-size=\"1038,692\" data-comments-opened=\"1\" data-image-meta=\"{&quot;aperture&quot;:&quot;0&quot;,&quot;credit&quot;:&quot;&quot;,&quot;camera&quot;:&quot;&quot;,&quot;caption&quot;:&quot;&quot;,&quot;created_timestamp&quot;:&quot;0&quot;,&quot;copyright&quot;:&quot;&quot;,&quot;focal_length&quot;:&quot;0&quot;,&quot;iso&quot;:&quot;0&quot;,&quot;shutter_speed&quot;:&quot;0&quot;,&quot;title&quot;:&quot;&quot;,&quot;orientation&quot;:&quot;0&quot;}\" data-image-title=\"Poules_Bresse_aire_avicole_Domaine_Planons_St_Cyr_Menthon_28\" data-image-description=\"\" data-image-caption=\"\" data-large-file=\"https:\/\/i0.wp.com\/tinnunculus.sy-sy.cz\/wp-content\/uploads\/2017\/12\/Poules_Bresse_aire_avicole_Domaine_Planons_St_Cyr_Menthon_28-e1514328510601.jpg?fit=525%2C350&amp;ssl=1\" class=\"wp-image-2714 size-large aligncenter\" src=\"https:\/\/i0.wp.com\/tinnunculus.sy-sy.cz\/wp-content\/uploads\/2017\/12\/Poules_Bresse_aire_avicole_Domaine_Planons_St_Cyr_Menthon_28.jpg?resize=525%2C350&#038;ssl=1\" alt=\"\" width=\"525\" height=\"350\" \/><em>U\u0161lechtil\u00e9 b\u00edl\u00e9 bressk\u00e9 galsk\u00e9 slepice s&nbsp;modr\u00fdma nohama ze starobyl\u00e9ho plemene <a href=\"https:\/\/bresse-gauloise.webnode.cz\/popis-plemene\/\" target=\"_blank\" rel=\"noopener\">Bresse Gauloise<\/a>; sn\u00edmek Chabe01 (Own work) [<a href=\"https:\/\/creativecommons.org\/licenses\/by-sa\/4.0\">CC BY-SA 4.0<\/a>], <a href=\"https:\/\/commons.wikimedia.org\/wiki\/File%3APoules_Bresse_aire_avicole_Domaine_Planons_St_Cyr_Menthon_28.jpg\">via Wikimedia Commons<\/a><\/em><\/p>\n<p>Zd\u00e1 se, \u017ee v\u011bt\u0161ina d\u00e1rk\u016f byla ur\u010dena k&nbsp;j\u00eddlu a&nbsp;mezi darovan\u00fdmi lah\u016fdkami byl mo\u017en\u00e1 i&nbsp;d\u00e1rek p\u00e1t\u00e9ho dne: <em>&#8222;five gold rings&#8220; \u2013 <\/em><i>5 zlat\u00fdch prsten\u016f<\/i>; pokud bychom v\u011b\u0159ili \u010dl\u00e1nku <a href=\"http:\/\/www.10000birds.com\/birds-of-the-twelve-days-of-christmas.htm\" target=\"_blank\" rel=\"noopener\">Birds of the Twelve Days of Christmas<\/a>, bylo darov\u00e1no p\u011bt zlat\u00fdch ba\u017eant\u016f.<\/p>\n<p><img data-recalc-dims=\"1\" loading=\"lazy\" decoding=\"async\" data-attachment-id=\"2715\" data-permalink=\"https:\/\/tinnunculus.sy-sy.cz\/index.php\/2017\/12\/27\/o-ptacich-a-darech-vanocnich\/christmas_island86\/\" data-orig-file=\"https:\/\/i0.wp.com\/tinnunculus.sy-sy.cz\/wp-content\/uploads\/2017\/12\/christmas_island86.jpg?fit=453%2C532&amp;ssl=1\" data-orig-size=\"453,532\" data-comments-opened=\"1\" data-image-meta=\"{&quot;aperture&quot;:&quot;0&quot;,&quot;credit&quot;:&quot;&quot;,&quot;camera&quot;:&quot;&quot;,&quot;caption&quot;:&quot;&quot;,&quot;created_timestamp&quot;:&quot;0&quot;,&quot;copyright&quot;:&quot;&quot;,&quot;focal_length&quot;:&quot;0&quot;,&quot;iso&quot;:&quot;0&quot;,&quot;shutter_speed&quot;:&quot;0&quot;,&quot;title&quot;:&quot;&quot;,&quot;orientation&quot;:&quot;0&quot;}\" data-image-title=\"christmas_island86\" data-image-description=\"\" data-image-caption=\"\" data-large-file=\"https:\/\/i0.wp.com\/tinnunculus.sy-sy.cz\/wp-content\/uploads\/2017\/12\/christmas_island86.jpg?fit=453%2C532&amp;ssl=1\" class=\"wp-image-2715 aligncenter\" src=\"https:\/\/i0.wp.com\/tinnunculus.sy-sy.cz\/wp-content\/uploads\/2017\/12\/christmas_island86.jpg?resize=525%2C617&#038;ssl=1\" alt=\"\" width=\"525\" height=\"617\" srcset=\"https:\/\/i0.wp.com\/tinnunculus.sy-sy.cz\/wp-content\/uploads\/2017\/12\/christmas_island86.jpg?w=453&amp;ssl=1 453w, https:\/\/i0.wp.com\/tinnunculus.sy-sy.cz\/wp-content\/uploads\/2017\/12\/christmas_island86.jpg?resize=255%2C300&amp;ssl=1 255w\" sizes=\"auto, (max-width: 525px) 100vw, 525px\" \/><\/p>\n<p><em>The Twelve Days of Christmas na zn\u00e1mk\u00e1ch z&nbsp;V\u00e1no\u010dn\u00edho ostrova\u02c7 z&nbsp;roku 1977.<\/em><\/p>\n<p><img data-recalc-dims=\"1\" loading=\"lazy\" decoding=\"async\" data-attachment-id=\"2716\" data-permalink=\"https:\/\/tinnunculus.sy-sy.cz\/index.php\/2017\/12\/27\/o-ptacich-a-darech-vanocnich\/4callingbirds\/\" data-orig-file=\"https:\/\/i0.wp.com\/tinnunculus.sy-sy.cz\/wp-content\/uploads\/2017\/12\/4CallingBirds.jpg?fit=340%2C510&amp;ssl=1\" data-orig-size=\"340,510\" data-comments-opened=\"1\" data-image-meta=\"{&quot;aperture&quot;:&quot;0&quot;,&quot;credit&quot;:&quot;&quot;,&quot;camera&quot;:&quot;&quot;,&quot;caption&quot;:&quot;&quot;,&quot;created_timestamp&quot;:&quot;0&quot;,&quot;copyright&quot;:&quot;&quot;,&quot;focal_length&quot;:&quot;0&quot;,&quot;iso&quot;:&quot;0&quot;,&quot;shutter_speed&quot;:&quot;0&quot;,&quot;title&quot;:&quot;&quot;,&quot;orientation&quot;:&quot;0&quot;}\" data-image-title=\"4CallingBirds\" data-image-description=\"\" data-image-caption=\"\" data-large-file=\"https:\/\/i0.wp.com\/tinnunculus.sy-sy.cz\/wp-content\/uploads\/2017\/12\/4CallingBirds.jpg?fit=340%2C510&amp;ssl=1\" class=\"aligncenter wp-image-2716\" src=\"https:\/\/i0.wp.com\/tinnunculus.sy-sy.cz\/wp-content\/uploads\/2017\/12\/4CallingBirds.jpg?resize=231%2C347&#038;ssl=1\" alt=\"\" width=\"231\" height=\"347\" srcset=\"https:\/\/i0.wp.com\/tinnunculus.sy-sy.cz\/wp-content\/uploads\/2017\/12\/4CallingBirds.jpg?w=340&amp;ssl=1 340w, https:\/\/i0.wp.com\/tinnunculus.sy-sy.cz\/wp-content\/uploads\/2017\/12\/4CallingBirds.jpg?resize=200%2C300&amp;ssl=1 200w\" sizes=\"auto, (max-width: 231px) 100vw, 231px\" \/><\/p>\n<p style=\"text-align: center;\"><em>Detail zn\u00e1mky s&nbsp;motivem \u010dty\u0159 volaj\u00edc\u00edch pt\u00e1k\u016f ze s\u00e9rie zn\u00e1mek z&nbsp;V\u00e1no\u010dn\u00edho ostrova z&nbsp;roku 1977.<\/em><\/p>\n<\/div>\n<\/div>\n<p>\u010cty\u0159i volaj\u00edc\u00ed pt\u00e1ci byli v&nbsp;nejstar\u0161\u00edch verz\u00edch &#8222;colly birds&#8220; \u010dili uhlov\u00ed pt\u00e1ci tedy nejsp\u00ed\u0161e blackbirds \u010dili na\u0161i kosov\u00e9 obecn\u00ed.\u00a0 V&nbsp;m\u00e9n\u011b \u010dast\u00fdch verz\u00edch se vyskytuj\u00ed tak\u00e9 \u010dtvero kan\u00e1r\u016f a&nbsp;tak\u00e9 \u010dty\u0159\u00ed pt\u00e1ci barevn\u00ed, kudrnat\u00ed \u010di&nbsp;plechov\u00ed.\u00a0 Nejpodrobn\u011bji o&nbsp;pt\u00e1c\u00edch \u010dtvrt\u00e9ho v\u00e1no\u010dn\u00edho dne pojedn\u00e1v\u00e1 \u010dl\u00e1nek\u00a0 <a href=\"https:\/\/blogs.loc.gov\/catbird\/2016\/12\/is-it-four-calling-birds-or-four-colly-birds-a-twelve-days-of-christmas-debate\/\" target=\"_blank\" rel=\"noopener\">Is it \u201cFour Calling Birds\u201d or \u201cFour Colly Birds\u201d? A&nbsp;\u201cTwelve Days of Christmas\u201d Debate<\/a> na blogu knihovny Kongresu From the Catbird Seat. Podle \u010dl\u00e1nku Four colly birds (<em>http:\/\/enterprise.shef.ac.uk\/2011\/12\/colly-birds<\/em>) to ov\u0161em mohl b\u00fdt i&nbsp;jin\u00fd \u010dern\u00fd pt\u00e1k ne\u017e kos, t\u0159eba \u0161pa\u010dek.<\/p>\n<p><img data-recalc-dims=\"1\" loading=\"lazy\" decoding=\"async\" data-attachment-id=\"2698\" data-permalink=\"https:\/\/tinnunculus.sy-sy.cz\/index.php\/2017\/12\/27\/o-ptacich-a-darech-vanocnich\/4collybirds\/\" data-orig-file=\"https:\/\/i0.wp.com\/tinnunculus.sy-sy.cz\/wp-content\/uploads\/2017\/12\/4collyBirds.jpg?fit=231%2C300&amp;ssl=1\" data-orig-size=\"231,300\" data-comments-opened=\"1\" data-image-meta=\"{&quot;aperture&quot;:&quot;0&quot;,&quot;credit&quot;:&quot;&quot;,&quot;camera&quot;:&quot;&quot;,&quot;caption&quot;:&quot;&quot;,&quot;created_timestamp&quot;:&quot;0&quot;,&quot;copyright&quot;:&quot;&quot;,&quot;focal_length&quot;:&quot;0&quot;,&quot;iso&quot;:&quot;0&quot;,&quot;shutter_speed&quot;:&quot;0&quot;,&quot;title&quot;:&quot;&quot;,&quot;orientation&quot;:&quot;0&quot;}\" data-image-title=\"4collyBirds\" data-image-description=\"\" data-image-caption=\"\" data-large-file=\"https:\/\/i0.wp.com\/tinnunculus.sy-sy.cz\/wp-content\/uploads\/2017\/12\/4collyBirds.jpg?fit=231%2C300&amp;ssl=1\" class=\"aligncenter wp-image-2698 size-full\" src=\"https:\/\/i0.wp.com\/tinnunculus.sy-sy.cz\/wp-content\/uploads\/2017\/12\/4collyBirds.jpg?resize=231%2C300&#038;ssl=1\" alt=\"\" width=\"231\" height=\"300\" \/><\/p>\n<p style=\"text-align: center;\"><em>Four colly birds na zn\u00e1mce z&nbsp;ostrova Guerney z&nbsp;roku 1984.<\/em><\/p>\n<p><img data-recalc-dims=\"1\" loading=\"lazy\" decoding=\"async\" data-attachment-id=\"2720\" data-permalink=\"https:\/\/tinnunculus.sy-sy.cz\/index.php\/2017\/12\/27\/o-ptacich-a-darech-vanocnich\/guernsey307\/\" data-orig-file=\"https:\/\/i0.wp.com\/tinnunculus.sy-sy.cz\/wp-content\/uploads\/2017\/12\/guernsey307.jpg?fit=451%2C435&amp;ssl=1\" data-orig-size=\"451,435\" data-comments-opened=\"1\" data-image-meta=\"{&quot;aperture&quot;:&quot;0&quot;,&quot;credit&quot;:&quot;&quot;,&quot;camera&quot;:&quot;&quot;,&quot;caption&quot;:&quot;&quot;,&quot;created_timestamp&quot;:&quot;0&quot;,&quot;copyright&quot;:&quot;&quot;,&quot;focal_length&quot;:&quot;0&quot;,&quot;iso&quot;:&quot;0&quot;,&quot;shutter_speed&quot;:&quot;0&quot;,&quot;title&quot;:&quot;&quot;,&quot;orientation&quot;:&quot;0&quot;}\" data-image-title=\"guernsey307\" data-image-description=\"\" data-image-caption=\"\" data-large-file=\"https:\/\/i0.wp.com\/tinnunculus.sy-sy.cz\/wp-content\/uploads\/2017\/12\/guernsey307.jpg?fit=451%2C435&amp;ssl=1\" class=\"aligncenter wp-image-2720\" src=\"https:\/\/i0.wp.com\/tinnunculus.sy-sy.cz\/wp-content\/uploads\/2017\/12\/guernsey307.jpg?resize=525%2C506&#038;ssl=1\" alt=\"\" width=\"525\" height=\"506\" srcset=\"https:\/\/i0.wp.com\/tinnunculus.sy-sy.cz\/wp-content\/uploads\/2017\/12\/guernsey307.jpg?w=451&amp;ssl=1 451w, https:\/\/i0.wp.com\/tinnunculus.sy-sy.cz\/wp-content\/uploads\/2017\/12\/guernsey307.jpg?resize=300%2C289&amp;ssl=1 300w\" sizes=\"auto, (max-width: 525px) 100vw, 525px\" \/><\/p>\n<p style=\"text-align: center;\"><em>V\u00e1no\u010dn\u00ed zn\u00e1mky z&nbsp;ostrova Guernsey z&nbsp;roku 1984.<\/em><\/p>\n<p>A nejsou jen v\u00e1no\u010dn\u00ed koledy a&nbsp;zn\u00e1mky.<\/p>\n<p>Tak\u00e9 je tu v\u00e1no\u010dn\u00ed s\u010d\u00edt\u00e1n\u00ed pt\u00e1k\u016f: Na tuto americkou tradici upozor\u0148uje \u010dl\u00e1nek\u00a0<a href=\"https:\/\/www.nationalgeographic.com\/magazine\/2017\/12\/three-questions-geoffrey-lebaron-national-audubon-society-christmas-bird-count\/\" target=\"_blank\" rel=\"noopener\">This Bird-Lovers Society Has a&nbsp;Special Christmas Tradition\u00a0<\/a> v&nbsp;<span class=\"clearfix\"><i>National Geographic<\/i> magazine 2017\/12<\/span>.\u00a0 Pokud se pohybujete na t\u00e9 spr\u00e1vn\u00e9 polokouli, m\u016f\u017eete se je\u0161t\u011b do 5.&nbsp;ledna 2018 p\u0159ipojit ke 118 s\u010d\u00edt\u00e1n\u00ed <a href=\"http:\/\/www.audubon.org\/conservation\/join-christmas-bird-count\" target=\"_blank\" rel=\"noopener\">Audubon Society\u2019s Christmas bird census<\/a>.<\/p>\n","protected":false},"excerpt":{"rendered":"<p>P\u0159i hled\u00e1n\u00ed v\u00e1no\u010dn\u00edch zm\u00ednek o&nbsp;po\u0161tolk\u00e1ch jsme potkali i&nbsp;jin\u00e9 ptactvo a&nbsp;pta\u010d\u00ed souvislosti, kter\u00e9\u00a0 dlu\u017eno zm\u00ednit. Koroptev poln\u00ed; sn\u00edmek K.Pitk (Own work) [CC BY-SA 3.0], via Wikimedia Commons Koledy \u010desk\u00e9 i&nbsp;moravsk\u00e9 rozhodn\u011b nejsou na v\u00fdskyt ptactva chud\u00e9.\u00a0 a&nbsp;to ani tehdy, kdy\u017e\u2026 Nen\u00ed pt\u00e1\u010dka, ani k\u0159epelice sam\u00e9 zimy, sam\u00e9 zimy, sam\u00e9 metelice \u2026, jak se zp\u00edv\u00e1 v&nbsp;jedn\u00e9 z&nbsp;nich &hellip; <\/p>\n<p class=\"link-more\"><a href=\"https:\/\/tinnunculus.sy-sy.cz\/index.php\/2017\/12\/27\/o-ptacich-a-darech-vanocnich\/\" class=\"more-link\">Pokra\u010dovat ve \u010dten\u00ed<span class=\"screen-reader-text\"> &#8222;O&nbsp;pt\u00e1c\u00edch a&nbsp;darech v\u00e1no\u010dn\u00edch&#8220;<\/span><\/a><\/p>\n","protected":false},"author":2,"featured_media":0,"comment_status":"open","ping_status":"open","sticky":false,"template":"","format":"quote","meta":{"jetpack_post_was_ever_published":false,"_jetpack_newsletter_access":"","_jetpack_dont_email_post_to_subs":false,"_jetpack_newsletter_tier_id":0,"_jetpack_memberships_contains_paywalled_content":false,"_jetpack_memberships_contains_paid_content":false,"footnotes":""},"categories":[126,122,225,121,108],"tags":[213,212,217,210,54,337,209,214,216,17,211,215,100,1491,207],"class_list":["post-2699","post","type-post","status-publish","format-quote","hentry","category-holub","category-kos","category-ptaci-v-literature-filmu-a-vytvarnem-umeni","category-sykorka","category-ostatni-zvirena","tag-cizek","tag-hrdlicka","tag-husa","tag-koroptev","tag-ps_32","tag-kos-literarni","tag-krepelka","tag-kukacka","tag-labut","tag-ps_26","tag-slavik","tag-sojka","tag-ps_99","tag-sykorka-literarni","tag-vanoce","post_format-post-format-quote"],"jetpack_featured_media_url":"","jetpack_shortlink":"https:\/\/wp.me\/p91gKE-Hx","jetpack-related-posts":[{"id":6182,"url":"https:\/\/tinnunculus.sy-sy.cz\/index.php\/2018\/09\/23\/me-ptactvo\/","url_meta":{"origin":2699,"position":0},"title":"M\u00e9 ptactvo","author":"Zuzana Syrov\u00e1 An\u00fd\u017eov\u00e1","date":"23\/09\/2018","format":"quote","excerpt":"Co se ptactva t\u00fd\u010de, zd\u00e1 se b\u00fdt poezie pln\u00e1 p\u011bvc\u016f, zvl\u00e1\u0161t\u011b t\u011bch dob\u0159e r\u00fdmuj\u00edc\u00edch se. Ov\u0161em v b\u00e1sni M\u00e9 ptactvo Old\u0159icha Mikul\u00e1\u0161ka\u00a0 krou\u017e\u00ed i po\u0161tolka: Netop\u00fdr ale nen\u00ed pt\u00e1k,\" \u0159ekl mi p\u0159\u00edtel. Denn\u011b \u017eiju, jak mus\u00edm a jak chci. Nikdo mn\u011b nenakreslil \u010d\u00e1ru \u017eivota, jen zr\u00e1na kos a ve\u010der netop\u00fdr.\u2026","rel":"","context":"V \u201eHolub\u201c","block_context":{"text":"Holub","link":"https:\/\/tinnunculus.sy-sy.cz\/index.php\/category\/ostatni-zvirena\/ptaci\/holub\/"},"img":{"alt_text":"","src":"https:\/\/i0.wp.com\/tinnunculus.sy-sy.cz\/wp-content\/uploads\/2018\/09\/DSC_1464a-1024x758.jpg?resize=350%2C200&ssl=1","width":350,"height":200,"srcset":"https:\/\/i0.wp.com\/tinnunculus.sy-sy.cz\/wp-content\/uploads\/2018\/09\/DSC_1464a-1024x758.jpg?resize=350%2C200&ssl=1 1x, https:\/\/i0.wp.com\/tinnunculus.sy-sy.cz\/wp-content\/uploads\/2018\/09\/DSC_1464a-1024x758.jpg?resize=525%2C300&ssl=1 1.5x"},"classes":[]},{"id":370,"url":"https:\/\/tinnunculus.sy-sy.cz\/index.php\/2016\/12\/26\/vanocni-navstevnik\/","url_meta":{"origin":2699,"position":1},"title":"V\u00e1no\u010dn\u00ed n\u00e1v\u0161t\u011bvn\u00edk","author":"Zuzana Syrov\u00e1 An\u00fd\u017eov\u00e1","date":"26\/12\/2016","format":false,"excerpt":"Narozd\u00edl od roku lo\u0148sk\u00e9ho je v na\u0161\u00ed zimn\u00ed lod\u017eii, v n\u00ed\u017e dosud nebyly dokon\u010deny v\u0161echny stavebn\u00ed \u00fapravy, pom\u011brn\u011b m\u00e1lo ope\u0159en\u00fdch n\u00e1v\u0161t\u011bvn\u00edk\u016f. Zde alespo\u0148 jeden z nich, zachycen\u00fd v okam\u017eiku, kdy asistoval zdoben\u00ed v\u00e1no\u010dn\u00edho strome\u010dku: \u00a0","rel":"","context":"V \u201eN\u00e1jemn\u00edci a n\u00e1v\u0161t\u011bvn\u00edci\u201c","block_context":{"text":"N\u00e1jemn\u00edci a n\u00e1v\u0161t\u011bvn\u00edci","link":"https:\/\/tinnunculus.sy-sy.cz\/index.php\/category\/nasi\/"},"img":{"alt_text":"","src":"https:\/\/i0.wp.com\/tinnunculus.sy-sy.cz\/wp-content\/uploads\/2016\/12\/DSC_0951-1024x681.jpg?resize=350%2C200&ssl=1","width":350,"height":200,"srcset":"https:\/\/i0.wp.com\/tinnunculus.sy-sy.cz\/wp-content\/uploads\/2016\/12\/DSC_0951-1024x681.jpg?resize=350%2C200&ssl=1 1x, https:\/\/i0.wp.com\/tinnunculus.sy-sy.cz\/wp-content\/uploads\/2016\/12\/DSC_0951-1024x681.jpg?resize=525%2C300&ssl=1 1.5x"},"classes":[]},{"id":2173,"url":"https:\/\/tinnunculus.sy-sy.cz\/index.php\/2017\/10\/14\/o-zpevu-a-povaze-kosu-nejen-literarnich\/","url_meta":{"origin":2699,"position":2},"title":"O zp\u011bvu a&nbsp;povaze kos\u016f nejen liter\u00e1rn\u00edch","author":"Zuzana Syrov\u00e1 An\u00fd\u017eov\u00e1","date":"14\/10\/2017","format":false,"excerpt":"Pot\u00e9, co si \"na\u0161e\" po\u0161tol\u010d\u00ed sami\u010dka za\u010dala po r\u00e1nu zp\u00edvat, jsme se za\u010dali p\u00eddit po tom, pro\u010d pt\u00e1ci zp\u00edvaj\u00ed a zda si zp\u00edvaj\u00ed i jen tak pro radost.\u00a0 A tak jsme se dostali ke slavn\u00e9mu Joaninu kosovi.\u00a0 Pokud nev\u00edte, kdo to byl, tedy doty\u010dn\u00fd kos bydlel na zahrad\u011b pianistky Joan\u2026","rel":"","context":"V \u201eInfo\u201c","block_context":{"text":"Info","link":"https:\/\/tinnunculus.sy-sy.cz\/index.php\/category\/info\/"},"img":{"alt_text":"","src":"https:\/\/i0.wp.com\/tinnunculus.sy-sy.cz\/wp-content\/uploads\/2017\/10\/P1330593-1024x768.jpg?resize=350%2C200&ssl=1","width":350,"height":200,"srcset":"https:\/\/i0.wp.com\/tinnunculus.sy-sy.cz\/wp-content\/uploads\/2017\/10\/P1330593-1024x768.jpg?resize=350%2C200&ssl=1 1x, https:\/\/i0.wp.com\/tinnunculus.sy-sy.cz\/wp-content\/uploads\/2017\/10\/P1330593-1024x768.jpg?resize=525%2C300&ssl=1 1.5x"},"classes":[]},{"id":79,"url":"https:\/\/tinnunculus.sy-sy.cz\/index.php\/2013\/07\/19\/sykorky-a-postolka\/","url_meta":{"origin":2699,"position":3},"title":"S\u00fdkorky a&nbsp;po\u0161tolka","author":"Zuzana Syrov\u00e1 An\u00fd\u017eov\u00e1","date":"19\/07\/2013","format":"quote","excerpt":"Franti\u0161ek Nepil (Dobr\u00e9 a je\u0161t\u011b lep\u0161\u00ed jitro) Dnes u\u017e nen\u00ed probl\u00e9m vid\u011bt \u010das od \u010dasu \u017eirafu, hrocha, tygra \u010di jin\u00e1 nedostupn\u00e1 zv\u00ed\u0159ata. K mravene\u010dn\u00edk\u016fm, tule\u0148\u016fm a psoun\u016fm pijeme \u010daj a p\u0159ikusujeme albertky, kdy\u017e spokojen\u011b sledujeme v televizi, jak jim \u010dlov\u011bk negativn\u011b ovliv\u0148uje jejich \u017eivotn\u00ed prost\u0159ed\u00ed. M\u00e9n\u011b u\u017e sly\u0161\u00edme, jak n\u00e1m\u2026","rel":"","context":"V \u201eKos\u201c","block_context":{"text":"Kos","link":"https:\/\/tinnunculus.sy-sy.cz\/index.php\/category\/ostatni-zvirena\/ptaci\/kos\/"},"img":{"alt_text":"","src":"","width":0,"height":0},"classes":[]},{"id":266,"url":"https:\/\/tinnunculus.sy-sy.cz\/index.php\/2015\/10\/07\/festival-ptactva\/","url_meta":{"origin":2699,"position":4},"title":"Festival ptactva","author":"Zuzana Syrov\u00e1 An\u00fd\u017eov\u00e1","date":"07\/10\/2015","format":false,"excerpt":"B\u011bhem prvn\u00edho \u0159\u00edjnov\u00e9ho v\u00edkendu prob\u011bhl v Evrop\u011b ji\u017e tradi\u010dn\u011b Festival ptactva (EuroBirdwatch). Jeho ohlasy najdete na \u010desk\u00fdch i zahrani\u010dn\u00edch str\u00e1nk\u00e1ch. Pro \"na\u0161e\" po\u0161tolky i tlupu s\u00fdkorek, kter\u00e1 je u n\u00e1s pravideln\u00fdm n\u00e1v\u0161t\u011bvn\u00edkem kolem des\u00e1t\u00e9 hodiny dopoledn\u00ed, byl ov\u0161em t\u0159et\u00ed i \u010dtvrt\u00fd \u0159\u00edjen den jako ka\u017ed\u00fd jin\u00fd. Pro migraci se zat\u00edm\u2026","rel":"","context":"V \u201e\"Na\u0161e\" po\u0161tolky\u201c","block_context":{"text":"\"Na\u0161e\" po\u0161tolky","link":"https:\/\/tinnunculus.sy-sy.cz\/index.php\/category\/nasi\/nase-postolky\/"},"img":{"alt_text":"","src":"https:\/\/i0.wp.com\/tinnunculus.sy-sy.cz\/wp-content\/uploads\/2015\/10\/20151003_15-30-20_1-1024x576.jpg?resize=350%2C200&ssl=1","width":350,"height":200,"srcset":"https:\/\/i0.wp.com\/tinnunculus.sy-sy.cz\/wp-content\/uploads\/2015\/10\/20151003_15-30-20_1-1024x576.jpg?resize=350%2C200&ssl=1 1x, https:\/\/i0.wp.com\/tinnunculus.sy-sy.cz\/wp-content\/uploads\/2015\/10\/20151003_15-30-20_1-1024x576.jpg?resize=525%2C300&ssl=1 1.5x"},"classes":[]},{"id":15183,"url":"https:\/\/tinnunculus.sy-sy.cz\/index.php\/2021\/04\/01\/vhodny-darek-ke-dni-ptactva\/","url_meta":{"origin":2699,"position":5},"title":"Vhodn\u00fd d\u00e1rek ke dni ptactva","author":"Zuzana Syrov\u00e1 An\u00fd\u017eov\u00e1","date":"01\/04\/2021","format":false,"excerpt":"Aneb o tom, jak \"na\u0161e\" po\u0161tolky slavily den ptactva.","rel":"","context":"V \u201e\"Na\u0161e\" po\u0161tolky\u201c","block_context":{"text":"\"Na\u0161e\" po\u0161tolky","link":"https:\/\/tinnunculus.sy-sy.cz\/index.php\/category\/nasi\/nase-postolky\/"},"img":{"alt_text":"","src":"https:\/\/i0.wp.com\/tinnunculus.sy-sy.cz\/wp-content\/uploads\/2021\/04\/20210401-0707093999-1024x576.jpg?resize=350%2C200&ssl=1","width":350,"height":200,"srcset":"https:\/\/i0.wp.com\/tinnunculus.sy-sy.cz\/wp-content\/uploads\/2021\/04\/20210401-0707093999-1024x576.jpg?resize=350%2C200&ssl=1 1x, https:\/\/i0.wp.com\/tinnunculus.sy-sy.cz\/wp-content\/uploads\/2021\/04\/20210401-0707093999-1024x576.jpg?resize=525%2C300&ssl=1 1.5x"},"classes":[]}],"jetpack_sharing_enabled":true,"_links":{"self":[{"href":"https:\/\/tinnunculus.sy-sy.cz\/index.php\/wp-json\/wp\/v2\/posts\/2699","targetHints":{"allow":["GET"]}}],"collection":[{"href":"https:\/\/tinnunculus.sy-sy.cz\/index.php\/wp-json\/wp\/v2\/posts"}],"about":[{"href":"https:\/\/tinnunculus.sy-sy.cz\/index.php\/wp-json\/wp\/v2\/types\/post"}],"author":[{"embeddable":true,"href":"https:\/\/tinnunculus.sy-sy.cz\/index.php\/wp-json\/wp\/v2\/users\/2"}],"replies":[{"embeddable":true,"href":"https:\/\/tinnunculus.sy-sy.cz\/index.php\/wp-json\/wp\/v2\/comments?post=2699"}],"version-history":[{"count":3,"href":"https:\/\/tinnunculus.sy-sy.cz\/index.php\/wp-json\/wp\/v2\/posts\/2699\/revisions"}],"predecessor-version":[{"id":44809,"href":"https:\/\/tinnunculus.sy-sy.cz\/index.php\/wp-json\/wp\/v2\/posts\/2699\/revisions\/44809"}],"wp:attachment":[{"href":"https:\/\/tinnunculus.sy-sy.cz\/index.php\/wp-json\/wp\/v2\/media?parent=2699"}],"wp:term":[{"taxonomy":"category","embeddable":true,"href":"https:\/\/tinnunculus.sy-sy.cz\/index.php\/wp-json\/wp\/v2\/categories?post=2699"},{"taxonomy":"post_tag","embeddable":true,"href":"https:\/\/tinnunculus.sy-sy.cz\/index.php\/wp-json\/wp\/v2\/tags?post=2699"}],"curies":[{"name":"wp","href":"https:\/\/api.w.org\/{rel}","templated":true}]}}