{"id":2633,"date":"2017-12-25T23:02:09","date_gmt":"2017-12-25T22:02:09","guid":{"rendered":"http:\/\/tinnunculus.sy-sy.cz\/?p=2633"},"modified":"2026-03-27T09:29:26","modified_gmt":"2026-03-27T08:29:26","slug":"kalendarium-2018","status":"publish","type":"post","link":"https:\/\/tinnunculus.sy-sy.cz\/index.php\/2017\/12\/25\/kalendarium-2018\/","title":{"rendered":"Kalend\u00e1rium 2018"},"content":{"rendered":"<p>I letos jsme provedli tradi\u010dn\u00ed ohl\u00e9dnut\u00ed za leto\u0161n\u00edm rokem v&nbsp;na\u0161\u00ed lod\u017eii. Po\u0161tolky zde letos poprv\u00e9 od roku 2007 nehn\u00edzdly, i&nbsp;kdy\u017e to na za\u010d\u00e1tku jara vypadalo docela slibn\u011b. Na to, \u017ee by u&nbsp;n\u00e1s nebylo ru\u0161no, jsme si ale rozhodn\u011b st\u011b\u017eovat nemohli. Pot\u00e9, co se po\u0161tolky po&nbsp;anglicku vytratily, tu bylo velmi ru\u0161no d\u00edky prvn\u00ed hn\u00edzdn\u00ed sez\u00f3n\u011b ror\u00fds\u016f. A&nbsp;po&nbsp;jejich odletu se k&nbsp;n\u00e1m znovu nast\u011bhovala po\u0161tol\u010d\u00ed sami\u010dka. Krom\u011b n\u00ed m\u00e1me \u0159adu m\u00e9n\u011b pravideln\u00fdch n\u00e1v\u0161t\u011bvn\u00edk\u016f, tak\u017ee pro kalend\u00e1\u0159 na p\u0159\u00ed\u0161t\u00ed rok jsme op\u011bt sn\u00edmky z&nbsp;kamer museli radik\u00e1ln\u011b vyt\u0159\u00eddit:<\/p>\n<p><a href=\"https:\/\/tinnunculus.sy-sy.cz\/wp-content\/uploads\/2017\/12\/calendar_2018_postole_b_CZr1.pdf\" class=\"pdfemb-viewer\" style=\"\" data-width=\"max\" data-height=\"max\" data-toolbar=\"bottom\" data-toolbar-fixed=\"off\">calendar_2018_postole_b_CZr1<\/a><!--more--><\/p>\n<p>Kalend\u00e1\u0159 na rok 2018 se sn\u00edmky z\u00a0kamer ze <a href=\"https:\/\/tinnunculus.sy-sy.cz\/index.php\/deniky\/2017-2\/\" target=\"_blank\" rel=\"noopener noreferrer\">sez\u00f3ny 2017<\/a>\u00a0 zachycuj\u00edc\u00ed po\u0161tolky a&nbsp;dal\u0161\u00ed n\u00e1v\u0161tevn\u00edky a&nbsp;obyvatele na\u0161\u00ed lod\u017eie a&nbsp;bl\u00edzk\u00e9ho ror\u00fdsovn\u00edku najdete <strong><a href=\"https:\/\/tinnunculus.sy-sy.cz\/wp-content\/uploads\/2017\/12\/calendar_2018_postole_b_CZr1.pdf#pagemode=bookmarks&amp;page=1\" target=\"_blank\" rel=\"noopener noreferrer\">zde<\/a> <\/strong>(v&nbsp;tiskov\u00e9 kvalit\u011b pak <a href=\"https:\/\/tinnunculus.sy-sy.cz\/wp-content\/uploads\/2026\/03\/calendar_2018_postole_b_CZ.pdf\" target=\"_blank\" rel=\"noopener noreferrer\">zde)<\/a>.<!--more--><\/p>\n<p>M\u011bs\u00ed\u010dn\u00ed kalend\u00e1\u0159 s\u00a0fotografiemi po\u0161tolek tentokr\u00e1te &#8222;ciz\u00edch&#8220; pak najdete <a href=\"https:\/\/tinnunculus.sy-sy.cz\/wp-content\/uploads\/2026\/03\/calendar_2018_postole.pdf\" target=\"_blank\" rel=\"noopener noreferrer\">zde<\/a>.<\/p>\n","protected":false},"excerpt":{"rendered":"<p>I letos jsme provedli tradi\u010dn\u00ed ohl\u00e9dnut\u00ed za leto\u0161n\u00edm rokem v&nbsp;na\u0161\u00ed lod\u017eii. Po\u0161tolky zde letos poprv\u00e9 od roku 2007 nehn\u00edzdly, i&nbsp;kdy\u017e to na za\u010d\u00e1tku jara vypadalo docela slibn\u011b. Na to, \u017ee by u&nbsp;n\u00e1s nebylo ru\u0161no, jsme si ale rozhodn\u011b st\u011b\u017eovat nemohli. Pot\u00e9, co se po\u0161tolky po&nbsp;anglicku vytratily, tu bylo velmi ru\u0161no d\u00edky prvn\u00ed hn\u00edzdn\u00ed sez\u00f3n\u011b ror\u00fds\u016f. &hellip; <\/p>\n<p class=\"link-more\"><a href=\"https:\/\/tinnunculus.sy-sy.cz\/index.php\/2017\/12\/25\/kalendarium-2018\/\" class=\"more-link\">Pokra\u010dovat ve \u010dten\u00ed<span class=\"screen-reader-text\"> &#8222;Kalend\u00e1rium 2018&#8220;<\/span><\/a><\/p>\n","protected":false},"author":2,"featured_media":0,"comment_status":"open","ping_status":"open","sticky":false,"template":"","format":"standard","meta":{"jetpack_post_was_ever_published":false,"_jetpack_newsletter_access":"","_jetpack_dont_email_post_to_subs":false,"_jetpack_newsletter_tier_id":0,"_jetpack_memberships_contains_paywalled_content":false,"_jetpack_memberships_contains_paid_content":false,"footnotes":""},"categories":[147,148,193,126,1100,1102,131,116,308,105,110,1596,106,113,121,108],"tags":[89,206,192,32,28,98,90,91,22,88,100],"class_list":["post-2633","post","type-post","status-publish","format-standard","hentry","category-nase-postolky","category-nasi-rorysi","category-brhlik","category-holub","category-kalendare-cs-cs","category-kalendare-pf","category-kavka","category-nasi","category-ostatni-najemnici-a-navstevnici","category-postolka","category-postolka-obecna","category-postolky-z-nasi-lodzie","category-rorys-cs","category-rorys-obecny-cs","category-sykorka","category-ostatni-zvirena","tag-ps_79","tag-206","tag-brhlik","tag-ps_3","tag-kalendar","tag-ps_86","tag-ps_96","tag-ps_95","tag-ps_7","tag-ps_72","tag-ps_99"],"jetpack_featured_media_url":"","jetpack_shortlink":"https:\/\/wp.me\/p91gKE-Gt","jetpack-related-posts":[{"id":6881,"url":"https:\/\/tinnunculus.sy-sy.cz\/index.php\/2018\/12\/23\/kalendarium-2019\/","url_meta":{"origin":2633,"position":0},"title":"Kalend\u00e1rium 2019","author":"Zuzana Syrov\u00e1 An\u00fd\u017eov\u00e1","date":"23\/12\/2018","format":false,"excerpt":"Aneb tradi\u010dn\u00ed po\u0161tol\u010d\u00ed kalend\u00e1\u0159. Letos je\u0161t\u011b p\u0159ed v\u00e1nocemi...","rel":"","context":"V \u201e\"Na\u0161e\" po\u0161tolky\u201c","block_context":{"text":"\"Na\u0161e\" po\u0161tolky","link":"https:\/\/tinnunculus.sy-sy.cz\/index.php\/category\/nasi\/nase-postolky\/"},"img":{"alt_text":"","src":"","width":0,"height":0},"classes":[]},{"id":20274,"url":"https:\/\/tinnunculus.sy-sy.cz\/index.php\/2022\/12\/19\/kalendarium-2023\/","url_meta":{"origin":2633,"position":1},"title":"Kalend\u00e1rium 2023","author":"Zuzana Syrov\u00e1 An\u00fd\u017eov\u00e1","date":"19\/12\/2022","format":false,"excerpt":"Aneb tradi\u010dn\u00ed po\u0161tol\u010d\u00ed kalend\u00e1\u0159 na rok 2023.","rel":"","context":"V \u201e\"Na\u0161e\" po\u0161tolky\u201c","block_context":{"text":"\"Na\u0161e\" po\u0161tolky","link":"https:\/\/tinnunculus.sy-sy.cz\/index.php\/category\/nasi\/nase-postolky\/"},"img":{"alt_text":"","src":"","width":0,"height":0},"classes":[]},{"id":28109,"url":"https:\/\/tinnunculus.sy-sy.cz\/index.php\/2023\/11\/29\/kalendarium-2024\/","url_meta":{"origin":2633,"position":2},"title":"Kalend\u00e1rium 2024","author":"Zuzana Syrov\u00e1 An\u00fd\u017eov\u00e1","date":"29\/11\/2023","format":false,"excerpt":"Aneb tradi\u010dn\u00ed po\u0161tol\u010d\u00ed kalend\u00e1\u0159 na rok 2024.","rel":"","context":"V \u201e\"Na\u0161e\" po\u0161tolky\u201c","block_context":{"text":"\"Na\u0161e\" po\u0161tolky","link":"https:\/\/tinnunculus.sy-sy.cz\/index.php\/category\/nasi\/nase-postolky\/"},"img":{"alt_text":"","src":"","width":0,"height":0},"classes":[]},{"id":17490,"url":"https:\/\/tinnunculus.sy-sy.cz\/index.php\/2021\/12\/22\/kalendarium-2022\/","url_meta":{"origin":2633,"position":3},"title":"Kalend\u00e1rium 2022","author":"Zuzana Syrov\u00e1 An\u00fd\u017eov\u00e1","date":"22\/12\/2021","format":false,"excerpt":"Aneb tradi\u010dn\u00ed po\u0161tol\u010d\u00ed kalend\u00e1\u0159 na rok 2022.","rel":"","context":"V \u201e\"Na\u0161e\" po\u0161tolky\u201c","block_context":{"text":"\"Na\u0161e\" po\u0161tolky","link":"https:\/\/tinnunculus.sy-sy.cz\/index.php\/category\/nasi\/nase-postolky\/"},"img":{"alt_text":"","src":"","width":0,"height":0},"classes":[]},{"id":38278,"url":"https:\/\/tinnunculus.sy-sy.cz\/index.php\/2024\/11\/30\/kalendarium-2025\/","url_meta":{"origin":2633,"position":4},"title":"Kalend\u00e1rium 2025","author":"Zuzana Syrov\u00e1 An\u00fd\u017eov\u00e1","date":"30\/11\/2024","format":false,"excerpt":"Aneb tradi\u010dn\u00ed po\u0161tol\u010d\u00ed kalend\u00e1\u0159 na rok 2025.","rel":"","context":"V \u201e\"Na\u0161e\" po\u0161tolky\u201c","block_context":{"text":"\"Na\u0161e\" po\u0161tolky","link":"https:\/\/tinnunculus.sy-sy.cz\/index.php\/category\/nasi\/nase-postolky\/"},"img":{"alt_text":"","src":"","width":0,"height":0},"classes":[]},{"id":45118,"url":"https:\/\/tinnunculus.sy-sy.cz\/index.php\/2025\/12\/05\/kalendarium-2026\/","url_meta":{"origin":2633,"position":5},"title":"Kalend\u00e1rium 2026","author":"Zuzana Syrov\u00e1 An\u00fd\u017eov\u00e1","date":"05\/12\/2025","format":false,"excerpt":"Aneb tradi\u010dn\u00ed po\u0161tol\u010d\u00ed kalend\u00e1\u0159 na rok 2026.","rel":"","context":"V \u201e\"Na\u0161e\" po\u0161tolky\u201c","block_context":{"text":"\"Na\u0161e\" po\u0161tolky","link":"https:\/\/tinnunculus.sy-sy.cz\/index.php\/category\/nasi\/nase-postolky\/"},"img":{"alt_text":"","src":"","width":0,"height":0},"classes":[]}],"jetpack_sharing_enabled":true,"_links":{"self":[{"href":"https:\/\/tinnunculus.sy-sy.cz\/index.php\/wp-json\/wp\/v2\/posts\/2633","targetHints":{"allow":["GET"]}}],"collection":[{"href":"https:\/\/tinnunculus.sy-sy.cz\/index.php\/wp-json\/wp\/v2\/posts"}],"about":[{"href":"https:\/\/tinnunculus.sy-sy.cz\/index.php\/wp-json\/wp\/v2\/types\/post"}],"author":[{"embeddable":true,"href":"https:\/\/tinnunculus.sy-sy.cz\/index.php\/wp-json\/wp\/v2\/users\/2"}],"replies":[{"embeddable":true,"href":"https:\/\/tinnunculus.sy-sy.cz\/index.php\/wp-json\/wp\/v2\/comments?post=2633"}],"version-history":[{"count":5,"href":"https:\/\/tinnunculus.sy-sy.cz\/index.php\/wp-json\/wp\/v2\/posts\/2633\/revisions"}],"predecessor-version":[{"id":47672,"href":"https:\/\/tinnunculus.sy-sy.cz\/index.php\/wp-json\/wp\/v2\/posts\/2633\/revisions\/47672"}],"wp:attachment":[{"href":"https:\/\/tinnunculus.sy-sy.cz\/index.php\/wp-json\/wp\/v2\/media?parent=2633"}],"wp:term":[{"taxonomy":"category","embeddable":true,"href":"https:\/\/tinnunculus.sy-sy.cz\/index.php\/wp-json\/wp\/v2\/categories?post=2633"},{"taxonomy":"post_tag","embeddable":true,"href":"https:\/\/tinnunculus.sy-sy.cz\/index.php\/wp-json\/wp\/v2\/tags?post=2633"}],"curies":[{"name":"wp","href":"https:\/\/api.w.org\/{rel}","templated":true}]}}