{"id":2594,"date":"2017-12-26T11:18:08","date_gmt":"2017-12-26T10:18:08","guid":{"rendered":"http:\/\/tinnunculus.sy-sy.cz\/?p=2594"},"modified":"2025-12-14T16:36:35","modified_gmt":"2025-12-14T15:36:35","slug":"zima-online","status":"publish","type":"post","link":"https:\/\/tinnunculus.sy-sy.cz\/index.php\/2017\/12\/26\/zima-online\/","title":{"rendered":"Zima online"},"content":{"rendered":"<div>\n<blockquote>\n<div>&#8222;Bude zima, bude mr\u00e1z, kam se, pt\u00e1\u010dku, kam schov\u00e1\u0161?<\/div>\n<div>Schov\u00e1m j\u00e1 se pod hrudu, tam j\u00e1 zimu p\u0159ebudu.<\/div>\n<div>Bude zima, bude mr\u00e1z, kam se, pt\u00e1\u010dku, kam schov\u00e1\u0161?<\/div>\n<div>Schov\u00e1m se do javora, to bude m\u00e1 komora.<\/div>\n<div>Bude zima, bude mr\u00e1z, kam se, pt\u00e1\u010dku, kam schov\u00e1\u0161?<\/div>\n<div>Schov\u00e1m j\u00e1 se pod mezu, a\u017e p\u0159estane, vylezu.<\/div>\n<div>Bude zima, bude mr\u00e1z, kam se, pt\u00e1\u010dku, kam schov\u00e1\u0161?<\/div>\n<div>Odlet\u00edm j\u00e1 do \u0158\u00edma, neu\u0161kod\u00ed mn\u011b zima.&#8220;<\/div>\n<\/blockquote>\n<\/div>\n<p>&nbsp;<\/p>\n<p>T\u011bm co do \u0158\u00edma neodlet\u00ed a&nbsp;z\u016fstanou jest zvykem pom\u00e1hat p\u0159ikrmov\u00e1n\u00edm a&nbsp;\u0159adu krm\u00edtek po&nbsp;cel\u00e9m sv\u011bt\u011b pak sleduje bedliv\u00e9 oko webov\u00e9 kamery. Jejich p\u0159ehled najdete <a href=\"https:\/\/www.viewbirds.com\/feeders.htm\" target=\"_blank\" rel=\"noopener noreferrer\">zde<\/a>. <!--more-->Jsou mezi nimi i&nbsp;dv\u011b \u010desk\u00e9:<\/p>\n<p><a href=\"https:\/\/www.youtube.com\/@zachrannastanicezivocichum8831\/streams\" target=\"_blank\" rel=\"noopener noreferrer\">Z\u00e1chrann\u00e1 stanice \u017eivo\u010dich\u016f Makov<\/a>:<\/p>\n<p><iframe loading=\"lazy\" src=\"https:\/\/camstreamer.com\/embed\/piERE04GxNwJ5H7wAaepL98MIZC9pkH8J8Doiu2u?rel=0\" width=\"640\" height=\"360\" frameborder=\"0\" allowfullscreen=\"allowfullscreen\"><\/iframe><\/p>\n<p><a href=\"https:\/\/www.youtube.com\/@lesymestapisku9557\/streams\" target=\"_blank\" rel=\"noopener\">Lesy m\u011bsta P\u00edsku<\/a>:<\/p>\n<p><iframe loading=\"lazy\" src=\"https:\/\/camstreamer.com\/embed\/ePeR0OGAUhZJic6T4HcutbhKmsMJts0oBZZLTuqs?rel=0\" width=\"640\" height=\"360\" frameborder=\"0\" allowfullscreen=\"allowfullscreen\"><\/iframe><\/p>\n<p>Ve sv\u011bt\u011b i&nbsp;u&nbsp;n\u00e1s m\u016f\u017eete ostatn\u011b zakoupit p\u0159\u00edmo krm\u00edtko opat\u0159en\u00e9 ji\u017e kamerou.\u00a0 Ale ne\u017e se do p\u0159ikrmov\u00e1n\u00ed s&nbsp;kamerou \u010di&nbsp;bez n\u00ed pust\u00edte, rozhodn\u011b si n\u011bco p\u0159e\u010dt\u011bte o&nbsp;tom kdy, jak a&nbsp;\u010d\u00edm krmit (t\u0159eba na str\u00e1nk\u00e1ch <a href=\"https:\/\/www.birdlife.cz\/zapojte-se\/pomoc-ptakum\/prikrmovani\/\" target=\"_blank\" rel=\"noopener noreferrer\">\u010cSO<\/a>).\u00a0 A&nbsp;nezapom\u00ednejte, \u017ee pt\u00e1ky je nejl\u00e9pe p\u0159ikrmovat vysazen\u00edm <a href=\"https:\/\/www.veronica.cz\/zimni-krmeni-ptaku\" target=\"_blank\" rel=\"noopener noreferrer\">vhodn\u00fdch strom\u016f a&nbsp;ke\u0159\u016f<\/a>, jejich\u017e plody se pr\u00e1ci \u017eiv\u00ed a&nbsp;tak\u00e9 se v&nbsp;nich najdou \u00fakryt, kdy\u017e &#8222;p\u0159ijde zima, p\u0159ijde mr\u00e1z&#8220;&#8230;<\/p>\n<ul>\n<li><a href=\"https:\/\/www.viewbirds.com\/feeders.htm\" target=\"_blank\" rel=\"noopener noreferrer\">Bird feeder webcams<\/a><\/li>\n<li><a href=\"http:\/\/www.makov.cz\/?action=webkamera\" target=\"_blank\" rel=\"noopener noreferrer\">Z\u00e1chrann\u00e1 stanice \u017eivo\u010dich\u016f Makov- webkamera<\/a><\/li>\n<li><a href=\"http:\/\/www.lmpisek.cz\/webkamery\/webkamery\" target=\"_blank\" rel=\"noopener noreferrer\">Lesy m\u011bsta P\u00edsku &#8211; webkamery<\/a><\/li>\n<li>Krm\u00edtka a&nbsp;budky s&nbsp;kamerou: <a href=\"https:\/\/www.budcam.cz\" target=\"_blank\" rel=\"noopener noreferrer\">Budcam<\/a><\/li>\n<li><a href=\"https:\/\/www.cso.cz\/index.php?ID=42\" target=\"_blank\" rel=\"noopener noreferrer\"><span class=\"caption\">Zimn\u00ed p\u0159ikrmov\u00e1n\u00ed pt\u00e1k\u016f<\/span> &#8211; \u010cSO<\/a><\/li>\n<li><a href=\"https:\/\/www.birdlife.cz\/zapojte-se\/pomoc-ptakum\/prikrmovani\/\" target=\"_blank\" rel=\"noopener noreferrer\">P\u0159ikrmov\u00e1n\u00ed &#8211; \u010cSO<\/a><\/li>\n<li><a href=\"https:\/\/www.veronica.cz\/zimni-krmeni-ptaku\">Zimn\u00ed krmen\u00ed pt\u00e1k\u016f &#8211; Veronica<\/a><\/li>\n<\/ul>\n","protected":false},"excerpt":{"rendered":"<p>&#8222;Bude zima, bude mr\u00e1z, kam se, pt\u00e1\u010dku, kam schov\u00e1\u0161? Schov\u00e1m j\u00e1 se pod hrudu, tam j\u00e1 zimu p\u0159ebudu. Bude zima, bude mr\u00e1z, kam se, pt\u00e1\u010dku, kam schov\u00e1\u0161? Schov\u00e1m se do javora, to bude m\u00e1 komora. Bude zima, bude mr\u00e1z, kam se, pt\u00e1\u010dku, kam schov\u00e1\u0161? Schov\u00e1m j\u00e1 se pod mezu, a\u017e p\u0159estane, vylezu. Bude zima, bude &hellip; <\/p>\n<p class=\"link-more\"><a href=\"https:\/\/tinnunculus.sy-sy.cz\/index.php\/2017\/12\/26\/zima-online\/\" class=\"more-link\">Pokra\u010dovat ve \u010dten\u00ed<span class=\"screen-reader-text\"> &#8222;Zima online&#8220;<\/span><\/a><\/p>\n","protected":false},"author":2,"featured_media":0,"comment_status":"open","ping_status":"open","sticky":false,"template":"","format":"standard","meta":{"jetpack_post_was_ever_published":false,"_jetpack_newsletter_access":"","_jetpack_dont_email_post_to_subs":false,"_jetpack_newsletter_tier_id":0,"_jetpack_memberships_contains_paywalled_content":false,"_jetpack_memberships_contains_paid_content":false,"footnotes":""},"categories":[150,220,114,108],"tags":[208,71],"class_list":["post-2594","post","type-post","status-publish","format-standard","hentry","category-odjinud","category-ostatni-online","category-zivy-prenos","category-ostatni-zvirena","tag-krmitko","tag-ps_97"],"jetpack_featured_media_url":"","jetpack_shortlink":"https:\/\/wp.me\/p91gKE-FQ","jetpack-related-posts":[{"id":3379,"url":"https:\/\/tinnunculus.sy-sy.cz\/index.php\/2018\/02\/26\/uz-je-zima-uz-je-mraz\/","url_meta":{"origin":2594,"position":0},"title":"U\u017e je zima, u\u017e je mr\u00e1z","author":"Zuzana Syrov\u00e1 An\u00fd\u017eov\u00e1","date":"26\/02\/2018","format":false,"excerpt":"Za rann\u00edch \u010derv\u00e1nk\u016f jsme tu dnes m\u011bli skoro minus dvan\u00e1ct stup\u0148\u016f (Celsia).\u00a0 \"Na\u0161e\" po\u0161tolka se nicm\u00e9n\u011b rozhodla, \u017ee te\u010f u\u017e je na odlet do teplej\u0161\u00edch krajin pon\u011bkud pozd\u011b, a tak u n\u00e1s z\u016fst\u00e1v\u00e1.\u00a0 Na\u010dep\u00fd\u0159en\u00e1 ve sv\u00e9m p\u00e9\u0159ov\u00e9m spac\u00e1ku a p\u0159itisknut\u00e1 k polystyrenu p\u0159e\u010dk\u00e1v\u00e1 posledn\u00ed mraziv\u00e9 noci: Do zimy ven se\u2026","rel":"","context":"V \u201e\"Na\u0161e\" po\u0161tolky\u201c","block_context":{"text":"\"Na\u0161e\" po\u0161tolky","link":"https:\/\/tinnunculus.sy-sy.cz\/index.php\/category\/nasi\/nase-postolky\/"},"img":{"alt_text":"","src":"https:\/\/i0.wp.com\/tinnunculus.sy-sy.cz\/wp-content\/uploads\/2018\/02\/20180226_07-02-28.jpg?resize=350%2C200&ssl=1","width":350,"height":200,"srcset":"https:\/\/i0.wp.com\/tinnunculus.sy-sy.cz\/wp-content\/uploads\/2018\/02\/20180226_07-02-28.jpg?resize=350%2C200&ssl=1 1x, https:\/\/i0.wp.com\/tinnunculus.sy-sy.cz\/wp-content\/uploads\/2018\/02\/20180226_07-02-28.jpg?resize=525%2C300&ssl=1 1.5x, https:\/\/i0.wp.com\/tinnunculus.sy-sy.cz\/wp-content\/uploads\/2018\/02\/20180226_07-02-28.jpg?resize=700%2C400&ssl=1 2x, https:\/\/i0.wp.com\/tinnunculus.sy-sy.cz\/wp-content\/uploads\/2018\/02\/20180226_07-02-28.jpg?resize=1050%2C600&ssl=1 3x"},"classes":[]},{"id":10431,"url":"https:\/\/tinnunculus.sy-sy.cz\/index.php\/2020\/02\/14\/sypejte-ptackum\/","url_meta":{"origin":2594,"position":1},"title":"Sypejte pt\u00e1\u010dk\u016fm","author":"Zuzana Syrov\u00e1 An\u00fd\u017eov\u00e1","date":"14\/02\/2020","format":"quote","excerpt":"Aneb o pt\u00e1c\u00edch na zahrad\u011b v zim\u011b i v l\u00e9t\u011b z pera Franti\u0161ka Nepila.","rel":"","context":"V \u201eKo\u010dka\u201c","block_context":{"text":"Ko\u010dka","link":"https:\/\/tinnunculus.sy-sy.cz\/index.php\/category\/ostatni-zvirena\/savec\/kocka-cs\/"},"img":{"alt_text":"","src":"https:\/\/i0.wp.com\/tinnunculus.sy-sy.cz\/wp-content\/uploads\/2020\/02\/sypejte-ptackum-300x295.jpg?resize=350%2C200&ssl=1","width":350,"height":200},"classes":[]},{"id":2466,"url":"https:\/\/tinnunculus.sy-sy.cz\/index.php\/2017\/11\/12\/po-svatem-martine\/","url_meta":{"origin":2594,"position":2},"title":"Po svat\u00e9m Martin\u011b..","author":"Zuzana Syrov\u00e1 An\u00fd\u017eov\u00e1","date":"12\/11\/2017","format":false,"excerpt":"\"Po svat\u00e9m Martin\u011b zima ne\u017eertuje; p\u0159ich\u00e1z\u00ed sn\u00edh i mr\u00e1z kvaltem\".\u00a0 S ohledem na pranostiky i p\u0159edpov\u011b\u010f po\u010das\u00ed jsme tedy dnes odpoledne zazimovali kamery a ponechali v provozu pouze dv\u011b mrazu do -20\u00b0C odoln\u00e9. Stihli jsme to jen tak tak. Ne \u017ee by n\u00e1s zasko\u010dil mr\u00e1z, ale \"na\u0161e\" po\u0161tol\u010d\u00ed sami\u010dka dnes\u2026","rel":"","context":"V \u201e\"Na\u0161e\" po\u0161tolky\u201c","block_context":{"text":"\"Na\u0161e\" po\u0161tolky","link":"https:\/\/tinnunculus.sy-sy.cz\/index.php\/category\/nasi\/nase-postolky\/"},"img":{"alt_text":"","src":"https:\/\/i0.wp.com\/tinnunculus.sy-sy.cz\/wp-content\/uploads\/2017\/11\/20171112_15-36-47_1-1024x640.jpg?resize=350%2C200&ssl=1","width":350,"height":200,"srcset":"https:\/\/i0.wp.com\/tinnunculus.sy-sy.cz\/wp-content\/uploads\/2017\/11\/20171112_15-36-47_1-1024x640.jpg?resize=350%2C200&ssl=1 1x, https:\/\/i0.wp.com\/tinnunculus.sy-sy.cz\/wp-content\/uploads\/2017\/11\/20171112_15-36-47_1-1024x640.jpg?resize=525%2C300&ssl=1 1.5x"},"classes":[]},{"id":17639,"url":"https:\/\/tinnunculus.sy-sy.cz\/index.php\/2022\/01\/09\/zimni-rana\/","url_meta":{"origin":2594,"position":3},"title":"Zimn\u00ed r\u00e1na","author":"Zuzana Syrov\u00e1 An\u00fd\u017eov\u00e1","date":"09\/01\/2022","format":false,"excerpt":"Aneb o tom, jak na\u0161e po\u0161tolky tr\u00e1v\u00ed zimn\u00ed r\u00e1na.","rel":"","context":"V \u201e\"Na\u0161e\" po\u0161tolky\u201c","block_context":{"text":"\"Na\u0161e\" po\u0161tolky","link":"https:\/\/tinnunculus.sy-sy.cz\/index.php\/category\/nasi\/nase-postolky\/"},"img":{"alt_text":"","src":"https:\/\/i0.wp.com\/tinnunculus.sy-sy.cz\/wp-content\/uploads\/2022\/01\/20220109-0723187294-1024x576.jpg?resize=350%2C200&ssl=1","width":350,"height":200,"srcset":"https:\/\/i0.wp.com\/tinnunculus.sy-sy.cz\/wp-content\/uploads\/2022\/01\/20220109-0723187294-1024x576.jpg?resize=350%2C200&ssl=1 1x, https:\/\/i0.wp.com\/tinnunculus.sy-sy.cz\/wp-content\/uploads\/2022\/01\/20220109-0723187294-1024x576.jpg?resize=525%2C300&ssl=1 1.5x"},"classes":[]},{"id":2652,"url":"https:\/\/tinnunculus.sy-sy.cz\/index.php\/2017\/12\/26\/koleda-s-postolkou\/","url_meta":{"origin":2594,"position":4},"title":"Koleda s&nbsp;po\u0161tolkou","author":"Zuzana Syrov\u00e1 An\u00fd\u017eov\u00e1","date":"26\/12\/2017","format":false,"excerpt":"\"Na\u0161e\" po\u0161tolka, kter\u00e1 u n\u00e1s od l\u00e9ta bydl\u00ed, s n\u00e1mi letos tr\u00e1v\u00ed i v\u00e1noce. I kdy\u017e p\u0159\u00edli\u0161 aktivn\u011b se do nich nezapojuje, co\u017e je d\u00e1no i tradic\u00ed.\u00a0 Ani v koled\u00e1ch, i kdy\u017e se to v nich pt\u00e1\u010dky jen hem\u017e\u00ed, toti\u017e po\u0161tolka nepat\u0159\u00ed k t\u011bm, co by o p\u016flnoci na \u0160t\u011bdr\u00fd\u2026","rel":"","context":"V \u201e\"Na\u0161e\" po\u0161tolky\u201c","block_context":{"text":"\"Na\u0161e\" po\u0161tolky","link":"https:\/\/tinnunculus.sy-sy.cz\/index.php\/category\/nasi\/nase-postolky\/"},"img":{"alt_text":"","src":"https:\/\/i0.wp.com\/tinnunculus.sy-sy.cz\/wp-content\/uploads\/2017\/12\/20171226_08-18-10u.jpg?resize=350%2C200&ssl=1","width":350,"height":200,"srcset":"https:\/\/i0.wp.com\/tinnunculus.sy-sy.cz\/wp-content\/uploads\/2017\/12\/20171226_08-18-10u.jpg?resize=350%2C200&ssl=1 1x, https:\/\/i0.wp.com\/tinnunculus.sy-sy.cz\/wp-content\/uploads\/2017\/12\/20171226_08-18-10u.jpg?resize=525%2C300&ssl=1 1.5x, https:\/\/i0.wp.com\/tinnunculus.sy-sy.cz\/wp-content\/uploads\/2017\/12\/20171226_08-18-10u.jpg?resize=700%2C400&ssl=1 2x"},"classes":[]},{"id":271,"url":"https:\/\/tinnunculus.sy-sy.cz\/index.php\/2015\/11\/28\/jeste-jsou-tu\/","url_meta":{"origin":2594,"position":5},"title":"Je\u0161t\u011b jsou tu","author":"Zuzana Syrov\u00e1 An\u00fd\u017eov\u00e1","date":"28\/11\/2015","format":false,"excerpt":"P\u0159edpov\u011b\u010f po\u010das\u00ed slibovala teploty pod bodem mrazu a tak jsme minulou sobotu vypnuli letn\u00ed kamery a ulo\u017eili je k zimn\u00edmu odpo\u010dinku. V lod\u017eii te\u010f b\u011b\u017e\u00ed jen ty dv\u011b nejodoln\u011bj\u0161\u00ed, kter\u00e9 zvl\u00e1dnou provoz p\u0159i teplot\u00e1ch do -20oC. Z\u0159ejm\u011b to bylo pon\u011bkud ukvapen\u00e9, \u017e\u00e1dn\u00e9 mrazy se nekonaly. Po\u0161tol\u010d\u00ed p\u00e1r se ostatn\u011b je\u0161t\u011b\u2026","rel":"","context":"V \u201e\"Na\u0161e\" po\u0161tolky\u201c","block_context":{"text":"\"Na\u0161e\" po\u0161tolky","link":"https:\/\/tinnunculus.sy-sy.cz\/index.php\/category\/nasi\/nase-postolky\/"},"img":{"alt_text":"","src":"https:\/\/i0.wp.com\/tinnunculus.sy-sy.cz\/wp-content\/uploads\/2015\/11\/20151126-0835541296-169x300.jpg?resize=350%2C200&ssl=1","width":350,"height":200},"classes":[]}],"jetpack_sharing_enabled":true,"_links":{"self":[{"href":"https:\/\/tinnunculus.sy-sy.cz\/index.php\/wp-json\/wp\/v2\/posts\/2594","targetHints":{"allow":["GET"]}}],"collection":[{"href":"https:\/\/tinnunculus.sy-sy.cz\/index.php\/wp-json\/wp\/v2\/posts"}],"about":[{"href":"https:\/\/tinnunculus.sy-sy.cz\/index.php\/wp-json\/wp\/v2\/types\/post"}],"author":[{"embeddable":true,"href":"https:\/\/tinnunculus.sy-sy.cz\/index.php\/wp-json\/wp\/v2\/users\/2"}],"replies":[{"embeddable":true,"href":"https:\/\/tinnunculus.sy-sy.cz\/index.php\/wp-json\/wp\/v2\/comments?post=2594"}],"version-history":[{"count":3,"href":"https:\/\/tinnunculus.sy-sy.cz\/index.php\/wp-json\/wp\/v2\/posts\/2594\/revisions"}],"predecessor-version":[{"id":44761,"href":"https:\/\/tinnunculus.sy-sy.cz\/index.php\/wp-json\/wp\/v2\/posts\/2594\/revisions\/44761"}],"wp:attachment":[{"href":"https:\/\/tinnunculus.sy-sy.cz\/index.php\/wp-json\/wp\/v2\/media?parent=2594"}],"wp:term":[{"taxonomy":"category","embeddable":true,"href":"https:\/\/tinnunculus.sy-sy.cz\/index.php\/wp-json\/wp\/v2\/categories?post=2594"},{"taxonomy":"post_tag","embeddable":true,"href":"https:\/\/tinnunculus.sy-sy.cz\/index.php\/wp-json\/wp\/v2\/tags?post=2594"}],"curies":[{"name":"wp","href":"https:\/\/api.w.org\/{rel}","templated":true}]}}