{"id":247,"date":"2015-08-15T20:04:42","date_gmt":"2015-08-15T18:04:42","guid":{"rendered":"http:\/\/tinnunculus.sy-sy.cz\/index.php\/2015\/08\/15\/z-letni-lodzie\/"},"modified":"2026-03-21T08:38:32","modified_gmt":"2026-03-21T07:38:32","slug":"z-letni-lodzie","status":"publish","type":"post","link":"https:\/\/tinnunculus.sy-sy.cz\/index.php\/2015\/08\/15\/z-letni-lodzie\/","title":{"rendered":"Z letn\u00ed lod\u017eie"},"content":{"rendered":"<p>N\u011bjak\u00e9 hork\u00e9 novinky ne\u010dekejte, i&nbsp;kdy\u017e beton i&nbsp;kovov\u00e9 z\u00e1bradl\u00ed na\u0161\u00ed lod\u017eie jsou rozp\u00e1len\u00e9.<\/p>\n<p>Po zmizen\u00ed po\u0161tol\u010dat, letos, asi d\u00edky tvrd\u0161\u00edmu odchovu ze strany rodi\u010d\u016f, neobvykle \u010dasn\u00e9m, zela lod\u017eie po&nbsp;n\u011bkolik dn\u00ed tak\u0159ka pr\u00e1zdnotou. Ale pak se objevil dal\u0161\u00ed, pln\u011b vybarven\u00fd same\u010dek, a&nbsp;chv\u00edli nebylo jasn\u00e9, kdo vlastn\u011b lod\u017eii opanuje. Leto\u0161n\u00ed mladistv\u00fd otec nicm\u00e9n\u011b, jak se zd\u00e1, vyklidil v&nbsp;tichosti pole.<\/p>\n<p><a href=\"https:\/\/i0.wp.com\/tinnunculus.sy-sy.cz\/wp-content\/uploads\/2015\/08\/20150815-0659241170-e1706898101928.jpg?ssl=1\" target=\"_blank\" rel=\"noopener\"><img data-recalc-dims=\"1\" loading=\"lazy\" decoding=\"async\" data-attachment-id=\"31425\" data-permalink=\"https:\/\/tinnunculus.sy-sy.cz\/index.php\/2015\/08\/15\/z-letni-lodzie\/20150815-0659241170\/\" data-orig-file=\"https:\/\/i0.wp.com\/tinnunculus.sy-sy.cz\/wp-content\/uploads\/2015\/08\/20150815-0659241170-e1706898101928.jpg?fit=1038%2C830&amp;ssl=1\" data-orig-size=\"1038,830\" data-comments-opened=\"1\" data-image-meta=\"{&quot;aperture&quot;:&quot;0&quot;,&quot;credit&quot;:&quot;&quot;,&quot;camera&quot;:&quot;&quot;,&quot;caption&quot;:&quot;&quot;,&quot;created_timestamp&quot;:&quot;0&quot;,&quot;copyright&quot;:&quot;&quot;,&quot;focal_length&quot;:&quot;0&quot;,&quot;iso&quot;:&quot;0&quot;,&quot;shutter_speed&quot;:&quot;0&quot;,&quot;title&quot;:&quot;&quot;,&quot;orientation&quot;:&quot;0&quot;}\" data-image-title=\"20150815-0659241170\" data-image-description=\"\" data-image-caption=\"\" data-large-file=\"https:\/\/i0.wp.com\/tinnunculus.sy-sy.cz\/wp-content\/uploads\/2015\/08\/20150815-0659241170-e1706898101928.jpg?fit=525%2C420&amp;ssl=1\" class=\"aligncenter wp-image-31425 size-large\" src=\"https:\/\/i0.wp.com\/tinnunculus.sy-sy.cz\/wp-content\/uploads\/2015\/08\/20150815-0659241170.jpg?resize=525%2C420&#038;ssl=1\" alt=\"\" width=\"525\" height=\"420\" \/><\/a><\/p>\n<div style=\"text-align: center;\"><\/div>\n<p align=\"center\">\u00a0 <em>Sami\u010dka a&nbsp;same\u010dek na bid\u00fdlc\u00edch u&nbsp;dve\u0159\u00ed 2015\/08\/15<\/em><!--more--><\/p>\n<p>Nov\u00fd p\u00e1r, zvl\u00e1\u0161t\u011b same\u010dek, te\u010f tr\u00e1v\u00ed v&nbsp;lod\u017eii podstatnou \u010d\u00e1st hork\u00fdch letn\u00edch dn\u00ed\u00a0 Sami\u010dka se k&nbsp;n\u011bmu obvykle p\u0159ipoj\u00ed v&nbsp;podve\u010der a&nbsp;str\u00e1v\u00ed noc na bid\u00fdlku. Same\u010dek na jej\u00ed p\u0159\u00edlet reaguje tak, \u017ee sl\u00e9tne na podlah, roz\u010dilen\u011b tik\u00e1, a&nbsp;ob\u010das se produc\u00edruje i&nbsp;v&nbsp;hn\u00edzdn\u00edm kout\u011b nebo vrt\u00ed v&nbsp;kv\u011btin\u00e1\u010di naproti dve\u0159\u00edm. Poklidnou atmosf\u00e9ru ob\u010das zpest\u0159\u00ed p\u0159\u00edlet odrostl\u00fdch po\u0161tol\u010dat hlasit\u011b se do\u017eaduj\u00edc\u00edch n\u011b\u010deho k&nbsp;sn\u011bdku. Kdov\u00ed, zda jsou to je\u0161t\u011b ta na\u0161e nebo n\u011bjak\u00e1 mlad\u0161\u00ed z&nbsp;nedalek\u00fdch hn\u00edzd. Same\u010dek obvykle p\u0159ed nimi rad\u011bji ulet\u00ed a&nbsp;ona je\u0161t\u011b chvilku pok\u0159ikuj\u00ed a&nbsp;pak taky zmiz\u00ed.<\/p>\n","protected":false},"excerpt":{"rendered":"<p>N\u011bjak\u00e9 hork\u00e9 novinky ne\u010dekejte, i&nbsp;kdy\u017e beton i&nbsp;kovov\u00e9 z\u00e1bradl\u00ed na\u0161\u00ed lod\u017eie jsou rozp\u00e1len\u00e9. Po&nbsp;zmizen\u00ed po\u0161tol\u010dat, letos, asi d\u00edky tvrd\u0161\u00edmu odchovu ze strany rodi\u010d\u016f, neobvykle \u010dasn\u00e9m, zela lod\u017eie po&nbsp;n\u011bkolik dn\u00ed tak\u0159ka pr\u00e1zdnotou. Ale pak se objevil dal\u0161\u00ed, pln\u011b vybarven\u00fd same\u010dek, a&nbsp;chv\u00edli nebylo jasn\u00e9, kdo vlastn\u011b lod\u017eii opanuje. Leto\u0161n\u00ed mladistv\u00fd otec nicm\u00e9n\u011b, jak se zd\u00e1, vyklidil v&nbsp;tichosti &hellip; <\/p>\n<p class=\"link-more\"><a href=\"https:\/\/tinnunculus.sy-sy.cz\/index.php\/2015\/08\/15\/z-letni-lodzie\/\" class=\"more-link\">Pokra\u010dovat ve \u010dten\u00ed<span class=\"screen-reader-text\"> &#8222;Z&nbsp;letn\u00ed lod\u017eie&#8220;<\/span><\/a><\/p>\n","protected":false},"author":2,"featured_media":0,"comment_status":"closed","ping_status":"open","sticky":false,"template":"","format":"standard","meta":{"jetpack_post_was_ever_published":false,"_jetpack_newsletter_access":"","_jetpack_dont_email_post_to_subs":false,"_jetpack_newsletter_tier_id":0,"_jetpack_memberships_contains_paywalled_content":false,"_jetpack_memberships_contains_paid_content":false,"footnotes":""},"categories":[147,116,105,110,1596],"tags":[20,90,91],"class_list":["post-247","post","type-post","status-publish","format-standard","hentry","category-nase-postolky","category-nasi","category-postolka","category-postolka-obecna","category-postolky-z-nasi-lodzie","tag-20","tag-ps_96","tag-ps_95"],"jetpack_featured_media_url":"","jetpack_shortlink":"https:\/\/wp.me\/p91gKE-3Z","jetpack-related-posts":[{"id":252,"url":"https:\/\/tinnunculus.sy-sy.cz\/index.php\/2015\/08\/22\/letni-pranice\/","url_meta":{"origin":247,"position":0},"title":"Letn\u00ed pranice","author":"Zuzana Syrov\u00e1 An\u00fd\u017eov\u00e1","date":"22\/08\/2015","format":false,"excerpt":"Zd\u00e1 se, \u017ee letn\u00ed poklid kon\u010d\u00ed a s bl\u00ed\u017e\u00edc\u00edm se podzimem se op\u011bt zv\u011bt\u0161uje po\u0161tol\u010d\u00ed z\u00e1jem o na\u0161i lod\u017eii. Nedalo se to p\u0159ehl\u00e9dnout a hlavn\u011b p\u0159eslechnout. Dnes r\u00e1no se n\u00e1\u0161 nov\u00fd po\u0161tol\u010d\u00ed p\u00e1r popral s ciz\u00ed po\u0161tolkou; jedna (snad ta sam\u00e1) tu ostatn\u011b sl\u00eddila u\u017e v\u010dera. Tak, jak je v\u2026","rel":"","context":"V \u201e\"Na\u0161e\" po\u0161tolky\u201c","block_context":{"text":"\"Na\u0161e\" po\u0161tolky","link":"https:\/\/tinnunculus.sy-sy.cz\/index.php\/category\/nasi\/nase-postolky\/"},"img":{"alt_text":"","src":"https:\/\/i0.wp.com\/tinnunculus.sy-sy.cz\/wp-content\/uploads\/2015\/08\/20150822-0647362523-1024x819.jpg?resize=350%2C200&ssl=1","width":350,"height":200,"srcset":"https:\/\/i0.wp.com\/tinnunculus.sy-sy.cz\/wp-content\/uploads\/2015\/08\/20150822-0647362523-1024x819.jpg?resize=350%2C200&ssl=1 1x, https:\/\/i0.wp.com\/tinnunculus.sy-sy.cz\/wp-content\/uploads\/2015\/08\/20150822-0647362523-1024x819.jpg?resize=525%2C300&ssl=1 1.5x"},"classes":[]},{"id":271,"url":"https:\/\/tinnunculus.sy-sy.cz\/index.php\/2015\/11\/28\/jeste-jsou-tu\/","url_meta":{"origin":247,"position":1},"title":"Je\u0161t\u011b jsou tu","author":"Zuzana Syrov\u00e1 An\u00fd\u017eov\u00e1","date":"28\/11\/2015","format":false,"excerpt":"P\u0159edpov\u011b\u010f po\u010das\u00ed slibovala teploty pod bodem mrazu a tak jsme minulou sobotu vypnuli letn\u00ed kamery a ulo\u017eili je k zimn\u00edmu odpo\u010dinku. V lod\u017eii te\u010f b\u011b\u017e\u00ed jen ty dv\u011b nejodoln\u011bj\u0161\u00ed, kter\u00e9 zvl\u00e1dnou provoz p\u0159i teplot\u00e1ch do -20oC. Z\u0159ejm\u011b to bylo pon\u011bkud ukvapen\u00e9, \u017e\u00e1dn\u00e9 mrazy se nekonaly. Po\u0161tol\u010d\u00ed p\u00e1r se ostatn\u011b je\u0161t\u011b\u2026","rel":"","context":"V \u201e\"Na\u0161e\" po\u0161tolky\u201c","block_context":{"text":"\"Na\u0161e\" po\u0161tolky","link":"https:\/\/tinnunculus.sy-sy.cz\/index.php\/category\/nasi\/nase-postolky\/"},"img":{"alt_text":"","src":"https:\/\/i0.wp.com\/tinnunculus.sy-sy.cz\/wp-content\/uploads\/2015\/11\/20151126-0835541296-169x300.jpg?resize=350%2C200&ssl=1","width":350,"height":200},"classes":[]},{"id":283,"url":"https:\/\/tinnunculus.sy-sy.cz\/index.php\/2015\/12\/13\/jaka-byla-sezona-2015\/","url_meta":{"origin":247,"position":2},"title":"Jak\u00e1 byla sez\u00f3na 2015","author":"Zuzana Syrov\u00e1 An\u00fd\u017eov\u00e1","date":"13\/12\/2015","format":false,"excerpt":"Co se d\u011blo v roce 2015 do vypnut\u00ed letn\u00edch kamer? Zat\u00edmco v zim\u011b se toho v lod\u017eii mnoho ned\u011blo a jen sem tam p\u0159ist\u00e1la n\u011bjak\u00e1 kolemlet\u00edc\u00ed po\u0161tolka, tak od 13. \u00fanora s v\u00fdjimkou dn\u016f, kdy po\u010das\u00ed opravdu po\u0161tolk\u00e1m nep\u0159eje, se pravideln\u011b n\u011bkolikr\u00e1t za den za\u010dal objevovat same\u010dek i sami\u010dka. Od\u2026","rel":"","context":"V \u201e\"Na\u0161e\" po\u0161tolky\u201c","block_context":{"text":"\"Na\u0161e\" po\u0161tolky","link":"https:\/\/tinnunculus.sy-sy.cz\/index.php\/category\/nasi\/nase-postolky\/"},"img":{"alt_text":"","src":"","width":0,"height":0},"classes":[]},{"id":256,"url":"https:\/\/tinnunculus.sy-sy.cz\/index.php\/2015\/08\/27\/nova-zmena-podnajemnika\/","url_meta":{"origin":247,"position":3},"title":"Nov\u00e1 zm\u011bna podn\u00e1jemn\u00edka?","author":"Zuzana Syrov\u00e1 An\u00fd\u017eov\u00e1","date":"27\/08\/2015","format":false,"excerpt":"Ve st\u0159edu 26. srpna 2015 do\u0161lo z\u0159ejm\u011b k nov\u00e9 zm\u011bn\u011b podn\u00e1jemn\u00edka na\u0161\u00ed lod\u017eie. V podve\u010der, kdy\u017e byl ji\u017e v lod\u017eii same\u010dek usazen\u00fd na bid\u00fdlku a sami\u010dka schovan\u00e1 v kout\u011b pod policemi u dve\u0159\u00ed, p\u0159ilet\u011bla dal\u0161\u00ed po\u0161tolka, z\u0159ejm\u011b odrostl\u00e9 po\u0161tol\u010de, ka\u017edop\u00e1dn\u011b dosud vybarven\u00e9 podobn\u011b jako sami\u010dka. Chvilku trvalo, ne\u017e se sami\u010dkou\u2026","rel":"","context":"V \u201e\"Na\u0161e\" po\u0161tolky\u201c","block_context":{"text":"\"Na\u0161e\" po\u0161tolky","link":"https:\/\/tinnunculus.sy-sy.cz\/index.php\/category\/nasi\/nase-postolky\/"},"img":{"alt_text":"","src":"","width":0,"height":0},"classes":[]},{"id":298,"url":"https:\/\/tinnunculus.sy-sy.cz\/index.php\/2016\/03\/29\/cizinec-neni-nasinec\/","url_meta":{"origin":247,"position":4},"title":"Cizinec nen\u00ed na\u0161inec","author":"Zuzana Syrov\u00e1 An\u00fd\u017eov\u00e1","date":"29\/03\/2016","format":false,"excerpt":"Dnes kolem poledn\u00edho letn\u00edho \u010dasu (po\u0161tolky se ov\u0161em na\u0161imi lidsk\u00fdmi v\u00fdmysly nedaj\u00ed zm\u00e1st) bylo v na\u0161\u00ed lod\u017eii obzvl\u00e1\u0161t\u011b \u017eivo. Objevil se zde toti\u017e ciz\u00ed same\u010dek a drze prozkoum\u00e1val hn\u00edzdn\u00ed kout. Sami\u010dka, kter\u00e1 tou dobou vyhl\u00ed\u017eela z bid\u00fdlka na prot\u011bj\u0161\u00ed stran\u011b lod\u017eie u dve\u0159\u00ed same\u010dka s proviantem, si n\u011bco takov\u00e9ho ov\u0161em\u2026","rel":"","context":"V \u201e\"Na\u0161e\" po\u0161tolky\u201c","block_context":{"text":"\"Na\u0161e\" po\u0161tolky","link":"https:\/\/tinnunculus.sy-sy.cz\/index.php\/category\/nasi\/nase-postolky\/"},"img":{"alt_text":"","src":"https:\/\/i0.wp.com\/tinnunculus.sy-sy.cz\/wp-content\/uploads\/2016\/03\/20160329_11-39-39-1024x576.jpg?resize=350%2C200&ssl=1","width":350,"height":200,"srcset":"https:\/\/i0.wp.com\/tinnunculus.sy-sy.cz\/wp-content\/uploads\/2016\/03\/20160329_11-39-39-1024x576.jpg?resize=350%2C200&ssl=1 1x, https:\/\/i0.wp.com\/tinnunculus.sy-sy.cz\/wp-content\/uploads\/2016\/03\/20160329_11-39-39-1024x576.jpg?resize=525%2C300&ssl=1 1.5x"},"classes":[]},{"id":1989,"url":"https:\/\/tinnunculus.sy-sy.cz\/index.php\/2017\/08\/20\/kolemletici\/","url_meta":{"origin":247,"position":5},"title":"Kolemlet\u00edc\u00ed","author":"Zuzana Syrov\u00e1 An\u00fd\u017eov\u00e1","date":"20\/08\/2017","format":false,"excerpt":"Za\u010dalo to docela nevin\u011b. Sami\u010dku, kter\u00e1 se p\u0159ilet\u011bla schovat p\u0159ed de\u0161t\u011bm, sledovala dal\u0161\u00ed po\u0161tolka. Jak se pozd\u011bji uk\u00e1zalo, z\u0159ejm\u011b docela mlad\u00e1. Vytrvale se vracela a\u017e do pozdn\u00edho ve\u010dera a dom\u00e1c\u00ed sami\u010dka se ji opakovan\u011b sna\u017eila zahnat. Ov\u0161em z\u00e1jem a zv\u011bdavost n\u00e1v\u0161t\u011bvnice byly velik\u00e9. Opakovan\u011b se sna\u017eila vm\u011bstnat do poli\u010dky nad\u2026","rel":"","context":"V \u201e\"Na\u0161e\" po\u0161tolky\u201c","block_context":{"text":"\"Na\u0161e\" po\u0161tolky","link":"https:\/\/tinnunculus.sy-sy.cz\/index.php\/category\/nasi\/nase-postolky\/"},"img":{"alt_text":"","src":"https:\/\/i0.wp.com\/tinnunculus.sy-sy.cz\/wp-content\/uploads\/2017\/08\/20170820-1751365282_upr-1024x666.jpg?resize=350%2C200&ssl=1","width":350,"height":200,"srcset":"https:\/\/i0.wp.com\/tinnunculus.sy-sy.cz\/wp-content\/uploads\/2017\/08\/20170820-1751365282_upr-1024x666.jpg?resize=350%2C200&ssl=1 1x, https:\/\/i0.wp.com\/tinnunculus.sy-sy.cz\/wp-content\/uploads\/2017\/08\/20170820-1751365282_upr-1024x666.jpg?resize=525%2C300&ssl=1 1.5x"},"classes":[]}],"jetpack_sharing_enabled":true,"_links":{"self":[{"href":"https:\/\/tinnunculus.sy-sy.cz\/index.php\/wp-json\/wp\/v2\/posts\/247","targetHints":{"allow":["GET"]}}],"collection":[{"href":"https:\/\/tinnunculus.sy-sy.cz\/index.php\/wp-json\/wp\/v2\/posts"}],"about":[{"href":"https:\/\/tinnunculus.sy-sy.cz\/index.php\/wp-json\/wp\/v2\/types\/post"}],"author":[{"embeddable":true,"href":"https:\/\/tinnunculus.sy-sy.cz\/index.php\/wp-json\/wp\/v2\/users\/2"}],"replies":[{"embeddable":true,"href":"https:\/\/tinnunculus.sy-sy.cz\/index.php\/wp-json\/wp\/v2\/comments?post=247"}],"version-history":[{"count":3,"href":"https:\/\/tinnunculus.sy-sy.cz\/index.php\/wp-json\/wp\/v2\/posts\/247\/revisions"}],"predecessor-version":[{"id":37554,"href":"https:\/\/tinnunculus.sy-sy.cz\/index.php\/wp-json\/wp\/v2\/posts\/247\/revisions\/37554"}],"wp:attachment":[{"href":"https:\/\/tinnunculus.sy-sy.cz\/index.php\/wp-json\/wp\/v2\/media?parent=247"}],"wp:term":[{"taxonomy":"category","embeddable":true,"href":"https:\/\/tinnunculus.sy-sy.cz\/index.php\/wp-json\/wp\/v2\/categories?post=247"},{"taxonomy":"post_tag","embeddable":true,"href":"https:\/\/tinnunculus.sy-sy.cz\/index.php\/wp-json\/wp\/v2\/tags?post=247"}],"curies":[{"name":"wp","href":"https:\/\/api.w.org\/{rel}","templated":true}]}}