{"id":24463,"date":"2023-07-29T09:36:49","date_gmt":"2023-07-29T07:36:49","guid":{"rendered":"https:\/\/tinnunculus.sy-sy.cz\/?p=24463"},"modified":"2025-12-12T23:58:55","modified_gmt":"2025-12-12T22:58:55","slug":"ztichla-ulice","status":"publish","type":"post","link":"https:\/\/tinnunculus.sy-sy.cz\/index.php\/2023\/07\/29\/ztichla-ulice\/","title":{"rendered":"Ztichl\u00e1 ulice"},"content":{"rendered":"<p><a href=\"https:\/\/i0.wp.com\/tinnunculus.sy-sy.cz\/wp-content\/uploads\/2023\/07\/2023-07-24-0742457038-e1690614344977.jpg?ssl=1\" target=\"_blank\" rel=\"noopener\"><img data-recalc-dims=\"1\" loading=\"lazy\" decoding=\"async\" data-attachment-id=\"24462\" data-permalink=\"https:\/\/tinnunculus.sy-sy.cz\/index.php\/2023\/07\/29\/ztichla-ulice\/2023-07-24-0742457038\/\" data-orig-file=\"https:\/\/i0.wp.com\/tinnunculus.sy-sy.cz\/wp-content\/uploads\/2023\/07\/2023-07-24-0742457038-e1690614344977.jpg?fit=1038%2C582&amp;ssl=1\" data-orig-size=\"1038,582\" data-comments-opened=\"1\" data-image-meta=\"{&quot;aperture&quot;:&quot;0&quot;,&quot;credit&quot;:&quot;&quot;,&quot;camera&quot;:&quot;&quot;,&quot;caption&quot;:&quot;&quot;,&quot;created_timestamp&quot;:&quot;0&quot;,&quot;copyright&quot;:&quot;&quot;,&quot;focal_length&quot;:&quot;0&quot;,&quot;iso&quot;:&quot;0&quot;,&quot;shutter_speed&quot;:&quot;0&quot;,&quot;title&quot;:&quot;&quot;,&quot;orientation&quot;:&quot;0&quot;}\" data-image-title=\"2023-07-24-0742457038\" data-image-description=\"\" data-image-caption=\"\" data-large-file=\"https:\/\/i0.wp.com\/tinnunculus.sy-sy.cz\/wp-content\/uploads\/2023\/07\/2023-07-24-0742457038-e1690614344977.jpg?fit=525%2C294&amp;ssl=1\" class=\"aligncenter wp-image-24462 size-large\" src=\"https:\/\/i0.wp.com\/tinnunculus.sy-sy.cz\/wp-content\/uploads\/2023\/07\/2023-07-24-0742457038-e1690614344977-1024x574.jpg?resize=525%2C294&#038;ssl=1\" alt=\"\" width=\"525\" height=\"294\" srcset=\"https:\/\/i0.wp.com\/tinnunculus.sy-sy.cz\/wp-content\/uploads\/2023\/07\/2023-07-24-0742457038-e1690614344977.jpg?resize=1024%2C574&amp;ssl=1 1024w, https:\/\/i0.wp.com\/tinnunculus.sy-sy.cz\/wp-content\/uploads\/2023\/07\/2023-07-24-0742457038-e1690614344977.jpg?resize=300%2C168&amp;ssl=1 300w, https:\/\/i0.wp.com\/tinnunculus.sy-sy.cz\/wp-content\/uploads\/2023\/07\/2023-07-24-0742457038-e1690614344977.jpg?resize=768%2C431&amp;ssl=1 768w, https:\/\/i0.wp.com\/tinnunculus.sy-sy.cz\/wp-content\/uploads\/2023\/07\/2023-07-24-0742457038-e1690614344977.jpg?w=1038&amp;ssl=1 1038w\" sizes=\"auto, (max-width: 525px) 100vw, 525px\" \/><\/a><\/p>\n<p>Pomineme-li hluk spojen\u00fd s\u00a0 rekonstrukc\u00ed plynovodu, tak pokud se &#8222;n\u00e1\u0161&#8220; po\u0161tol\u010d\u00ed p\u00e1r zrovna s&nbsp;n\u011bk\u00fdm neha\u0161te\u0159\u00ed, je na\u0161e ulice ji\u017e n\u011bkolik dn\u00ed velmi tich\u00e1. Nesl\u00fdch\u00e1me u\u017e toti\u017e ror\u00fdsi, kte\u0159\u00ed definitivn\u011b zmizeli nejpozd\u011bji ve st\u0159edu 26.&nbsp;\u010dervence. Odlet\u011bli i&nbsp;ti z&nbsp;ror\u00fdsovn\u00edku nad oknem vedle po\u0161tol\u010d\u00ed lod\u017eie. <!--more--><\/p>\n<p><a href=\"https:\/\/i0.wp.com\/tinnunculus.sy-sy.cz\/wp-content\/uploads\/2023\/07\/2023-07-08-0702437579-1-e1690615862266.jpg?ssl=1\" target=\"_blank\" rel=\"noopener\"><img data-recalc-dims=\"1\" loading=\"lazy\" decoding=\"async\" data-attachment-id=\"24464\" data-permalink=\"https:\/\/tinnunculus.sy-sy.cz\/index.php\/2023\/07\/29\/ztichla-ulice\/2023-07-08-0702437579-2\/\" data-orig-file=\"https:\/\/i0.wp.com\/tinnunculus.sy-sy.cz\/wp-content\/uploads\/2023\/07\/2023-07-08-0702437579-1-e1690615862266.jpg?fit=720%2C480&amp;ssl=1\" data-orig-size=\"720,480\" data-comments-opened=\"1\" data-image-meta=\"{&quot;aperture&quot;:&quot;0&quot;,&quot;credit&quot;:&quot;&quot;,&quot;camera&quot;:&quot;&quot;,&quot;caption&quot;:&quot;&quot;,&quot;created_timestamp&quot;:&quot;0&quot;,&quot;copyright&quot;:&quot;&quot;,&quot;focal_length&quot;:&quot;0&quot;,&quot;iso&quot;:&quot;0&quot;,&quot;shutter_speed&quot;:&quot;0&quot;,&quot;title&quot;:&quot;&quot;,&quot;orientation&quot;:&quot;0&quot;}\" data-image-title=\"2023-07-08-0702437579\" data-image-description=\"\" data-image-caption=\"\" data-large-file=\"https:\/\/i0.wp.com\/tinnunculus.sy-sy.cz\/wp-content\/uploads\/2023\/07\/2023-07-08-0702437579-1-e1690615862266.jpg?fit=525%2C933&amp;ssl=1\" class=\"aligncenter wp-image-24464 size-full\" src=\"https:\/\/i0.wp.com\/tinnunculus.sy-sy.cz\/wp-content\/uploads\/2023\/07\/2023-07-08-0702437579-1-e1690615862266.jpg?resize=525%2C350&#038;ssl=1\" alt=\"\" width=\"525\" height=\"350\" srcset=\"https:\/\/i0.wp.com\/tinnunculus.sy-sy.cz\/wp-content\/uploads\/2023\/07\/2023-07-08-0702437579-1-e1690615862266.jpg?w=720&amp;ssl=1 720w, https:\/\/i0.wp.com\/tinnunculus.sy-sy.cz\/wp-content\/uploads\/2023\/07\/2023-07-08-0702437579-1-e1690615862266.jpg?resize=300%2C200&amp;ssl=1 300w\" sizes=\"auto, (max-width: 525px) 100vw, 525px\" \/><\/a><\/p>\n<p><a href=\"https:\/\/tinnunculus.sy-sy.cz\/index.php\/2023\/07\/25\/krmeni-rorysku\/\">Krmen\u00ed ror\u00fdsk\u016f<\/a>, kter\u00e9 na\u0161e kamery zaznamenaly 25.&nbsp;\u010dervence, bylo z\u0159ejm\u011b letos jedno z&nbsp;posledn\u00edch.<\/p>\n","protected":false},"excerpt":{"rendered":"<p>Aneb o&nbsp;tom, \u017ee ror\u00fdsi z&nbsp;na\u0161\u00ed ulice i&nbsp;or\u00fdsovn\u00edku nad oknem vedle po\u0161tol\u010d\u00ed lod\u017eie u\u017e letos definitivn\u011b zmizeli.<\/p>\n","protected":false},"author":2,"featured_media":0,"comment_status":"open","ping_status":"open","sticky":false,"template":"","format":"standard","meta":{"jetpack_post_was_ever_published":false,"_jetpack_newsletter_access":"","_jetpack_dont_email_post_to_subs":false,"_jetpack_newsletter_tier_id":0,"_jetpack_memberships_contains_paywalled_content":false,"_jetpack_memberships_contains_paid_content":false,"footnotes":""},"categories":[148,116,307,106,113,108],"tags":[1279,22,1277,83],"class_list":["post-24463","post","type-post","status-publish","format-standard","hentry","category-nasi-rorysi","category-nasi","category-ptaci","category-rorys-cs","category-rorys-obecny-cs","category-ostatni-zvirena","tag-historie-rorysu","tag-ps_7","tag-rorys-obecny","tag-ps_116"],"jetpack_featured_media_url":"","jetpack_shortlink":"https:\/\/wp.me\/p91gKE-6mz","jetpack-related-posts":[{"id":22390,"url":"https:\/\/tinnunculus.sy-sy.cz\/index.php\/2023\/05\/07\/zpatky-z-afriky\/","url_meta":{"origin":24463,"position":0},"title":"Zp\u00e1tky z&nbsp;Afriky","author":"Zuzana Syrov\u00e1 An\u00fd\u017eov\u00e1","date":"07\/05\/2023","format":false,"excerpt":"Aneb o tom, jak se do na\u0161\u00ed ulice vr\u00e1tili ror\u00fdsi.","rel":"","context":"V \u201e\"Na\u0161i\" ror\u00fdsi\u201c","block_context":{"text":"\"Na\u0161i\" ror\u00fdsi","link":"https:\/\/tinnunculus.sy-sy.cz\/index.php\/category\/nasi\/nasi-rorysi\/"},"img":{"alt_text":"","src":"https:\/\/i0.wp.com\/tinnunculus.sy-sy.cz\/wp-content\/uploads\/2023\/05\/2023-05-07-0825171352-e1683442285583-1024x576.jpg?resize=350%2C200&ssl=1","width":350,"height":200,"srcset":"https:\/\/i0.wp.com\/tinnunculus.sy-sy.cz\/wp-content\/uploads\/2023\/05\/2023-05-07-0825171352-e1683442285583-1024x576.jpg?resize=350%2C200&ssl=1 1x, https:\/\/i0.wp.com\/tinnunculus.sy-sy.cz\/wp-content\/uploads\/2023\/05\/2023-05-07-0825171352-e1683442285583-1024x576.jpg?resize=525%2C300&ssl=1 1.5x"},"classes":[]},{"id":18898,"url":"https:\/\/tinnunculus.sy-sy.cz\/index.php\/2022\/05\/18\/o-rorysech-a-postolkach\/","url_meta":{"origin":24463,"position":1},"title":"O ror\u00fdsech a&nbsp;po\u0161tolk\u00e1ch","author":"Zuzana Syrov\u00e1 An\u00fd\u017eov\u00e1","date":"18\/05\/2022","format":false,"excerpt":"Aneb o tom, jak se da\u0159\u00ed ror\u00fds\u016fm a co na jejich n\u00e1vrat \u0159\u00edkaj\u00ed \"na\u0161e\" po\u0161tolky.","rel":"","context":"V \u201e\"Na\u0161e\" po\u0161tolky\u201c","block_context":{"text":"\"Na\u0161e\" po\u0161tolky","link":"https:\/\/tinnunculus.sy-sy.cz\/index.php\/category\/nasi\/nase-postolky\/"},"img":{"alt_text":"","src":"https:\/\/i0.wp.com\/tinnunculus.sy-sy.cz\/wp-content\/uploads\/2022\/05\/20220515-2021097179-e1652737490395.jpg?resize=350%2C200&ssl=1","width":350,"height":200,"srcset":"https:\/\/i0.wp.com\/tinnunculus.sy-sy.cz\/wp-content\/uploads\/2022\/05\/20220515-2021097179-e1652737490395.jpg?resize=350%2C200&ssl=1 1x, https:\/\/i0.wp.com\/tinnunculus.sy-sy.cz\/wp-content\/uploads\/2022\/05\/20220515-2021097179-e1652737490395.jpg?resize=525%2C300&ssl=1 1.5x, https:\/\/i0.wp.com\/tinnunculus.sy-sy.cz\/wp-content\/uploads\/2022\/05\/20220515-2021097179-e1652737490395.jpg?resize=700%2C400&ssl=1 2x"},"classes":[]},{"id":41901,"url":"https:\/\/tinnunculus.sy-sy.cz\/index.php\/2025\/05\/02\/dobri-rorysi-se-vraceji\/","url_meta":{"origin":24463,"position":2},"title":"Dob\u0159\u00ed ror\u00fdsi se vracej\u00ed","author":"Zuzana Syrov\u00e1 An\u00fd\u017eov\u00e1","date":"02\/05\/2025","format":false,"excerpt":"Aneb o prvn\u00edch leto\u0161n\u00edch ror\u00fdsech a o tom, jak se u n\u00e1s zabydluj\u00ed.","rel":"","context":"V \u201e\"Na\u0161i\" ror\u00fdsi\u201c","block_context":{"text":"\"Na\u0161i\" ror\u00fdsi","link":"https:\/\/tinnunculus.sy-sy.cz\/index.php\/category\/nasi\/nasi-rorysi\/"},"img":{"alt_text":"","src":"https:\/\/i0.wp.com\/tinnunculus.sy-sy.cz\/wp-content\/uploads\/2025\/05\/P1214-20250502-071625pe-0-e1746339910572.jpg?resize=350%2C200&ssl=1","width":350,"height":200,"srcset":"https:\/\/i0.wp.com\/tinnunculus.sy-sy.cz\/wp-content\/uploads\/2025\/05\/P1214-20250502-071625pe-0-e1746339910572.jpg?resize=350%2C200&ssl=1 1x, https:\/\/i0.wp.com\/tinnunculus.sy-sy.cz\/wp-content\/uploads\/2025\/05\/P1214-20250502-071625pe-0-e1746339910572.jpg?resize=525%2C300&ssl=1 1.5x, https:\/\/i0.wp.com\/tinnunculus.sy-sy.cz\/wp-content\/uploads\/2025\/05\/P1214-20250502-071625pe-0-e1746339910572.jpg?resize=700%2C400&ssl=1 2x"},"classes":[]},{"id":24273,"url":"https:\/\/tinnunculus.sy-sy.cz\/index.php\/2023\/07\/19\/rorysi-letni-reje\/","url_meta":{"origin":24463,"position":3},"title":"Ror\u00fds\u00ed letn\u00ed reje","author":"Zuzana Syrov\u00e1 An\u00fd\u017eov\u00e1","date":"19\/07\/2023","format":false,"excerpt":"Neb o ro\u00fdsech v na\u0161\u00ed ulici a t\u011bch,co hn\u00edzd\u00ed nad na\u0161imi okny.","rel":"","context":"V \u201e\"Na\u0161i\" ror\u00fdsi\u201c","block_context":{"text":"\"Na\u0161i\" ror\u00fdsi","link":"https:\/\/tinnunculus.sy-sy.cz\/index.php\/category\/nasi\/nasi-rorysi\/"},"img":{"alt_text":"","src":"https:\/\/i0.wp.com\/tinnunculus.sy-sy.cz\/wp-content\/uploads\/2023\/07\/2023-07-17-1407285920-e1689746599652-1024x640.jpg?resize=350%2C200&ssl=1","width":350,"height":200,"srcset":"https:\/\/i0.wp.com\/tinnunculus.sy-sy.cz\/wp-content\/uploads\/2023\/07\/2023-07-17-1407285920-e1689746599652-1024x640.jpg?resize=350%2C200&ssl=1 1x, https:\/\/i0.wp.com\/tinnunculus.sy-sy.cz\/wp-content\/uploads\/2023\/07\/2023-07-17-1407285920-e1689746599652-1024x640.jpg?resize=525%2C300&ssl=1 1.5x"},"classes":[]},{"id":12592,"url":"https:\/\/tinnunculus.sy-sy.cz\/index.php\/2020\/05\/10\/prvni-rorysi\/","url_meta":{"origin":24463,"position":4},"title":"Prvn\u00ed ror\u00fdsi","author":"Zuzana Syrov\u00e1 An\u00fd\u017eov\u00e1","date":"10\/05\/2020","format":false,"excerpt":"Aneb o tom, jak se do na\u0161\u00ed ulice op\u011bt vr\u00e1tili ror\u00fdsi, zat\u00edm ov\u0161em nikoliv n\u00e1jemn\u00edci ror\u00fdsovn\u00edku nad oknem vedle po\u0161tol\u010d\u00ed lod\u017eie.","rel":"","context":"V \u201e\"Na\u0161i\" ror\u00fdsi\u201c","block_context":{"text":"\"Na\u0161i\" ror\u00fdsi","link":"https:\/\/tinnunculus.sy-sy.cz\/index.php\/category\/nasi\/nasi-rorysi\/"},"img":{"alt_text":"","src":"https:\/\/i0.wp.com\/tinnunculus.sy-sy.cz\/wp-content\/uploads\/2020\/05\/20200508-1041547074uprav-1024x576.jpg?resize=350%2C200&ssl=1","width":350,"height":200,"srcset":"https:\/\/i0.wp.com\/tinnunculus.sy-sy.cz\/wp-content\/uploads\/2020\/05\/20200508-1041547074uprav-1024x576.jpg?resize=350%2C200&ssl=1 1x, https:\/\/i0.wp.com\/tinnunculus.sy-sy.cz\/wp-content\/uploads\/2020\/05\/20200508-1041547074uprav-1024x576.jpg?resize=525%2C300&ssl=1 1.5x"},"classes":[]},{"id":12662,"url":"https:\/\/tinnunculus.sy-sy.cz\/index.php\/2020\/05\/13\/novi-najemnici-v-rorysovniku\/","url_meta":{"origin":24463,"position":5},"title":"Nov\u00ed n\u00e1jemn\u00edci v&nbsp;ror\u00fdsovn\u00edku","author":"Zuzana Syrov\u00e1 An\u00fd\u017eov\u00e1","date":"13\/05\/2020","format":false,"excerpt":"Aneb o o n\u00e1vratu prvn\u00edch leto\u0161n\u00edch \u0159\u00e1dn\u00fdch n\u00e1jemn\u00edk\u016f do ror\u00fdsovn\u00edku nad oknem vedle na\u0161\u00ed lod\u017eie.","rel":"","context":"V \u201e\"Na\u0161i\" ror\u00fdsi\u201c","block_context":{"text":"\"Na\u0161i\" ror\u00fdsi","link":"https:\/\/tinnunculus.sy-sy.cz\/index.php\/category\/nasi\/nasi-rorysi\/"},"img":{"alt_text":"","src":"https:\/\/i0.wp.com\/tinnunculus.sy-sy.cz\/wp-content\/uploads\/2020\/05\/20200511-1912011668uprav-1024x576.jpg?resize=350%2C200&ssl=1","width":350,"height":200,"srcset":"https:\/\/i0.wp.com\/tinnunculus.sy-sy.cz\/wp-content\/uploads\/2020\/05\/20200511-1912011668uprav-1024x576.jpg?resize=350%2C200&ssl=1 1x, https:\/\/i0.wp.com\/tinnunculus.sy-sy.cz\/wp-content\/uploads\/2020\/05\/20200511-1912011668uprav-1024x576.jpg?resize=525%2C300&ssl=1 1.5x"},"classes":[]}],"jetpack_sharing_enabled":true,"_links":{"self":[{"href":"https:\/\/tinnunculus.sy-sy.cz\/index.php\/wp-json\/wp\/v2\/posts\/24463","targetHints":{"allow":["GET"]}}],"collection":[{"href":"https:\/\/tinnunculus.sy-sy.cz\/index.php\/wp-json\/wp\/v2\/posts"}],"about":[{"href":"https:\/\/tinnunculus.sy-sy.cz\/index.php\/wp-json\/wp\/v2\/types\/post"}],"author":[{"embeddable":true,"href":"https:\/\/tinnunculus.sy-sy.cz\/index.php\/wp-json\/wp\/v2\/users\/2"}],"replies":[{"embeddable":true,"href":"https:\/\/tinnunculus.sy-sy.cz\/index.php\/wp-json\/wp\/v2\/comments?post=24463"}],"version-history":[{"count":1,"href":"https:\/\/tinnunculus.sy-sy.cz\/index.php\/wp-json\/wp\/v2\/posts\/24463\/revisions"}],"predecessor-version":[{"id":24465,"href":"https:\/\/tinnunculus.sy-sy.cz\/index.php\/wp-json\/wp\/v2\/posts\/24463\/revisions\/24465"}],"wp:attachment":[{"href":"https:\/\/tinnunculus.sy-sy.cz\/index.php\/wp-json\/wp\/v2\/media?parent=24463"}],"wp:term":[{"taxonomy":"category","embeddable":true,"href":"https:\/\/tinnunculus.sy-sy.cz\/index.php\/wp-json\/wp\/v2\/categories?post=24463"},{"taxonomy":"post_tag","embeddable":true,"href":"https:\/\/tinnunculus.sy-sy.cz\/index.php\/wp-json\/wp\/v2\/tags?post=24463"}],"curies":[{"name":"wp","href":"https:\/\/api.w.org\/{rel}","templated":true}]}}