{"id":2430,"date":"2017-11-25T00:16:07","date_gmt":"2017-11-24T22:16:07","guid":{"rendered":"http:\/\/tinnunculus.sy-sy.cz\/?p=2430"},"modified":"2026-03-27T17:02:42","modified_gmt":"2026-03-27T16:02:42","slug":"a-jeste-aby-si-postolky-po-sobe-uklizely","status":"publish","type":"post","link":"https:\/\/tinnunculus.sy-sy.cz\/index.php\/2017\/11\/25\/a-jeste-aby-si-postolky-po-sobe-uklizely\/","title":{"rendered":"A je\u0161t\u011b aby si po\u0161tolky po&nbsp;sob\u011b ukl\u00edzely!"},"content":{"rendered":"<p>Tento blok by mo\u017en\u00e1 nikdy nevznikl, kdyby n\u00e1\u0161 prvn\u00ed po\u0161tol\u010d\u00ed kalend\u00e1\u0159 na rok 2008 nebyla byla b\u00fdvala na\u0161e dobr\u00e1 zn\u00e1m\u00e1 Draga Kol\u00e1\u0159ov\u00e1 poslala sv\u00e9mu dobr\u00e9mu p\u0159\u00edteli Karlu Hudcovi. Byl toho n\u00e1zoru, \u017ee by se ten chovatelsk\u00fd p\u0159\u00edb\u011bh m\u011bl publikovat v&nbsp;\u017div\u011b. Na to jsme se zrovna nec\u00edtili a&nbsp;tak jsme si psan\u00ed o&nbsp;&#8222;na\u0161ich&#8220; po\u0161tolk\u00e1ch nane\u010disto zkusili formou blogu&#8230;<!--more--><br \/>\nKarel Hudec se pak stal pravideln\u00fdm odb\u011bratelem na\u0161ich dal\u0161\u00edch kalend\u00e1\u0159\u016f a&nbsp;po\u0161tol\u010d\u00edch novinek.\u00a0 Naposledy n\u00e1m takto s&nbsp;nov\u00fdm rokem 2017 p\u0159\u00e1l, aby si po\u0161tolky po&nbsp;sob\u011b ukl\u00edzely&#8230; Nutno \u0159\u00edci, \u017ee se n\u00e1m je v&nbsp;tomto ohledu zat\u00edm nepoda\u0159ilo p\u0159esv\u011bd\u010dit.<\/p>\n<p>Kdy\u017e p\u0159ipravoval svou posledn\u00ed knihu <em>Pt\u00e1ci v&nbsp;\u010desk\u00e9m \u017eivot\u011b a&nbsp;kultu\u0159e<\/em>, tak si od n\u00e1s vy\u017e\u00e1dal v&nbsp;roce 2013 fotografie po\u0161tolek.\u00a0 Do knihy,\u00a0 kter\u00e1 vy\u0161la a\u017e letos, se na\u0161e fotografie nakonec nedostaly, jenom pod\u011bkov\u00e1n\u00ed za jejich poskytnut\u00ed.<\/p>\n<p><img data-recalc-dims=\"1\" loading=\"lazy\" decoding=\"async\" data-attachment-id=\"2535\" data-permalink=\"https:\/\/tinnunculus.sy-sy.cz\/index.php\/2017\/11\/25\/a-jeste-aby-si-postolky-po-sobe-uklizely\/ptaci-v-ceskem-zivote-a-kulture\/\" data-orig-file=\"https:\/\/i0.wp.com\/tinnunculus.sy-sy.cz\/wp-content\/uploads\/2017\/11\/ptaci-v-ceskem-zivote-a-kulture.jpg?fit=263%2C400&amp;ssl=1\" data-orig-size=\"263,400\" data-comments-opened=\"1\" data-image-meta=\"{&quot;aperture&quot;:&quot;0&quot;,&quot;credit&quot;:&quot;&quot;,&quot;camera&quot;:&quot;&quot;,&quot;caption&quot;:&quot;&quot;,&quot;created_timestamp&quot;:&quot;0&quot;,&quot;copyright&quot;:&quot;&quot;,&quot;focal_length&quot;:&quot;0&quot;,&quot;iso&quot;:&quot;0&quot;,&quot;shutter_speed&quot;:&quot;0&quot;,&quot;title&quot;:&quot;&quot;,&quot;orientation&quot;:&quot;0&quot;}\" data-image-title=\"ptaci-v-ceskem-zivote-a-kulture\" data-image-description=\"\" data-image-caption=\"\" data-large-file=\"https:\/\/i0.wp.com\/tinnunculus.sy-sy.cz\/wp-content\/uploads\/2017\/11\/ptaci-v-ceskem-zivote-a-kulture.jpg?fit=263%2C400&amp;ssl=1\" class=\"aligncenter wp-image-2535 size-medium\" src=\"https:\/\/i0.wp.com\/tinnunculus.sy-sy.cz\/wp-content\/uploads\/2017\/11\/ptaci-v-ceskem-zivote-a-kulture.jpg?resize=197%2C300&#038;ssl=1\" alt=\"\" width=\"197\" height=\"300\" srcset=\"https:\/\/i0.wp.com\/tinnunculus.sy-sy.cz\/wp-content\/uploads\/2017\/11\/ptaci-v-ceskem-zivote-a-kulture.jpg?resize=197%2C300&amp;ssl=1 197w, https:\/\/i0.wp.com\/tinnunculus.sy-sy.cz\/wp-content\/uploads\/2017\/11\/ptaci-v-ceskem-zivote-a-kulture.jpg?w=263&amp;ssl=1 263w\" sizes=\"auto, (max-width: 197px) 100vw, 197px\" \/><\/p>\n<p>Kalend\u00e1\u0159 na rok 2018 u\u017e mu nepo\u0161leme.\u00a0 Bohu\u017eel.<\/p>\n<p>A na z\u00e1v\u011br snad je\u0161t\u011b cit\u00e1t z&nbsp;cit\u00e1tu z&nbsp;rozhlasov\u00e9ho portr\u00e9tu zoologa Karla Hudce<em>: \u201e<span class=\"highlight selected\">Po\u0161tolko<\/span>, \/ nese\u0161 k&nbsp;nebi i&nbsp;du\u0161i hrabo\u0161e?&#8220;<\/em><\/p>\n<ul>\n<li><a href=\"https:\/\/cs.wikipedia.org\/wiki\/Karel_Hudec\" target=\"_blank\" rel=\"noopener noreferrer\">Karel Hudec<\/a> na Wikipedii<\/li>\n<li><a href=\"http:\/\/encyklopedie.brna.cz\/home-mmb\/?acc=profil_osobnosti&amp;load=2411\" target=\"_blank\" rel=\"noopener noreferrer\">Karel Hudec <\/a>v Encyklopedii m\u011bsta Brna<\/li>\n<li><a href=\"http:\/\/www.veronica.cz\/aktuality?i=465\" target=\"_blank\" rel=\"noopener noreferrer\">Ode\u0161el Karel Hudec<\/a> (veronica.cz)<\/li>\n<li id=\"novinka-nadpis\"><a href=\"https:\/\/sedmagenerace.cz\/vuci-prognozam-jsem-ostrazity\/\" target=\"_blank\" rel=\"noopener noreferrer\">V\u016f\u010di progn\u00f3z\u00e1m jsem ostra\u017eit\u00fd<\/a><\/li>\n<li><a href=\"http:\/\/www.rozhlas.cz\/planetarium\/priroda\/_zprava\/1739630\" target=\"_blank\" rel=\"noopener noreferrer\">Pt\u00e1ci v&nbsp;\u010desk\u00e9m \u017eivot\u011b a&nbsp;kultu\u0159e &#8211; \u010cRo<\/a><\/li>\n<li><a href=\"http:\/\/www.rozhlas.cz\/dvojka\/dobravule\/_zprava\/utecha-z-ornitologie-rozhlasovy-portret-zoologa-karla-hudce-jako-prochazka-po-hrbitove--1668267\" target=\"_blank\" rel=\"noopener noreferrer\">\u00dat\u011bcha z&nbsp;ornitologie. Rozhlasov\u00fd portr\u00e9t zoologa Karla Hudce jako proch\u00e1zka po&nbsp;h\u0159bitov\u011b<\/a><\/li>\n<\/ul>\n<p><iframe class=\"cro-embed__parent\" src=\"https:\/\/dvojka.rozhlas.cz\/cro_soundmanager\/files\/7484096\/field_main_audio\" name=\"embed-7484096\" frameborder=\"0\" scrolling=\"no\" allowfullscreen=\"allowfullscreen\"><\/iframe><\/p>\n<p>&nbsp;<\/p>\n<ul>\n<li>HUDEC, Karel. <em>Pt\u00e1ci v&nbsp;\u010desk\u00e9m \u017eivot\u011b a&nbsp;kultu\u0159e<\/em>. Praha: Academia, 2017. ISBN 978-80-200-2628-6.<\/li>\n<li>FROL\u00cdK, Jan \u2013 F\u00c4RBER, Vratislav (ed.). <em>\u00dat\u011bcha z&nbsp;ornitologie<\/em>: b\u00e1sn\u011b 1995\u20132010. Praha: Fra, 2012<\/li>\n<\/ul>\n","protected":false},"excerpt":{"rendered":"<p>Tento blok by mo\u017en\u00e1 nikdy nevznikl, kdyby n\u00e1\u0161 prvn\u00ed po\u0161tol\u010d\u00ed kalend\u00e1\u0159 na rok 2008 nebyla byla b\u00fdvala na\u0161e dobr\u00e1 zn\u00e1m\u00e1 Draga Kol\u00e1\u0159ov\u00e1 poslala sv\u00e9mu dobr\u00e9mu p\u0159\u00edteli Karlu Hudcovi. Byl toho n\u00e1zoru, \u017ee by se ten chovatelsk\u00fd p\u0159\u00edb\u011bh m\u011bl publikovat v&nbsp;\u017div\u011b. Na to jsme se zrovna nec\u00edtili a&nbsp;tak jsme si psan\u00ed o&nbsp;&#8222;na\u0161ich&#8220; po\u0161tolk\u00e1ch nane\u010disto zkusili formou &hellip; <\/p>\n<p class=\"link-more\"><a href=\"https:\/\/tinnunculus.sy-sy.cz\/index.php\/2017\/11\/25\/a-jeste-aby-si-postolky-po-sobe-uklizely\/\" class=\"more-link\">Pokra\u010dovat ve \u010dten\u00ed<span class=\"screen-reader-text\"> &#8222;A&nbsp;je\u0161t\u011b aby si po\u0161tolky po&nbsp;sob\u011b ukl\u00edzely!&#8220;<\/span><\/a><\/p>\n","protected":false},"author":2,"featured_media":0,"comment_status":"open","ping_status":"open","sticky":false,"template":"","format":"standard","meta":{"jetpack_post_was_ever_published":false,"_jetpack_newsletter_access":"","_jetpack_dont_email_post_to_subs":false,"_jetpack_newsletter_tier_id":0,"_jetpack_memberships_contains_paywalled_content":false,"_jetpack_memberships_contains_paid_content":false,"footnotes":""},"categories":[147,116,105,110,225,1596,108],"tags":[350,90,12,91],"class_list":["post-2430","post","type-post","status-publish","format-standard","hentry","category-nase-postolky","category-nasi","category-postolka","category-postolka-obecna","category-ptaci-v-literature-filmu-a-vytvarnem-umeni","category-postolky-z-nasi-lodzie","category-ostatni-zvirena","tag-hudec-karel","tag-ps_96","tag-ps_30","tag-ps_95"],"jetpack_featured_media_url":"","jetpack_shortlink":"https:\/\/wp.me\/p91gKE-Dc","jetpack-related-posts":[{"id":33872,"url":"https:\/\/tinnunculus.sy-sy.cz\/index.php\/2024\/03\/28\/brnensti-velci-cerni-ptaci\/","url_meta":{"origin":2430,"position":0},"title":"Brn\u011bn\u0161t\u00ed velc\u00ed \u010dern\u00ed pt\u00e1ci","author":"Zuzana Syrov\u00e1 An\u00fd\u017eov\u00e1","date":"28\/03\/2024","format":false,"excerpt":"Aneb o velk\u00e9m nocovi\u0161ti velk\u00fdch \u010den\u00fdch pt\u00e1k\u016f v Brn\u011b a jednom nesmysln\u00e9m projektu lanovky.","rel":"","context":"V \u201eHavran\u201c","block_context":{"text":"Havran","link":"https:\/\/tinnunculus.sy-sy.cz\/index.php\/category\/ostatni-zvirena\/ptaci\/havran\/"},"img":{"alt_text":"","src":"https:\/\/i0.wp.com\/tinnunculus.sy-sy.cz\/wp-content\/uploads\/2024\/03\/birds-705043_1280-1024x768.jpg?resize=350%2C200&ssl=1","width":350,"height":200,"srcset":"https:\/\/i0.wp.com\/tinnunculus.sy-sy.cz\/wp-content\/uploads\/2024\/03\/birds-705043_1280-1024x768.jpg?resize=350%2C200&ssl=1 1x, https:\/\/i0.wp.com\/tinnunculus.sy-sy.cz\/wp-content\/uploads\/2024\/03\/birds-705043_1280-1024x768.jpg?resize=525%2C300&ssl=1 1.5x"},"classes":[]},{"id":6971,"url":"https:\/\/tinnunculus.sy-sy.cz\/index.php\/2019\/02\/02\/portret-postolky\/","url_meta":{"origin":2430,"position":1},"title":"Portr\u00e9t po\u0161tolky","author":"Zuzana Syrov\u00e1 An\u00fd\u017eov\u00e1","date":"02\/02\/2019","format":false,"excerpt":"Aneb p\u0159ipomenut\u00ed ilustrace Karla Svolinsk\u00e9ho z knihy Josefa Jirs\u00edka Na\u0161i pt\u00e1ci.","rel":"","context":"V \u201ePo\u0161tolka\u201c","block_context":{"text":"Po\u0161tolka","link":"https:\/\/tinnunculus.sy-sy.cz\/index.php\/category\/ostatni-zvirena\/ptaci\/dravec\/postolka\/"},"img":{"alt_text":"","src":"https:\/\/i0.wp.com\/tinnunculus.sy-sy.cz\/wp-content\/uploads\/2019\/01\/Svolinsky1938u.jpg?resize=350%2C200&ssl=1","width":350,"height":200},"classes":[]},{"id":2633,"url":"https:\/\/tinnunculus.sy-sy.cz\/index.php\/2017\/12\/25\/kalendarium-2018\/","url_meta":{"origin":2430,"position":2},"title":"Kalend\u00e1rium 2018","author":"Zuzana Syrov\u00e1 An\u00fd\u017eov\u00e1","date":"25\/12\/2017","format":false,"excerpt":"I letos jsme provedli tradi\u010dn\u00ed ohl\u00e9dnut\u00ed za leto\u0161n\u00edm rokem v na\u0161\u00ed lod\u017eii. Po\u0161tolky zde letos poprv\u00e9 od roku 2007 nehn\u00edzdly, i kdy\u017e to na za\u010d\u00e1tku jara vypadalo docela slibn\u011b. Na to, \u017ee by u n\u00e1s nebylo ru\u0161no, jsme si ale rozhodn\u011b st\u011b\u017eovat nemohli. Pot\u00e9, co se po\u0161tolky po anglicku vytratily,\u2026","rel":"","context":"V \u201e\"Na\u0161e\" po\u0161tolky\u201c","block_context":{"text":"\"Na\u0161e\" po\u0161tolky","link":"https:\/\/tinnunculus.sy-sy.cz\/index.php\/category\/nasi\/nase-postolky\/"},"img":{"alt_text":"","src":"","width":0,"height":0},"classes":[]},{"id":20274,"url":"https:\/\/tinnunculus.sy-sy.cz\/index.php\/2022\/12\/19\/kalendarium-2023\/","url_meta":{"origin":2430,"position":3},"title":"Kalend\u00e1rium 2023","author":"Zuzana Syrov\u00e1 An\u00fd\u017eov\u00e1","date":"19\/12\/2022","format":false,"excerpt":"Aneb tradi\u010dn\u00ed po\u0161tol\u010d\u00ed kalend\u00e1\u0159 na rok 2023.","rel":"","context":"V \u201e\"Na\u0161e\" po\u0161tolky\u201c","block_context":{"text":"\"Na\u0161e\" po\u0161tolky","link":"https:\/\/tinnunculus.sy-sy.cz\/index.php\/category\/nasi\/nase-postolky\/"},"img":{"alt_text":"","src":"","width":0,"height":0},"classes":[]},{"id":10136,"url":"https:\/\/tinnunculus.sy-sy.cz\/index.php\/2019\/12\/28\/kalendarium-2020\/","url_meta":{"origin":2430,"position":4},"title":"Kalend\u00e1rium 2020","author":"Zuzana Syrov\u00e1 An\u00fd\u017eov\u00e1","date":"28\/12\/2019","format":false,"excerpt":"Aneb tradi\u010dn\u00ed po\u0161tol\u010d\u00ed kalend\u00e1\u0159.","rel":"","context":"V \u201e\"Na\u0161e\" po\u0161tolky\u201c","block_context":{"text":"\"Na\u0161e\" po\u0161tolky","link":"https:\/\/tinnunculus.sy-sy.cz\/index.php\/category\/nasi\/nase-postolky\/"},"img":{"alt_text":"","src":"","width":0,"height":0},"classes":[]},{"id":28109,"url":"https:\/\/tinnunculus.sy-sy.cz\/index.php\/2023\/11\/29\/kalendarium-2024\/","url_meta":{"origin":2430,"position":5},"title":"Kalend\u00e1rium 2024","author":"Zuzana Syrov\u00e1 An\u00fd\u017eov\u00e1","date":"29\/11\/2023","format":false,"excerpt":"Aneb tradi\u010dn\u00ed po\u0161tol\u010d\u00ed kalend\u00e1\u0159 na rok 2024.","rel":"","context":"V \u201e\"Na\u0161e\" po\u0161tolky\u201c","block_context":{"text":"\"Na\u0161e\" po\u0161tolky","link":"https:\/\/tinnunculus.sy-sy.cz\/index.php\/category\/nasi\/nase-postolky\/"},"img":{"alt_text":"","src":"","width":0,"height":0},"classes":[]}],"jetpack_sharing_enabled":true,"_links":{"self":[{"href":"https:\/\/tinnunculus.sy-sy.cz\/index.php\/wp-json\/wp\/v2\/posts\/2430","targetHints":{"allow":["GET"]}}],"collection":[{"href":"https:\/\/tinnunculus.sy-sy.cz\/index.php\/wp-json\/wp\/v2\/posts"}],"about":[{"href":"https:\/\/tinnunculus.sy-sy.cz\/index.php\/wp-json\/wp\/v2\/types\/post"}],"author":[{"embeddable":true,"href":"https:\/\/tinnunculus.sy-sy.cz\/index.php\/wp-json\/wp\/v2\/users\/2"}],"replies":[{"embeddable":true,"href":"https:\/\/tinnunculus.sy-sy.cz\/index.php\/wp-json\/wp\/v2\/comments?post=2430"}],"version-history":[{"count":4,"href":"https:\/\/tinnunculus.sy-sy.cz\/index.php\/wp-json\/wp\/v2\/posts\/2430\/revisions"}],"predecessor-version":[{"id":47720,"href":"https:\/\/tinnunculus.sy-sy.cz\/index.php\/wp-json\/wp\/v2\/posts\/2430\/revisions\/47720"}],"wp:attachment":[{"href":"https:\/\/tinnunculus.sy-sy.cz\/index.php\/wp-json\/wp\/v2\/media?parent=2430"}],"wp:term":[{"taxonomy":"category","embeddable":true,"href":"https:\/\/tinnunculus.sy-sy.cz\/index.php\/wp-json\/wp\/v2\/categories?post=2430"},{"taxonomy":"post_tag","embeddable":true,"href":"https:\/\/tinnunculus.sy-sy.cz\/index.php\/wp-json\/wp\/v2\/tags?post=2430"}],"curies":[{"name":"wp","href":"https:\/\/api.w.org\/{rel}","templated":true}]}}