{"id":219,"date":"2015-05-18T12:15:16","date_gmt":"2015-05-18T10:15:16","guid":{"rendered":"http:\/\/tinnunculus.sy-sy.cz\/index.php\/2015\/05\/18\/lihnuti\/"},"modified":"2026-03-21T08:38:10","modified_gmt":"2026-03-21T07:38:10","slug":"lihnuti","status":"publish","type":"post","link":"https:\/\/tinnunculus.sy-sy.cz\/index.php\/2015\/05\/18\/lihnuti\/","title":{"rendered":"L\u00edhnut\u00ed."},"content":{"rendered":"<p>Prvn\u00ed leto\u0161n\u00ed po\u0161tol\u010de se vyl\u00edhlo 18.&nbsp;kv\u011btna r\u00e1no asi o&nbsp;den d\u0159\u00edve, ne\u017e jsme \u010dekali. Pod\u00edl na tomto p\u0159edstihu m\u00e1 z\u0159ejm\u011b jak sami\u010dka, kter\u00e1 za\u010dala sed\u011bt u\u017e mezi \u010dtvrt\u00fdm a&nbsp;p\u00e1t\u00fdm vejcem ze \u0161esti, tak same\u010dek, kter\u00fd se uk\u00e1zal b\u00fdti nesm\u00edrn\u011b sv\u011bdomit\u00fdm v&nbsp;sezen\u00ed. Vejce nebyla t\u00e9m\u011b\u0159 po&nbsp;celou dobu sezen\u00ed ponech\u00e1n jen tak&#8230;<\/p>\n<p>Prvn\u00ed po\u0161tol\u010de se poprv\u00e9 objevilo v&nbsp;z\u00e1b\u011bru kamer, kdy\u017e sami\u010dka pod sebou vejce urovn\u00e1vala v&nbsp;9:16. V&nbsp;9:48 ji pak vyst\u0159\u00eddal same\u010dek, tak\u017ee po\u0161tol\u010de bylo lze spat\u0159it v&nbsp;pln\u00e9 jeho kr\u00e1se. V&nbsp;11:15 se sami\u010dka rozhodla, \u017ee by to cht\u011blo my\u0161e na krmen\u00ed a&nbsp;dolet\u00ed si pro n\u011bho. Obratem se vrac\u00ed, tak\u017ee je jasn\u00e9, \u017ee ho vzala ze &#8222;sp\u00ed\u017ee&#8220;. Ale, i&nbsp;kdy\u017e ho za\u010dne porcovat, tak nekrm\u00ed a&nbsp;po&nbsp;chv\u00edli my\u0161e odlo\u017e\u00ed do kouta. Pak se k&nbsp;n\u011bmu je\u0161t\u011b vr\u00e1t\u00ed v&nbsp;11:46, ale i&nbsp;kdy\u017e to vypad\u00e1, \u017ee za\u010dne krmit, tak p\u00edpaj\u00edc\u00ed po\u0161tol\u010de z\u0159ejm\u011b \u017e\u00e1dn\u00e9 sousto nedostalo. Ve 12:07 same\u010dek p\u0159i&nbsp;st\u0159\u00edd\u00e1n\u00ed na hn\u00edzd\u011b my\u0161e odlo\u017een\u00e9ho v&nbsp;kout\u011b odn\u00e1\u0161\u00ed.<!--more--><\/p>\n<p>Vypad\u00e1 to, \u017ee sami\u010dka bude pot\u0159ebovat krmen\u00ed natr\u00e9novat.<\/p>\n<p><a href=\"https:\/\/i0.wp.com\/tinnunculus.sy-sy.cz\/wp-content\/uploads\/2015\/05\/20150518_11-16-32_cropped.jpg?ssl=1\" target=\"_blank\" rel=\"noopener\"><img data-recalc-dims=\"1\" loading=\"lazy\" decoding=\"async\" data-attachment-id=\"31534\" data-permalink=\"https:\/\/tinnunculus.sy-sy.cz\/index.php\/2015\/05\/18\/lihnuti\/20150518_11-16-32_cropped\/\" data-orig-file=\"https:\/\/i0.wp.com\/tinnunculus.sy-sy.cz\/wp-content\/uploads\/2015\/05\/20150518_11-16-32_cropped.jpg?fit=569%2C444&amp;ssl=1\" data-orig-size=\"569,444\" data-comments-opened=\"1\" data-image-meta=\"{&quot;aperture&quot;:&quot;0&quot;,&quot;credit&quot;:&quot;&quot;,&quot;camera&quot;:&quot;&quot;,&quot;caption&quot;:&quot;&quot;,&quot;created_timestamp&quot;:&quot;0&quot;,&quot;copyright&quot;:&quot;&quot;,&quot;focal_length&quot;:&quot;0&quot;,&quot;iso&quot;:&quot;0&quot;,&quot;shutter_speed&quot;:&quot;0&quot;,&quot;title&quot;:&quot;&quot;,&quot;orientation&quot;:&quot;0&quot;}\" data-image-title=\"20150518_11-16-32_cropped\" data-image-description=\"\" data-image-caption=\"\" data-large-file=\"https:\/\/i0.wp.com\/tinnunculus.sy-sy.cz\/wp-content\/uploads\/2015\/05\/20150518_11-16-32_cropped.jpg?fit=525%2C410&amp;ssl=1\" class=\"aligncenter wp-image-31534 size-full\" src=\"https:\/\/i0.wp.com\/tinnunculus.sy-sy.cz\/wp-content\/uploads\/2015\/05\/20150518_11-16-32_cropped.jpg?resize=525%2C410&#038;ssl=1\" alt=\"\" width=\"525\" height=\"410\" srcset=\"https:\/\/i0.wp.com\/tinnunculus.sy-sy.cz\/wp-content\/uploads\/2015\/05\/20150518_11-16-32_cropped.jpg?w=569&amp;ssl=1 569w, https:\/\/i0.wp.com\/tinnunculus.sy-sy.cz\/wp-content\/uploads\/2015\/05\/20150518_11-16-32_cropped.jpg?resize=300%2C234&amp;ssl=1 300w\" sizes=\"auto, (max-width: 525px) 100vw, 525px\" \/><\/a><\/p>\n<p style=\"text-align: center;\"><em>Sami\u010dka diskutuje s&nbsp;prvn\u00edm po\u0161tol\u010detem o&nbsp;tom, jak se m\u00e1 spr\u00e1vn\u011b krmit (2015\/05\/18).<\/em><\/p>\n<p>Ve 12:14 sami\u010dka \u017eere sko\u0159\u00e1pku. Ve 12:19 same\u010dek p\u0159il\u00e9t\u00e1 s&nbsp;nov\u00fdm my\u0161em a&nbsp;sami\u010dka se op\u011bt pou\u0161t\u00ed do porcov\u00e1n\u00ed a&nbsp;spole\u010dn\u011b s&nbsp;prvovyl\u00edhnut\u00fdm po\u0161tol\u010detem se u\u010d\u00ed krmit. Po\u0161tol\u010de dost\u00e1v\u00e1 n\u011bkolik soust, z&nbsp;nich\u017e n\u011bkter\u00e1, kter\u00e1 se mu sami\u010dka sna\u017e\u00ed vnutit, jsou pon\u011bkud v\u011bt\u0161\u00ed, ne\u017e na jak\u00e1 jsme byli zvykl\u00ed u&nbsp;sami\u010dek v&nbsp;minul\u00fdch sez\u00f3n\u00e1ch. Ale snad jim ob\u011bma matka p\u0159\u00edroda spr\u00e1vn\u011b napov\u00edd\u00e1 a&nbsp;brzy z\u00edskaj\u00ed pot\u0159ebnou praxi&#8230;<\/p>\n<p>Ve 12:40 &#8211; same\u010dek p\u0159ich\u00e1z\u00ed loudit na sami\u010dce, aby ho pustila na vejce, co\u017e sami\u010dka odm\u00edt\u00e1. Tak aspo\u0148 odn\u00e1\u0161\u00ed zbytek my\u0161e ze 12:19 odlo\u017een\u00e9ho v&nbsp;kout\u011b. V&nbsp;tom se chov\u00e1 tak, jako same\u010dci p\u0159edchoz\u00ed. Na hn\u00edzd\u011b nem\u00e1 nic z\u016fstat. P\u0159ebytky pat\u0159\u00ed do sp\u00ed\u017ee. To, \u017ee same\u010dek sed\u00ed ne vejc\u00edch i&nbsp;v&nbsp;dob\u011b, kdy u\u017e sel\u00edhnou po\u0161tol\u010data, je ale n\u011bco nov\u00e9ho. Doposud ti same\u010dci, kte\u0159\u00ed pe\u010dliv\u011b sami\u010dku na vejc\u00edch st\u0159\u00eddali, to po&nbsp;vyl\u00edhnut\u00ed prvn\u00edho po\u0161tol\u010dete vzdali.<\/p>\n<p>Kdy\u017e ve 14:40 same\u010dek p\u0159in\u00e1\u0161\u00ed my\u0161e, tak se ukazuje se, \u017ee pod sami\u010dkou se skr\u00fdv\u00e1 dv\u00e9 po\u0161tol\u010dat. Sami\u010dka u\u017e suverenn\u011b ob\u011b krm\u00ed. Tak\u017ee matka p\u0159\u00edroda instrukt\u00e1\u017e zvl\u00e1dla. Po\u0161tol\u010d\u00ed emancipace oproti tomu, co popisoval Brehm, zjevn\u011b postupuje m\u00edlov\u00fdmi kroky.<\/p>\n<p>V pozdn\u00edm odpoledn\u00ed se pak mezi 17:46-17:49 se v&nbsp;p\u0159\u00edm\u00e9m p\u0159enosu pod sami\u010dkou vyl\u00edhlo t\u0159et\u00ed po\u0161tol\u010de. P\u0159i&nbsp;krmen\u00ed v&nbsp;18:24 bylo je\u0161t\u011b mokr\u00e9..<\/p>\n<p>Posledn\u00ed z&nbsp;v\u00fdjime\u010dn\u00fdch ud\u00e1lost\u00ed prvn\u00edho dne l\u00edhnut\u00ed byla n\u00e1v\u0161t\u011bva po\u0161tol\u010d\u00edho vet\u0159elce, kter\u00fd se v&nbsp;19:01 odv\u00e1\u017eil p\u0159ist\u00e1t na z\u00e1bradl\u00ed a&nbsp;byl zahn\u00e1n spole\u010dn\u00fdmi silami po\u0161tol\u010d\u00edho p\u00e1ru.<\/p>\n<p>Pokra\u010dov\u00e1n\u00ed <a href=\"https:\/\/tinnunculus.sy-sy.cz\/index.php\/2015\/05\/19\/lihnuti-den-druhy\/\">z\u00edtra&#8230;. <\/a><\/p>\n","protected":false},"excerpt":{"rendered":"<p>Prvn\u00ed leto\u0161n\u00ed po\u0161tol\u010de se vyl\u00edhlo 18.&nbsp;kv\u011btna r\u00e1no asi o&nbsp;den d\u0159\u00edve, ne\u017e jsme \u010dekali. Pod\u00edl na tomto p\u0159edstihu m\u00e1 z\u0159ejm\u011b jak sami\u010dka, kter\u00e1 za\u010dala sed\u011bt u\u017e mezi \u010dtvrt\u00fdm a&nbsp;p\u00e1t\u00fdm vejcem ze \u0161esti, tak same\u010dek, kter\u00fd se uk\u00e1zal b\u00fdti nesm\u00edrn\u011b sv\u011bdomit\u00fdm v&nbsp;sezen\u00ed. Vejce nebyla t\u00e9m\u011b\u0159 po&nbsp;celou dobu sezen\u00ed ponech\u00e1n jen tak&#8230; Prvn\u00ed po\u0161tol\u010de se poprv\u00e9 objevilo v&nbsp;z\u00e1b\u011bru &hellip; <\/p>\n<p class=\"link-more\"><a href=\"https:\/\/tinnunculus.sy-sy.cz\/index.php\/2015\/05\/18\/lihnuti\/\" class=\"more-link\">Pokra\u010dovat ve \u010dten\u00ed<span class=\"screen-reader-text\"> &#8222;L\u00edhnut\u00ed.&#8220;<\/span><\/a><\/p>\n","protected":false},"author":2,"featured_media":0,"comment_status":"closed","ping_status":"open","sticky":false,"template":"","format":"standard","meta":{"jetpack_post_was_ever_published":false,"_jetpack_newsletter_access":"","_jetpack_dont_email_post_to_subs":false,"_jetpack_newsletter_tier_id":0,"_jetpack_memberships_contains_paywalled_content":false,"_jetpack_memberships_contains_paid_content":false,"footnotes":""},"categories":[147,116,105,110,1596],"tags":[20,65,90,91],"class_list":["post-219","post","type-post","status-publish","format-standard","hentry","category-nase-postolky","category-nasi","category-postolka","category-postolka-obecna","category-postolky-z-nasi-lodzie","tag-20","tag-ps_66","tag-ps_96","tag-ps_95"],"jetpack_featured_media_url":"","jetpack_shortlink":"https:\/\/wp.me\/s91gKE-lihnuti","jetpack-related-posts":[{"id":8046,"url":"https:\/\/tinnunculus.sy-sy.cz\/index.php\/2019\/06\/03\/skorapky\/","url_meta":{"origin":219,"position":0},"title":"Sko\u0159\u00e1pky","author":"Zuzana Syrov\u00e1 An\u00fd\u017eov\u00e1","date":"03\/06\/2019","format":false,"excerpt":"Aneb o tom, jak se v na\u0161\u00ed lod\u017eii objevovaly sko\u0159\u00e1pky, po nich\u017e u\u017e nen\u00ed ani stopy, zato tu te\u010f m\u00e1me \u010dty\u0159i ochm\u00fd\u0159en\u00e9 minipo\u0161tolky.","rel":"","context":"V \u201e\"Na\u0161e\" po\u0161tolky\u201c","block_context":{"text":"\"Na\u0161e\" po\u0161tolky","link":"https:\/\/tinnunculus.sy-sy.cz\/index.php\/category\/nasi\/nase-postolky\/"},"img":{"alt_text":"","src":"https:\/\/i0.wp.com\/tinnunculus.sy-sy.cz\/wp-content\/uploads\/2019\/06\/20190602-2038437333_.jpg?resize=350%2C200&ssl=1","width":350,"height":200,"srcset":"https:\/\/i0.wp.com\/tinnunculus.sy-sy.cz\/wp-content\/uploads\/2019\/06\/20190602-2038437333_.jpg?resize=350%2C200&ssl=1 1x, https:\/\/i0.wp.com\/tinnunculus.sy-sy.cz\/wp-content\/uploads\/2019\/06\/20190602-2038437333_.jpg?resize=525%2C300&ssl=1 1.5x, https:\/\/i0.wp.com\/tinnunculus.sy-sy.cz\/wp-content\/uploads\/2019\/06\/20190602-2038437333_.jpg?resize=700%2C400&ssl=1 2x"},"classes":[]},{"id":5401,"url":"https:\/\/tinnunculus.sy-sy.cz\/index.php\/2018\/06\/13\/uz-jen-ctyri-vejce\/","url_meta":{"origin":219,"position":1},"title":"U\u017e jen \u010dty\u0159i vejce","author":"Zuzana Syrov\u00e1 An\u00fd\u017eov\u00e1","date":"13\/06\/2018","format":false,"excerpt":"Ano, vejce jsou ji\u017e jen \u010dty\u0159i a mo\u017en\u00e1, \u017ee v dob\u011b kdy toto p\u00ed\u0161eme, jsou u\u017e jen t\u0159i. Dnes r\u00e1no se toti\u017e vyl\u00edhlo prvn\u00ed po\u0161tol\u010de. Sami\u010dka u\u017e se s vejci n\u011bjak\u00fd ten den p\u0159edt\u00edm bavila kvok\u00e1n\u00edm. Dnes hned za rozedn\u011bn\u00ed bylo vid\u011bt, \u017ee se na vejc\u00edch v\u00edce vrt\u00ed.\u00a0 A kdy\u017e\u2026","rel":"","context":"V \u201e\"Na\u0161e\" po\u0161tolky\u201c","block_context":{"text":"\"Na\u0161e\" po\u0161tolky","link":"https:\/\/tinnunculus.sy-sy.cz\/index.php\/category\/nasi\/nase-postolky\/"},"img":{"alt_text":"","src":"https:\/\/i0.wp.com\/tinnunculus.sy-sy.cz\/wp-content\/uploads\/2018\/06\/20180613-0715006917u.jpg?resize=350%2C200&ssl=1","width":350,"height":200,"srcset":"https:\/\/i0.wp.com\/tinnunculus.sy-sy.cz\/wp-content\/uploads\/2018\/06\/20180613-0715006917u.jpg?resize=350%2C200&ssl=1 1x, https:\/\/i0.wp.com\/tinnunculus.sy-sy.cz\/wp-content\/uploads\/2018\/06\/20180613-0715006917u.jpg?resize=525%2C300&ssl=1 1.5x, https:\/\/i0.wp.com\/tinnunculus.sy-sy.cz\/wp-content\/uploads\/2018\/06\/20180613-0715006917u.jpg?resize=700%2C400&ssl=1 2x"},"classes":[]},{"id":5423,"url":"https:\/\/tinnunculus.sy-sy.cz\/index.php\/2018\/06\/13\/prvni-krmeni\/","url_meta":{"origin":219,"position":2},"title":"Prvn\u00ed krmen\u00ed","author":"Zuzana Syrov\u00e1 An\u00fd\u017eov\u00e1","date":"13\/06\/2018","format":false,"excerpt":"Leto\u0161n\u00ed prvn\u00ed po\u0161tol\u010de, kter\u00e9 se vyklubalo dnes kolem p\u00e1t\u00e9 hodiny rann\u00ed, dostalo sv\u00e9 prvn\u00ed sousto z my\u0161\u00e1ka v 7:30. Sami\u010dka si p\u0159edt\u00edm my\u0161e od same\u010dka p\u0159ebrala jako obvykle na z\u00e1bradl\u00ed a odlet\u011bla s n\u00edm. Same\u010dka, kter\u00fd sami\u010dku v dob\u011b jej\u00ed nep\u0159\u00edtomnosti st\u0159\u00edd\u00e1 v sezen\u00ed na vejc\u00edch a zah\u0159\u00edv\u00e1n\u00ed po\u0161tol\u010dat, uv\u00edtalo\u2026","rel":"","context":"V \u201e\"Na\u0161e\" po\u0161tolky\u201c","block_context":{"text":"\"Na\u0161e\" po\u0161tolky","link":"https:\/\/tinnunculus.sy-sy.cz\/index.php\/category\/nasi\/nase-postolky\/"},"img":{"alt_text":"","src":"https:\/\/i0.wp.com\/tinnunculus.sy-sy.cz\/wp-content\/uploads\/2018\/06\/20180613_07-38-57u1.jpg?resize=350%2C200&ssl=1","width":350,"height":200,"srcset":"https:\/\/i0.wp.com\/tinnunculus.sy-sy.cz\/wp-content\/uploads\/2018\/06\/20180613_07-38-57u1.jpg?resize=350%2C200&ssl=1 1x, https:\/\/i0.wp.com\/tinnunculus.sy-sy.cz\/wp-content\/uploads\/2018\/06\/20180613_07-38-57u1.jpg?resize=525%2C300&ssl=1 1.5x, https:\/\/i0.wp.com\/tinnunculus.sy-sy.cz\/wp-content\/uploads\/2018\/06\/20180613_07-38-57u1.jpg?resize=700%2C400&ssl=1 2x"},"classes":[]},{"id":220,"url":"https:\/\/tinnunculus.sy-sy.cz\/index.php\/2015\/05\/19\/lihnuti-den-druhy\/","url_meta":{"origin":219,"position":3},"title":"L\u00edhnut\u00ed, den druh\u00fd","author":"Zuzana Syrov\u00e1 An\u00fd\u017eov\u00e1","date":"19\/05\/2015","format":false,"excerpt":"Tak se u n\u00e1s vyl\u00edhla dal\u0161\u00ed dv\u011b po\u0161tol\u010data (\u010dtvrt\u00e9 a p\u00e1t\u00e9 tohotoro\u010dn\u00ed; celkov\u00fd po\u010det od r. 2007 dos\u00e1hl \u010dty\u0159iceti). Ob\u011b se vyl\u00edhla pod p\u0159\u00edm\u00fdm dohledem kamer. Leto\u0161n\u00ed \u010dtverka v 5:45, p\u011btka v 13:14. Sami\u010dka jim ob\u011bma pomohla zbavit se sko\u0159\u00e1pky, vyhodila ji a p\u0159itom se nadzvedla, tak\u017ee bylo vid\u011bt zcela\u2026","rel":"","context":"V \u201e\"Na\u0161e\" po\u0161tolky\u201c","block_context":{"text":"\"Na\u0161e\" po\u0161tolky","link":"https:\/\/tinnunculus.sy-sy.cz\/index.php\/category\/nasi\/nase-postolky\/"},"img":{"alt_text":"","src":"https:\/\/i0.wp.com\/tinnunculus.sy-sy.cz\/wp-content\/uploads\/2015\/05\/20150519-0756191838_cropped.jpg?resize=350%2C200&ssl=1","width":350,"height":200,"srcset":"https:\/\/i0.wp.com\/tinnunculus.sy-sy.cz\/wp-content\/uploads\/2015\/05\/20150519-0756191838_cropped.jpg?resize=350%2C200&ssl=1 1x, https:\/\/i0.wp.com\/tinnunculus.sy-sy.cz\/wp-content\/uploads\/2015\/05\/20150519-0756191838_cropped.jpg?resize=525%2C300&ssl=1 1.5x"},"classes":[]},{"id":217,"url":"https:\/\/tinnunculus.sy-sy.cz\/index.php\/2015\/05\/16\/v-ocekavani\/","url_meta":{"origin":219,"position":4},"title":"V o\u010dek\u00e1v\u00e1n\u00ed","author":"Zuzana Syrov\u00e1 An\u00fd\u017eov\u00e1","date":"16\/05\/2015","format":false,"excerpt":"Po\u0161tolky v na\u0161\u00ed lod\u017eii u\u017e 26. den pe\u010dliv\u011b sed\u00ed na vejc\u00edch, kter\u00e1 se i same\u010dek p\u0159es sv\u00e9 ml\u00e1d\u00ed a nezku\u0161enost nau\u010dil bravurn\u011b zasednout. St\u0159\u00edd\u00e1 spolehliv\u011b sami\u010dku a ob\u010das se z\u0159ejm\u011b hl\u00e1s\u00ed o sezen\u00ed jen tak, aby se sami\u010dka mohla prol\u00e9tnout, a hlavn\u011b, aby s\u00e1m mohl na vejc\u00edch posed\u011bt. Krom\u011b toho,\u2026","rel":"","context":"V \u201e\"Na\u0161e\" po\u0161tolky\u201c","block_context":{"text":"\"Na\u0161e\" po\u0161tolky","link":"https:\/\/tinnunculus.sy-sy.cz\/index.php\/category\/nasi\/nase-postolky\/"},"img":{"alt_text":"","src":"https:\/\/i0.wp.com\/tinnunculus.sy-sy.cz\/wp-content\/uploads\/2015\/05\/20140514-184125-1024x819.jpg?resize=350%2C200&ssl=1","width":350,"height":200,"srcset":"https:\/\/i0.wp.com\/tinnunculus.sy-sy.cz\/wp-content\/uploads\/2015\/05\/20140514-184125-1024x819.jpg?resize=350%2C200&ssl=1 1x, https:\/\/i0.wp.com\/tinnunculus.sy-sy.cz\/wp-content\/uploads\/2015\/05\/20140514-184125-1024x819.jpg?resize=525%2C300&ssl=1 1.5x"},"classes":[]},{"id":202,"url":"https:\/\/tinnunculus.sy-sy.cz\/index.php\/2015\/04\/19\/vejce-a-on\/","url_meta":{"origin":219,"position":5},"title":"Vejce a&nbsp;on","author":"Zuzana Syrov\u00e1 An\u00fd\u017eov\u00e1","date":"19\/04\/2015","format":false,"excerpt":"Jak zn\u00e1mo z rom\u00e1nu Betty MacDonald s vejci to nemus\u00ed b\u00fdt v\u017edy jednoduch\u00e9. Kdy\u017e sami\u010dka letos snesla 13. dubna prvn\u00ed vejce, same\u010dek se s n\u00edm nejprve seznamoval tak, \u017ee ho, dalo by se \u0159\u00edci o\u0165uk\u00e1val. Ve skute\u010dnosti ov\u0161em do vejce nekloval, ale zkoumal ho ot\u00e1\u010den\u00edm a kotoulen\u00edm. Jeho prvn\u00ed setk\u00e1n\u00ed\u2026","rel":"","context":"V \u201e\"Na\u0161e\" po\u0161tolky\u201c","block_context":{"text":"\"Na\u0161e\" po\u0161tolky","link":"https:\/\/tinnunculus.sy-sy.cz\/index.php\/category\/nasi\/nase-postolky\/"},"img":{"alt_text":"","src":"https:\/\/i0.wp.com\/tinnunculus.sy-sy.cz\/wp-content\/uploads\/2015\/04\/20150414_07-36-40-1024x576.jpg?resize=350%2C200&ssl=1","width":350,"height":200,"srcset":"https:\/\/i0.wp.com\/tinnunculus.sy-sy.cz\/wp-content\/uploads\/2015\/04\/20150414_07-36-40-1024x576.jpg?resize=350%2C200&ssl=1 1x, https:\/\/i0.wp.com\/tinnunculus.sy-sy.cz\/wp-content\/uploads\/2015\/04\/20150414_07-36-40-1024x576.jpg?resize=525%2C300&ssl=1 1.5x"},"classes":[]}],"jetpack_sharing_enabled":true,"_links":{"self":[{"href":"https:\/\/tinnunculus.sy-sy.cz\/index.php\/wp-json\/wp\/v2\/posts\/219","targetHints":{"allow":["GET"]}}],"collection":[{"href":"https:\/\/tinnunculus.sy-sy.cz\/index.php\/wp-json\/wp\/v2\/posts"}],"about":[{"href":"https:\/\/tinnunculus.sy-sy.cz\/index.php\/wp-json\/wp\/v2\/types\/post"}],"author":[{"embeddable":true,"href":"https:\/\/tinnunculus.sy-sy.cz\/index.php\/wp-json\/wp\/v2\/users\/2"}],"replies":[{"embeddable":true,"href":"https:\/\/tinnunculus.sy-sy.cz\/index.php\/wp-json\/wp\/v2\/comments?post=219"}],"version-history":[{"count":2,"href":"https:\/\/tinnunculus.sy-sy.cz\/index.php\/wp-json\/wp\/v2\/posts\/219\/revisions"}],"predecessor-version":[{"id":31536,"href":"https:\/\/tinnunculus.sy-sy.cz\/index.php\/wp-json\/wp\/v2\/posts\/219\/revisions\/31536"}],"wp:attachment":[{"href":"https:\/\/tinnunculus.sy-sy.cz\/index.php\/wp-json\/wp\/v2\/media?parent=219"}],"wp:term":[{"taxonomy":"category","embeddable":true,"href":"https:\/\/tinnunculus.sy-sy.cz\/index.php\/wp-json\/wp\/v2\/categories?post=219"},{"taxonomy":"post_tag","embeddable":true,"href":"https:\/\/tinnunculus.sy-sy.cz\/index.php\/wp-json\/wp\/v2\/tags?post=219"}],"curies":[{"name":"wp","href":"https:\/\/api.w.org\/{rel}","templated":true}]}}