{"id":2141,"date":"2017-10-12T22:33:15","date_gmt":"2017-10-12T20:33:15","guid":{"rendered":"http:\/\/tinnunculus.sy-sy.cz\/?p=2141"},"modified":"2025-12-14T16:50:44","modified_gmt":"2025-12-14T15:50:44","slug":"brhlik","status":"publish","type":"post","link":"https:\/\/tinnunculus.sy-sy.cz\/index.php\/2017\/10\/12\/brhlik\/","title":{"rendered":"Brhl\u00edk"},"content":{"rendered":"<p>U\u017e n\u011bkolik dn\u00ed n\u00e1s nav\u0161t\u011bvuje spolu s&nbsp;men\u0161\u00ed tlupou s\u00fdkorek.\u00a0 Tak jako ony\u00a0 prozkoum\u00e1v\u00e1 \u00fapln\u011b v\u0161echno od star\u00e9ho po\u0161tol\u010d\u00edho hn\u00edzda po&nbsp;bid\u00fdlka a&nbsp;zase zp\u011bt.\u00a0 V\u010dera jsme ho nachytali, jak vyl\u00e9t\u00e1v\u00e1 z&nbsp;ror\u00fdsovn\u00edku,\u00a0 kter\u00fd se zjevn\u011b t\u011b\u0161\u00ed pozornosti cel\u00e9 bandy.<\/p>\n<p><img data-recalc-dims=\"1\" loading=\"lazy\" decoding=\"async\" data-attachment-id=\"2139\" data-permalink=\"https:\/\/tinnunculus.sy-sy.cz\/index.php\/2017\/10\/12\/brhlik\/20171012-1120491877_u\/\" data-orig-file=\"https:\/\/i0.wp.com\/tinnunculus.sy-sy.cz\/wp-content\/uploads\/2017\/10\/20171012-1120491877_u.jpg?fit=922%2C572&amp;ssl=1\" data-orig-size=\"922,572\" data-comments-opened=\"1\" data-image-meta=\"{&quot;aperture&quot;:&quot;0&quot;,&quot;credit&quot;:&quot;&quot;,&quot;camera&quot;:&quot;&quot;,&quot;caption&quot;:&quot;&quot;,&quot;created_timestamp&quot;:&quot;0&quot;,&quot;copyright&quot;:&quot;&quot;,&quot;focal_length&quot;:&quot;0&quot;,&quot;iso&quot;:&quot;0&quot;,&quot;shutter_speed&quot;:&quot;0&quot;,&quot;title&quot;:&quot;&quot;,&quot;orientation&quot;:&quot;0&quot;}\" data-image-title=\"20171012-1120491877_u\" data-image-description=\"\" data-image-caption=\"\" data-large-file=\"https:\/\/i0.wp.com\/tinnunculus.sy-sy.cz\/wp-content\/uploads\/2017\/10\/20171012-1120491877_u.jpg?fit=525%2C326&amp;ssl=1\" class=\"alignnone wp-image-2139\" src=\"https:\/\/i0.wp.com\/tinnunculus.sy-sy.cz\/wp-content\/uploads\/2017\/10\/20171012-1120491877_u.jpg?resize=525%2C325&#038;ssl=1\" alt=\"\" width=\"525\" height=\"325\" srcset=\"https:\/\/i0.wp.com\/tinnunculus.sy-sy.cz\/wp-content\/uploads\/2017\/10\/20171012-1120491877_u.jpg?w=922&amp;ssl=1 922w, https:\/\/i0.wp.com\/tinnunculus.sy-sy.cz\/wp-content\/uploads\/2017\/10\/20171012-1120491877_u.jpg?resize=300%2C186&amp;ssl=1 300w, https:\/\/i0.wp.com\/tinnunculus.sy-sy.cz\/wp-content\/uploads\/2017\/10\/20171012-1120491877_u.jpg?resize=768%2C476&amp;ssl=1 768w\" sizes=\"auto, (max-width: 525px) 100vw, 525px\" \/><!--more--><\/p>\n<p>V akci vyhl\u00ed\u017e\u00ed takto:<\/p>\n<div style=\"width: 525px;\" class=\"wp-video\"><video class=\"wp-video-shortcode\" id=\"video-2141-1\" width=\"525\" height=\"295\" preload=\"metadata\" controls=\"controls\"><source type=\"video\/mp4\" src=\"https:\/\/tinnunculus.sy-sy.cz\/wp-content\/uploads\/2017\/10\/20171008-105553-105640.mp4?_=1\" \/><a href=\"https:\/\/tinnunculus.sy-sy.cz\/wp-content\/uploads\/2017\/10\/20171008-105553-105640.mp4\">https:\/\/tinnunculus.sy-sy.cz\/wp-content\/uploads\/2017\/10\/20171008-105553-105640.mp4<\/a><\/video><\/div>\n<div style=\"width: 525px;\" class=\"wp-video\"><video class=\"wp-video-shortcode\" id=\"video-2141-2\" width=\"525\" height=\"295\" preload=\"metadata\" controls=\"controls\"><source type=\"video\/mp4\" src=\"https:\/\/tinnunculus.sy-sy.cz\/wp-content\/uploads\/2017\/10\/20171012-112042-112108.mp4?_=2\" \/><a href=\"https:\/\/tinnunculus.sy-sy.cz\/wp-content\/uploads\/2017\/10\/20171012-112042-112108.mp4\">https:\/\/tinnunculus.sy-sy.cz\/wp-content\/uploads\/2017\/10\/20171012-112042-112108.mp4<\/a><\/video><\/div>\n<div style=\"width: 525px;\" class=\"wp-video\"><video class=\"wp-video-shortcode\" id=\"video-2141-3\" width=\"525\" height=\"295\" preload=\"metadata\" controls=\"controls\"><source type=\"video\/mp4\" src=\"https:\/\/tinnunculus.sy-sy.cz\/wp-content\/uploads\/2017\/10\/20171012-112053-112112.mp4?_=3\" \/><a href=\"https:\/\/tinnunculus.sy-sy.cz\/wp-content\/uploads\/2017\/10\/20171012-112053-112112.mp4\">https:\/\/tinnunculus.sy-sy.cz\/wp-content\/uploads\/2017\/10\/20171012-112053-112112.mp4<\/a><\/video><\/div>\n<p>Je to n\u00e1\u0161 star\u00fd zn\u00e1m\u00fd, kter\u00fd v&nbsp;na\u0161em venkovsk\u00e9m dom\u011b v&nbsp;\u010cist\u00e9 u&nbsp;Litomy\u0161le zkoum\u00e1 tr\u00e1my a&nbsp;lousk\u00e1 l\u00edskov\u00e9 o\u0159\u00ed\u0161ky, brhl\u00edk lesn\u00ed.\u00a0 No ani jeden z&nbsp;t\u011bchto na\u0161ich n\u00e1v\u0161t\u011bvn\u00edk\u016f sice moc daleko do lesa nem\u00e1, ale chovaj\u00ed se sp\u00ed\u0161e jako dom\u00e1c\u00ed&#8230;<\/p>\n<ul>\n<li><a href=\"https:\/\/cs.wikipedia.org\/wiki\/Brhl%C3%ADk_lesn%C3%AD\" target=\"_blank\" rel=\"noopener noreferrer\">Brhl\u00edk lesn\u00ed (<i>Sitta europaea<\/i>) na Wikipedii<\/a><\/li>\n<li><a href=\"https:\/\/temata.rozhlas.cz\/brhlik-lesni-7970604\" target=\"_blank\" rel=\"noopener noreferrer\">Brhl\u00edk lesn\u00ed &#8211;\u00a0 \u010cRo: Hlas pro tento den<\/a><\/li>\n<\/ul>\n","protected":false},"excerpt":{"rendered":"<p>U\u017e n\u011bkolik dn\u00ed n\u00e1s nav\u0161t\u011bvuje spolu s&nbsp;men\u0161\u00ed tlupou s\u00fdkorek.\u00a0 Tak jako ony\u00a0 prozkoum\u00e1v\u00e1 \u00fapln\u011b v\u0161echno od star\u00e9ho po\u0161tol\u010d\u00edho hn\u00edzda po&nbsp;bid\u00fdlka a&nbsp;zase zp\u011bt.\u00a0 V\u010dera jsme ho nachytali, jak vyl\u00e9t\u00e1v\u00e1 z&nbsp;ror\u00fdsovn\u00edku,\u00a0 kter\u00fd se zjevn\u011b t\u011b\u0161\u00ed pozornosti cel\u00e9 bandy.<\/p>\n","protected":false},"author":2,"featured_media":0,"comment_status":"open","ping_status":"open","sticky":false,"template":"","format":"standard","meta":{"jetpack_post_was_ever_published":false,"_jetpack_newsletter_access":"","_jetpack_dont_email_post_to_subs":false,"_jetpack_newsletter_tier_id":0,"_jetpack_memberships_contains_paywalled_content":false,"_jetpack_memberships_contains_paid_content":false,"footnotes":""},"categories":[193,116,836,308,108],"tags":[89,192,1531,99,83],"class_list":["post-2141","post","type-post","status-publish","format-standard","hentry","category-brhlik","category-nasi","category-nasi-sousede-brhlici","category-ostatni-najemnici-a-navstevnici","category-ostatni-zvirena","tag-ps_79","tag-brhlik","tag-cista-171","tag-ps_68","tag-ps_116"],"jetpack_featured_media_url":"","jetpack_shortlink":"https:\/\/wp.me\/s91gKE-brhlik","jetpack-related-posts":[{"id":130,"url":"https:\/\/tinnunculus.sy-sy.cz\/index.php\/2014\/08\/01\/hadej-kdo-prisel-k-veceri\/","url_meta":{"origin":2141,"position":0},"title":"H\u00e1dej, kdo p\u0159i\u0161el k&nbsp;ve\u010de\u0159i&#8230;","author":"Zuzana Syrov\u00e1 An\u00fd\u017eov\u00e1","date":"01\/08\/2014","format":false,"excerpt":"Hlavu to m\u00e1 jako same\u010dek, k\u0159\u00eddla a z\u00e1da taky, ale oc\u00e1sek to m\u00e1 jako sami\u010dka. Potlouk\u00e1 se to po ciz\u00edch hn\u00edzdech a hled\u00e1 my\u0161e po skr\u00fd\u0161\u00edch. Co to je? Po\u0161tol\u010data si obvykle mysl\u00ed, \u017ee by to mohl b\u00fdt tat\u00ednek a hul\u00e1kaj\u00ed na to vytrvale, \u017ee by si dala n\u011bco k\u2026","rel":"","context":"V \u201e\"Na\u0161e\" po\u0161tolky\u201c","block_context":{"text":"\"Na\u0161e\" po\u0161tolky","link":"https:\/\/tinnunculus.sy-sy.cz\/index.php\/category\/nasi\/nase-postolky\/"},"img":{"alt_text":"","src":"https:\/\/i0.wp.com\/tinnunculus.sy-sy.cz\/wp-content\/uploads\/2014\/08\/P1080867-e1698600824648-1024x575.jpg?resize=350%2C200&ssl=1","width":350,"height":200,"srcset":"https:\/\/i0.wp.com\/tinnunculus.sy-sy.cz\/wp-content\/uploads\/2014\/08\/P1080867-e1698600824648-1024x575.jpg?resize=350%2C200&ssl=1 1x, https:\/\/i0.wp.com\/tinnunculus.sy-sy.cz\/wp-content\/uploads\/2014\/08\/P1080867-e1698600824648-1024x575.jpg?resize=525%2C300&ssl=1 1.5x"},"classes":[]},{"id":99,"url":"https:\/\/tinnunculus.sy-sy.cz\/index.php\/2014\/04\/24\/ptak-roku\/","url_meta":{"origin":2141,"position":1},"title":"Pt\u00e1k roku","author":"Zuzana Syrov\u00e1 An\u00fd\u017eov\u00e1","date":"24\/04\/2014","format":"link","excerpt":"Po\u0161tolka obecn\u00e1 byla pt\u00e1kem roku ji\u017e v n\u011bkolika evropsk\u00fdch zem\u00edch: 1992 Ma\u010farsko 2001 Slovensko: http:\/\/www.seps.sk\/zp\/mvszopk\/ii\/2001\/062001\/11.htm 2002 \u010cR: http:\/\/www.birdlife.cz\/wpimages\/video\/ptak_roku_2002.pdf\u00a0 \u00a0http:\/\/www.oldcso.birdlife.cz\/www.cso.cz\/wpimages\/video\/ptak_roku_2002.pdf 2002 Rusko 2006 Loty\u0161sko 2007 Rakousko: https:\/\/www.birdlife.at\/unsere-arbeit\/vogel-des-jahres\/2007-turmfalke.html \/\/ https:\/\/www.birdlife.at\/voegel\/turmfalke\/ 2007 N\u011bmecko: http:\/\/www.nabu.de\/aktionenundprojekte\/vogeldesjahres\/2007-turmfalke\/; http:\/\/www.nabu.de\/imperia\/md\/content\/nabude\/vogelschutz\/vdj\/2007turmfalke\/1.pdf; http:\/\/www.nabu-elmshorn.de\/artenschutz\/turmfalke\/ 2008 \u0160v\u00fdcarsko: http:\/\/www.birdlife.ch\/fr\/content\/2008-faucon-cr%C3%A9cerelle; https:\/\/www.birdlife.ch\/fr\/content\/oiseau-de-lannee-2008-faucon-crecerelle http:\/\/www.birdlife.ch\/de\/content\/vogel-des-jahres-2008-turmfalke; http:\/\/www.birdlife.ch\/sites\/default\/files\/documents\/ORNIS-Turmfalke.pdf 2008 Gruzie: http:\/\/bcug.narod.ru\/BirdofYear2008.html 2009 Lucembursko: http:\/\/www.naturemwelt.lu\/natur-an-emwelt_ShowNews_News.20-2-296-0.html 2010 B\u011blorusko: https:\/\/birdwatch.by\/pustalga 2016 Arm\u00e9nie:\u2026","rel":"","context":"V \u201eInfo\u201c","block_context":{"text":"Info","link":"https:\/\/tinnunculus.sy-sy.cz\/index.php\/category\/info\/"},"img":{"alt_text":"","src":"","width":0,"height":0},"classes":[]},{"id":13897,"url":"https:\/\/tinnunculus.sy-sy.cz\/index.php\/2020\/10\/24\/soused-brhlik\/","url_meta":{"origin":2141,"position":2},"title":"Soused brhl\u00edk","author":"Zuzana Syrov\u00e1 An\u00fd\u017eov\u00e1","date":"24\/10\/2020","format":false,"excerpt":"Aneb o tom, jak se mezi n\u00e1v\u0161t\u011bvn\u00edky na\u0161\u00ed lod\u017eie u\u017e zase op\u011bt objevuje brhl\u00edk.","rel":"","context":"V \u201eBrhl\u00edk\u201c","block_context":{"text":"Brhl\u00edk","link":"https:\/\/tinnunculus.sy-sy.cz\/index.php\/category\/ostatni-zvirena\/ptaci\/brhlik\/"},"img":{"alt_text":"","src":"https:\/\/i0.wp.com\/tinnunculus.sy-sy.cz\/wp-content\/uploads\/2020\/10\/20201024-1338209352-1024x576.jpg?resize=350%2C200&ssl=1","width":350,"height":200,"srcset":"https:\/\/i0.wp.com\/tinnunculus.sy-sy.cz\/wp-content\/uploads\/2020\/10\/20201024-1338209352-1024x576.jpg?resize=350%2C200&ssl=1 1x, https:\/\/i0.wp.com\/tinnunculus.sy-sy.cz\/wp-content\/uploads\/2020\/10\/20201024-1338209352-1024x576.jpg?resize=525%2C300&ssl=1 1.5x"},"classes":[]},{"id":3005,"url":"https:\/\/tinnunculus.sy-sy.cz\/index.php\/2018\/02\/10\/brhlikovnik\/","url_meta":{"origin":2141,"position":3},"title":"Brhl\u00edkovn\u00edk","author":"Zuzana Syrov\u00e1 An\u00fd\u017eov\u00e1","date":"10\/02\/2018","format":false,"excerpt":"Na sv\u00e9 ka\u017edodenn\u00ed pr\u016fzkumy lod\u017eie p\u0159il\u00e9t\u00e1 \"n\u00e1\u0161\" brhl\u00edk v\u011bt\u0161inou od ror\u00fdsovn\u00edku nebo t\u00edm sm\u011brem odl\u00e9t\u00e1.\u00a0 U\u017e del\u0161\u00ed dobu m\u00e1me podez\u0159en\u00ed, \u017ee ho nejen pravideln\u011b nav\u0161t\u011bvuje, ale mo\u017en\u00e1 v n\u011bm i bydl\u00ed. Dnes byl na odletu z ror\u00fdsovn\u00edku, kter\u00e9mu bychom te\u010f v zim\u011b m\u011bli asi sp\u00ed\u0161e \u0159\u00edkat brhl\u00edkovn\u00edk, p\u0159isti\u017een a dokumentov\u00e1n...\u2026","rel":"","context":"V \u201eBrhl\u00edk\u201c","block_context":{"text":"Brhl\u00edk","link":"https:\/\/tinnunculus.sy-sy.cz\/index.php\/category\/ostatni-zvirena\/ptaci\/brhlik\/"},"img":{"alt_text":"","src":"https:\/\/i0.wp.com\/tinnunculus.sy-sy.cz\/wp-content\/uploads\/2018\/02\/DSC_2798u-e1518271766664.jpg?resize=350%2C200&ssl=1","width":350,"height":200,"srcset":"https:\/\/i0.wp.com\/tinnunculus.sy-sy.cz\/wp-content\/uploads\/2018\/02\/DSC_2798u-e1518271766664.jpg?resize=350%2C200&ssl=1 1x, https:\/\/i0.wp.com\/tinnunculus.sy-sy.cz\/wp-content\/uploads\/2018\/02\/DSC_2798u-e1518271766664.jpg?resize=525%2C300&ssl=1 1.5x, https:\/\/i0.wp.com\/tinnunculus.sy-sy.cz\/wp-content\/uploads\/2018\/02\/DSC_2798u-e1518271766664.jpg?resize=700%2C400&ssl=1 2x, https:\/\/i0.wp.com\/tinnunculus.sy-sy.cz\/wp-content\/uploads\/2018\/02\/DSC_2798u-e1518271766664.jpg?resize=1050%2C600&ssl=1 3x, https:\/\/i0.wp.com\/tinnunculus.sy-sy.cz\/wp-content\/uploads\/2018\/02\/DSC_2798u-e1518271766664.jpg?resize=1400%2C800&ssl=1 4x"},"classes":[]},{"id":189,"url":"https:\/\/tinnunculus.sy-sy.cz\/index.php\/2015\/04\/04\/o-rorysech\/","url_meta":{"origin":2141,"position":4},"title":"O ror\u00fdsech","author":"Zuzana Syrov\u00e1 An\u00fd\u017eov\u00e1","date":"04\/04\/2015","format":false,"excerpt":"M\u016f\u017eeme je o\u010dek\u00e1vat do t\u0159\u00ed t\u00fddn\u016f. Ze sv\u00fdch zimovi\u0161\u0165 se vr\u00e1t\u00ed jedni z nejpodivuhodn\u011bj\u0161\u00ed pt\u00e1k\u016f u n\u00e1s \u017eij\u00edc\u00edch. I kdy\u017e si je leckdo m\u016f\u017ee pl\u00e9st s vla\u0161tovkou, n\u00e1le\u017e\u00ed do \u0159\u00e1du svi\u0161\u0165oun\u016f a jsou p\u0159\u00edbuzn\u00ed\u00a0 americk\u00fdm kolib\u0159\u00edk\u016fm. Ror\u00fds obecn\u00fd (apus apus) je dokonale p\u0159izp\u016fsoben \u017eivotu ve vzduchu a za letu i\u2026","rel":"","context":"V \u201e\"Na\u0161i\" ror\u00fdsi\u201c","block_context":{"text":"\"Na\u0161i\" ror\u00fdsi","link":"https:\/\/tinnunculus.sy-sy.cz\/index.php\/category\/nasi\/nasi-rorysi\/"},"img":{"alt_text":"","src":"https:\/\/i0.wp.com\/tinnunculus.sy-sy.cz\/wp-content\/uploads\/2015\/04\/Apus_apus_flock_flying_1.jpg?resize=350%2C200&ssl=1","width":350,"height":200,"srcset":"https:\/\/i0.wp.com\/tinnunculus.sy-sy.cz\/wp-content\/uploads\/2015\/04\/Apus_apus_flock_flying_1.jpg?resize=350%2C200&ssl=1 1x, https:\/\/i0.wp.com\/tinnunculus.sy-sy.cz\/wp-content\/uploads\/2015\/04\/Apus_apus_flock_flying_1.jpg?resize=525%2C300&ssl=1 1.5x"},"classes":[]},{"id":20245,"url":"https:\/\/tinnunculus.sy-sy.cz\/index.php\/2022\/11\/17\/brhlik-v-rorysovniku\/","url_meta":{"origin":2141,"position":5},"title":"Brhl\u00edk v&nbsp;ror\u00fdsovn\u00edku","author":"Zuzana Syrov\u00e1 An\u00fd\u017eov\u00e1","date":"17\/11\/2022","format":false,"excerpt":"Aneb o nov\u00e9m z\u00e1jemci o ror\u00fdrosvn\u00edk na parapetu okna vedle po\u0161tol\u010d\u00ed lod\u017eie.","rel":"","context":"V \u201eBrhl\u00edk\u201c","block_context":{"text":"Brhl\u00edk","link":"https:\/\/tinnunculus.sy-sy.cz\/index.php\/category\/ostatni-zvirena\/ptaci\/brhlik\/"},"img":{"alt_text":"","src":"https:\/\/i0.wp.com\/tinnunculus.sy-sy.cz\/wp-content\/uploads\/2022\/11\/2022-11-01-1128278346-e1669411514745.jpg?resize=350%2C200&ssl=1","width":350,"height":200,"srcset":"https:\/\/i0.wp.com\/tinnunculus.sy-sy.cz\/wp-content\/uploads\/2022\/11\/2022-11-01-1128278346-e1669411514745.jpg?resize=350%2C200&ssl=1 1x, https:\/\/i0.wp.com\/tinnunculus.sy-sy.cz\/wp-content\/uploads\/2022\/11\/2022-11-01-1128278346-e1669411514745.jpg?resize=525%2C300&ssl=1 1.5x, https:\/\/i0.wp.com\/tinnunculus.sy-sy.cz\/wp-content\/uploads\/2022\/11\/2022-11-01-1128278346-e1669411514745.jpg?resize=700%2C400&ssl=1 2x"},"classes":[]}],"jetpack_sharing_enabled":true,"_links":{"self":[{"href":"https:\/\/tinnunculus.sy-sy.cz\/index.php\/wp-json\/wp\/v2\/posts\/2141","targetHints":{"allow":["GET"]}}],"collection":[{"href":"https:\/\/tinnunculus.sy-sy.cz\/index.php\/wp-json\/wp\/v2\/posts"}],"about":[{"href":"https:\/\/tinnunculus.sy-sy.cz\/index.php\/wp-json\/wp\/v2\/types\/post"}],"author":[{"embeddable":true,"href":"https:\/\/tinnunculus.sy-sy.cz\/index.php\/wp-json\/wp\/v2\/users\/2"}],"replies":[{"embeddable":true,"href":"https:\/\/tinnunculus.sy-sy.cz\/index.php\/wp-json\/wp\/v2\/comments?post=2141"}],"version-history":[{"count":3,"href":"https:\/\/tinnunculus.sy-sy.cz\/index.php\/wp-json\/wp\/v2\/posts\/2141\/revisions"}],"predecessor-version":[{"id":39197,"href":"https:\/\/tinnunculus.sy-sy.cz\/index.php\/wp-json\/wp\/v2\/posts\/2141\/revisions\/39197"}],"wp:attachment":[{"href":"https:\/\/tinnunculus.sy-sy.cz\/index.php\/wp-json\/wp\/v2\/media?parent=2141"}],"wp:term":[{"taxonomy":"category","embeddable":true,"href":"https:\/\/tinnunculus.sy-sy.cz\/index.php\/wp-json\/wp\/v2\/categories?post=2141"},{"taxonomy":"post_tag","embeddable":true,"href":"https:\/\/tinnunculus.sy-sy.cz\/index.php\/wp-json\/wp\/v2\/tags?post=2141"}],"curies":[{"name":"wp","href":"https:\/\/api.w.org\/{rel}","templated":true}]}}