{"id":21222,"date":"2023-04-01T22:38:51","date_gmt":"2023-04-01T20:38:51","guid":{"rendered":"https:\/\/tinnunculus.sy-sy.cz\/?p=21222"},"modified":"2026-03-21T08:06:24","modified_gmt":"2026-03-21T07:06:24","slug":"den-ptactva-podle-postolek","status":"publish","type":"post","link":"https:\/\/tinnunculus.sy-sy.cz\/index.php\/2023\/04\/01\/den-ptactva-podle-postolek\/","title":{"rendered":"Den ptactva podle po\u0161tolek"},"content":{"rendered":"<p><img data-recalc-dims=\"1\" loading=\"lazy\" decoding=\"async\" data-attachment-id=\"21227\" data-permalink=\"https:\/\/tinnunculus.sy-sy.cz\/index.php\/2023\/04\/01\/den-ptactva-podle-postolek\/2023-04-01-1512335395\/\" data-orig-file=\"https:\/\/i0.wp.com\/tinnunculus.sy-sy.cz\/wp-content\/uploads\/2023\/04\/2023-04-01-1512335395-e1680381061274.jpg?fit=1036%2C590&amp;ssl=1\" data-orig-size=\"1036,590\" data-comments-opened=\"1\" data-image-meta=\"{&quot;aperture&quot;:&quot;0&quot;,&quot;credit&quot;:&quot;&quot;,&quot;camera&quot;:&quot;&quot;,&quot;caption&quot;:&quot;&quot;,&quot;created_timestamp&quot;:&quot;0&quot;,&quot;copyright&quot;:&quot;&quot;,&quot;focal_length&quot;:&quot;0&quot;,&quot;iso&quot;:&quot;0&quot;,&quot;shutter_speed&quot;:&quot;0&quot;,&quot;title&quot;:&quot;&quot;,&quot;orientation&quot;:&quot;0&quot;}\" data-image-title=\"2023-04-01-1512335395\" data-image-description=\"\" data-image-caption=\"\" data-large-file=\"https:\/\/i0.wp.com\/tinnunculus.sy-sy.cz\/wp-content\/uploads\/2023\/04\/2023-04-01-1512335395-e1680381061274.jpg?fit=525%2C299&amp;ssl=1\" class=\"aligncenter wp-image-21227 size-full\" src=\"https:\/\/i0.wp.com\/tinnunculus.sy-sy.cz\/wp-content\/uploads\/2023\/04\/2023-04-01-1512335395-e1680381061274.jpg?resize=525%2C299&#038;ssl=1\" alt=\"\" width=\"525\" height=\"299\" srcset=\"https:\/\/i0.wp.com\/tinnunculus.sy-sy.cz\/wp-content\/uploads\/2023\/04\/2023-04-01-1512335395-e1680381061274.jpg?w=1036&amp;ssl=1 1036w, https:\/\/i0.wp.com\/tinnunculus.sy-sy.cz\/wp-content\/uploads\/2023\/04\/2023-04-01-1512335395-e1680381061274.jpg?resize=300%2C171&amp;ssl=1 300w, https:\/\/i0.wp.com\/tinnunculus.sy-sy.cz\/wp-content\/uploads\/2023\/04\/2023-04-01-1512335395-e1680381061274.jpg?resize=1024%2C583&amp;ssl=1 1024w, https:\/\/i0.wp.com\/tinnunculus.sy-sy.cz\/wp-content\/uploads\/2023\/04\/2023-04-01-1512335395-e1680381061274.jpg?resize=768%2C437&amp;ssl=1 768w\" sizes=\"auto, (max-width: 767px) 89vw, (max-width: 1000px) 54vw, (max-width: 1071px) 543px, 580px\" \/><\/p>\n<p>Prvn\u00ed duben nen\u00ed jen dnem apr\u00edlov\u00fdch \u017eert\u016f, ale i&nbsp;<em>Mezin\u00e1rodn\u00edm dnem ptactva<\/em>. Slav\u00ed se jako p\u0159ipom\u00ednka podeps\u00e1n\u00ed mezin\u00e1rodn\u00ed Konvence o&nbsp;ochran\u011b u\u017eite\u010dn\u00e9ho ptactva v&nbsp;roce 1906. <!--more-->U n\u00e1s je tato tradice o&nbsp;n\u011bco star\u0161\u00ed. Zalo\u017eil ji slovensk\u00fd p\u0159\u00edrodov\u011bdec <a href=\"https:\/\/sk.wikipedia.org\/wiki\/Oto_Herman\" target=\"_blank\" rel=\"noopener\">Oto Herrmann (1835 &#8211; 1914<\/a>). Poprv\u00e9 byl <em>Den pt\u00e1k\u016f<\/em> vyhl\u00e1\u0161en jako akce pro \u0161koly v&nbsp;tehdej\u0161\u00edm Rakousko-Uhersku 1.&nbsp;dubna 1900 a&nbsp;spolu s&nbsp;ope\u0159enci se ,,oslavovaly&#8220; i&nbsp;stromy.<\/p>\n<p>Leto\u0161n\u00ed &#8222;oslavy&#8220; v&nbsp;na\u0161\u00ed lod\u017eii byly ru\u0161n\u00e9 a&nbsp;hlu\u010dn\u00e9. Pan\u00ed po\u0161tolka dostala n\u011bkolik d\u00e1rk\u016f.<\/p>\n<div style=\"width: 525px;\" class=\"wp-video\"><video class=\"wp-video-shortcode\" id=\"video-21222-1\" width=\"525\" height=\"295\" preload=\"metadata\" controls=\"controls\"><source type=\"video\/mp4\" src=\"https:\/\/tinnunculus.sy-sy.cz\/wp-content\/uploads\/2023\/04\/20230401-072621.mp4?_=1\" \/><a href=\"https:\/\/tinnunculus.sy-sy.cz\/wp-content\/uploads\/2023\/04\/20230401-072621.mp4\">https:\/\/tinnunculus.sy-sy.cz\/wp-content\/uploads\/2023\/04\/20230401-072621.mp4<\/a><\/video><\/div>\n<div style=\"width: 525px;\" class=\"wp-video\"><video class=\"wp-video-shortcode\" id=\"video-21222-2\" width=\"525\" height=\"295\" preload=\"metadata\" controls=\"controls\"><source type=\"video\/mp4\" src=\"https:\/\/tinnunculus.sy-sy.cz\/wp-content\/uploads\/2023\/04\/20230401-072620.mp4?_=2\" \/><a href=\"https:\/\/tinnunculus.sy-sy.cz\/wp-content\/uploads\/2023\/04\/20230401-072620.mp4\">https:\/\/tinnunculus.sy-sy.cz\/wp-content\/uploads\/2023\/04\/20230401-072620.mp4<\/a><\/video><\/div>\n<p>Nechyb\u011bly ani projevy l\u00e1sky, a\u0165 u\u017e na z\u00e1bradl\u00ed, &#8230;<\/p>\n<div style=\"width: 525px;\" class=\"wp-video\"><video class=\"wp-video-shortcode\" id=\"video-21222-3\" width=\"525\" height=\"295\" preload=\"metadata\" controls=\"controls\"><source type=\"video\/mp4\" src=\"https:\/\/tinnunculus.sy-sy.cz\/wp-content\/uploads\/2023\/04\/20230401-075810.mp4?_=3\" \/><a href=\"https:\/\/tinnunculus.sy-sy.cz\/wp-content\/uploads\/2023\/04\/20230401-075810.mp4\">https:\/\/tinnunculus.sy-sy.cz\/wp-content\/uploads\/2023\/04\/20230401-075810.mp4<\/a><\/video><\/div>\n<p>&#8230;. v&nbsp;ko\u0161i u&nbsp;hn\u00edzda, &#8230;<\/p>\n<div style=\"width: 525px;\" class=\"wp-video\"><video class=\"wp-video-shortcode\" id=\"video-21222-4\" width=\"525\" height=\"295\" preload=\"metadata\" controls=\"controls\"><source type=\"video\/mp4\" src=\"https:\/\/tinnunculus.sy-sy.cz\/wp-content\/uploads\/2023\/04\/20230401-083639.mp4?_=4\" \/><a href=\"https:\/\/tinnunculus.sy-sy.cz\/wp-content\/uploads\/2023\/04\/20230401-083639.mp4\">https:\/\/tinnunculus.sy-sy.cz\/wp-content\/uploads\/2023\/04\/20230401-083639.mp4<\/a><\/video><\/div>\n<p>&#8230; na okraji hn\u00edzda &#8230;<\/p>\n<div style=\"width: 525px;\" class=\"wp-video\"><video class=\"wp-video-shortcode\" id=\"video-21222-5\" width=\"525\" height=\"295\" preload=\"metadata\" controls=\"controls\"><source type=\"video\/mp4\" src=\"https:\/\/tinnunculus.sy-sy.cz\/wp-content\/uploads\/2023\/04\/20230401-094847.mp4?_=5\" \/><a href=\"https:\/\/tinnunculus.sy-sy.cz\/wp-content\/uploads\/2023\/04\/20230401-094847.mp4\">https:\/\/tinnunculus.sy-sy.cz\/wp-content\/uploads\/2023\/04\/20230401-094847.mp4<\/a><\/video><\/div>\n<p>Sami\u010dka tr\u00e1vila hodn\u011b \u010dasu na hn\u00edzd\u011b, kter\u00e9 je pot\u0159eba p\u0159ipravit na p\u0159\u00edchod prvn\u00edho vejce.<\/p>\n<div style=\"width: 525px;\" class=\"wp-video\"><video class=\"wp-video-shortcode\" id=\"video-21222-6\" width=\"525\" height=\"295\" preload=\"metadata\" controls=\"controls\"><source type=\"video\/mp4\" src=\"https:\/\/tinnunculus.sy-sy.cz\/wp-content\/uploads\/2023\/04\/20230401-102906.mp4?_=6\" \/><a href=\"https:\/\/tinnunculus.sy-sy.cz\/wp-content\/uploads\/2023\/04\/20230401-102906.mp4\">https:\/\/tinnunculus.sy-sy.cz\/wp-content\/uploads\/2023\/04\/20230401-102906.mp4<\/a><\/video><\/div>\n<p>Po\u0161tolky nebyli jedin\u00ed ope\u0159enci v&nbsp;na\u0161\u00ed lod\u017eii. T\u0159eba jist\u00fd drz\u00fd holub&#8230; Po\u0161tolky ov\u0161em nebyly daleko a&nbsp;tak se vet\u0159elci uvnit\u0159 p\u0159\u00edli\u0161 neoh\u0159\u00e1li.<\/p>\n<div style=\"width: 525px;\" class=\"wp-video\"><video class=\"wp-video-shortcode\" id=\"video-21222-7\" width=\"525\" height=\"295\" preload=\"metadata\" controls=\"controls\"><source type=\"video\/mp4\" src=\"https:\/\/tinnunculus.sy-sy.cz\/wp-content\/uploads\/2023\/04\/20230401-112744.mp4?_=7\" \/><a href=\"https:\/\/tinnunculus.sy-sy.cz\/wp-content\/uploads\/2023\/04\/20230401-112744.mp4\">https:\/\/tinnunculus.sy-sy.cz\/wp-content\/uploads\/2023\/04\/20230401-112744.mp4<\/a><\/video><\/div>\n<p>Ledacos se d\u011blo i&nbsp;v&nbsp;okol\u00ed v\u010detn\u011b p\u0159ed\u00e1v\u00e1n\u00ed d\u00e1rk\u016f. Sami\u010dka si jeden z&nbsp;nich p\u0159inesla na z\u00e1bradl\u00ed.<\/p>\n<div style=\"width: 525px;\" class=\"wp-video\"><video class=\"wp-video-shortcode\" id=\"video-21222-8\" width=\"525\" height=\"295\" preload=\"metadata\" controls=\"controls\"><source type=\"video\/mp4\" src=\"https:\/\/tinnunculus.sy-sy.cz\/wp-content\/uploads\/2023\/04\/20230401-151219.mp4?_=8\" \/><a href=\"https:\/\/tinnunculus.sy-sy.cz\/wp-content\/uploads\/2023\/04\/20230401-151219.mp4\">https:\/\/tinnunculus.sy-sy.cz\/wp-content\/uploads\/2023\/04\/20230401-151219.mp4<\/a><\/video><\/div>\n<p>Te\u010f u\u017e oba, pan i&nbsp;pan\u00ed po\u0161tolka posp\u00e1vaj\u00ed po&nbsp;n\u00e1ro\u010dn\u00e9m dni na bid\u00fdlc\u00edch nad star\u00fdm hn\u00edzdem. Mus\u00ed b\u00fdt na z\u00edt\u0159ek n\u00e1le\u017eit\u011b odpo\u010dati. \u010cek\u00e1 je toti\u017e dal\u0161\u00ed, by\u0165 ne mezin\u00e1rodn\u00ed, den ptactva.<\/p>\n","protected":false},"excerpt":{"rendered":"<p>Aneb o&nbsp;dni ptactva a&nbsp;o&nbsp;tom, jak ho str\u00e1vily &#8222;na\u0161e&#8220; po\u0161tolky.<\/p>\n","protected":false},"author":2,"featured_media":0,"comment_status":"open","ping_status":"open","sticky":false,"template":"","format":"standard","meta":{"jetpack_post_was_ever_published":false,"_jetpack_newsletter_access":"","_jetpack_dont_email_post_to_subs":false,"_jetpack_newsletter_tier_id":0,"_jetpack_memberships_contains_paywalled_content":false,"_jetpack_memberships_contains_paid_content":false,"footnotes":""},"categories":[147,142,126,116,826,308,105,110,1596,307,108],"tags":[1067,1114,1118,32,57,80,90,91,9,10],"class_list":["post-21222","post","type-post","status-publish","format-standard","hentry","category-nase-postolky","category-dravec","category-holub","category-nasi","category-nasi-sousede-holubi","category-ostatni-najemnici-a-navstevnici","category-postolka","category-postolka-obecna","category-postolky-z-nasi-lodzie","category-ptaci","category-ostatni-zvirena","tag-1067","tag-den-ptactva","tag-herman-oto","tag-ps_3","tag-ps_42","tag-ps_90","tag-ps_96","tag-ps_95","tag-ps_24","tag-ps_41"],"jetpack_featured_media_url":"","jetpack_shortlink":"https:\/\/wp.me\/p91gKE-5wi","jetpack-related-posts":[{"id":304,"url":"https:\/\/tinnunculus.sy-sy.cz\/index.php\/2016\/04\/01\/neni-to-april\/","url_meta":{"origin":21222,"position":0},"title":"Nen\u00ed to apr\u00edl","author":"Zuzana Syrov\u00e1 An\u00fd\u017eov\u00e1","date":"01\/04\/2016","format":false,"excerpt":"Dne\u0161n\u00ed den byl 110. mezin\u00e1rodn\u00edm dnem ptactva. Slav\u00ed se ve v\u00fdro\u010dn\u00ed den podpisu\u00a0 \u201eMezin\u00e1rodn\u00ed konvence o ochran\u011b u\u017eite\u010dn\u00e9ho ptactva\u201c od roku 1906. A taky m\u011bl b\u00fdti spr\u00e1vn\u011b dnem apr\u00edlov\u00fdch \u017eert\u00edk\u016f, i kdy\u017e le\u0161en\u00ed, kter\u00e9 v\u010dera vyrostlo p\u0159ed oknem na\u0161\u00ed lo\u017enice, za n\u011b zrovna nepova\u017eujeme. Se dnem ptactva pak m\u011blo spole\u010dn\u00e9ho\u2026","rel":"","context":"V \u201e\"Na\u0161e\" po\u0161tolky\u201c","block_context":{"text":"\"Na\u0161e\" po\u0161tolky","link":"https:\/\/tinnunculus.sy-sy.cz\/index.php\/category\/nasi\/nase-postolky\/"},"img":{"alt_text":"","src":"https:\/\/i0.wp.com\/tinnunculus.sy-sy.cz\/wp-content\/uploads\/2016\/04\/20160401_08-05-05-1024x640.jpg?resize=350%2C200&ssl=1","width":350,"height":200,"srcset":"https:\/\/i0.wp.com\/tinnunculus.sy-sy.cz\/wp-content\/uploads\/2016\/04\/20160401_08-05-05-1024x640.jpg?resize=350%2C200&ssl=1 1x, https:\/\/i0.wp.com\/tinnunculus.sy-sy.cz\/wp-content\/uploads\/2016\/04\/20160401_08-05-05-1024x640.jpg?resize=525%2C300&ssl=1 1.5x"},"classes":[]},{"id":15183,"url":"https:\/\/tinnunculus.sy-sy.cz\/index.php\/2021\/04\/01\/vhodny-darek-ke-dni-ptactva\/","url_meta":{"origin":21222,"position":1},"title":"Vhodn\u00fd d\u00e1rek ke dni ptactva","author":"Zuzana Syrov\u00e1 An\u00fd\u017eov\u00e1","date":"01\/04\/2021","format":false,"excerpt":"Aneb o tom, jak \"na\u0161e\" po\u0161tolky slavily den ptactva.","rel":"","context":"V \u201e\"Na\u0161e\" po\u0161tolky\u201c","block_context":{"text":"\"Na\u0161e\" po\u0161tolky","link":"https:\/\/tinnunculus.sy-sy.cz\/index.php\/category\/nasi\/nase-postolky\/"},"img":{"alt_text":"","src":"https:\/\/i0.wp.com\/tinnunculus.sy-sy.cz\/wp-content\/uploads\/2021\/04\/20210401-0707093999-1024x576.jpg?resize=350%2C200&ssl=1","width":350,"height":200,"srcset":"https:\/\/i0.wp.com\/tinnunculus.sy-sy.cz\/wp-content\/uploads\/2021\/04\/20210401-0707093999-1024x576.jpg?resize=350%2C200&ssl=1 1x, https:\/\/i0.wp.com\/tinnunculus.sy-sy.cz\/wp-content\/uploads\/2021\/04\/20210401-0707093999-1024x576.jpg?resize=525%2C300&ssl=1 1.5x"},"classes":[]},{"id":11876,"url":"https:\/\/tinnunculus.sy-sy.cz\/index.php\/2020\/04\/01\/aprilova-domacnost\/","url_meta":{"origin":21222,"position":2},"title":"Apr\u00edlov\u00e1 dom\u00e1cnost","author":"Zuzana Syrov\u00e1 An\u00fd\u017eov\u00e1","date":"01\/04\/2020","format":false,"excerpt":"Aneb o tom, jak to letos na prvn\u00edho apr\u00edla vypadalo v na\u0161\u00ed lod\u017eii a tak\u00e9 o tom, jak se vyv\u00edjej\u00ed sousedsk\u00e9 vztahy na\u0161ich po\u0161tolek s po\u0161tolkou, co se s nimi vytrvale sna\u017e\u00ed skamar\u00e1dit.","rel":"","context":"V \u201e\"Na\u0161e\" po\u0161tolky\u201c","block_context":{"text":"\"Na\u0161e\" po\u0161tolky","link":"https:\/\/tinnunculus.sy-sy.cz\/index.php\/category\/nasi\/nase-postolky\/"},"img":{"alt_text":"","src":"https:\/\/i0.wp.com\/tinnunculus.sy-sy.cz\/wp-content\/uploads\/2020\/04\/20200401-1834422399-1024x576.jpg?resize=350%2C200&ssl=1","width":350,"height":200,"srcset":"https:\/\/i0.wp.com\/tinnunculus.sy-sy.cz\/wp-content\/uploads\/2020\/04\/20200401-1834422399-1024x576.jpg?resize=350%2C200&ssl=1 1x, https:\/\/i0.wp.com\/tinnunculus.sy-sy.cz\/wp-content\/uploads\/2020\/04\/20200401-1834422399-1024x576.jpg?resize=525%2C300&ssl=1 1.5x"},"classes":[]},{"id":187,"url":"https:\/\/tinnunculus.sy-sy.cz\/index.php\/2015\/04\/01\/menage-a-trois\/","url_meta":{"origin":21222,"position":3},"title":"M\u00e9nage \u00e0 trois","author":"Zuzana Syrov\u00e1 An\u00fd\u017eov\u00e1","date":"01\/04\/2015","format":false,"excerpt":"Prvn\u00ed duben jest od roku 1906 mezin\u00e1rodn\u00edm dnem ptactva. Slav\u00ed se ve v\u00fdro\u010dn\u00ed den podpisu\u00a0 \u201eMezin\u00e1rodn\u00ed konvence o ochran\u011b u\u017eite\u010dn\u00e9ho ptactva\u201c. Pt\u00e1k\u016f se ostatn\u011b t\u00fdkala v\u016fbec prvn\u00ed mezin\u00e1rodn\u00ed \u00famluva s enviroment\u00e1ln\u00edm zam\u011b\u0159en\u00edm, tzv. \u201e\u00damluva na ochranu ptactva pro zem\u011bd\u011blstv\u00ed u\u017eite\u010dn\u00e9ho\u201c, uzav\u0159en\u00e1 19. b\u0159ezna 1902 v Pa\u0159\u00ed\u017ei. \u010ceskoslovensk\u00e1 republika k n\u00ed\u2026","rel":"","context":"V \u201ePo\u0161tolka\u201c","block_context":{"text":"Po\u0161tolka","link":"https:\/\/tinnunculus.sy-sy.cz\/index.php\/category\/ostatni-zvirena\/ptaci\/dravec\/postolka\/"},"img":{"alt_text":"","src":"https:\/\/i0.wp.com\/tinnunculus.sy-sy.cz\/wp-content\/uploads\/2015\/04\/Kobylisy_2013b-1024x688.jpg?resize=350%2C200&ssl=1","width":350,"height":200,"srcset":"https:\/\/i0.wp.com\/tinnunculus.sy-sy.cz\/wp-content\/uploads\/2015\/04\/Kobylisy_2013b-1024x688.jpg?resize=350%2C200&ssl=1 1x, https:\/\/i0.wp.com\/tinnunculus.sy-sy.cz\/wp-content\/uploads\/2015\/04\/Kobylisy_2013b-1024x688.jpg?resize=525%2C300&ssl=1 1.5x"},"classes":[]},{"id":4525,"url":"https:\/\/tinnunculus.sy-sy.cz\/index.php\/2018\/04\/04\/aprilove-ptactvo\/","url_meta":{"origin":21222,"position":4},"title":"Apr\u00edlov\u00e9 ptactvo","author":"Zuzana Syrov\u00e1 An\u00fd\u017eov\u00e1","date":"04\/04\/2018","format":false,"excerpt":"Ka\u017edoro\u010dn\u011b zde p\u0159ipom\u00edn\u00e1me v\u00edcem\u00e9n\u011b obecn\u011b zn\u00e1m\u00fd fakt, \u017ee na prvn\u00edho dubna p\u0159ipad\u00e1 mezin\u00e1rodn\u00ed den ptactva. Letos jsme d\u00edky tomu, \u017ee z\u00e1rove\u0148 byly velikonoce, m\u011bli mo\u017enost pozorovat \u010dasn\u011b apr\u00edlov\u00e9 ptactvo na n\u011bkolika v\u00fdjezdech za architekturou do ter\u00e9nu. Po\u0161tolky jsme zastihli na v\u011b\u017e\u00edch z\u00e1meck\u00fdch i kosteln\u00edch v \u010cern\u00e9, Poln\u00e9 a Havl\u00ed\u010dkov\u011b Brod\u011b,\u2026","rel":"","context":"V \u201e\u010c\u00e1p\u201c","block_context":{"text":"\u010c\u00e1p","link":"https:\/\/tinnunculus.sy-sy.cz\/index.php\/category\/ostatni-zvirena\/ptaci\/cap\/"},"img":{"alt_text":"","src":"https:\/\/i0.wp.com\/tinnunculus.sy-sy.cz\/wp-content\/uploads\/2018\/04\/DSC_3295u-1024x632.jpg?resize=350%2C200&ssl=1","width":350,"height":200,"srcset":"https:\/\/i0.wp.com\/tinnunculus.sy-sy.cz\/wp-content\/uploads\/2018\/04\/DSC_3295u-1024x632.jpg?resize=350%2C200&ssl=1 1x, https:\/\/i0.wp.com\/tinnunculus.sy-sy.cz\/wp-content\/uploads\/2018\/04\/DSC_3295u-1024x632.jpg?resize=525%2C300&ssl=1 1.5x"},"classes":[]},{"id":266,"url":"https:\/\/tinnunculus.sy-sy.cz\/index.php\/2015\/10\/07\/festival-ptactva\/","url_meta":{"origin":21222,"position":5},"title":"Festival ptactva","author":"Zuzana Syrov\u00e1 An\u00fd\u017eov\u00e1","date":"07\/10\/2015","format":false,"excerpt":"B\u011bhem prvn\u00edho \u0159\u00edjnov\u00e9ho v\u00edkendu prob\u011bhl v Evrop\u011b ji\u017e tradi\u010dn\u011b Festival ptactva (EuroBirdwatch). Jeho ohlasy najdete na \u010desk\u00fdch i zahrani\u010dn\u00edch str\u00e1nk\u00e1ch. Pro \"na\u0161e\" po\u0161tolky i tlupu s\u00fdkorek, kter\u00e1 je u n\u00e1s pravideln\u00fdm n\u00e1v\u0161t\u011bvn\u00edkem kolem des\u00e1t\u00e9 hodiny dopoledn\u00ed, byl ov\u0161em t\u0159et\u00ed i \u010dtvrt\u00fd \u0159\u00edjen den jako ka\u017ed\u00fd jin\u00fd. Pro migraci se zat\u00edm\u2026","rel":"","context":"V \u201e\"Na\u0161e\" po\u0161tolky\u201c","block_context":{"text":"\"Na\u0161e\" po\u0161tolky","link":"https:\/\/tinnunculus.sy-sy.cz\/index.php\/category\/nasi\/nase-postolky\/"},"img":{"alt_text":"","src":"https:\/\/i0.wp.com\/tinnunculus.sy-sy.cz\/wp-content\/uploads\/2015\/10\/20151003_15-30-20_1-1024x576.jpg?resize=350%2C200&ssl=1","width":350,"height":200,"srcset":"https:\/\/i0.wp.com\/tinnunculus.sy-sy.cz\/wp-content\/uploads\/2015\/10\/20151003_15-30-20_1-1024x576.jpg?resize=350%2C200&ssl=1 1x, https:\/\/i0.wp.com\/tinnunculus.sy-sy.cz\/wp-content\/uploads\/2015\/10\/20151003_15-30-20_1-1024x576.jpg?resize=525%2C300&ssl=1 1.5x"},"classes":[]}],"jetpack_sharing_enabled":true,"_links":{"self":[{"href":"https:\/\/tinnunculus.sy-sy.cz\/index.php\/wp-json\/wp\/v2\/posts\/21222","targetHints":{"allow":["GET"]}}],"collection":[{"href":"https:\/\/tinnunculus.sy-sy.cz\/index.php\/wp-json\/wp\/v2\/posts"}],"about":[{"href":"https:\/\/tinnunculus.sy-sy.cz\/index.php\/wp-json\/wp\/v2\/types\/post"}],"author":[{"embeddable":true,"href":"https:\/\/tinnunculus.sy-sy.cz\/index.php\/wp-json\/wp\/v2\/users\/2"}],"replies":[{"embeddable":true,"href":"https:\/\/tinnunculus.sy-sy.cz\/index.php\/wp-json\/wp\/v2\/comments?post=21222"}],"version-history":[{"count":2,"href":"https:\/\/tinnunculus.sy-sy.cz\/index.php\/wp-json\/wp\/v2\/posts\/21222\/revisions"}],"predecessor-version":[{"id":25982,"href":"https:\/\/tinnunculus.sy-sy.cz\/index.php\/wp-json\/wp\/v2\/posts\/21222\/revisions\/25982"}],"wp:attachment":[{"href":"https:\/\/tinnunculus.sy-sy.cz\/index.php\/wp-json\/wp\/v2\/media?parent=21222"}],"wp:term":[{"taxonomy":"category","embeddable":true,"href":"https:\/\/tinnunculus.sy-sy.cz\/index.php\/wp-json\/wp\/v2\/categories?post=21222"},{"taxonomy":"post_tag","embeddable":true,"href":"https:\/\/tinnunculus.sy-sy.cz\/index.php\/wp-json\/wp\/v2\/tags?post=21222"}],"curies":[{"name":"wp","href":"https:\/\/api.w.org\/{rel}","templated":true}]}}