{"id":211,"date":"2015-05-02T18:47:17","date_gmt":"2015-05-02T16:47:17","guid":{"rendered":"http:\/\/tinnunculus.sy-sy.cz\/index.php\/2015\/05\/02\/co-se-deje-v-postolcich-hnizdech\/"},"modified":"2025-12-14T21:50:24","modified_gmt":"2025-12-14T20:50:24","slug":"co-se-deje-v-postolcich-hnizdech","status":"publish","type":"post","link":"https:\/\/tinnunculus.sy-sy.cz\/index.php\/2015\/05\/02\/co-se-deje-v-postolcich-hnizdech\/","title":{"rendered":"Co se d\u011bje v&nbsp;po\u0161tol\u010d\u00edch hn\u00edzdech"},"content":{"rendered":"<p>M\u00e1j jest nejen l\u00e1sky \u010dasem, ale u&nbsp;po\u0161tolek i&nbsp;\u010dasem hn\u00edzd\u011bn\u00ed. Nahl\u00e9dneme-li do po\u0161tol\u010d\u00edch hn\u00edzd pomoc\u00ed webov\u00fdch kamer (jejich p\u0159ehled pro rok 2015 je dostupn\u00fd <a href=\"https:\/\/tinnunculus.sy-sy.cz\/index.php\/2015\/01\/04\/postolky-online-2015\/\">zde<\/a>), vid\u00edme, \u017ee hn\u00edzdn\u00ed sez\u00f3na je opravdu v&nbsp;pln\u00e9m proudu. Jako ka\u017edoro\u010dn\u011b jsou n\u011bkter\u00e9 kamery nam\u00ed\u0159eny na m\u00edsta, kde se oproti minul\u00fdm let\u016fm po\u0161tolky vyskytuj\u00ed letos jen sporadicky a&nbsp;mo\u017en\u00e1 ani hn\u00edzdo nevyu\u017eij\u00ed. Ale na v\u011bt\u0161in\u011b hn\u00edzd je situace podobn\u00e1 t\u00e9 za na\u0161imi okny &#8211; po\u0161tolky sed\u00ed na vejc\u00edch nebo, ty zpozdilej\u0161\u00ed, teprve sn\u00e1\u0161ej\u00ed vejce. Rekordmankou v&nbsp;p\u0159\u00edm\u00e9m p\u0159enosu je letos z\u0159ejm\u011b po\u0161tolky z&nbsp;T\u0159ebon\u011b a&nbsp;polsk\u00e9ho Kidzwynu se sedmi vejci. Dal\u0161\u00ed, \u010desk\u00e9 rekormance z&nbsp;Blatn\u00e9 dr\u017e\u00edc\u00ed \u010dasov\u00e9 prvenstv\u00ed, se u\u017e po\u0161tol\u010data vyl\u00edhla (prvn\u00ed se objevilo 2015\/04\/29). Ale i&nbsp;jinde se u\u017e pod po\u0161tol\u010d\u00edmi sami\u010dkami objevuj\u00ed klub\u00ed\u010dka ochm\u00fd\u0159en\u00fdch kuli\u010dek.<!--more--><\/p>\n<p><a href=\"https:\/\/i0.wp.com\/tinnunculus.sy-sy.cz\/wp-content\/uploads\/2015\/05\/dettingen_20150502-2010a.jpg?ssl=1\" target=\"_blank\" rel=\"noopener\"><img data-recalc-dims=\"1\" loading=\"lazy\" decoding=\"async\" data-attachment-id=\"31551\" data-permalink=\"https:\/\/tinnunculus.sy-sy.cz\/index.php\/2015\/05\/02\/co-se-deje-v-postolcich-hnizdech\/dettingen_20150502-2010a\/\" data-orig-file=\"https:\/\/i0.wp.com\/tinnunculus.sy-sy.cz\/wp-content\/uploads\/2015\/05\/dettingen_20150502-2010a.jpg?fit=486%2C386&amp;ssl=1\" data-orig-size=\"486,386\" data-comments-opened=\"1\" data-image-meta=\"{&quot;aperture&quot;:&quot;0&quot;,&quot;credit&quot;:&quot;&quot;,&quot;camera&quot;:&quot;&quot;,&quot;caption&quot;:&quot;&quot;,&quot;created_timestamp&quot;:&quot;0&quot;,&quot;copyright&quot;:&quot;&quot;,&quot;focal_length&quot;:&quot;0&quot;,&quot;iso&quot;:&quot;0&quot;,&quot;shutter_speed&quot;:&quot;0&quot;,&quot;title&quot;:&quot;&quot;,&quot;orientation&quot;:&quot;0&quot;}\" data-image-title=\"dettingen_20150502-2010a\" data-image-description=\"\" data-image-caption=\"\" data-large-file=\"https:\/\/i0.wp.com\/tinnunculus.sy-sy.cz\/wp-content\/uploads\/2015\/05\/dettingen_20150502-2010a.jpg?fit=486%2C386&amp;ssl=1\" class=\"aligncenter wp-image-31551 size-full\" src=\"https:\/\/i0.wp.com\/tinnunculus.sy-sy.cz\/wp-content\/uploads\/2015\/05\/dettingen_20150502-2010a.jpg?resize=486%2C386&#038;ssl=1\" alt=\"\" width=\"486\" height=\"386\" srcset=\"https:\/\/i0.wp.com\/tinnunculus.sy-sy.cz\/wp-content\/uploads\/2015\/05\/dettingen_20150502-2010a.jpg?w=486&amp;ssl=1 486w, https:\/\/i0.wp.com\/tinnunculus.sy-sy.cz\/wp-content\/uploads\/2015\/05\/dettingen_20150502-2010a.jpg?resize=300%2C238&amp;ssl=1 300w\" sizes=\"auto, (max-width: 486px) 100vw, 486px\" \/><\/a><\/p>\n<div style=\"text-align: center;\"><\/div>\n<div style=\"text-align: center;\"><\/div>\n<div style=\"text-align: center;\"><em>Po\u0161tolka s&nbsp;vyl\u00edhnut\u00fdmi po\u0161tol\u010daty (\u010dty\u0159mi prvn\u00edmi ze \u0161esti) v&nbsp;Dettingen (2015\/05\/02) <\/em><\/div>\n<p>Souvisej\u00edc\u00ed \u010dl\u00e1nky:<\/p>\n<ul>\n<li><a href=\"#param=id_179\">Po\u0161tolky online<\/a> &#8211; Aneb o&nbsp;mo\u017enostech sledovat p\u0159\u00edm\u00e9 p\u0159enosy z&nbsp;hnizd\u011bn\u00ed &#8222;ciz\u00edch&#8220; po\u0161tolek na internetu.<\/li>\n<li><a href=\"#param=id_315\">Po\u0161tolky online 2015 <\/a>&#8211; Aneb p\u0159ehled hn\u00edzd sledovan\u00fdch online v&nbsp;roce 2015<\/li>\n<li><a href=\"#param=id_170\">Velikonoce se bl\u00ed\u017e\u00ed<\/a><\/li>\n<\/ul>\n","protected":false},"excerpt":{"rendered":"<p>M\u00e1j jest nejen l\u00e1sky \u010dasem, ale u&nbsp;po\u0161tolek i&nbsp;\u010dasem hn\u00edzd\u011bn\u00ed. Nahl\u00e9dneme-li do po\u0161tol\u010d\u00edch hn\u00edzd pomoc\u00ed webov\u00fdch kamer (jejich p\u0159ehled pro rok 2015 je dostupn\u00fd zde), vid\u00edme, \u017ee hn\u00edzdn\u00ed sez\u00f3na je opravdu v&nbsp;pln\u00e9m proudu. Jako ka\u017edoro\u010dn\u011b jsou n\u011bkter\u00e9 kamery nam\u00ed\u0159eny na m\u00edsta, kde se oproti minul\u00fdm let\u016fm po\u0161tolky vyskytuj\u00ed letos jen sporadicky a&nbsp;mo\u017en\u00e1 ani hn\u00edzdo nevyu\u017eij\u00ed. Ale &hellip; <\/p>\n<p class=\"link-more\"><a href=\"https:\/\/tinnunculus.sy-sy.cz\/index.php\/2015\/05\/02\/co-se-deje-v-postolcich-hnizdech\/\" class=\"more-link\">Pokra\u010dovat ve \u010dten\u00ed<span class=\"screen-reader-text\"> &#8222;Co se d\u011bje v&nbsp;po\u0161tol\u010d\u00edch hn\u00edzdech&#8220;<\/span><\/a><\/p>\n","protected":false},"author":2,"featured_media":0,"comment_status":"closed","ping_status":"open","sticky":false,"template":"","format":"standard","meta":{"jetpack_post_was_ever_published":false,"_jetpack_newsletter_access":"","_jetpack_dont_email_post_to_subs":false,"_jetpack_newsletter_tier_id":0,"_jetpack_memberships_contains_paywalled_content":false,"_jetpack_memberships_contains_paid_content":false,"footnotes":""},"categories":[218,150,220,105,110,114],"tags":[20,23,74,30,91,81,82,387,27],"class_list":["post-211","post","type-post","status-publish","format-standard","hentry","category-falco-tinnunculus-online","category-odjinud","category-ostatni-online","category-postolka","category-postolka-obecna","category-zivy-prenos","tag-20","tag-ps_38","tag-ps_77","tag-ps_55","tag-ps_95","tag-ps_65","tag-ps_64","tag-velikonoce","tag-ps_13"],"jetpack_featured_media_url":"","jetpack_shortlink":"https:\/\/wp.me\/p91gKE-3p","jetpack-related-posts":[{"id":185,"url":"https:\/\/tinnunculus.sy-sy.cz\/index.php\/2015\/03\/26\/velikonoce-se-blizi\/","url_meta":{"origin":211,"position":0},"title":"Velikonoce se bl\u00ed\u017e\u00ed","author":"Zuzana Syrov\u00e1 An\u00fd\u017eov\u00e1","date":"26\/03\/2015","format":false,"excerpt":"Bl\u00ed\u017e\u00ed-li se velikonoce, je t\u0159eba se poohlednout po vejc\u00edch. Jak to letos vypad\u00e1 s t\u011bmi po\u0161tol\u010d\u00edmi? Na n\u011bkter\u00fdch hn\u00edzdech sledovan\u00fdch v \u017eiv\u00e9m p\u0159enosu se u\u017e vejce objevila. Rekordmankou je v tomto ohledu z\u0159ejm\u011b sami\u010dka z Blatn\u00e9, kter\u00e1 snesla letos prvn\u00ed vejce u\u017e 22. b\u0159ezna. \u00a0Hrd\u00e1 po\u0161tolka z Blatn\u00e9 po snesen\u00ed\u2026","rel":"","context":"V \u201eFalco tinnunculus online\u201c","block_context":{"text":"Falco tinnunculus online","link":"https:\/\/tinnunculus.sy-sy.cz\/index.php\/category\/zivy-prenos\/odjinud\/falco-tinnunculus-online\/"},"img":{"alt_text":"","src":"https:\/\/i0.wp.com\/tinnunculus.sy-sy.cz\/wp-content\/uploads\/2015\/03\/blatna_20150326-1645a.jpg?resize=350%2C200&ssl=1","width":350,"height":200,"srcset":"https:\/\/i0.wp.com\/tinnunculus.sy-sy.cz\/wp-content\/uploads\/2015\/03\/blatna_20150326-1645a.jpg?resize=350%2C200&ssl=1 1x, https:\/\/i0.wp.com\/tinnunculus.sy-sy.cz\/wp-content\/uploads\/2015\/03\/blatna_20150326-1645a.jpg?resize=525%2C300&ssl=1 1.5x"},"classes":[]},{"id":8625,"url":"https:\/\/tinnunculus.sy-sy.cz\/index.php\/2019\/07\/07\/konec-sezony-online\/","url_meta":{"origin":211,"position":1},"title":"Konec sez\u00f3ny online","author":"Zuzana Syrov\u00e1 An\u00fd\u017eov\u00e1","date":"07\/07\/2019","format":false,"excerpt":"Aneb o tom, kde v\u0161ude se hn\u00edzd\u011bn\u00ed opozdilo, tak\u017ee je\u0161t\u011b m\u016f\u017eete sledovat po\u0161tol\u010data, ta \"ciz\u00ed\", v p\u0159\u00edm\u00e9m p\u0159enosu, i o tom, \u017ee v Poitiers u\u017e po\u0161tolky zase sed\u00ed na vejc\u00edch...","rel":"","context":"V \u201eDravec\u201c","block_context":{"text":"Dravec","link":"https:\/\/tinnunculus.sy-sy.cz\/index.php\/category\/ostatni-zvirena\/ptaci\/dravec\/"},"img":{"alt_text":"","src":"https:\/\/i0.wp.com\/tinnunculus.sy-sy.cz\/wp-content\/uploads\/2019\/07\/Poitiers_20190707a.jpg?resize=350%2C200&ssl=1","width":350,"height":200},"classes":[]},{"id":318,"url":"https:\/\/tinnunculus.sy-sy.cz\/index.php\/2016\/04\/24\/postolci-tragedie-v-zurichu\/","url_meta":{"origin":211,"position":2},"title":"Po\u0161tol\u010d\u00ed tragedie v&nbsp;Zurichu","author":"Zuzana Syrov\u00e1 An\u00fd\u017eov\u00e1","date":"24\/04\/2016","format":false,"excerpt":"D\u00edky p\u0159\u00edm\u00fdm p\u0159enos\u016fm z hn\u00edzd nahl\u00ed\u017eej\u00ed lid\u00e9 d\u016fv\u011brn\u011b a zbl\u00edzka do soukrom\u00e9ho \u017eivota pt\u00e1k\u016f. Tento \u017eivot se bohu\u017eel neobejde bez men\u0161\u00edch \u010di v\u011bt\u0161\u00edch trag\u00e9di\u00ed. K t\u011bm velk\u00fdm pat\u0159\u00ed ztr\u00e1ta jednoho z pta\u010d\u00edch rodi\u010d\u016f. V dob\u011b, kdy je\u0161t\u011b sed\u00ed na vejc\u00edch, to znamen\u00e1 prakticky konec i pro vejce. Zb\u00fdvaj\u00edc\u00ed rodi\u010d se\u2026","rel":"","context":"V \u201eFalco tinnunculus online\u201c","block_context":{"text":"Falco tinnunculus online","link":"https:\/\/tinnunculus.sy-sy.cz\/index.php\/category\/zivy-prenos\/odjinud\/falco-tinnunculus-online\/"},"img":{"alt_text":"","src":"","width":0,"height":0},"classes":[]},{"id":384,"url":"https:\/\/tinnunculus.sy-sy.cz\/index.php\/2017\/03\/23\/postolky-online-vejce-offline\/","url_meta":{"origin":211,"position":3},"title":"Po\u0161tolky online, vejce offline","author":"Zuzana Syrov\u00e1 An\u00fd\u017eov\u00e1","date":"23\/03\/2017","format":false,"excerpt":"Jako ka\u017edoro\u010dn\u011b i letos krom\u011b po\u0161tolek v na\u0161\u00ed lod\u017eii sledujeme i pr\u016fb\u011bh hn\u00edzd\u011bn\u00ed jinde. P\u0159ehled kamer, kter\u00e9 nahl\u00ed\u017eej\u00ed do hn\u00edzd po\u0161tolky obecn\u00e9, p\u0159esto\u017ee \u0159ada z nich se ztr\u00e1c\u00ed v propadli\u0161ti nefunk\u010dn\u00edch odkaz\u016f na netu, se rok od roku rozr\u016fst\u00e1. Ten leto\u0161n\u00ed najdete zde. \u00a0Jeden z p\u0159\u00edr\u016fstk\u016f v na\u0161em p\u0159ehledu: P\u0159\u00edm\u00fd\u2026","rel":"","context":"V \u201eDravec\u201c","block_context":{"text":"Dravec","link":"https:\/\/tinnunculus.sy-sy.cz\/index.php\/category\/ostatni-zvirena\/ptaci\/dravec\/"},"img":{"alt_text":"","src":"https:\/\/i0.wp.com\/tinnunculus.sy-sy.cz\/wp-content\/uploads\/2017\/03\/nettetal_stclemens_20170323.jpg?resize=350%2C200&ssl=1","width":350,"height":200,"srcset":"https:\/\/i0.wp.com\/tinnunculus.sy-sy.cz\/wp-content\/uploads\/2017\/03\/nettetal_stclemens_20170323.jpg?resize=350%2C200&ssl=1 1x, https:\/\/i0.wp.com\/tinnunculus.sy-sy.cz\/wp-content\/uploads\/2017\/03\/nettetal_stclemens_20170323.jpg?resize=525%2C300&ssl=1 1.5x"},"classes":[]},{"id":412,"url":"https:\/\/tinnunculus.sy-sy.cz\/index.php\/2017\/04\/27\/les-faucons-de-theding\/","url_meta":{"origin":211,"position":4},"title":"Les faucons de Th\u00e9ding","author":"Zuzana Syrov\u00e1 An\u00fd\u017eov\u00e1","date":"27\/04\/2017","format":false,"excerpt":"Nejen dob\u0159\u00ed holubi, ale i dobr\u00e9 po\u0161tolky se vracej\u00ed. Tato zpr\u00e1va z lotrinsk\u00e9 vsi Th\u00e9ding byla publikov\u00e1na na str\u00e1nk\u00e1ch Les faucons de Th\u00e9ding 25. dubna. Po\u0161tolky si zde na\u0161ly m\u00edsto pro hn\u00edzd\u011bn\u00ed v podst\u0159e\u0161\u00ed jedn\u00e9 z usedlost\u00ed po dlouh\u00e9 p\u0159est\u00e1vce, kter\u00e1 trvala osm let. Historii tamn\u00edho hn\u00edzda, kter\u00e1 za\u010d\u00edn\u00e1 u\u017e\u2026","rel":"","context":"V \u201eFalco tinnunculus online\u201c","block_context":{"text":"Falco tinnunculus online","link":"https:\/\/tinnunculus.sy-sy.cz\/index.php\/category\/zivy-prenos\/odjinud\/falco-tinnunculus-online\/"},"img":{"alt_text":"","src":"https:\/\/i0.wp.com\/tinnunculus.sy-sy.cz\/wp-content\/uploads\/2017\/04\/theding_20170428-03.jpg?resize=350%2C200&ssl=1","width":350,"height":200,"srcset":"https:\/\/i0.wp.com\/tinnunculus.sy-sy.cz\/wp-content\/uploads\/2017\/04\/theding_20170428-03.jpg?resize=350%2C200&ssl=1 1x, https:\/\/i0.wp.com\/tinnunculus.sy-sy.cz\/wp-content\/uploads\/2017\/04\/theding_20170428-03.jpg?resize=525%2C300&ssl=1 1.5x"},"classes":[]},{"id":11754,"url":"https:\/\/tinnunculus.sy-sy.cz\/index.php\/2020\/03\/25\/prvni-vejce-roku-online\/","url_meta":{"origin":211,"position":5},"title":"Prvn\u00ed vejce roku (online)","author":"Zuzana Syrov\u00e1 An\u00fd\u017eov\u00e1","date":"25\/03\/2020","format":false,"excerpt":"Aneb o tom, \u017ee se pod zv\u00eddav\u00fdmi oky kamer sleduj\u00edc\u00edmi online po\u0161tol\u010d\u00ed hn\u00edzda se u\u017e objevilo prvn\u00ed vejce.","rel":"","context":"V \u201eDravec\u201c","block_context":{"text":"Dravec","link":"https:\/\/tinnunculus.sy-sy.cz\/index.php\/category\/ostatni-zvirena\/ptaci\/dravec\/"},"img":{"alt_text":"","src":"https:\/\/i0.wp.com\/tinnunculus.sy-sy.cz\/wp-content\/uploads\/2020\/03\/Alstetten_20200325-1024x576.jpg?resize=350%2C200&ssl=1","width":350,"height":200,"srcset":"https:\/\/i0.wp.com\/tinnunculus.sy-sy.cz\/wp-content\/uploads\/2020\/03\/Alstetten_20200325-1024x576.jpg?resize=350%2C200&ssl=1 1x, https:\/\/i0.wp.com\/tinnunculus.sy-sy.cz\/wp-content\/uploads\/2020\/03\/Alstetten_20200325-1024x576.jpg?resize=525%2C300&ssl=1 1.5x"},"classes":[]}],"jetpack_sharing_enabled":true,"_links":{"self":[{"href":"https:\/\/tinnunculus.sy-sy.cz\/index.php\/wp-json\/wp\/v2\/posts\/211","targetHints":{"allow":["GET"]}}],"collection":[{"href":"https:\/\/tinnunculus.sy-sy.cz\/index.php\/wp-json\/wp\/v2\/posts"}],"about":[{"href":"https:\/\/tinnunculus.sy-sy.cz\/index.php\/wp-json\/wp\/v2\/types\/post"}],"author":[{"embeddable":true,"href":"https:\/\/tinnunculus.sy-sy.cz\/index.php\/wp-json\/wp\/v2\/users\/2"}],"replies":[{"embeddable":true,"href":"https:\/\/tinnunculus.sy-sy.cz\/index.php\/wp-json\/wp\/v2\/comments?post=211"}],"version-history":[{"count":3,"href":"https:\/\/tinnunculus.sy-sy.cz\/index.php\/wp-json\/wp\/v2\/posts\/211\/revisions"}],"predecessor-version":[{"id":31553,"href":"https:\/\/tinnunculus.sy-sy.cz\/index.php\/wp-json\/wp\/v2\/posts\/211\/revisions\/31553"}],"wp:attachment":[{"href":"https:\/\/tinnunculus.sy-sy.cz\/index.php\/wp-json\/wp\/v2\/media?parent=211"}],"wp:term":[{"taxonomy":"category","embeddable":true,"href":"https:\/\/tinnunculus.sy-sy.cz\/index.php\/wp-json\/wp\/v2\/categories?post=211"},{"taxonomy":"post_tag","embeddable":true,"href":"https:\/\/tinnunculus.sy-sy.cz\/index.php\/wp-json\/wp\/v2\/tags?post=211"}],"curies":[{"name":"wp","href":"https:\/\/api.w.org\/{rel}","templated":true}]}}