{"id":208,"date":"2015-04-21T09:49:12","date_gmt":"2015-04-21T07:49:12","guid":{"rendered":"http:\/\/tinnunculus.sy-sy.cz\/index.php\/2015\/04\/21\/the-windhover\/"},"modified":"2025-12-14T21:51:31","modified_gmt":"2025-12-14T20:51:31","slug":"the-windhover","status":"publish","type":"post","link":"https:\/\/tinnunculus.sy-sy.cz\/index.php\/2015\/04\/21\/the-windhover\/","title":{"rendered":"The Windhover"},"content":{"rendered":"<p>O my\u0161\u00edch b\u00e1snil u\u017e kdekdo. My\u0161mi se hem\u017e\u00ed Goeth\u016fv Faust, na Johanna Wolfganga navazuje i&nbsp;Ji\u0159\u00ed Such\u00fd s&nbsp;P\u00edsn\u00ed o&nbsp;my\u0161i a&nbsp;jedu, my\u0161 inspiruje <a href=\"http:\/\/cs.wikisource.org\/wiki\/Pov%C3%ADdky_z_druh%C3%A9_kapsy\/O_lyrick%C3%A9m_zlod%C4%9Bji\" target=\"_blank\" rel=\"noopener noreferrer\">b\u00e1snick\u00e9 v\u00fdtvory lyrick\u00e9ho zlod\u011bje<\/a> Karla \u010capka v&nbsp;Pov\u00eddk\u00e1ch z&nbsp;druh\u00e9 kapsy. Inspirovala i&nbsp;Carolla Lewise v&nbsp;Alence v&nbsp;kraji div\u016f; <a href=\"http:\/\/en.wikisource.org\/wiki\/Page%3ALewis_Carroll_-_Alice%27s_Adventures_in_Wonderland.djvu\/57\" target=\"_blank\" rel=\"noopener noreferrer\">b\u00e1se\u0148 v&nbsp;podob\u011b\u00a0 smutn\u00e9ho s\u00e1hodlouh\u00e9ho oc\u00e1sku<\/a> zde recituje Alence a&nbsp;ostatn\u00edm \u00fa\u010dastn\u00edk\u016fm kuri\u00e1ln\u00edho z\u00e1vodu sama My\u0161. My\u0161 nem\u016f\u017ee chyb\u011bt mezi zv\u00ed\u0159enou, j\u00ed\u017e se v\u011bnuje Christian Morgenstern \u010di&nbsp;Emanuel Frynta, kter\u00fd velmi dob\u0159e v\u00ed jak <em>&#8220; ko\u010dky, psi a&nbsp;bytn\u00e9 \/ na prvn\u00ed pohled odli\u0161\u00ed \/ ve sp\u00ed\u017ei slona od my\u0161i.&#8220;<\/em>. Hlodavci \u010dist\u011b p\u0159\u00edrodn\u00edmu je pak v\u011bnov\u00e1na b\u00e1se\u0148 Roberta Burnse <span style=\"color: #7f0f0e;\"><span style=\"color: #000000;\"><a href=\"http:\/\/en.wikipedia.org\/wiki\/To_a_Mouse\" target=\"_blank\" rel=\"noopener noreferrer\"><em>To a&nbsp;Mouse, On Turning Her Up In Her Nest With The Plough<\/em><\/a><\/span><\/span>(<a title=\"Poln\u00ed my\u0161ce, kdy\u017e j\u00ed b\u00e1sn\u00edk vyoral hn\u00edzdo\" href=\"http:\/\/cs.wikisource.org\/wiki\/V%C3%BDbor_z_p%C3%ADsn%C3%AD_a_ballad\/Poln%C3%AD_my%C5%A1ce,_kdy%C5%BE_j%C3%AD_b%C3%A1sn%C3%ADk_vyoral_hn%C3%ADzdo\" target=\"_blank\" rel=\"noopener noreferrer\"><em>text v&nbsp;p\u0159ekladu J.V. Sl\u00e1dka<\/em><\/a>), kterou jsme ji\u017e zmi\u0148ovali v&nbsp;\u010dl\u00e1nku <a href=\"https:\/\/tinnunculus.sy-sy.cz\/index.php\/2014\/07\/26\/mys-a-posta\/\">O my\u0161\u00edch a&nbsp;po\u0161t\u011b<\/a>.\u00a0<!--more--><\/p>\n<p>Po\u0161tolk\u00e1m v\u011bnuj\u00ed poetov\u00e9 pozornost daleko men\u0161\u00ed. V\u00fdjimka tu ov\u0161em je, a&nbsp;sice sonet The Windhoover, jeho\u017e autorem je anglick\u00fd jezuitsk\u00fd kn\u011bz, teolog, filolog a&nbsp;b\u00e1sn\u00edk Gerald Manley Hopkins (1844-1899). Hopkins ji napsal v&nbsp;roce 1877, ale vy\u0161la a\u017e po&nbsp;jeho smrti v&nbsp;roce 1918.<\/p>\n<blockquote><p><strong>The Windhover<\/strong><br \/>\n<em>To<\/em> Christ<em> Our Lord<\/em><\/p>\n<p>I caught this morning morning&#8217;s&nbsp;minion, king-<br \/>\ndom of daylight&#8217;s&nbsp;dauphin, dapple-dawn-drawn Falcon, in his riding<br \/>\nOf the rolling level underneath him steady air, and striding<br \/>\nHigh there, how he rung upon the rein of a&nbsp;wimpling wing<br \/>\nIn his ecstasy! then off, off forth on swing,<br \/>\nAs a&nbsp;skate&#8217;s&nbsp;heel sweeps smooth on a&nbsp;bow-bend: the hurl and gliding<br \/>\nRebuffed the big wind. My heart in hiding<br \/>\nStirred for a&nbsp;bird, \u2013 the achieve of, the mastery of the thing.<\/p>\n<p>Brute beauty and valour and act, oh, air, pride, plume, here<br \/>\nBuckle! AND the fire that breaks from thee then, a&nbsp;billion<br \/>\nTimes told lovelier, more dangerous, O&nbsp;my chevalier!<\/p>\n<p>No wonder of it: sh\u00e9er pl\u00f3d makes plough down sillion<br \/>\nShine, and blue-bleak embers, ah my dear,<br \/>\nFall, gall themselves, and gash gold-vermilion.<\/p><\/blockquote>\n<hr \/>\n<blockquote><p><strong>Po\u0161tolka <\/strong><\/p>\n<p>Hned zr\u00e1na spat\u0159il jsem mil\u00e1\u010dka, prince<br \/>\nsv\u011bteln\u00e9 \u0159\u00ed\u0161e, po\u0161tolku zl\u00e1kanou jitrem skvrnit\u00fdm, jak jede<br \/>\npo&nbsp;st\u00e1l\u00e9 te\u010dn\u011b kolotav\u00e9ho vzduchu a&nbsp;stoup\u00e1<br \/>\nkrou\u017eiv\u011b na uzd\u011b tlukouc\u00edch k\u0159\u00eddel<br \/>\nv&nbsp;ext\u00e1zi! Pot\u00e9 d\u00e1l a&nbsp;d\u00e1l vzletn\u011b<br \/>\njak hrana brusle zvoniv\u011b kresl\u00edc\u00ed kruh: vzestup i&nbsp;skluz<br \/>\nvzdorovaly poryv\u016fm v\u011btru. M\u00e9 srdce potaj\u00ed<br \/>\nrozbu\u0161ilo se pro toho pt\u00e1ka \u2013 dokonalost a&nbsp;mistrovstv\u00ed tvora!<\/p>\n<p>Div\u00e1 kr\u00e1sa a&nbsp;moc a&nbsp;\u010din, \u00f3 pov\u011bt\u0159\u00ed, p\u00fdcho, peru\u0165 v&nbsp;jedno<br \/>\nse spojte! A&nbsp;plamen, jen\u017e pak vy\u0161lehne z&nbsp;tebe, neskonale<br \/>\nkr\u00e1sn\u011bj\u0161\u00ed a&nbsp;nebezpe\u010dn\u011bj\u0161\u00ed, \u00f3 ryt\u00ed\u0159i m\u016fj!<\/p>\n<p>Nen\u00ed divu: jen pot sk\u00fdt\u00e1 pluhu v&nbsp;hlubok\u00e9 br\u00e1zd\u011b<br \/>\nlesk, a&nbsp;modrosinal\u00fd popel, ach m\u016fj mil\u00fd,<br \/>\npad\u00e1, krvav\u011b \u017e\u00ed\u0159\u00ed a&nbsp;zeje nachov\u00fdm zlatem.<\/p><\/blockquote>\n<ul>\n<li>HOPKINS, Gerard Manley a&nbsp;HRDLI\u010cKA, Josef.\u00a0<i>Jsem v\u00fd\u0161leh z&nbsp;ohn\u011b k&nbsp;ohni<\/i>. Druh\u00e9, roz\u0161\u00ed\u0159en\u00e9 vyd\u00e1n\u00ed. Slovo a&nbsp;obraz. Olomouc: nakladatelstv\u00ed Centra Aletti Refugium Velehrad-Roma, 2016. ISBN 978-80-7412-229-3.<\/li>\n<\/ul>\n<div>\n<hr \/>\n<\/div>\n<blockquote>\n<div><strong>Po\u0161tolka<\/strong><br \/>\n(Je\u017e\u00ed\u0161i Kristu, na\u0161emu P\u00e1nu)<\/div>\n<div><\/div>\n<\/blockquote>\n<div>\n<blockquote><p>D\u00f3f\u00e9na \u0159\u00ed\u0161e \u00fasvitu, mil\u00e1\u010dka r\u00e1na p\u0159istih jsem \u2013po\u0161tolku jitrem gro\u0161ovanou \u2013 pr\u00e1v\u011b jak proj\u00ed\u017ed\u011blana plynouc\u00ed plo\u0161e vzdut\u00e9ho v\u011btru, jak vyr\u00e1\u017eelatam vzh\u016fru, krou\u017e\u00edc na uzd\u011b bij\u00edc\u00edch k\u0159\u00eddel v&nbsp;sv\u00e9mnad\u0161en\u00ed. Pak sem a&nbsp;tam kmitem se p\u0159evracelatak zcela jak ost\u0159\u00ed brusle sv\u00fdm hladk\u00fdm obloukem,v\u00fdpad i&nbsp;skluz vst\u0159\u00edc vichru. \u2013 M\u00e9 srdce v&nbsp;skrytu sv\u00e9mnadchlo se zvl\u00e1dnut\u00edm, mistrovstv\u00edm, kter\u00e9 v&nbsp;sob\u011b m\u011bla.\u010cin, odvaha, kr\u00e1sa \u2013 oh p\u00fdcho a&nbsp;v\u011bt\u0159e zarputil\u00fd,pero, tady se spojte! Co teprv ohe\u0148, tis\u00edc-kr\u00e1t v\u00edce kr\u00e1sn\u00fd a&nbsp;krut\u00fd, sr\u0161\u00edc\u00ed z&nbsp;tebe, ryt\u00ed\u0159i!Nediv se: posta\u010d\u00ed strm\u00fd n\u00e1por \u2013 br\u00e1zdou sy\u010d\u00edc,<br \/>\nradlice k\u0159\u00edsne, uhl\u00edky se zamodraj\u00ed, mil\u00fd,<br \/>\nsprchnou a&nbsp;samy se od\u0159ou, r\u016f\u017eov\u00fdm zlatem za\u017e\u00ed\u0159\u00ed.<\/p><\/blockquote>\n<\/div>\n<ul>\n<li>HOPKINS, Gerard Manley; \u0160ULC, Jan a&nbsp;SLAV\u00cdK, Ivan.\u00a0<i>Z\u00e1nik Eurydiky<\/i>. Poezie. Praha: Torst, 1995. ISBN 80-85639-36-X.<\/li>\n<\/ul>\n<hr \/>\n<h5>Odkazy:<\/h5>\n<ul>\n<li><a href=\"https:\/\/www.mujrozhlas.cz\/basneni\/basneni-vojtecha-barty-gerard-manley-hopkins-postolka\" target=\"_blank\" rel=\"noopener\">B\u00e1Sn\u011bn\u00ed Vojt\u011bcha B\u00e1rty. Gerard Manley Hopkins: Po\u0161tolka<\/a><\/li>\n<li>Wikisource: <a href=\"http:\/\/en.wikisource.org\/wiki\/The_Windhover\" target=\"_blank\" rel=\"noopener noreferrer\">http:\/\/en.wikisource.org\/wiki\/The_Windhover<\/a>.<\/li>\n<li>Sonet the Windhoover &#8211; <a href=\"http:\/\/en.wikipedia.org\/wiki\/The_Windhover\" target=\"_blank\" rel=\"noopener noreferrer\">heslo na Wikipedii<\/a>.<\/li>\n<li>Gerald Manley Hopkins na <a href=\"http:\/\/cs.wikipedia.org\/wiki\/Gerard_Manley_Hopkins\" target=\"_blank\" rel=\"noopener noreferrer\">Wikipedii<\/a>.<\/li>\n<\/ul>\n<p>Pozn.: <em>Windhover<\/em> je v&nbsp;Brit\u00e1nii vedle <em>kestrel<\/em> dal\u0161\u00ed n\u00e1zev pro po\u0161tolku, kter\u00fd z\u00edskala d\u00edky sv\u00e9mu typick\u00e9mu zp\u016fsobu letu &#8211; viz. \u010dl\u00e1nek <a href=\"https:\/\/tinnunculus.sy-sy.cz\/index.php\/2014\/03\/24\/il-nome-del-gheppio\/\">Il nome del Gheppio<\/a>.<\/p>\n<p>Aktualizov\u00e1no: <span class=\"last-modified-timestamp\">14\/12\/2025 21:51<\/span><\/p>\n","protected":false},"excerpt":{"rendered":"<p>O my\u0161\u00edch b\u00e1snil u\u017e kdekdo. My\u0161mi se hem\u017e\u00ed Goeth\u016fv Faust, na Johanna Wolfganga navazuje i&nbsp;Ji\u0159\u00ed Such\u00fd s&nbsp;P\u00edsn\u00ed o&nbsp;my\u0161i a&nbsp;jedu, my\u0161 inspiruje b\u00e1snick\u00e9 v\u00fdtvory lyrick\u00e9ho zlod\u011bje Karla \u010capka v&nbsp;Pov\u00eddk\u00e1ch z&nbsp;druh\u00e9 kapsy. Inspirovala i&nbsp;Carolla Lewise v&nbsp;Alence v&nbsp;kraji div\u016f; b\u00e1se\u0148 v&nbsp;podob\u011b\u00a0 smutn\u00e9ho s\u00e1hodlouh\u00e9ho oc\u00e1sku zde recituje Alence a&nbsp;ostatn\u00edm \u00fa\u010dastn\u00edk\u016fm kuri\u00e1ln\u00edho z\u00e1vodu sama My\u0161. My\u0161 nem\u016f\u017ee chyb\u011bt mezi zv\u00ed\u0159enou, &hellip; <\/p>\n<p class=\"link-more\"><a href=\"https:\/\/tinnunculus.sy-sy.cz\/index.php\/2015\/04\/21\/the-windhover\/\" class=\"more-link\">Pokra\u010dovat ve \u010dten\u00ed<span class=\"screen-reader-text\"> &#8222;The Windhover&#8220;<\/span><\/a><\/p>\n","protected":false},"author":2,"featured_media":0,"comment_status":"closed","ping_status":"open","sticky":false,"template":"","format":"quote","meta":{"jetpack_post_was_ever_published":false,"_jetpack_newsletter_access":"","_jetpack_dont_email_post_to_subs":false,"_jetpack_newsletter_tier_id":0,"_jetpack_memberships_contains_paywalled_content":false,"_jetpack_memberships_contains_paid_content":false,"footnotes":""},"categories":[112,107,111,105,110,225],"tags":[346,338,75,313,344,343,4,345,347,77,137,1034,12,91,340,14],"class_list":["post-208","post","type-post","status-publish","format-quote","hentry","category-hrabos-polni","category-mys-cs","category-mys-domaci-cs","category-postolka","category-postolka-obecna","category-ptaci-v-literature-filmu-a-vytvarnem-umeni","tag-burns-robert","tag-capek-karel","tag-ps_80","tag-frynta-emanuel","tag-goethe-johann-wolfgang","tag-hopkins-gerard-manley","tag-ps_10","tag-lewis-caroll","tag-morgenstern-christian","tag-ps_78","tag-mys-literarni","tag-postolka","tag-ps_30","tag-ps_95","tag-suchy-jiri","tag-ps_115","post_format-post-format-quote"],"jetpack_featured_media_url":"","jetpack_shortlink":"https:\/\/wp.me\/p91gKE-3m","jetpack-related-posts":[{"id":33414,"url":"https:\/\/tinnunculus.sy-sy.cz\/index.php\/2024\/03\/16\/rekni-mi-pravdu-jedlas-nekdy-netopyra\/","url_meta":{"origin":208,"position":0},"title":"\u2026\u0159ekni mi pravdu, jedlas n\u011bkdy netop\u00fdra?","author":"Zuzana Syrov\u00e1 An\u00fd\u017eov\u00e1","date":"16\/03\/2024","format":"quote","excerpt":"Aneb o tom, jak by odpov\u011bd\u011bla Alence, kdy\u017e padala kr\u00e1li\u010d\u00ed d\u00edrou, \"na\u0161e\" pan\u00ed po\u0161tolka.","rel":"","context":"V \u201e\"Na\u0161e\" po\u0161tolky\u201c","block_context":{"text":"\"Na\u0161e\" po\u0161tolky","link":"https:\/\/tinnunculus.sy-sy.cz\/index.php\/category\/nasi\/nase-postolky\/"},"img":{"alt_text":"","src":"https:\/\/i0.wp.com\/tinnunculus.sy-sy.cz\/wp-content\/uploads\/2024\/03\/20240316-1031546076-e1710599689544.jpg?resize=350%2C200&ssl=1","width":350,"height":200,"srcset":"https:\/\/i0.wp.com\/tinnunculus.sy-sy.cz\/wp-content\/uploads\/2024\/03\/20240316-1031546076-e1710599689544.jpg?resize=350%2C200&ssl=1 1x, https:\/\/i0.wp.com\/tinnunculus.sy-sy.cz\/wp-content\/uploads\/2024\/03\/20240316-1031546076-e1710599689544.jpg?resize=525%2C300&ssl=1 1.5x, https:\/\/i0.wp.com\/tinnunculus.sy-sy.cz\/wp-content\/uploads\/2024\/03\/20240316-1031546076-e1710599689544.jpg?resize=700%2C400&ssl=1 2x"},"classes":[]},{"id":38906,"url":"https:\/\/tinnunculus.sy-sy.cz\/index.php\/2025\/01\/07\/myska-vilma-zvana-velma\/","url_meta":{"origin":208,"position":1},"title":"My\u0161ka Vilma, zvan\u00e1 Velma","author":"Zuzana Syrov\u00e1 An\u00fd\u017eov\u00e1","date":"07\/01\/2025","format":"quote","excerpt":"Aneb o tom, jak na uvoln\u011bn\u00e9 m\u00edsto po\u0161tol\u010d\u00edho maskota nastoupila nov\u00e1 mal\u00e1 a, jak se na spr\u00e1vnou my\u0161 dom\u00e1c\u00ed slu\u0161\u00ed, \u0161ediv\u00e1 my\u0161ka.","rel":"","context":"V \u201eMy\u0161\u201c","block_context":{"text":"My\u0161","link":"https:\/\/tinnunculus.sy-sy.cz\/index.php\/category\/ostatni-zvirena\/savec\/mys-cs\/"},"img":{"alt_text":"","src":"https:\/\/i0.wp.com\/tinnunculus.sy-sy.cz\/wp-content\/uploads\/2025\/01\/IMG_20250107_152934418-e1736268955941.jpg?resize=350%2C200&ssl=1","width":350,"height":200,"srcset":"https:\/\/i0.wp.com\/tinnunculus.sy-sy.cz\/wp-content\/uploads\/2025\/01\/IMG_20250107_152934418-e1736268955941.jpg?resize=350%2C200&ssl=1 1x, https:\/\/i0.wp.com\/tinnunculus.sy-sy.cz\/wp-content\/uploads\/2025\/01\/IMG_20250107_152934418-e1736268955941.jpg?resize=525%2C300&ssl=1 1.5x, https:\/\/i0.wp.com\/tinnunculus.sy-sy.cz\/wp-content\/uploads\/2025\/01\/IMG_20250107_152934418-e1736268955941.jpg?resize=700%2C400&ssl=1 2x"},"classes":[]},{"id":6211,"url":"https:\/\/tinnunculus.sy-sy.cz\/index.php\/2018\/09\/26\/mala-mila-e-mys\/","url_meta":{"origin":208,"position":2},"title":"Mal\u00e1 mil\u00e1 e-my\u0161","author":"Zuzana Syrov\u00e1 An\u00fd\u017eov\u00e1","date":"26\/09\/2018","format":"quote","excerpt":"Byla tu a u\u017e tu nen\u00ed. Jmenovala se Eli\u0161ka, ale \u0159\u00edkali jsme j\u00ed tak\u00e9 \u00e9-my\u0161ka.\u00a0 Nejprve jsme mysleli, \u017ee se jen nachladila, ale pak, se uk\u00e1zalo, \u017ee jej\u00ed choroba je z\u00e1ludn\u011bj\u0161\u00ed... Byla \u010dern\u00e1 s b\u00edl\u00fdm koso\u010dtvrecem na b\u0159\u00ed\u0161ku, n\u011b\u017en\u00e1 a p\u0159\u00edtuln\u00e1.\u00a0 A jeliko\u017e tu o na\u0161ich my\u0161k\u00e1ch vlastn\u011b moc nep\u00ed\u0161eme\u2026","rel":"","context":"V \u201eMy\u0161\u201c","block_context":{"text":"My\u0161","link":"https:\/\/tinnunculus.sy-sy.cz\/index.php\/category\/ostatni-zvirena\/savec\/mys-cs\/"},"img":{"alt_text":"","src":"https:\/\/i0.wp.com\/tinnunculus.sy-sy.cz\/wp-content\/uploads\/2018\/09\/P1370792u1-1024x698.jpg?resize=350%2C200&ssl=1","width":350,"height":200,"srcset":"https:\/\/i0.wp.com\/tinnunculus.sy-sy.cz\/wp-content\/uploads\/2018\/09\/P1370792u1-1024x698.jpg?resize=350%2C200&ssl=1 1x, https:\/\/i0.wp.com\/tinnunculus.sy-sy.cz\/wp-content\/uploads\/2018\/09\/P1370792u1-1024x698.jpg?resize=525%2C300&ssl=1 1.5x"},"classes":[]},{"id":2173,"url":"https:\/\/tinnunculus.sy-sy.cz\/index.php\/2017\/10\/14\/o-zpevu-a-povaze-kosu-nejen-literarnich\/","url_meta":{"origin":208,"position":3},"title":"O zp\u011bvu a&nbsp;povaze kos\u016f nejen liter\u00e1rn\u00edch","author":"Zuzana Syrov\u00e1 An\u00fd\u017eov\u00e1","date":"14\/10\/2017","format":false,"excerpt":"Pot\u00e9, co si \"na\u0161e\" po\u0161tol\u010d\u00ed sami\u010dka za\u010dala po r\u00e1nu zp\u00edvat, jsme se za\u010dali p\u00eddit po tom, pro\u010d pt\u00e1ci zp\u00edvaj\u00ed a zda si zp\u00edvaj\u00ed i jen tak pro radost.\u00a0 A tak jsme se dostali ke slavn\u00e9mu Joaninu kosovi.\u00a0 Pokud nev\u00edte, kdo to byl, tedy doty\u010dn\u00fd kos bydlel na zahrad\u011b pianistky Joan\u2026","rel":"","context":"V \u201eInfo\u201c","block_context":{"text":"Info","link":"https:\/\/tinnunculus.sy-sy.cz\/index.php\/category\/info\/"},"img":{"alt_text":"","src":"https:\/\/i0.wp.com\/tinnunculus.sy-sy.cz\/wp-content\/uploads\/2017\/10\/P1330593-1024x768.jpg?resize=350%2C200&ssl=1","width":350,"height":200,"srcset":"https:\/\/i0.wp.com\/tinnunculus.sy-sy.cz\/wp-content\/uploads\/2017\/10\/P1330593-1024x768.jpg?resize=350%2C200&ssl=1 1x, https:\/\/i0.wp.com\/tinnunculus.sy-sy.cz\/wp-content\/uploads\/2017\/10\/P1330593-1024x768.jpg?resize=525%2C300&ssl=1 1.5x"},"classes":[]},{"id":41383,"url":"https:\/\/tinnunculus.sy-sy.cz\/index.php\/2025\/04\/18\/tento-ctvrtek\/","url_meta":{"origin":208,"position":4},"title":"Tento \u010dtvrtek","author":"Zuzana Syrov\u00e1 An\u00fd\u017eov\u00e1","date":"18\/04\/2025","format":"quote","excerpt":"Aneb o tom, kdo byl ten my\u0161 s \u010dern\u00fdm sametov\u00fdm ko\u017e\u00ed\u0161kem, kter\u00e9ho pan po\u0161tolka p\u0159inesl ve \u010dtvrtek pan\u00ed po\u0161tolce po ob\u011bd\u011b jako z\u00e1kusek...","rel":"","context":"V \u201e\"Na\u0161e\" po\u0161tolky\u201c","block_context":{"text":"\"Na\u0161e\" po\u0161tolky","link":"https:\/\/tinnunculus.sy-sy.cz\/index.php\/category\/nasi\/nase-postolky\/"},"img":{"alt_text":"","src":"https:\/\/i0.wp.com\/tinnunculus.sy-sy.cz\/wp-content\/uploads\/2025\/04\/20250417-1756109216-Cam-24-Type-0-1-e1744955043280.jpg?resize=350%2C200&ssl=1","width":350,"height":200,"srcset":"https:\/\/i0.wp.com\/tinnunculus.sy-sy.cz\/wp-content\/uploads\/2025\/04\/20250417-1756109216-Cam-24-Type-0-1-e1744955043280.jpg?resize=350%2C200&ssl=1 1x, https:\/\/i0.wp.com\/tinnunculus.sy-sy.cz\/wp-content\/uploads\/2025\/04\/20250417-1756109216-Cam-24-Type-0-1-e1744955043280.jpg?resize=525%2C300&ssl=1 1.5x, https:\/\/i0.wp.com\/tinnunculus.sy-sy.cz\/wp-content\/uploads\/2025\/04\/20250417-1756109216-Cam-24-Type-0-1-e1744955043280.jpg?resize=700%2C400&ssl=1 2x"},"classes":[]},{"id":121,"url":"https:\/\/tinnunculus.sy-sy.cz\/index.php\/2014\/07\/26\/mys-a-posta\/","url_meta":{"origin":208,"position":5},"title":"My\u0161 a&nbsp;po\u0161ta","author":"Zuzana Syrov\u00e1 An\u00fd\u017eov\u00e1","date":"26\/07\/2014","format":false,"excerpt":"Mo\u017en\u00e1 je to jejich oby\u010dejnost\u00ed, jejich \u0161patnou pov\u011bst\u00ed \u010di t\u00edm, \u017ee panuje domn\u011bnka, \u017ee je nehygienick\u00e9 zn\u00e1mku, na kter\u00e9 je my\u0161, ol\u00edznout... Pakli\u017ee se po\u0161tolka objevuje na po\u0161tovn\u00edch zn\u00e1mk\u00e1ch hojn\u011b (viz\u00a0 Po\u0161tolky a po\u0161ta), my\u0161 dom\u00e1c\u00ed (mus musculus) \u010di hrabo\u0161e poln\u00edho (microtus arvalis) a jejich p\u0159\u00edbuzn\u00e9 na nich prakticky nenajdeme.\u2026","rel":"","context":"V \u201eHrabo\u0161 poln\u00ed\u201c","block_context":{"text":"Hrabo\u0161 poln\u00ed","link":"https:\/\/tinnunculus.sy-sy.cz\/index.php\/category\/ostatni-zvirena\/savec\/mys-cs\/hrabos-polni\/"},"img":{"alt_text":"","src":"https:\/\/i0.wp.com\/tinnunculus.sy-sy.cz\/wp-content\/uploads\/2014\/07\/jersey04.jpg?resize=350%2C200&ssl=1","width":350,"height":200},"classes":[]}],"jetpack_sharing_enabled":true,"_links":{"self":[{"href":"https:\/\/tinnunculus.sy-sy.cz\/index.php\/wp-json\/wp\/v2\/posts\/208","targetHints":{"allow":["GET"]}}],"collection":[{"href":"https:\/\/tinnunculus.sy-sy.cz\/index.php\/wp-json\/wp\/v2\/posts"}],"about":[{"href":"https:\/\/tinnunculus.sy-sy.cz\/index.php\/wp-json\/wp\/v2\/types\/post"}],"author":[{"embeddable":true,"href":"https:\/\/tinnunculus.sy-sy.cz\/index.php\/wp-json\/wp\/v2\/users\/2"}],"replies":[{"embeddable":true,"href":"https:\/\/tinnunculus.sy-sy.cz\/index.php\/wp-json\/wp\/v2\/comments?post=208"}],"version-history":[{"count":3,"href":"https:\/\/tinnunculus.sy-sy.cz\/index.php\/wp-json\/wp\/v2\/posts\/208\/revisions"}],"predecessor-version":[{"id":39023,"href":"https:\/\/tinnunculus.sy-sy.cz\/index.php\/wp-json\/wp\/v2\/posts\/208\/revisions\/39023"}],"wp:attachment":[{"href":"https:\/\/tinnunculus.sy-sy.cz\/index.php\/wp-json\/wp\/v2\/media?parent=208"}],"wp:term":[{"taxonomy":"category","embeddable":true,"href":"https:\/\/tinnunculus.sy-sy.cz\/index.php\/wp-json\/wp\/v2\/categories?post=208"},{"taxonomy":"post_tag","embeddable":true,"href":"https:\/\/tinnunculus.sy-sy.cz\/index.php\/wp-json\/wp\/v2\/tags?post=208"}],"curies":[{"name":"wp","href":"https:\/\/api.w.org\/{rel}","templated":true}]}}