{"id":2067,"date":"2017-10-01T10:18:14","date_gmt":"2017-10-01T08:18:14","guid":{"rendered":"http:\/\/tinnunculus.sy-sy.cz\/?p=2067"},"modified":"2026-03-21T08:33:27","modified_gmt":"2026-03-21T07:33:27","slug":"vzacna-navsteva","status":"publish","type":"post","link":"https:\/\/tinnunculus.sy-sy.cz\/index.php\/2017\/10\/01\/vzacna-navsteva\/","title":{"rendered":"Vz\u00e1cn\u00e1 n\u00e1v\u0161t\u011bva"},"content":{"rendered":"<p>Jako ka\u017edoro\u010dn\u011b letos b\u011bhem prvn\u00edho \u0159\u00edjnov\u00e9ho v\u00edkendu prob\u00edh\u00e1 v\u00a0Evrop\u011b Festival ptactva (<a href=\"http:\/\/www.eurobirdwatch.eu\/\" target=\"_blank\" rel=\"noopener noreferrer\">EuroBirdwatch<\/a>).\u00a0 Akce v&nbsp;\u010cR najdete na str\u00e1nk\u00e1ch \u010cSO (<a href=\"http:\/\/cso.cz\/index.php?ID=3133\" target=\"_blank\" rel=\"noopener noreferrer\">Pozv\u00e1nka na Festival ptactva 2017<\/a>)<\/p>\n<p>U p\u0159\u00edle\u017eitosti tohoto ornitologick\u00e9ho sv\u00e1tku dnes na\u0161i lod\u017eii po&nbsp;dlouh\u00e9 dob\u011b zase jednou nav\u0161t\u00edvil same\u010dek po\u0161tolky.<\/p>\n<p><img data-recalc-dims=\"1\" loading=\"lazy\" decoding=\"async\" data-attachment-id=\"2069\" data-permalink=\"https:\/\/tinnunculus.sy-sy.cz\/index.php\/2017\/10\/01\/vzacna-navsteva\/attachment\/20171001\/\" data-orig-file=\"https:\/\/i0.wp.com\/tinnunculus.sy-sy.cz\/wp-content\/uploads\/2017\/10\/20171001.jpg?fit=1390%2C855&amp;ssl=1\" data-orig-size=\"1390,855\" data-comments-opened=\"1\" data-image-meta=\"{&quot;aperture&quot;:&quot;0&quot;,&quot;credit&quot;:&quot;&quot;,&quot;camera&quot;:&quot;&quot;,&quot;caption&quot;:&quot;&quot;,&quot;created_timestamp&quot;:&quot;0&quot;,&quot;copyright&quot;:&quot;&quot;,&quot;focal_length&quot;:&quot;0&quot;,&quot;iso&quot;:&quot;0&quot;,&quot;shutter_speed&quot;:&quot;0&quot;,&quot;title&quot;:&quot;&quot;,&quot;orientation&quot;:&quot;0&quot;}\" data-image-title=\"20171001\" data-image-description=\"\" data-image-caption=\"\" data-large-file=\"https:\/\/i0.wp.com\/tinnunculus.sy-sy.cz\/wp-content\/uploads\/2017\/10\/20171001.jpg?fit=525%2C323&amp;ssl=1\" class=\"alignnone wp-image-2069 size-large\" src=\"https:\/\/i0.wp.com\/tinnunculus.sy-sy.cz\/wp-content\/uploads\/2017\/10\/20171001.jpg?resize=525%2C323&#038;ssl=1\" alt=\"\" width=\"525\" height=\"323\" srcset=\"https:\/\/i0.wp.com\/tinnunculus.sy-sy.cz\/wp-content\/uploads\/2017\/10\/20171001.jpg?resize=1024%2C630&amp;ssl=1 1024w, https:\/\/i0.wp.com\/tinnunculus.sy-sy.cz\/wp-content\/uploads\/2017\/10\/20171001.jpg?resize=300%2C185&amp;ssl=1 300w, https:\/\/i0.wp.com\/tinnunculus.sy-sy.cz\/wp-content\/uploads\/2017\/10\/20171001.jpg?resize=768%2C472&amp;ssl=1 768w, https:\/\/i0.wp.com\/tinnunculus.sy-sy.cz\/wp-content\/uploads\/2017\/10\/20171001.jpg?w=1390&amp;ssl=1 1390w\" sizes=\"auto, (max-width: 525px) 100vw, 525px\" \/><!--more--><\/p>\n<p>Objevil se necelou \u010dtvrthodinku po&nbsp;odletu sami\u010dky, kter\u00e1 zde pravideln\u011b od konce \u010dervence nocuje. P\u0159ist\u00e1l na z\u00e1bradl\u00ed, chvilku se rozhl\u00ed\u017eel a&nbsp;pak p\u0159el\u00e9tl na bid\u00fdlko a&nbsp;jako v\u011bt\u0161ina nov\u00fdch n\u00e1v\u0161t\u011bvn\u00edk\u016f pak i&nbsp;do poli\u010dky nad n\u00edm:<\/p>\n<div style=\"width: 525px;\" class=\"wp-video\"><video class=\"wp-video-shortcode\" id=\"video-2067-1\" width=\"525\" height=\"295\" preload=\"metadata\" controls=\"controls\"><source type=\"video\/mp4\" src=\"https:\/\/tinnunculus.sy-sy.cz\/wp-content\/uploads\/2017\/10\/20171001-064310-064355.mp4?_=1\" \/><a href=\"https:\/\/tinnunculus.sy-sy.cz\/wp-content\/uploads\/2017\/10\/20171001-064310-064355.mp4\">https:\/\/tinnunculus.sy-sy.cz\/wp-content\/uploads\/2017\/10\/20171001-064310-064355.mp4<\/a><\/video><\/div>\n<p>Pr\u016fzkum lod\u017eie trval necel\u00fdch dvacet minut<br \/>\nNech\u00e1me se p\u0159ekvapit zda a&nbsp;kdy p\u0159\u00ed\u0161t\u011b&#8230;<\/p>\n","protected":false},"excerpt":{"rendered":"<p>Jako ka\u017edoro\u010dn\u011b letos b\u011bhem prvn\u00edho \u0159\u00edjnov\u00e9ho v\u00edkendu prob\u00edh\u00e1 v\u00a0Evrop\u011b Festival ptactva (EuroBirdwatch).\u00a0 Akce v&nbsp;\u010cR najdete na str\u00e1nk\u00e1ch \u010cSO (Pozv\u00e1nka na Festival ptactva 2017) U&nbsp;p\u0159\u00edle\u017eitosti tohoto ornitologick\u00e9ho sv\u00e1tku dnes na\u0161i lod\u017eii po&nbsp;dlouh\u00e9 dob\u011b zase jednou nav\u0161t\u00edvil same\u010dek po\u0161tolky.<\/p>\n","protected":false},"author":2,"featured_media":0,"comment_status":"open","ping_status":"open","sticky":false,"template":"","format":"standard","meta":{"jetpack_post_was_ever_published":false,"_jetpack_newsletter_access":"","_jetpack_dont_email_post_to_subs":false,"_jetpack_newsletter_tier_id":0,"_jetpack_memberships_contains_paywalled_content":false,"_jetpack_memberships_contains_paid_content":false,"footnotes":""},"categories":[147,116,149,105,110,1596,114],"tags":[89,69,90,91,9],"class_list":["post-2067","post","type-post","status-publish","format-standard","hentry","category-nase-postolky","category-nasi","category-z-nasi-lodzie","category-postolka","category-postolka-obecna","category-postolky-z-nasi-lodzie","category-zivy-prenos","tag-ps_79","tag-ps_75","tag-ps_96","tag-ps_95","tag-ps_24"],"jetpack_featured_media_url":"","jetpack_shortlink":"https:\/\/wp.me\/p91gKE-xl","jetpack-related-posts":[{"id":266,"url":"https:\/\/tinnunculus.sy-sy.cz\/index.php\/2015\/10\/07\/festival-ptactva\/","url_meta":{"origin":2067,"position":0},"title":"Festival ptactva","author":"Zuzana Syrov\u00e1 An\u00fd\u017eov\u00e1","date":"07\/10\/2015","format":false,"excerpt":"B\u011bhem prvn\u00edho \u0159\u00edjnov\u00e9ho v\u00edkendu prob\u011bhl v Evrop\u011b ji\u017e tradi\u010dn\u011b Festival ptactva (EuroBirdwatch). Jeho ohlasy najdete na \u010desk\u00fdch i zahrani\u010dn\u00edch str\u00e1nk\u00e1ch. Pro \"na\u0161e\" po\u0161tolky i tlupu s\u00fdkorek, kter\u00e1 je u n\u00e1s pravideln\u00fdm n\u00e1v\u0161t\u011bvn\u00edkem kolem des\u00e1t\u00e9 hodiny dopoledn\u00ed, byl ov\u0161em t\u0159et\u00ed i \u010dtvrt\u00fd \u0159\u00edjen den jako ka\u017ed\u00fd jin\u00fd. Pro migraci se zat\u00edm\u2026","rel":"","context":"V \u201e\"Na\u0161e\" po\u0161tolky\u201c","block_context":{"text":"\"Na\u0161e\" po\u0161tolky","link":"https:\/\/tinnunculus.sy-sy.cz\/index.php\/category\/nasi\/nase-postolky\/"},"img":{"alt_text":"","src":"https:\/\/i0.wp.com\/tinnunculus.sy-sy.cz\/wp-content\/uploads\/2015\/10\/20151003_15-30-20_1-1024x576.jpg?resize=350%2C200&ssl=1","width":350,"height":200,"srcset":"https:\/\/i0.wp.com\/tinnunculus.sy-sy.cz\/wp-content\/uploads\/2015\/10\/20151003_15-30-20_1-1024x576.jpg?resize=350%2C200&ssl=1 1x, https:\/\/i0.wp.com\/tinnunculus.sy-sy.cz\/wp-content\/uploads\/2015\/10\/20151003_15-30-20_1-1024x576.jpg?resize=525%2C300&ssl=1 1.5x"},"classes":[]},{"id":6348,"url":"https:\/\/tinnunculus.sy-sy.cz\/index.php\/2018\/09\/30\/rikadlo-pro-birdwatcherky-zacatecnice\/","url_meta":{"origin":2067,"position":1},"title":"\u0158\u00edkadlo pro birdwatcherky za\u010d\u00e1te\u010dnice","author":"Zuzana Syrov\u00e1 An\u00fd\u017eov\u00e1","date":"30\/09\/2018","format":"quote","excerpt":"Aneb rozhodn\u011b ne prvn\u00ed ani posledn\u00ed \u0159\u00edkadlo o po\u0161tolk\u00e1ch a \u0161kolce... a tak\u00e9 p\u0159ipomenut\u00ed Festivalu ptactva 2018.","rel":"","context":"V \u201ePo\u0161tolka\u201c","block_context":{"text":"Po\u0161tolka","link":"https:\/\/tinnunculus.sy-sy.cz\/index.php\/category\/ostatni-zvirena\/ptaci\/dravec\/postolka\/"},"img":{"alt_text":"","src":"https:\/\/i0.wp.com\/tinnunculus.sy-sy.cz\/wp-content\/uploads\/2018\/09\/kestrel_binocular_uBW.jpg?resize=350%2C200&ssl=1","width":350,"height":200,"srcset":"https:\/\/i0.wp.com\/tinnunculus.sy-sy.cz\/wp-content\/uploads\/2018\/09\/kestrel_binocular_uBW.jpg?resize=350%2C200&ssl=1 1x, https:\/\/i0.wp.com\/tinnunculus.sy-sy.cz\/wp-content\/uploads\/2018\/09\/kestrel_binocular_uBW.jpg?resize=525%2C300&ssl=1 1.5x, https:\/\/i0.wp.com\/tinnunculus.sy-sy.cz\/wp-content\/uploads\/2018\/09\/kestrel_binocular_uBW.jpg?resize=700%2C400&ssl=1 2x"},"classes":[]},{"id":388,"url":"https:\/\/tinnunculus.sy-sy.cz\/index.php\/2017\/04\/02\/happy-bird-day\/","url_meta":{"origin":2067,"position":2},"title":"Happy bird day","author":"Zuzana Syrov\u00e1 An\u00fd\u017eov\u00e1","date":"02\/04\/2017","format":false,"excerpt":"Na prvn\u00edho dubna, jak mo\u017en\u00e1 je\u0161t\u011b ne v\u0161eobecn\u011b zn\u00e1mo, p\u0159ipad\u00e1 mezin\u00e1rodn\u00ed den ptactva. Na\u0161e po\u0161tolky ho oslavili tradi\u010dn\u011b: Prakticky cel\u00e9 dopoledne se v\u011bnovaly \u010dinnostem nezbytn\u00fdm pro zalo\u017een\u00ed hn\u00edzda. Zd\u00e1 se, \u017ee star\u00e9 hn\u00edzdo v kout\u011b za sk\u0159\u00ed\u0148kou opravdu u\u017e nen\u00ed to prav\u00e9 a nast\u00e1v\u00e1 nov\u00e1 \u00e9ra hn\u00edzd\u011bn\u00ed pod bid\u00fdlky u\u2026","rel":"","context":"V \u201e\"Na\u0161e\" po\u0161tolky\u201c","block_context":{"text":"\"Na\u0161e\" po\u0161tolky","link":"https:\/\/tinnunculus.sy-sy.cz\/index.php\/category\/nasi\/nase-postolky\/"},"img":{"alt_text":"","src":"https:\/\/i0.wp.com\/tinnunculus.sy-sy.cz\/wp-content\/uploads\/2017\/04\/20170401_08-44-00-1024x640.jpg?resize=350%2C200&ssl=1","width":350,"height":200,"srcset":"https:\/\/i0.wp.com\/tinnunculus.sy-sy.cz\/wp-content\/uploads\/2017\/04\/20170401_08-44-00-1024x640.jpg?resize=350%2C200&ssl=1 1x, https:\/\/i0.wp.com\/tinnunculus.sy-sy.cz\/wp-content\/uploads\/2017\/04\/20170401_08-44-00-1024x640.jpg?resize=525%2C300&ssl=1 1.5x"},"classes":[]},{"id":15183,"url":"https:\/\/tinnunculus.sy-sy.cz\/index.php\/2021\/04\/01\/vhodny-darek-ke-dni-ptactva\/","url_meta":{"origin":2067,"position":3},"title":"Vhodn\u00fd d\u00e1rek ke dni ptactva","author":"Zuzana Syrov\u00e1 An\u00fd\u017eov\u00e1","date":"01\/04\/2021","format":false,"excerpt":"Aneb o tom, jak \"na\u0161e\" po\u0161tolky slavily den ptactva.","rel":"","context":"V \u201e\"Na\u0161e\" po\u0161tolky\u201c","block_context":{"text":"\"Na\u0161e\" po\u0161tolky","link":"https:\/\/tinnunculus.sy-sy.cz\/index.php\/category\/nasi\/nase-postolky\/"},"img":{"alt_text":"","src":"https:\/\/i0.wp.com\/tinnunculus.sy-sy.cz\/wp-content\/uploads\/2021\/04\/20210401-0707093999-1024x576.jpg?resize=350%2C200&ssl=1","width":350,"height":200,"srcset":"https:\/\/i0.wp.com\/tinnunculus.sy-sy.cz\/wp-content\/uploads\/2021\/04\/20210401-0707093999-1024x576.jpg?resize=350%2C200&ssl=1 1x, https:\/\/i0.wp.com\/tinnunculus.sy-sy.cz\/wp-content\/uploads\/2021\/04\/20210401-0707093999-1024x576.jpg?resize=525%2C300&ssl=1 1.5x"},"classes":[]},{"id":278,"url":"https:\/\/tinnunculus.sy-sy.cz\/index.php\/2016\/01\/16\/nature-namure-2015\/","url_meta":{"origin":2067,"position":4},"title":"Nature Namure 2015","author":"Zuzana Syrov\u00e1 An\u00fd\u017eov\u00e1","date":"16\/01\/2016","format":false,"excerpt":"Na lo\u0148sk\u00e9m festivalu v Namure se mezi ocen\u011bn\u00fdmi dokument\u00e1rn\u00edmi filmy objevil i vynikaj\u00edc\u00ed film o hn\u00edzd\u011bn\u00ed po\u0161tolky obecn\u00e9. Jeho autorem je Cees Van Kemten. \u00a0 Ke shl\u00e9dnut\u00ed i na https:\/\/iwp-wildlife.com\/video; sekvence l\u00edhnut\u00ed ml\u00e1\u010fat pak na https:\/\/youtu.be\/FHtC5a7zv7g. V roce 2016 vy\u0161lo na DVD De Terugkeer Van De Ijsvogel, Torenvalk En Bever\u2026","rel":"","context":"V \u201ePo\u0161tolka\u201c","block_context":{"text":"Po\u0161tolka","link":"https:\/\/tinnunculus.sy-sy.cz\/index.php\/category\/ostatni-zvirena\/ptaci\/dravec\/postolka\/"},"img":{"alt_text":"","src":"","width":0,"height":0},"classes":[]},{"id":21222,"url":"https:\/\/tinnunculus.sy-sy.cz\/index.php\/2023\/04\/01\/den-ptactva-podle-postolek\/","url_meta":{"origin":2067,"position":5},"title":"Den ptactva podle po\u0161tolek","author":"Zuzana Syrov\u00e1 An\u00fd\u017eov\u00e1","date":"01\/04\/2023","format":false,"excerpt":"Aneb o dni ptactva a o tom, jak ho str\u00e1vily \"na\u0161e\" po\u0161tolky.","rel":"","context":"V \u201e\"Na\u0161e\" po\u0161tolky\u201c","block_context":{"text":"\"Na\u0161e\" po\u0161tolky","link":"https:\/\/tinnunculus.sy-sy.cz\/index.php\/category\/nasi\/nase-postolky\/"},"img":{"alt_text":"","src":"https:\/\/i0.wp.com\/tinnunculus.sy-sy.cz\/wp-content\/uploads\/2023\/04\/2023-04-01-1512335395-e1680381061274.jpg?resize=350%2C200&ssl=1","width":350,"height":200,"srcset":"https:\/\/i0.wp.com\/tinnunculus.sy-sy.cz\/wp-content\/uploads\/2023\/04\/2023-04-01-1512335395-e1680381061274.jpg?resize=350%2C200&ssl=1 1x, https:\/\/i0.wp.com\/tinnunculus.sy-sy.cz\/wp-content\/uploads\/2023\/04\/2023-04-01-1512335395-e1680381061274.jpg?resize=525%2C300&ssl=1 1.5x, https:\/\/i0.wp.com\/tinnunculus.sy-sy.cz\/wp-content\/uploads\/2023\/04\/2023-04-01-1512335395-e1680381061274.jpg?resize=700%2C400&ssl=1 2x"},"classes":[]}],"jetpack_sharing_enabled":true,"_links":{"self":[{"href":"https:\/\/tinnunculus.sy-sy.cz\/index.php\/wp-json\/wp\/v2\/posts\/2067","targetHints":{"allow":["GET"]}}],"collection":[{"href":"https:\/\/tinnunculus.sy-sy.cz\/index.php\/wp-json\/wp\/v2\/posts"}],"about":[{"href":"https:\/\/tinnunculus.sy-sy.cz\/index.php\/wp-json\/wp\/v2\/types\/post"}],"author":[{"embeddable":true,"href":"https:\/\/tinnunculus.sy-sy.cz\/index.php\/wp-json\/wp\/v2\/users\/2"}],"replies":[{"embeddable":true,"href":"https:\/\/tinnunculus.sy-sy.cz\/index.php\/wp-json\/wp\/v2\/comments?post=2067"}],"version-history":[{"count":3,"href":"https:\/\/tinnunculus.sy-sy.cz\/index.php\/wp-json\/wp\/v2\/posts\/2067\/revisions"}],"predecessor-version":[{"id":33123,"href":"https:\/\/tinnunculus.sy-sy.cz\/index.php\/wp-json\/wp\/v2\/posts\/2067\/revisions\/33123"}],"wp:attachment":[{"href":"https:\/\/tinnunculus.sy-sy.cz\/index.php\/wp-json\/wp\/v2\/media?parent=2067"}],"wp:term":[{"taxonomy":"category","embeddable":true,"href":"https:\/\/tinnunculus.sy-sy.cz\/index.php\/wp-json\/wp\/v2\/categories?post=2067"},{"taxonomy":"post_tag","embeddable":true,"href":"https:\/\/tinnunculus.sy-sy.cz\/index.php\/wp-json\/wp\/v2\/tags?post=2067"}],"curies":[{"name":"wp","href":"https:\/\/api.w.org\/{rel}","templated":true}]}}