{"id":2032,"date":"2017-09-03T09:02:46","date_gmt":"2017-09-03T07:02:46","guid":{"rendered":"http:\/\/tinnunculus.sy-sy.cz\/?p=2032"},"modified":"2025-12-14T16:53:20","modified_gmt":"2025-12-14T15:53:20","slug":"pozor-vyleti-ptacek","status":"publish","type":"post","link":"https:\/\/tinnunculus.sy-sy.cz\/index.php\/2017\/09\/03\/pozor-vyleti-ptacek\/","title":{"rendered":"Pozor, vylet\u00ed pt\u00e1\u010dek"},"content":{"rendered":"<p><img data-recalc-dims=\"1\" loading=\"lazy\" decoding=\"async\" data-attachment-id=\"2031\" data-permalink=\"https:\/\/tinnunculus.sy-sy.cz\/index.php\/2017\/09\/03\/pozor-vyleti-ptacek\/dsc_2233_crop\/\" data-orig-file=\"https:\/\/i0.wp.com\/tinnunculus.sy-sy.cz\/wp-content\/uploads\/2017\/09\/DSC_2233_crop.jpg?fit=930%2C768&amp;ssl=1\" data-orig-size=\"930,768\" data-comments-opened=\"1\" data-image-meta=\"{&quot;aperture&quot;:&quot;0&quot;,&quot;credit&quot;:&quot;&quot;,&quot;camera&quot;:&quot;&quot;,&quot;caption&quot;:&quot;&quot;,&quot;created_timestamp&quot;:&quot;0&quot;,&quot;copyright&quot;:&quot;&quot;,&quot;focal_length&quot;:&quot;0&quot;,&quot;iso&quot;:&quot;0&quot;,&quot;shutter_speed&quot;:&quot;0&quot;,&quot;title&quot;:&quot;&quot;,&quot;orientation&quot;:&quot;0&quot;}\" data-image-title=\"DSC_2233_crop\" data-image-description=\"\" data-image-caption=\"\" data-large-file=\"https:\/\/i0.wp.com\/tinnunculus.sy-sy.cz\/wp-content\/uploads\/2017\/09\/DSC_2233_crop.jpg?fit=525%2C434&amp;ssl=1\" class=\"aligncenter wp-image-2031\" src=\"https:\/\/i0.wp.com\/tinnunculus.sy-sy.cz\/wp-content\/uploads\/2017\/09\/DSC_2233_crop.jpg?resize=525%2C434&#038;ssl=1\" alt=\"\" width=\"525\" height=\"434\" srcset=\"https:\/\/i0.wp.com\/tinnunculus.sy-sy.cz\/wp-content\/uploads\/2017\/09\/DSC_2233_crop.jpg?w=930&amp;ssl=1 930w, https:\/\/i0.wp.com\/tinnunculus.sy-sy.cz\/wp-content\/uploads\/2017\/09\/DSC_2233_crop.jpg?resize=300%2C248&amp;ssl=1 300w, https:\/\/i0.wp.com\/tinnunculus.sy-sy.cz\/wp-content\/uploads\/2017\/09\/DSC_2233_crop.jpg?resize=768%2C634&amp;ssl=1 768w\" sizes=\"auto, (max-width: 525px) 100vw, 525px\" \/><\/p>\n<p>Tak u\u017e je tu z\u00e1\u0159\u00ed&#8230; Fotky z&nbsp;pr\u00e1zdnin u\u017e mo\u017en\u00e1 nevyvol\u00e1v\u00e1 ani Karel Gott. Nicm\u00e9n\u011b alespo\u0148 probrat a&nbsp;\u0159\u00e1dn\u011b archivovat pr\u00e1zdninov\u00e9 digit\u00e1ln\u00ed resty je pot\u0159eba.\u00a0 Ob\u010das to ne nich vypad\u00e1, \u017ee n\u00e1s sami ope\u0159enci \u017e\u00e1dali, abychom je vyfotili. Na hrad\u011b Malenovice cht\u011bl dokonce jeden p\u00e1r foto rodinn\u00e9. <!--more--><\/p>\n<p><img data-recalc-dims=\"1\" loading=\"lazy\" decoding=\"async\" data-attachment-id=\"2030\" data-permalink=\"https:\/\/tinnunculus.sy-sy.cz\/index.php\/2017\/09\/03\/pozor-vyleti-ptacek\/dsc_2236\/\" data-orig-file=\"https:\/\/i0.wp.com\/tinnunculus.sy-sy.cz\/wp-content\/uploads\/2017\/09\/DSC_2236-e1504421340458.jpg?fit=1038%2C690&amp;ssl=1\" data-orig-size=\"1038,690\" data-comments-opened=\"1\" data-image-meta=\"{&quot;aperture&quot;:&quot;0&quot;,&quot;credit&quot;:&quot;&quot;,&quot;camera&quot;:&quot;&quot;,&quot;caption&quot;:&quot;&quot;,&quot;created_timestamp&quot;:&quot;0&quot;,&quot;copyright&quot;:&quot;&quot;,&quot;focal_length&quot;:&quot;0&quot;,&quot;iso&quot;:&quot;0&quot;,&quot;shutter_speed&quot;:&quot;0&quot;,&quot;title&quot;:&quot;&quot;,&quot;orientation&quot;:&quot;0&quot;}\" data-image-title=\"DSC_2236\" data-image-description=\"\" data-image-caption=\"\" data-large-file=\"https:\/\/i0.wp.com\/tinnunculus.sy-sy.cz\/wp-content\/uploads\/2017\/09\/DSC_2236-e1504421340458.jpg?fit=525%2C349&amp;ssl=1\" class=\"aligncenter wp-image-2030 size-large\" src=\"https:\/\/i0.wp.com\/tinnunculus.sy-sy.cz\/wp-content\/uploads\/2017\/09\/DSC_2236.jpg?resize=525%2C349&#038;ssl=1\" alt=\"\" width=\"525\" height=\"349\" \/><\/p>\n<p>Ale \u0159\u00edkejte ope\u0159enc\u016fm: Pozor, vylet\u00ed pt\u00e1\u010dek&#8230;<\/p>\n","protected":false},"excerpt":{"rendered":"<p>Tak u\u017e je tu z\u00e1\u0159\u00ed&#8230; Fotky z&nbsp;pr\u00e1zdnin u\u017e mo\u017en\u00e1 nevyvol\u00e1v\u00e1 ani Karel Gott. Nicm\u00e9n\u011b alespo\u0148 probrat a&nbsp;\u0159\u00e1dn\u011b archivovat pr\u00e1zdninov\u00e9 digit\u00e1ln\u00ed resty je pot\u0159eba.\u00a0 Ob\u010das to ne nich vypad\u00e1, \u017ee n\u00e1s sami ope\u0159enci \u017e\u00e1dali, abychom je vyfotili. Na hrad\u011b Malenovice cht\u011bl dokonce jeden p\u00e1r foto rodinn\u00e9.<\/p>\n","protected":false},"author":2,"featured_media":0,"comment_status":"open","ping_status":"open","sticky":false,"template":"","format":"standard","meta":{"jetpack_post_was_ever_published":false,"_jetpack_newsletter_access":"","_jetpack_dont_email_post_to_subs":false,"_jetpack_newsletter_tier_id":0,"_jetpack_memberships_contains_paywalled_content":false,"_jetpack_memberships_contains_paid_content":false,"footnotes":""},"categories":[105,110],"tags":[30,127,91],"class_list":["post-2032","post","type-post","status-publish","format-standard","hentry","category-postolka","category-postolka-obecna","tag-ps_55","tag-postolka-hradni-a-zamecka","tag-ps_95"],"jetpack_featured_media_url":"","jetpack_shortlink":"https:\/\/wp.me\/p91gKE-wM","jetpack-related-posts":[{"id":13197,"url":"https:\/\/tinnunculus.sy-sy.cz\/index.php\/2020\/06\/25\/ptacek-s-rezatym-ocaskem\/","url_meta":{"origin":2032,"position":0},"title":"Pt\u00e1\u010dek s&nbsp;rezat\u00fdm oc\u00e1skem","author":"Zuzana Syrov\u00e1 An\u00fd\u017eov\u00e1","date":"25\/06\/2020","format":false,"excerpt":"Aneb o dal\u0161\u00ed zdvo\u0159ilostn\u00ed n\u00e1v\u0161t\u011bv\u011b jednoho rehka dom\u00e1c\u00edho.","rel":"","context":"V \u201e\"Na\u0161e\" po\u0161tolky\u201c","block_context":{"text":"\"Na\u0161e\" po\u0161tolky","link":"https:\/\/tinnunculus.sy-sy.cz\/index.php\/category\/nasi\/nase-postolky\/"},"img":{"alt_text":"","src":"https:\/\/i0.wp.com\/tinnunculus.sy-sy.cz\/wp-content\/uploads\/2020\/06\/20200625-0502299854uprav-1024x576.jpg?resize=350%2C200&ssl=1","width":350,"height":200,"srcset":"https:\/\/i0.wp.com\/tinnunculus.sy-sy.cz\/wp-content\/uploads\/2020\/06\/20200625-0502299854uprav-1024x576.jpg?resize=350%2C200&ssl=1 1x, https:\/\/i0.wp.com\/tinnunculus.sy-sy.cz\/wp-content\/uploads\/2020\/06\/20200625-0502299854uprav-1024x576.jpg?resize=525%2C300&ssl=1 1.5x"},"classes":[]},{"id":43195,"url":"https:\/\/tinnunculus.sy-sy.cz\/index.php\/2025\/07\/04\/vycerpana-postolka\/","url_meta":{"origin":2032,"position":1},"title":"Vy\u010derpan\u00e1 po\u0161tolka","author":"Zuzana Syrov\u00e1 An\u00fd\u017eov\u00e1","date":"04\/07\/2025","format":"quote","excerpt":"Aneb o jedn\u00e9 kn\u00ed\u017ece o po\u0161tolk\u00e1ch ur\u010den\u00e9 pro pou\u010den\u00ed mal\u00fdch \u010dten\u00e1\u0159\u016f.","rel":"","context":"V \u201eDravec\u201c","block_context":{"text":"Dravec","link":"https:\/\/tinnunculus.sy-sy.cz\/index.php\/category\/ostatni-zvirena\/ptaci\/dravec\/"},"img":{"alt_text":"","src":"https:\/\/i0.wp.com\/tinnunculus.sy-sy.cz\/wp-content\/uploads\/2025\/07\/kestrel-6366427_1280-1024x682.jpg?resize=350%2C200&ssl=1","width":350,"height":200,"srcset":"https:\/\/i0.wp.com\/tinnunculus.sy-sy.cz\/wp-content\/uploads\/2025\/07\/kestrel-6366427_1280-1024x682.jpg?resize=350%2C200&ssl=1 1x, https:\/\/i0.wp.com\/tinnunculus.sy-sy.cz\/wp-content\/uploads\/2025\/07\/kestrel-6366427_1280-1024x682.jpg?resize=525%2C300&ssl=1 1.5x"},"classes":[]},{"id":42279,"url":"https:\/\/tinnunculus.sy-sy.cz\/index.php\/2025\/05\/24\/pozor-leti-hrabos\/","url_meta":{"origin":2032,"position":2},"title":"Pozor, let\u00ed hrabo\u0161!","author":"Zuzana Syrov\u00e1 An\u00fd\u017eov\u00e1","date":"24\/05\/2025","format":false,"excerpt":"Aneb o jevu, kter\u00fd m\u016f\u017eeme \u010das od \u010dasu pozorovat a sice o l\u00e9taj\u00edc\u00edm hrabo\u0161i.","rel":"","context":"V \u201e\"Na\u0161e\" po\u0161tolky\u201c","block_context":{"text":"\"Na\u0161e\" po\u0161tolky","link":"https:\/\/tinnunculus.sy-sy.cz\/index.php\/category\/nasi\/nase-postolky\/"},"img":{"alt_text":"","src":"https:\/\/i0.wp.com\/tinnunculus.sy-sy.cz\/wp-content\/uploads\/2025\/05\/20250524-114908pe-0-e1748100426829.jpg?resize=350%2C200&ssl=1","width":350,"height":200,"srcset":"https:\/\/i0.wp.com\/tinnunculus.sy-sy.cz\/wp-content\/uploads\/2025\/05\/20250524-114908pe-0-e1748100426829.jpg?resize=350%2C200&ssl=1 1x, https:\/\/i0.wp.com\/tinnunculus.sy-sy.cz\/wp-content\/uploads\/2025\/05\/20250524-114908pe-0-e1748100426829.jpg?resize=525%2C300&ssl=1 1.5x, https:\/\/i0.wp.com\/tinnunculus.sy-sy.cz\/wp-content\/uploads\/2025\/05\/20250524-114908pe-0-e1748100426829.jpg?resize=700%2C400&ssl=1 2x"},"classes":[]},{"id":6995,"url":"https:\/\/tinnunculus.sy-sy.cz\/index.php\/2019\/01\/28\/cim-dal-snezi\/","url_meta":{"origin":2032,"position":3},"title":"\u010c\u00edm d\u00e1l sn\u011b\u017e\u00ed (tydlidum)","author":"Zuzana Syrov\u00e1 An\u00fd\u017eov\u00e1","date":"28\/01\/2019","format":false,"excerpt":"Aneb o tom, jak sn\u011b\u017eilo a sn\u011b\u017eilo a jak si na\u0161e po\u0161tolka dala p\u0159eci jen n\u011bco men\u0161\u00edho. .. a tom, \u017ee v zim\u011b by si s\u00fdkorky m\u011bly p\u0159eci jenom d\u00e1vat na po\u0161tolky pozor.","rel":"","context":"V \u201e\"Na\u0161e\" po\u0161tolky\u201c","block_context":{"text":"\"Na\u0161e\" po\u0161tolky","link":"https:\/\/tinnunculus.sy-sy.cz\/index.php\/category\/nasi\/nase-postolky\/"},"img":{"alt_text":"","src":"https:\/\/i0.wp.com\/tinnunculus.sy-sy.cz\/wp-content\/uploads\/2019\/01\/20190128-1946275988-1024x576.jpg?resize=350%2C200&ssl=1","width":350,"height":200,"srcset":"https:\/\/i0.wp.com\/tinnunculus.sy-sy.cz\/wp-content\/uploads\/2019\/01\/20190128-1946275988-1024x576.jpg?resize=350%2C200&ssl=1 1x, https:\/\/i0.wp.com\/tinnunculus.sy-sy.cz\/wp-content\/uploads\/2019\/01\/20190128-1946275988-1024x576.jpg?resize=525%2C300&ssl=1 1.5x"},"classes":[]},{"id":21733,"url":"https:\/\/tinnunculus.sy-sy.cz\/index.php\/2023\/04\/25\/pate-vejce-a-odmena-s-rezatym-ocaskem\/","url_meta":{"origin":2032,"position":4},"title":"P\u00e1t\u00e9 vejce a&nbsp;odm\u011bna s&nbsp;rezat\u00fdm oc\u00e1skem","author":"Zuzana Syrov\u00e1 An\u00fd\u017eov\u00e1","date":"25\/04\/2023","format":false,"excerpt":"Aneb o tom, jak \"na\u0161e\" pan\u00ed po\u0161tolka snesla p\u00e1t\u00e9 vejce a jak j\u00ed pan po\u0161tolka p\u0159inesl pt\u00e1\u010dka s rezat\u00fdm oc\u00e1skem.","rel":"","context":"V \u201e\"Na\u0161e\" po\u0161tolky\u201c","block_context":{"text":"\"Na\u0161e\" po\u0161tolky","link":"https:\/\/tinnunculus.sy-sy.cz\/index.php\/category\/nasi\/nase-postolky\/"},"img":{"alt_text":"","src":"https:\/\/i0.wp.com\/tinnunculus.sy-sy.cz\/wp-content\/uploads\/2023\/04\/2023-04-25-0852454900-e1682420666937.jpg?resize=350%2C200&ssl=1","width":350,"height":200,"srcset":"https:\/\/i0.wp.com\/tinnunculus.sy-sy.cz\/wp-content\/uploads\/2023\/04\/2023-04-25-0852454900-e1682420666937.jpg?resize=350%2C200&ssl=1 1x, https:\/\/i0.wp.com\/tinnunculus.sy-sy.cz\/wp-content\/uploads\/2023\/04\/2023-04-25-0852454900-e1682420666937.jpg?resize=525%2C300&ssl=1 1.5x, https:\/\/i0.wp.com\/tinnunculus.sy-sy.cz\/wp-content\/uploads\/2023\/04\/2023-04-25-0852454900-e1682420666937.jpg?resize=700%2C400&ssl=1 2x"},"classes":[]},{"id":5515,"url":"https:\/\/tinnunculus.sy-sy.cz\/index.php\/2018\/06\/23\/zpestreni-jidelnicku\/","url_meta":{"origin":2032,"position":5},"title":"Zpest\u0159en\u00ed j\u00eddeln\u00ed\u010dku","author":"Zuzana Syrov\u00e1 An\u00fd\u017eov\u00e1","date":"23\/06\/2018","format":false,"excerpt":"Mo\u017en\u00e1 jste si v\u0161imli t\u00e9 z\u00e1v\u011bje pe\u0159\u00ed\u010dek na bid\u00fdlku nad hn\u00edzdem. V\u011bt\u0161inu u\u017e odv\u00e1l v\u00edtr. U\u017e jich tam zb\u00fdv\u00e1 jen n\u011bkolik. Pro zpest\u0159en\u00ed j\u00eddeln\u00ed\u010dku toti\u017e otec po\u0161tol\u010d\u00ed rodiny p\u0159inesl i jednoho pt\u00e1\u010dka. Stalo se tak zcela v\u00fdjime\u010dn\u011b ji\u017e 18. \u010dervna.\u00a0 Jinak jsou toti\u017e na denn\u00edm menu p\u0159evl\u00e1daj\u00ed hrabo\u0161i a zase\u2026","rel":"","context":"V \u201e\"Na\u0161e\" po\u0161tolky\u201c","block_context":{"text":"\"Na\u0161e\" po\u0161tolky","link":"https:\/\/tinnunculus.sy-sy.cz\/index.php\/category\/nasi\/nase-postolky\/"},"img":{"alt_text":"","src":"https:\/\/i0.wp.com\/tinnunculus.sy-sy.cz\/wp-content\/uploads\/2018\/06\/20180618_09-29-25u-1024x576.jpg?resize=350%2C200&ssl=1","width":350,"height":200,"srcset":"https:\/\/i0.wp.com\/tinnunculus.sy-sy.cz\/wp-content\/uploads\/2018\/06\/20180618_09-29-25u-1024x576.jpg?resize=350%2C200&ssl=1 1x, https:\/\/i0.wp.com\/tinnunculus.sy-sy.cz\/wp-content\/uploads\/2018\/06\/20180618_09-29-25u-1024x576.jpg?resize=525%2C300&ssl=1 1.5x"},"classes":[]}],"jetpack_sharing_enabled":true,"_links":{"self":[{"href":"https:\/\/tinnunculus.sy-sy.cz\/index.php\/wp-json\/wp\/v2\/posts\/2032","targetHints":{"allow":["GET"]}}],"collection":[{"href":"https:\/\/tinnunculus.sy-sy.cz\/index.php\/wp-json\/wp\/v2\/posts"}],"about":[{"href":"https:\/\/tinnunculus.sy-sy.cz\/index.php\/wp-json\/wp\/v2\/types\/post"}],"author":[{"embeddable":true,"href":"https:\/\/tinnunculus.sy-sy.cz\/index.php\/wp-json\/wp\/v2\/users\/2"}],"replies":[{"embeddable":true,"href":"https:\/\/tinnunculus.sy-sy.cz\/index.php\/wp-json\/wp\/v2\/comments?post=2032"}],"version-history":[{"count":1,"href":"https:\/\/tinnunculus.sy-sy.cz\/index.php\/wp-json\/wp\/v2\/posts\/2032\/revisions"}],"predecessor-version":[{"id":33126,"href":"https:\/\/tinnunculus.sy-sy.cz\/index.php\/wp-json\/wp\/v2\/posts\/2032\/revisions\/33126"}],"wp:attachment":[{"href":"https:\/\/tinnunculus.sy-sy.cz\/index.php\/wp-json\/wp\/v2\/media?parent=2032"}],"wp:term":[{"taxonomy":"category","embeddable":true,"href":"https:\/\/tinnunculus.sy-sy.cz\/index.php\/wp-json\/wp\/v2\/categories?post=2032"},{"taxonomy":"post_tag","embeddable":true,"href":"https:\/\/tinnunculus.sy-sy.cz\/index.php\/wp-json\/wp\/v2\/tags?post=2032"}],"curies":[{"name":"wp","href":"https:\/\/api.w.org\/{rel}","templated":true}]}}