{"id":2014,"date":"2017-09-02T10:19:35","date_gmt":"2017-09-02T09:19:35","guid":{"rendered":"http:\/\/tinnunculus.sy-sy.cz\/?p=2014"},"modified":"2025-12-14T16:53:51","modified_gmt":"2025-12-14T15:53:51","slug":"neviditelni-sousede","status":"publish","type":"post","link":"https:\/\/tinnunculus.sy-sy.cz\/index.php\/2017\/09\/02\/neviditelni-sousede\/","title":{"rendered":"Neviditeln\u00ed soused\u00e9"},"content":{"rendered":"<p>M\u016f\u017eeme se t\u011b\u0161it na nov\u00fd dokument o&nbsp;po\u0161tolk\u00e1ch. Pod n\u00e1zvem Turmfalken &#8211; Unsichtbare Nachbarn ho pro ORF Universum letos nat\u00e1\u010d\u00ed Leander Khill a&nbsp;Mario Kreuzer (PKM Film).<\/p>\n<p><iframe loading=\"lazy\" src=\"https:\/\/www.youtube.com\/embed\/9ngNOkOIt00\" width=\"854\" height=\"360\" frameborder=\"0\" allowfullscreen=\"allowfullscreen\"><\/iframe><\/p>\n<p><!--more--><\/p>\n<p>Dal\u0161\u00ed\u00a0 uk\u00e1zky pod anglick\u00fdm n\u00e1zvem Kestrels at Close Quarters najdete na <a href=\"https:\/\/www.youtube.com\/channel\/UC8Ho4G51Mm1YWYBESEcTb_Q\" target=\"_blank\" rel=\"noopener noreferrer\">YouTube<\/a>.\u00a0 Dokument se ji\u017e objevil i&nbsp;v&nbsp;katalogu <a href=\"https:\/\/www.worldscreenings.com\/screening\/kestrels-at-close-quarters\/\" target=\"_blank\" rel=\"noopener noreferrer\">ORF<\/a>.<!--more--><\/p>\n<p>&nbsp;<\/p>\n<ul>\n<li><a href=\"https:\/\/www.leanderkhil.com\" target=\"_blank\" rel=\"noopener noreferrer\">Leander Khill<\/a><\/li>\n<li><a href=\"https:\/\/www.leanderkhil.com\/english\/tv-wildlife-films\/kestrels-at-close-quarters-2018\/\" target=\"_blank\" rel=\"noopener noreferrer\">Projekt Turmfalken &#8211; Unsichtbare Nachbarn<\/a> (Leander Khill)<\/li>\n<li><a href=\"http:\/\/www.pkmfilm.com\/turmfalken-unsichtbare-nachbarn\/\" target=\"_blank\" rel=\"noopener noreferrer\">Turmfalken \u2013 Unsichtbare Nachbarn<\/a> (PKM Film)<\/li>\n<\/ul>\n<p>&nbsp;<\/p>\n<ul>\n<li class=\"title style-scope ytd-video-primary-info-renderer\"><a href=\"https:\/\/youtu.be\/Uh3BNxLTFAY\" target=\"_blank\" rel=\"noopener noreferrer\">Turmfalken &#8211; Unsichtbare Nachbarn (dokument na YouTube)<\/a><\/li>\n<\/ul>\n<p>Aktualizov\u00e1no <span class=\"last-modified-timestamp\">14\/12\/2025 16:53<\/span><\/p>\n","protected":false},"excerpt":{"rendered":"<p>M\u016f\u017eeme se t\u011b\u0161it na nov\u00fd dokument o&nbsp;po\u0161tolk\u00e1ch. Pod n\u00e1zvem Turmfalken &#8211; Unsichtbare Nachbarn ho pro ORF Universum letos nat\u00e1\u010d\u00ed Leander Khill a&nbsp;Mario Kreuzer (PKM Film).<\/p>\n","protected":false},"author":2,"featured_media":0,"comment_status":"open","ping_status":"open","sticky":false,"template":"","format":"standard","meta":{"jetpack_post_was_ever_published":false,"_jetpack_newsletter_access":"","_jetpack_dont_email_post_to_subs":false,"_jetpack_newsletter_tier_id":0,"_jetpack_memberships_contains_paywalled_content":false,"_jetpack_memberships_contains_paid_content":false,"footnotes":""},"categories":[105,110,225],"tags":[30,87,91],"class_list":["post-2014","post","type-post","status-publish","format-standard","hentry","category-postolka","category-postolka-obecna","category-ptaci-v-literature-filmu-a-vytvarnem-umeni","tag-ps_55","tag-ps_84","tag-ps_95"],"jetpack_featured_media_url":"","jetpack_shortlink":"https:\/\/wp.me\/p91gKE-wu","jetpack-related-posts":[{"id":2239,"url":"https:\/\/tinnunculus.sy-sy.cz\/index.php\/2017\/10\/16\/o-zivote-jednoho-paru-postolek\/","url_meta":{"origin":2014,"position":0},"title":"O \u017eivot\u011b jednoho p\u00e1ru po\u0161tolek","author":"Zuzana Syrov\u00e1 An\u00fd\u017eov\u00e1","date":"16\/10\/2017","format":false,"excerpt":"Dokumentu o \u017eivot\u011b jednoho p\u00e1ru po\u0161tolek, na kter\u00fd zde chceme upozornit, je ji\u017e v\u00edce ne\u017e deset let.\u00a0 Yann Le Meur, kter\u00fd je zap\u00e1len\u00fdm amat\u00e9rsk\u00fdm ornitologem a objevuje a dokumentuje soukrom\u00fd \u017eivot ope\u0159enc\u016f ve sv\u00e9m nejbli\u017e\u0161\u00edm okol\u00ed, ho v breta\u0148sk\u00e9 obci Ploufragan za\u010dal p\u0159ipravovat v roce 2004.\u00a0 Cel\u00e9 n\u00e1sleduj\u00edc\u00ed dobrodru\u017estv\u00ed popsal\u2026","rel":"","context":"V \u201ePo\u0161tolka\u201c","block_context":{"text":"Po\u0161tolka","link":"https:\/\/tinnunculus.sy-sy.cz\/index.php\/category\/ostatni-zvirena\/ptaci\/dravec\/postolka\/"},"img":{"alt_text":"","src":"","width":0,"height":0},"classes":[]},{"id":141,"url":"https:\/\/tinnunculus.sy-sy.cz\/index.php\/2014\/10\/08\/falkens-oga\/","url_meta":{"origin":2014,"position":1},"title":"Falkens \u00f6ga","author":"Zuzana Syrov\u00e1 An\u00fd\u017eov\u00e1","date":"08\/10\/2014","format":false,"excerpt":"Vedle po\u0161tolky liter\u00e1rn\u00ed existuje i po\u0161tolka filmov\u00e1 - dokument\u00e1rn\u00ed. Nejzn\u00e1m\u011bj\u0161\u00ed je pravd\u011bpodobn\u011b \u0161v\u00e9dsk\u00fd dokument\u00a0 Falkens \u00f6ga (Oko po\u0161tolky nebo O\u010dima po\u0161tolky, kter\u00fd nato\u010dil dokumentarista Mikael Kristersson. \"V mal\u00e9m v\u00fdklenku na v\u011b\u017ei kostela ze 13. stolet\u00ed ve \u0161v\u00e9dsk\u00e9m p\u0159\u00edmo\u0159sk\u00e9m m\u011bste\u010dku Skan\u00f6r hn\u00edzd\u00ed ji\u017e po mnoho let p\u00e1rek po\u0161tolek obecn\u00fdch (Falco tinnunculus).\u2026","rel":"","context":"V \u201ePo\u0161tolka\u201c","block_context":{"text":"Po\u0161tolka","link":"https:\/\/tinnunculus.sy-sy.cz\/index.php\/category\/ostatni-zvirena\/ptaci\/dravec\/postolka\/"},"img":{"alt_text":"","src":"https:\/\/i0.wp.com\/tinnunculus.sy-sy.cz\/wp-content\/uploads\/2014\/10\/Kestrels_eye_02-1.jpg?resize=350%2C200&ssl=1","width":350,"height":200},"classes":[]},{"id":127,"url":"https:\/\/tinnunculus.sy-sy.cz\/index.php\/2014\/07\/31\/co-zrovna-asi-delaji-aneb-lovecke-zacatky\/","url_meta":{"origin":2014,"position":2},"title":"Co zrovna asi d\u011blaj\u00ed aneb loveck\u00e9 za\u010d\u00e1tky&#8230;","author":"Zuzana Syrov\u00e1 An\u00fd\u017eov\u00e1","date":"31\/07\/2014","format":false,"excerpt":"Kdy\u017e po\u0161tol\u010data opust\u00ed lod\u017eii i ulici, tak \u010dlov\u011bk dom\u00e1c\u00ed p\u0159em\u00fd\u0161l\u00ed, co asi d\u011blaj\u00ed...Mo\u017en\u00e1 zrovna hon\u00ed n\u011bkde kobylky jako po\u0161tol\u010de v dokumentu BBC Target practice:","rel":"","context":"V \u201ePo\u0161tolky a jin\u00e1 zv\u00ed\u0159ena kulturn\u00ed\u201c","block_context":{"text":"Po\u0161tolky a jin\u00e1 zv\u00ed\u0159ena kulturn\u00ed","link":"https:\/\/tinnunculus.sy-sy.cz\/index.php\/category\/ptaci-v-literature-filmu-a-vytvarnem-umeni\/"},"img":{"alt_text":"","src":"https:\/\/i0.wp.com\/tinnunculus.sy-sy.cz\/wp-content\/uploads\/2014\/07\/BBCII_TargetPractice_A.jpg?resize=350%2C200&ssl=1","width":350,"height":200,"srcset":"https:\/\/i0.wp.com\/tinnunculus.sy-sy.cz\/wp-content\/uploads\/2014\/07\/BBCII_TargetPractice_A.jpg?resize=350%2C200&ssl=1 1x, https:\/\/i0.wp.com\/tinnunculus.sy-sy.cz\/wp-content\/uploads\/2014\/07\/BBCII_TargetPractice_A.jpg?resize=525%2C300&ssl=1 1.5x, https:\/\/i0.wp.com\/tinnunculus.sy-sy.cz\/wp-content\/uploads\/2014\/07\/BBCII_TargetPractice_A.jpg?resize=700%2C400&ssl=1 2x"},"classes":[]},{"id":278,"url":"https:\/\/tinnunculus.sy-sy.cz\/index.php\/2016\/01\/16\/nature-namure-2015\/","url_meta":{"origin":2014,"position":3},"title":"Nature Namure 2015","author":"Zuzana Syrov\u00e1 An\u00fd\u017eov\u00e1","date":"16\/01\/2016","format":false,"excerpt":"Na lo\u0148sk\u00e9m festivalu v Namure se mezi ocen\u011bn\u00fdmi dokument\u00e1rn\u00edmi filmy objevil i vynikaj\u00edc\u00ed film o hn\u00edzd\u011bn\u00ed po\u0161tolky obecn\u00e9. Jeho autorem je Cees Van Kemten. \u00a0 Ke shl\u00e9dnut\u00ed i na https:\/\/iwp-wildlife.com\/video; sekvence l\u00edhnut\u00ed ml\u00e1\u010fat pak na https:\/\/youtu.be\/FHtC5a7zv7g. V roce 2016 vy\u0161lo na DVD De Terugkeer Van De Ijsvogel, Torenvalk En Bever\u2026","rel":"","context":"V \u201ePo\u0161tolka\u201c","block_context":{"text":"Po\u0161tolka","link":"https:\/\/tinnunculus.sy-sy.cz\/index.php\/category\/ostatni-zvirena\/ptaci\/dravec\/postolka\/"},"img":{"alt_text":"","src":"","width":0,"height":0},"classes":[]},{"id":2925,"url":"https:\/\/tinnunculus.sy-sy.cz\/index.php\/2018\/01\/31\/kes-slavi-padesatiny\/","url_meta":{"origin":2014,"position":4},"title":"Kes slav\u00ed pades\u00e1tiny","author":"Zuzana Syrov\u00e1 An\u00fd\u017eov\u00e1","date":"31\/01\/2018","format":false,"excerpt":"P\u0159ed pades\u00e1ti lety vy\u0161la kniha Barryho Hinese A kestrel for a knave, p\u0159\u00edb\u011bh patn\u00e1ctilet\u00e9ho chlapce Billy Caspera, syna yorkshirsk\u00e9ho horn\u00edka, jeho\u017e jedin\u00fdm p\u0159\u00edtelem je po\u0161tolka Kes. Na motivy knihy vznikl film re\u017eis\u00e9ra Kena Loache s n\u00e1zvem Kes, kter\u00fd Britsk\u00fd filmov\u00fd institut za\u0159adil mezi deset nejlep\u0161\u00edch britsk\u00fdch film\u016f dvac\u00e1t\u00e9ho stolet\u00ed.\u00a0 T\u0159i\u2026","rel":"","context":"V \u201ePo\u0161tolka\u201c","block_context":{"text":"Po\u0161tolka","link":"https:\/\/tinnunculus.sy-sy.cz\/index.php\/category\/ostatni-zvirena\/ptaci\/dravec\/postolka\/"},"img":{"alt_text":"","src":"https:\/\/i0.wp.com\/tinnunculus.sy-sy.cz\/wp-content\/uploads\/2018\/01\/harley_ms_2340_f050r.jpg?resize=350%2C200&ssl=1","width":350,"height":200,"srcset":"https:\/\/i0.wp.com\/tinnunculus.sy-sy.cz\/wp-content\/uploads\/2018\/01\/harley_ms_2340_f050r.jpg?resize=350%2C200&ssl=1 1x, https:\/\/i0.wp.com\/tinnunculus.sy-sy.cz\/wp-content\/uploads\/2018\/01\/harley_ms_2340_f050r.jpg?resize=525%2C300&ssl=1 1.5x, https:\/\/i0.wp.com\/tinnunculus.sy-sy.cz\/wp-content\/uploads\/2018\/01\/harley_ms_2340_f050r.jpg?resize=700%2C400&ssl=1 2x, https:\/\/i0.wp.com\/tinnunculus.sy-sy.cz\/wp-content\/uploads\/2018\/01\/harley_ms_2340_f050r.jpg?resize=1050%2C600&ssl=1 3x"},"classes":[]},{"id":241,"url":"https:\/\/tinnunculus.sy-sy.cz\/index.php\/2015\/07\/06\/na-lovu-i-na-uteku\/","url_meta":{"origin":2014,"position":5},"title":"Na lovu i&nbsp;na \u00fat\u011bku","author":"Zuzana Syrov\u00e1 An\u00fd\u017eov\u00e1","date":"06\/07\/2015","format":false,"excerpt":"O tom, jak po\u0161tolky lov\u00ed, jsme zde ji\u017e psali. Pro\u010d ten vyp\u016fj\u010den\u00fd n\u00e1zev? V na\u0161em dom\u00e1c\u00edm archivu fotografie ani videa z lovu nenajdeme. Tak\u017ee na to, co p\u0159edch\u00e1z\u00ed tomu, ne\u017e same\u010dek nebo sami\u010dka p\u0159inese po\u0161tol\u010dat\u016fm my\u0161e se mus\u00edme pod\u00edvat jinde. A kde jinde hledat ne\u017e v archivu BBC... Krom\u011b ji\u017e\u2026","rel":"","context":"V \u201eHrabo\u0161 poln\u00ed\u201c","block_context":{"text":"Hrabo\u0161 poln\u00ed","link":"https:\/\/tinnunculus.sy-sy.cz\/index.php\/category\/ostatni-zvirena\/savec\/mys-cs\/hrabos-polni\/"},"img":{"alt_text":"","src":"https:\/\/i0.wp.com\/tinnunculus.sy-sy.cz\/wp-content\/uploads\/2015\/07\/Arkive_KestrelVideo_08a.jpg?resize=350%2C200&ssl=1","width":350,"height":200},"classes":[]}],"jetpack_sharing_enabled":true,"_links":{"self":[{"href":"https:\/\/tinnunculus.sy-sy.cz\/index.php\/wp-json\/wp\/v2\/posts\/2014","targetHints":{"allow":["GET"]}}],"collection":[{"href":"https:\/\/tinnunculus.sy-sy.cz\/index.php\/wp-json\/wp\/v2\/posts"}],"about":[{"href":"https:\/\/tinnunculus.sy-sy.cz\/index.php\/wp-json\/wp\/v2\/types\/post"}],"author":[{"embeddable":true,"href":"https:\/\/tinnunculus.sy-sy.cz\/index.php\/wp-json\/wp\/v2\/users\/2"}],"replies":[{"embeddable":true,"href":"https:\/\/tinnunculus.sy-sy.cz\/index.php\/wp-json\/wp\/v2\/comments?post=2014"}],"version-history":[{"count":2,"href":"https:\/\/tinnunculus.sy-sy.cz\/index.php\/wp-json\/wp\/v2\/posts\/2014\/revisions"}],"predecessor-version":[{"id":44683,"href":"https:\/\/tinnunculus.sy-sy.cz\/index.php\/wp-json\/wp\/v2\/posts\/2014\/revisions\/44683"}],"wp:attachment":[{"href":"https:\/\/tinnunculus.sy-sy.cz\/index.php\/wp-json\/wp\/v2\/media?parent=2014"}],"wp:term":[{"taxonomy":"category","embeddable":true,"href":"https:\/\/tinnunculus.sy-sy.cz\/index.php\/wp-json\/wp\/v2\/categories?post=2014"},{"taxonomy":"post_tag","embeddable":true,"href":"https:\/\/tinnunculus.sy-sy.cz\/index.php\/wp-json\/wp\/v2\/tags?post=2014"}],"curies":[{"name":"wp","href":"https:\/\/api.w.org\/{rel}","templated":true}]}}