{"id":185,"date":"2015-03-26T19:25:28","date_gmt":"2015-03-26T18:25:28","guid":{"rendered":"http:\/\/tinnunculus.sy-sy.cz\/index.php\/2015\/03\/26\/velikonoce-se-blizi\/"},"modified":"2025-12-14T22:00:12","modified_gmt":"2025-12-14T21:00:12","slug":"velikonoce-se-blizi","status":"publish","type":"post","link":"https:\/\/tinnunculus.sy-sy.cz\/index.php\/2015\/03\/26\/velikonoce-se-blizi\/","title":{"rendered":"Velikonoce se bl\u00ed\u017e\u00ed"},"content":{"rendered":"<p>Bl\u00ed\u017e\u00ed-li se velikonoce, je t\u0159eba se poohlednout po&nbsp;vejc\u00edch. Jak to letos vypad\u00e1 s&nbsp;t\u011bmi po\u0161tol\u010d\u00edmi? Na n\u011bkter\u00fdch hn\u00edzdech sledovan\u00fdch v&nbsp;\u017eiv\u00e9m p\u0159enosu se u\u017e vejce objevila. Rekordmankou je v&nbsp;tomto ohledu z\u0159ejm\u011b sami\u010dka z&nbsp;Blatn\u00e9, kter\u00e1 snesla letos prvn\u00ed vejce u\u017e 22.&nbsp;b\u0159ezna.<\/p>\n<p><img data-recalc-dims=\"1\" loading=\"lazy\" decoding=\"async\" data-attachment-id=\"31589\" data-permalink=\"https:\/\/tinnunculus.sy-sy.cz\/index.php\/2015\/03\/26\/velikonoce-se-blizi\/blatna_20150326-1645a\/\" data-orig-file=\"https:\/\/i0.wp.com\/tinnunculus.sy-sy.cz\/wp-content\/uploads\/2015\/03\/blatna_20150326-1645a.jpg?fit=662%2C461&amp;ssl=1\" data-orig-size=\"662,461\" data-comments-opened=\"1\" data-image-meta=\"{&quot;aperture&quot;:&quot;0&quot;,&quot;credit&quot;:&quot;&quot;,&quot;camera&quot;:&quot;&quot;,&quot;caption&quot;:&quot;&quot;,&quot;created_timestamp&quot;:&quot;0&quot;,&quot;copyright&quot;:&quot;&quot;,&quot;focal_length&quot;:&quot;0&quot;,&quot;iso&quot;:&quot;0&quot;,&quot;shutter_speed&quot;:&quot;0&quot;,&quot;title&quot;:&quot;&quot;,&quot;orientation&quot;:&quot;0&quot;}\" data-image-title=\"blatna_20150326-1645a\" data-image-description=\"\" data-image-caption=\"\" data-large-file=\"https:\/\/i0.wp.com\/tinnunculus.sy-sy.cz\/wp-content\/uploads\/2015\/03\/blatna_20150326-1645a.jpg?fit=525%2C366&amp;ssl=1\" class=\"aligncenter wp-image-31589 size-full\" src=\"https:\/\/i0.wp.com\/tinnunculus.sy-sy.cz\/wp-content\/uploads\/2015\/03\/blatna_20150326-1645a.jpg?resize=525%2C366&#038;ssl=1\" alt=\"\" width=\"525\" height=\"366\" srcset=\"https:\/\/i0.wp.com\/tinnunculus.sy-sy.cz\/wp-content\/uploads\/2015\/03\/blatna_20150326-1645a.jpg?w=662&amp;ssl=1 662w, https:\/\/i0.wp.com\/tinnunculus.sy-sy.cz\/wp-content\/uploads\/2015\/03\/blatna_20150326-1645a.jpg?resize=300%2C209&amp;ssl=1 300w\" sizes=\"auto, (max-width: 525px) 100vw, 525px\" \/><\/p>\n<p style=\"text-align: center;\">\u00a0<em>Hrd\u00e1 po\u0161tolka z&nbsp;Blatn\u00e9 po&nbsp;snesen\u00ed t\u0159et\u00edho vejce (2015\/03\/26)<\/em><\/p>\n<p style=\"text-align: left;\" align=\"center\"><em>Pozn: Informace o&nbsp;p\u0159\u00edm\u00e9m p\u0159enosu z&nbsp;hn\u00edzd\u011bn\u00ed po\u0161tolky obecn\u00e9 v&nbsp;Blatn\u00e9 spolu s&nbsp;odkazy najdete <a href=\"https:\/\/tinnunculus.sy-sy.cz\/index.php\/portfolio\/cz-blatna\/\" target=\"_blank\" rel=\"noopener noreferrer\">zde<\/a>. <\/em><\/p>\n","protected":false},"excerpt":{"rendered":"<p>Bl\u00ed\u017e\u00ed-li se velikonoce, je t\u0159eba se poohlednout po&nbsp;vejc\u00edch. Jak to letos vypad\u00e1 s&nbsp;t\u011bmi po\u0161tol\u010d\u00edmi? Na n\u011bkter\u00fdch hn\u00edzdech sledovan\u00fdch v&nbsp;\u017eiv\u00e9m p\u0159enosu se u\u017e vejce objevila. Rekordmankou je v&nbsp;tomto ohledu z\u0159ejm\u011b sami\u010dka z&nbsp;Blatn\u00e9, kter\u00e1 snesla letos prvn\u00ed vejce u\u017e 22.&nbsp;b\u0159ezna. \u00a0Hrd\u00e1 po\u0161tolka z&nbsp;Blatn\u00e9 po&nbsp;snesen\u00ed t\u0159et\u00edho vejce (2015\/03\/26) Pozn: Informace o&nbsp;p\u0159\u00edm\u00e9m p\u0159enosu z&nbsp;hn\u00edzd\u011bn\u00ed po\u0161tolky obecn\u00e9 v&nbsp;Blatn\u00e9 spolu s&nbsp;odkazy &hellip; <\/p>\n<p class=\"link-more\"><a href=\"https:\/\/tinnunculus.sy-sy.cz\/index.php\/2015\/03\/26\/velikonoce-se-blizi\/\" class=\"more-link\">Pokra\u010dovat ve \u010dten\u00ed<span class=\"screen-reader-text\"> &#8222;Velikonoce se bl\u00ed\u017e\u00ed&#8220;<\/span><\/a><\/p>\n","protected":false},"author":2,"featured_media":0,"comment_status":"closed","ping_status":"open","sticky":false,"template":"","format":"standard","meta":{"jetpack_post_was_ever_published":false,"_jetpack_newsletter_access":"","_jetpack_dont_email_post_to_subs":false,"_jetpack_newsletter_tier_id":0,"_jetpack_memberships_contains_paywalled_content":false,"_jetpack_memberships_contains_paid_content":false,"footnotes":""},"categories":[218,150,105,110,114],"tags":[20,30,91,10,81,387,27],"class_list":["post-185","post","type-post","status-publish","format-standard","hentry","category-falco-tinnunculus-online","category-odjinud","category-postolka","category-postolka-obecna","category-zivy-prenos","tag-20","tag-ps_55","tag-ps_95","tag-ps_41","tag-ps_65","tag-velikonoce","tag-ps_13"],"jetpack_featured_media_url":"","jetpack_shortlink":"https:\/\/wp.me\/p91gKE-2Z","jetpack-related-posts":[{"id":4395,"url":"https:\/\/tinnunculus.sy-sy.cz\/index.php\/2018\/03\/27\/velikonocni-vejce\/","url_meta":{"origin":185,"position":0},"title":"Velikono\u010dn\u00ed vejce","author":"Zuzana Syrov\u00e1 An\u00fd\u017eov\u00e1","date":"27\/03\/2018","format":false,"excerpt":"U n\u00e1s z\u0159ejm\u011b velikono\u010dn\u00ed vejce po\u0161tolky ani brhl\u00edci nestihnou. V Blatn\u00e9 u\u017e je ale maj\u00ed. Jak se uk\u00e1zalo na \u010derstv\u011b znovuspu\u0161t\u011bn\u00e9m p\u0159enosu z hn\u00edzda na budov\u011b domova ml\u00e1de\u017ee p\u0159i SO\u015a, maj\u00ed dokonce vejce dv\u011b. Je\u0161t\u011b r\u00e1no byla vejce t\u0159i, tak jak ostatn\u011b uv\u00e1d\u00ed i z\u00e1znam z 24. 3. 2018 v\u2026","rel":"","context":"V \u201eFalco tinnunculus online\u201c","block_context":{"text":"Falco tinnunculus online","link":"https:\/\/tinnunculus.sy-sy.cz\/index.php\/category\/zivy-prenos\/odjinud\/falco-tinnunculus-online\/"},"img":{"alt_text":"","src":"https:\/\/i0.wp.com\/tinnunculus.sy-sy.cz\/wp-content\/uploads\/2018\/03\/Screenshot-2018-3-27-SO%C5%A0-Blatn%C3%A1-Po%C5%A1tolky-v.jpg?resize=350%2C200&ssl=1","width":350,"height":200,"srcset":"https:\/\/i0.wp.com\/tinnunculus.sy-sy.cz\/wp-content\/uploads\/2018\/03\/Screenshot-2018-3-27-SO%C5%A0-Blatn%C3%A1-Po%C5%A1tolky-v.jpg?resize=350%2C200&ssl=1 1x, https:\/\/i0.wp.com\/tinnunculus.sy-sy.cz\/wp-content\/uploads\/2018\/03\/Screenshot-2018-3-27-SO%C5%A0-Blatn%C3%A1-Po%C5%A1tolky-v.jpg?resize=525%2C300&ssl=1 1.5x"},"classes":[]},{"id":211,"url":"https:\/\/tinnunculus.sy-sy.cz\/index.php\/2015\/05\/02\/co-se-deje-v-postolcich-hnizdech\/","url_meta":{"origin":185,"position":1},"title":"Co se d\u011bje v&nbsp;po\u0161tol\u010d\u00edch hn\u00edzdech","author":"Zuzana Syrov\u00e1 An\u00fd\u017eov\u00e1","date":"02\/05\/2015","format":false,"excerpt":"M\u00e1j jest nejen l\u00e1sky \u010dasem, ale u po\u0161tolek i \u010dasem hn\u00edzd\u011bn\u00ed. Nahl\u00e9dneme-li do po\u0161tol\u010d\u00edch hn\u00edzd pomoc\u00ed webov\u00fdch kamer (jejich p\u0159ehled pro rok 2015 je dostupn\u00fd zde), vid\u00edme, \u017ee hn\u00edzdn\u00ed sez\u00f3na je opravdu v pln\u00e9m proudu. Jako ka\u017edoro\u010dn\u011b jsou n\u011bkter\u00e9 kamery nam\u00ed\u0159eny na m\u00edsta, kde se oproti minul\u00fdm let\u016fm po\u0161tolky vyskytuj\u00ed\u2026","rel":"","context":"V \u201eFalco tinnunculus online\u201c","block_context":{"text":"Falco tinnunculus online","link":"https:\/\/tinnunculus.sy-sy.cz\/index.php\/category\/zivy-prenos\/odjinud\/falco-tinnunculus-online\/"},"img":{"alt_text":"","src":"https:\/\/i0.wp.com\/tinnunculus.sy-sy.cz\/wp-content\/uploads\/2015\/05\/dettingen_20150502-2010a.jpg?resize=350%2C200&ssl=1","width":350,"height":200},"classes":[]},{"id":294,"url":"https:\/\/tinnunculus.sy-sy.cz\/index.php\/2016\/03\/19\/velikonoce-bez-vajec\/","url_meta":{"origin":185,"position":2},"title":"Velikonoce bez vajec?","author":"Zuzana Syrov\u00e1 An\u00fd\u017eov\u00e1","date":"19\/03\/2016","format":false,"excerpt":"Velikonoce se u\u017e kvapem bl\u00ed\u017e\u00ed, ale i kdy\u017e ruch kolem m\u00edst, kter\u00e1 si po\u0161tolky vyhl\u00e9dly nejen u n\u00e1s k zahn\u00edzd\u011bn\u00ed, \u010dil\u00fd, tak se mo\u017en\u00e1 po\u0161tol\u010d\u00edch velikono\u010dn\u00edch vajec letos nedo\u010dk\u00e1me. A tak jsme pou\u017eili ku p\u0159\u00e1n\u00ed vesel\u00fdch sv\u00e1tk\u016f velikono\u010dn\u00edch v\u0161em p\u0159\u00e1tel\u016fm po\u0161tolek star\u0161\u00ed sn\u00edmek prvn\u00edho kr\u00e1sn\u011b kropenat\u00e9ho vejce z roku 2009.\u2026","rel":"","context":"V \u201e\"Na\u0161e\" po\u0161tolky\u201c","block_context":{"text":"\"Na\u0161e\" po\u0161tolky","link":"https:\/\/tinnunculus.sy-sy.cz\/index.php\/category\/nasi\/nase-postolky\/"},"img":{"alt_text":"","src":"https:\/\/i0.wp.com\/tinnunculus.sy-sy.cz\/wp-content\/uploads\/2016\/03\/velikonoce_2016-1024x722.jpg?resize=350%2C200&ssl=1","width":350,"height":200,"srcset":"https:\/\/i0.wp.com\/tinnunculus.sy-sy.cz\/wp-content\/uploads\/2016\/03\/velikonoce_2016-1024x722.jpg?resize=350%2C200&ssl=1 1x, https:\/\/i0.wp.com\/tinnunculus.sy-sy.cz\/wp-content\/uploads\/2016\/03\/velikonoce_2016-1024x722.jpg?resize=525%2C300&ssl=1 1.5x"},"classes":[]},{"id":40596,"url":"https:\/\/tinnunculus.sy-sy.cz\/index.php\/2025\/03\/23\/vejce-online\/","url_meta":{"origin":185,"position":3},"title":"Vejce online","author":"Zuzana Syrov\u00e1 An\u00fd\u017eov\u00e1","date":"23\/03\/2025","format":false,"excerpt":"Aneb o tom, \u017ee zat\u00edmco u n\u00e1s si na prvn\u00ed leto\u0161n\u00ed vejce budeme muset je\u0161t\u011b po\u010dkat, jinde u\u017e je maj\u00ed.","rel":"","context":"V \u201eDravec\u201c","block_context":{"text":"Dravec","link":"https:\/\/tinnunculus.sy-sy.cz\/index.php\/category\/ostatni-zvirena\/ptaci\/dravec\/"},"img":{"alt_text":"","src":"https:\/\/i0.wp.com\/tinnunculus.sy-sy.cz\/wp-content\/uploads\/2025\/03\/Blatna-2-20250322-2-e1742728526279.jpg?resize=350%2C200&ssl=1","width":350,"height":200,"srcset":"https:\/\/i0.wp.com\/tinnunculus.sy-sy.cz\/wp-content\/uploads\/2025\/03\/Blatna-2-20250322-2-e1742728526279.jpg?resize=350%2C200&ssl=1 1x, https:\/\/i0.wp.com\/tinnunculus.sy-sy.cz\/wp-content\/uploads\/2025\/03\/Blatna-2-20250322-2-e1742728526279.jpg?resize=525%2C300&ssl=1 1.5x, https:\/\/i0.wp.com\/tinnunculus.sy-sy.cz\/wp-content\/uploads\/2025\/03\/Blatna-2-20250322-2-e1742728526279.jpg?resize=700%2C400&ssl=1 2x"},"classes":[]},{"id":7514,"url":"https:\/\/tinnunculus.sy-sy.cz\/index.php\/2019\/04\/17\/nedate-li-malovany-dejte-aspon-bily\/","url_meta":{"origin":185,"position":4},"title":"Ned\u00e1te-li malovan\u00fd, dejte aspo\u0148 b\u00edl\u00fd","author":"Zuzana Syrov\u00e1 An\u00fd\u017eov\u00e1","date":"17\/04\/2019","format":false,"excerpt":"Aneb o tom, jak to vypad\u00e1 s velikono\u010dn\u00edmi vejce a co se v tomto sm\u011bru odehr\u00e1v\u00e1 u n\u00e1s i jinde ve sv\u011bt\u011b.","rel":"","context":"V \u201eDravec\u201c","block_context":{"text":"Dravec","link":"https:\/\/tinnunculus.sy-sy.cz\/index.php\/category\/ostatni-zvirena\/ptaci\/dravec\/"},"img":{"alt_text":"","src":"https:\/\/i0.wp.com\/tinnunculus.sy-sy.cz\/wp-content\/uploads\/2019\/04\/Kestrel_nest_03-1024x768.jpg?resize=350%2C200&ssl=1","width":350,"height":200,"srcset":"https:\/\/i0.wp.com\/tinnunculus.sy-sy.cz\/wp-content\/uploads\/2019\/04\/Kestrel_nest_03-1024x768.jpg?resize=350%2C200&ssl=1 1x, https:\/\/i0.wp.com\/tinnunculus.sy-sy.cz\/wp-content\/uploads\/2019\/04\/Kestrel_nest_03-1024x768.jpg?resize=525%2C300&ssl=1 1.5x"},"classes":[]},{"id":4576,"url":"https:\/\/tinnunculus.sy-sy.cz\/index.php\/2018\/04\/07\/prvni-vejce-ale-ne-u-nas\/","url_meta":{"origin":185,"position":5},"title":"Prvn\u00ed vejce, ale ne u&nbsp;n\u00e1s","author":"Zuzana Syrov\u00e1 An\u00fd\u017eov\u00e1","date":"07\/04\/2018","format":false,"excerpt":"V hn\u00edzdech ost\u0159e sledovan\u00fdch ve sv\u011bt\u011b mimo na\u0161i lod\u017eii se objevilo v\u010dera po\u0161tol\u010d\u00ed vejce. Prvn\u00ed po t\u011bch zmizel\u00fdch v Blatn\u00e9. Stalo se tak v Holandsku na vod\u00e1rensk\u00e9 v\u011b\u017ei ve Hoovegeen. Jak vidno na dne\u0161n\u00edm rann\u00edm sn\u00edmku je kr\u00e1sn\u011b zrzav\u00e9, zkr\u00e1tka p\u0159esn\u011b takov\u00e9, jak m\u00e1 spr\u00e1vce po\u0161tol\u010d\u00ed vejce b\u00fdt. P\u0159ehled dal\u0161\u00edch\u2026","rel":"","context":"V \u201eFalco tinnunculus online\u201c","block_context":{"text":"Falco tinnunculus online","link":"https:\/\/tinnunculus.sy-sy.cz\/index.php\/category\/zivy-prenos\/odjinud\/falco-tinnunculus-online\/"},"img":{"alt_text":"","src":"https:\/\/i0.wp.com\/tinnunculus.sy-sy.cz\/wp-content\/uploads\/2018\/04\/WMD20180407-e1523085815576.jpg?resize=350%2C200&ssl=1","width":350,"height":200,"srcset":"https:\/\/i0.wp.com\/tinnunculus.sy-sy.cz\/wp-content\/uploads\/2018\/04\/WMD20180407-e1523085815576.jpg?resize=350%2C200&ssl=1 1x, https:\/\/i0.wp.com\/tinnunculus.sy-sy.cz\/wp-content\/uploads\/2018\/04\/WMD20180407-e1523085815576.jpg?resize=525%2C300&ssl=1 1.5x, https:\/\/i0.wp.com\/tinnunculus.sy-sy.cz\/wp-content\/uploads\/2018\/04\/WMD20180407-e1523085815576.jpg?resize=700%2C400&ssl=1 2x"},"classes":[]}],"jetpack_sharing_enabled":true,"_links":{"self":[{"href":"https:\/\/tinnunculus.sy-sy.cz\/index.php\/wp-json\/wp\/v2\/posts\/185","targetHints":{"allow":["GET"]}}],"collection":[{"href":"https:\/\/tinnunculus.sy-sy.cz\/index.php\/wp-json\/wp\/v2\/posts"}],"about":[{"href":"https:\/\/tinnunculus.sy-sy.cz\/index.php\/wp-json\/wp\/v2\/types\/post"}],"author":[{"embeddable":true,"href":"https:\/\/tinnunculus.sy-sy.cz\/index.php\/wp-json\/wp\/v2\/users\/2"}],"replies":[{"embeddable":true,"href":"https:\/\/tinnunculus.sy-sy.cz\/index.php\/wp-json\/wp\/v2\/comments?post=185"}],"version-history":[{"count":3,"href":"https:\/\/tinnunculus.sy-sy.cz\/index.php\/wp-json\/wp\/v2\/posts\/185\/revisions"}],"predecessor-version":[{"id":45205,"href":"https:\/\/tinnunculus.sy-sy.cz\/index.php\/wp-json\/wp\/v2\/posts\/185\/revisions\/45205"}],"wp:attachment":[{"href":"https:\/\/tinnunculus.sy-sy.cz\/index.php\/wp-json\/wp\/v2\/media?parent=185"}],"wp:term":[{"taxonomy":"category","embeddable":true,"href":"https:\/\/tinnunculus.sy-sy.cz\/index.php\/wp-json\/wp\/v2\/categories?post=185"},{"taxonomy":"post_tag","embeddable":true,"href":"https:\/\/tinnunculus.sy-sy.cz\/index.php\/wp-json\/wp\/v2\/tags?post=185"}],"curies":[{"name":"wp","href":"https:\/\/api.w.org\/{rel}","templated":true}]}}