{"id":180,"date":"2015-02-26T08:26:19","date_gmt":"2015-02-26T06:26:19","guid":{"rendered":"http:\/\/tinnunculus.sy-sy.cz\/index.php\/2015\/02\/26\/predzvest-jara\/"},"modified":"2026-03-21T08:39:23","modified_gmt":"2026-03-21T07:39:23","slug":"predzvest-jara","status":"publish","type":"post","link":"https:\/\/tinnunculus.sy-sy.cz\/index.php\/2015\/02\/26\/predzvest-jara\/","title":{"rendered":"P\u0159edzv\u011bst jara"},"content":{"rendered":"<p>Tak od 13.&nbsp;\u00fanora u\u017e jsou tady. On a&nbsp;ona. Objev\u00ed se n\u011bkolikr\u00e1t za den s&nbsp;v\u00fdjimkou t\u011bch dn\u016f, kdy by po\u0161tolku nevyhnal, jako bylo toto pond\u011bl\u00ed, kdy se mlha dala kr\u00e1jet. Na noc n\u011bkam miz\u00ed a&nbsp;p\u0159es den se zat\u00edm moc nezaj\u00edmaj\u00ed ani o&nbsp;hn\u00edzdo. Ale dnes r\u00e1no u\u017e piln\u011b utu\u017eovali sv\u016fj svazek na z\u00e1bradl\u00ed.<\/p>\n<div style=\"width: 525px;\" class=\"wp-video\"><video class=\"wp-video-shortcode\" id=\"video-180-1\" width=\"525\" height=\"295\" preload=\"metadata\" controls=\"controls\"><source type=\"video\/mp4\" src=\"https:\/\/tinnunculus.sy-sy.cz\/wp-content\/uploads\/2015\/02\/20150226-080118-1424934078.mp4?_=1\" \/><a href=\"https:\/\/tinnunculus.sy-sy.cz\/wp-content\/uploads\/2015\/02\/20150226-080118-1424934078.mp4\">https:\/\/tinnunculus.sy-sy.cz\/wp-content\/uploads\/2015\/02\/20150226-080118-1424934078.mp4<\/a><\/video><\/div>\n<p style=\"text-align: center;\"><em>P\u00e1\u0159en\u00ed na z\u00e1bradl\u00ed (2015\/02\/26). <\/em><\/p>\n<p>Aktu\u00e1ln\u00ed d\u011bn\u00ed zaznamen\u00e1vaj\u00ed st\u00e1le je\u0161t\u011b pouze dv\u011b zimn\u00ed kamery a&nbsp;je mo\u017eno je sledovat\u00a0 <a href=\"https:\/\/tinnunculus.sy-sy.cz\/index.php\/axis-live-view\/\">zde<\/a>.<\/p>\n<p>Od 28.&nbsp;2.&nbsp;2015 jsou spu\u0161t\u011bny dal\u0161\u00ed t\u0159i kamery. Na obvykl\u00fdch m\u00edstech je tedy mo\u017eno op\u011bt sledovat aktuality z&nbsp;d\u011bn\u00ed <em><a title=\"Co se d\u011bje na hn\u00edzd\u011b\" href=\"https:\/\/tinnunculus.sy-sy.cz\/index.php\/v-primem-prenosu\/\">na hn\u00edzd\u011b<\/a><\/em> a&nbsp;<em><a title=\"Co se d\u011bje v lod\u017eii\" href=\"https:\/\/tinnunculus.sy-sy.cz\/index.php\/v-primem-prenosu\/\">v lod\u017eii<\/a><\/em>.<\/p>\n","protected":false},"excerpt":{"rendered":"<p>Tak od 13.&nbsp;\u00fanora u\u017e jsou tady. On a&nbsp;ona. Objev\u00ed se n\u011bkolikr\u00e1t za den s&nbsp;v\u00fdjimkou t\u011bch dn\u016f, kdy by po\u0161tolku nevyhnal, jako bylo toto pond\u011bl\u00ed, kdy se mlha dala kr\u00e1jet. Na noc n\u011bkam miz\u00ed a&nbsp;p\u0159es den se zat\u00edm moc nezaj\u00edmaj\u00ed ani o&nbsp;hn\u00edzdo. Ale dnes r\u00e1no u\u017e piln\u011b utu\u017eovali sv\u016fj svazek na z\u00e1bradl\u00ed. P\u00e1\u0159en\u00ed na z\u00e1bradl\u00ed (2015\/02\/26). &hellip; <\/p>\n<p class=\"link-more\"><a href=\"https:\/\/tinnunculus.sy-sy.cz\/index.php\/2015\/02\/26\/predzvest-jara\/\" class=\"more-link\">Pokra\u010dovat ve \u010dten\u00ed<span class=\"screen-reader-text\"> &#8222;P\u0159edzv\u011bst jara&#8220;<\/span><\/a><\/p>\n","protected":false},"author":2,"featured_media":0,"comment_status":"closed","ping_status":"open","sticky":false,"template":"","format":"standard","meta":{"jetpack_post_was_ever_published":false,"_jetpack_newsletter_access":"","_jetpack_dont_email_post_to_subs":false,"_jetpack_newsletter_tier_id":0,"_jetpack_memberships_contains_paywalled_content":false,"_jetpack_memberships_contains_paid_content":false,"footnotes":""},"categories":[147,116,149,105,110,1596,114],"tags":[20,80,90,91],"class_list":["post-180","post","type-post","status-publish","format-standard","hentry","category-nase-postolky","category-nasi","category-z-nasi-lodzie","category-postolka","category-postolka-obecna","category-postolky-z-nasi-lodzie","category-zivy-prenos","tag-20","tag-ps_90","tag-ps_96","tag-ps_95"],"jetpack_featured_media_url":"","jetpack_shortlink":"https:\/\/wp.me\/p91gKE-2U","jetpack-related-posts":[{"id":181,"url":"https:\/\/tinnunculus.sy-sy.cz\/index.php\/2015\/02\/27\/predjarni-prace\/","url_meta":{"origin":180,"position":0},"title":"(P\u0159ed)jarn\u00ed pr\u00e1ce","author":"Zuzana Syrov\u00e1 An\u00fd\u017eov\u00e1","date":"27\/02\/2015","format":false,"excerpt":"Nejen po\u0161tolky se p\u0159ipravuj\u00ed na novou hn\u00edzdn\u00ed sez\u00f3nu. My lid\u00e9 jsme provedli p\u0159edjarn\u00ed \u00faklid lod\u017eie po zim\u011b. Hn\u00edzdn\u00ed kout byl opat\u0159en \u010distou podest\u00fdlkou a jak je vidno na ilustraci, tato \u010dinnost neunikla ostr\u00e9mu po\u0161tol\u010d\u00edmu zraku. \u00a0Same\u010dek kontroluje, zde \u00faprava hn\u00edzdn\u00edho kouta prob\u00edh\u00e1 podle jeho p\u0159edstav (2015\/02\/27).Mimo dv\u011b kamery, kter\u00e9 n\u00e1s\u2026","rel":"","context":"V \u201e\"Na\u0161e\" po\u0161tolky\u201c","block_context":{"text":"\"Na\u0161e\" po\u0161tolky","link":"https:\/\/tinnunculus.sy-sy.cz\/index.php\/category\/nasi\/nase-postolky\/"},"img":{"alt_text":"","src":"https:\/\/i0.wp.com\/tinnunculus.sy-sy.cz\/wp-content\/uploads\/2015\/02\/20150227-1456333021-1024x640.jpg?resize=350%2C200&ssl=1","width":350,"height":200,"srcset":"https:\/\/i0.wp.com\/tinnunculus.sy-sy.cz\/wp-content\/uploads\/2015\/02\/20150227-1456333021-1024x640.jpg?resize=350%2C200&ssl=1 1x, https:\/\/i0.wp.com\/tinnunculus.sy-sy.cz\/wp-content\/uploads\/2015\/02\/20150227-1456333021-1024x640.jpg?resize=525%2C300&ssl=1 1.5x"},"classes":[]},{"id":388,"url":"https:\/\/tinnunculus.sy-sy.cz\/index.php\/2017\/04\/02\/happy-bird-day\/","url_meta":{"origin":180,"position":1},"title":"Happy bird day","author":"Zuzana Syrov\u00e1 An\u00fd\u017eov\u00e1","date":"02\/04\/2017","format":false,"excerpt":"Na prvn\u00edho dubna, jak mo\u017en\u00e1 je\u0161t\u011b ne v\u0161eobecn\u011b zn\u00e1mo, p\u0159ipad\u00e1 mezin\u00e1rodn\u00ed den ptactva. Na\u0161e po\u0161tolky ho oslavili tradi\u010dn\u011b: Prakticky cel\u00e9 dopoledne se v\u011bnovaly \u010dinnostem nezbytn\u00fdm pro zalo\u017een\u00ed hn\u00edzda. Zd\u00e1 se, \u017ee star\u00e9 hn\u00edzdo v kout\u011b za sk\u0159\u00ed\u0148kou opravdu u\u017e nen\u00ed to prav\u00e9 a nast\u00e1v\u00e1 nov\u00e1 \u00e9ra hn\u00edzd\u011bn\u00ed pod bid\u00fdlky u\u2026","rel":"","context":"V \u201e\"Na\u0161e\" po\u0161tolky\u201c","block_context":{"text":"\"Na\u0161e\" po\u0161tolky","link":"https:\/\/tinnunculus.sy-sy.cz\/index.php\/category\/nasi\/nase-postolky\/"},"img":{"alt_text":"","src":"https:\/\/i0.wp.com\/tinnunculus.sy-sy.cz\/wp-content\/uploads\/2017\/04\/20170401_08-44-00-1024x640.jpg?resize=350%2C200&ssl=1","width":350,"height":200,"srcset":"https:\/\/i0.wp.com\/tinnunculus.sy-sy.cz\/wp-content\/uploads\/2017\/04\/20170401_08-44-00-1024x640.jpg?resize=350%2C200&ssl=1 1x, https:\/\/i0.wp.com\/tinnunculus.sy-sy.cz\/wp-content\/uploads\/2017\/04\/20170401_08-44-00-1024x640.jpg?resize=525%2C300&ssl=1 1.5x"},"classes":[]},{"id":282,"url":"https:\/\/tinnunculus.sy-sy.cz\/index.php\/2016\/02\/13\/plus-tri\/","url_meta":{"origin":180,"position":2},"title":"Plus t\u0159i","author":"Zuzana Syrov\u00e1 An\u00fd\u017eov\u00e1","date":"13\/02\/2016","format":false,"excerpt":"Po\u0161tol\u010d\u00ed p\u00e1r, kter\u00fd s n\u00e1mi tr\u00e1v\u00ed tuto zimu, bere p\u0159edja\u0159\u00ed docela v\u00e1\u017en\u011b. S notnou d\u00e1vkou p\u0159edjarn\u00edho optimismu jsme tedy dnes odpoledne (13.2.2016) zprovoznili p\u0159enos z lod\u017eie dal\u0161\u00edmi t\u0159emi kamerami a jednu ze dvou zimn\u00edch op\u011bt p\u0159esm\u011brovali do hn\u00edzda. M\u016f\u017eete tedy op\u011bt detailn\u011bji sledovat d\u011bn\u00ed na hn\u00edzd\u011b i v lod\u017eii. Se\u2026","rel":"","context":"V \u201e\"Na\u0161e\" po\u0161tolky\u201c","block_context":{"text":"\"Na\u0161e\" po\u0161tolky","link":"https:\/\/tinnunculus.sy-sy.cz\/index.php\/category\/nasi\/nase-postolky\/"},"img":{"alt_text":"","src":"","width":0,"height":0},"classes":[]},{"id":31890,"url":"https:\/\/tinnunculus.sy-sy.cz\/index.php\/2024\/02\/19\/predjarni-den\/","url_meta":{"origin":180,"position":3},"title":"P\u0159edjarn\u00ed den","author":"Zuzana Syrov\u00e1 An\u00fd\u017eov\u00e1","date":"19\/02\/2024","format":false,"excerpt":"Aneb tom, jak \"na\u0161e\" po\u0161tolky str\u00e1vily jeden ru\u0161n\u00fd p\u0159edjarn\u00ed den.","rel":"","context":"V \u201e\"Na\u0161e\" po\u0161tolky\u201c","block_context":{"text":"\"Na\u0161e\" po\u0161tolky","link":"https:\/\/tinnunculus.sy-sy.cz\/index.php\/category\/nasi\/nase-postolky\/"},"img":{"alt_text":"","src":"https:\/\/i0.wp.com\/tinnunculus.sy-sy.cz\/wp-content\/uploads\/2024\/02\/20240219-1031514008-e1708377616334.jpg?resize=350%2C200&ssl=1","width":350,"height":200,"srcset":"https:\/\/i0.wp.com\/tinnunculus.sy-sy.cz\/wp-content\/uploads\/2024\/02\/20240219-1031514008-e1708377616334.jpg?resize=350%2C200&ssl=1 1x, https:\/\/i0.wp.com\/tinnunculus.sy-sy.cz\/wp-content\/uploads\/2024\/02\/20240219-1031514008-e1708377616334.jpg?resize=525%2C300&ssl=1 1.5x, https:\/\/i0.wp.com\/tinnunculus.sy-sy.cz\/wp-content\/uploads\/2024\/02\/20240219-1031514008-e1708377616334.jpg?resize=700%2C400&ssl=1 2x"},"classes":[]},{"id":268,"url":"https:\/\/tinnunculus.sy-sy.cz\/index.php\/2015\/11\/07\/druhe-jaro\/","url_meta":{"origin":180,"position":4},"title":"Druh\u00e9 jaro?","author":"Zuzana Syrov\u00e1 An\u00fd\u017eov\u00e1","date":"07\/11\/2015","format":false,"excerpt":"U\u017e z toho, jak same\u010dek za\u010dal nosit v z\u00e1\u0159\u00ed sami\u010dce hrabo\u0161e bylo jasn\u00e9, \u017ee na n\u011bho p\u0159ich\u00e1z\u00ed druh\u00e9 jaro. I kdy\u017e u\u017e je listopad, tak drobnou pozornost donese skoro ka\u017ed\u00fd den a pravideln\u011b p\u0159ed sami\u010dkou p\u0159edv\u00e1d\u00ed, jak\u00fdm je budovatelem hn\u00edzd. D\u016flek, kter\u00fd vyvrt\u011bl, je dokonal\u00fd. A skoro ka\u017ed\u00e9 r\u00e1no se\u2026","rel":"","context":"V \u201e\"Na\u0161e\" po\u0161tolky\u201c","block_context":{"text":"\"Na\u0161e\" po\u0161tolky","link":"https:\/\/tinnunculus.sy-sy.cz\/index.php\/category\/nasi\/nase-postolky\/"},"img":{"alt_text":"","src":"https:\/\/i0.wp.com\/tinnunculus.sy-sy.cz\/wp-content\/uploads\/2015\/11\/20151106-0900522189-1024x819.jpg?resize=350%2C200&ssl=1","width":350,"height":200,"srcset":"https:\/\/i0.wp.com\/tinnunculus.sy-sy.cz\/wp-content\/uploads\/2015\/11\/20151106-0900522189-1024x819.jpg?resize=350%2C200&ssl=1 1x, https:\/\/i0.wp.com\/tinnunculus.sy-sy.cz\/wp-content\/uploads\/2015\/11\/20151106-0900522189-1024x819.jpg?resize=525%2C300&ssl=1 1.5x"},"classes":[]},{"id":233,"url":"https:\/\/tinnunculus.sy-sy.cz\/index.php\/2015\/06\/23\/navstevnik\/","url_meta":{"origin":180,"position":5},"title":"N\u00e1v\u0161t\u011bvn\u00edk","author":"Zuzana Syrov\u00e1 An\u00fd\u017eov\u00e1","date":"23\/06\/2015","format":false,"excerpt":"Kde se vzalo, tu se vzalo... Dnes r\u00e1no je op\u011bt v lod\u017eii \u0161est po\u0161tol\u010dat. \u0160est\u00e9, p\u0159ibli\u017en\u011b stejn\u00e9ho v\u011bku jako dom\u00e1c\u00ed, p\u0159il\u00e9tlo p\u0159ed osmou hodinou, kdy ho do lod\u017eie z\u0159ejm\u011b p\u0159il\u00e1kal ruch spojen\u00fd s p\u0159\u00edletem same\u010dka, kter\u00fd donesl po\u0161tol\u010dat\u016fm hrabo\u0161e. Ciz\u00ed po\u0161tol\u010data se takto objevuj\u00ed z\u0159ejm\u011b ka\u017ed\u00fd rok, ale ne v\u017edy\u2026","rel":"","context":"V \u201e\"Na\u0161e\" po\u0161tolky\u201c","block_context":{"text":"\"Na\u0161e\" po\u0161tolky","link":"https:\/\/tinnunculus.sy-sy.cz\/index.php\/category\/nasi\/nase-postolky\/"},"img":{"alt_text":"","src":"https:\/\/i0.wp.com\/tinnunculus.sy-sy.cz\/wp-content\/uploads\/2015\/06\/20150623_07-50-07-1-1024x640.jpg?resize=350%2C200&ssl=1","width":350,"height":200,"srcset":"https:\/\/i0.wp.com\/tinnunculus.sy-sy.cz\/wp-content\/uploads\/2015\/06\/20150623_07-50-07-1-1024x640.jpg?resize=350%2C200&ssl=1 1x, https:\/\/i0.wp.com\/tinnunculus.sy-sy.cz\/wp-content\/uploads\/2015\/06\/20150623_07-50-07-1-1024x640.jpg?resize=525%2C300&ssl=1 1.5x"},"classes":[]}],"jetpack_sharing_enabled":true,"_links":{"self":[{"href":"https:\/\/tinnunculus.sy-sy.cz\/index.php\/wp-json\/wp\/v2\/posts\/180","targetHints":{"allow":["GET"]}}],"collection":[{"href":"https:\/\/tinnunculus.sy-sy.cz\/index.php\/wp-json\/wp\/v2\/posts"}],"about":[{"href":"https:\/\/tinnunculus.sy-sy.cz\/index.php\/wp-json\/wp\/v2\/types\/post"}],"author":[{"embeddable":true,"href":"https:\/\/tinnunculus.sy-sy.cz\/index.php\/wp-json\/wp\/v2\/users\/2"}],"replies":[{"embeddable":true,"href":"https:\/\/tinnunculus.sy-sy.cz\/index.php\/wp-json\/wp\/v2\/comments?post=180"}],"version-history":[{"count":3,"href":"https:\/\/tinnunculus.sy-sy.cz\/index.php\/wp-json\/wp\/v2\/posts\/180\/revisions"}],"predecessor-version":[{"id":33170,"href":"https:\/\/tinnunculus.sy-sy.cz\/index.php\/wp-json\/wp\/v2\/posts\/180\/revisions\/33170"}],"wp:attachment":[{"href":"https:\/\/tinnunculus.sy-sy.cz\/index.php\/wp-json\/wp\/v2\/media?parent=180"}],"wp:term":[{"taxonomy":"category","embeddable":true,"href":"https:\/\/tinnunculus.sy-sy.cz\/index.php\/wp-json\/wp\/v2\/categories?post=180"},{"taxonomy":"post_tag","embeddable":true,"href":"https:\/\/tinnunculus.sy-sy.cz\/index.php\/wp-json\/wp\/v2\/tags?post=180"}],"curies":[{"name":"wp","href":"https:\/\/api.w.org\/{rel}","templated":true}]}}