{"id":17621,"date":"2022-01-09T08:30:58","date_gmt":"2022-01-09T07:30:58","guid":{"rendered":"https:\/\/tinnunculus.sy-sy.cz\/?p=17621"},"modified":"2025-12-13T18:06:43","modified_gmt":"2025-12-13T17:06:43","slug":"kde-ulovite-postolku","status":"publish","type":"post","link":"https:\/\/tinnunculus.sy-sy.cz\/index.php\/2022\/01\/09\/kde-ulovite-postolku\/","title":{"rendered":"Kde ulov\u00edte po\u0161tolku"},"content":{"rendered":"<p><img data-recalc-dims=\"1\" loading=\"lazy\" decoding=\"async\" data-attachment-id=\"17624\" data-permalink=\"https:\/\/tinnunculus.sy-sy.cz\/index.php\/2022\/01\/09\/kde-ulovite-postolku\/kestrel-5767115_960_720\/\" data-orig-file=\"https:\/\/i0.wp.com\/tinnunculus.sy-sy.cz\/wp-content\/uploads\/2022\/01\/kestrel-5767115_960_720.jpg?fit=959%2C720&amp;ssl=1\" data-orig-size=\"959,720\" data-comments-opened=\"1\" data-image-meta=\"{&quot;aperture&quot;:&quot;0&quot;,&quot;credit&quot;:&quot;&quot;,&quot;camera&quot;:&quot;&quot;,&quot;caption&quot;:&quot;&quot;,&quot;created_timestamp&quot;:&quot;0&quot;,&quot;copyright&quot;:&quot;&quot;,&quot;focal_length&quot;:&quot;0&quot;,&quot;iso&quot;:&quot;0&quot;,&quot;shutter_speed&quot;:&quot;0&quot;,&quot;title&quot;:&quot;&quot;,&quot;orientation&quot;:&quot;0&quot;}\" data-image-title=\"kestrel-5767115_960_720\" data-image-description=\"\" data-image-caption=\"\" data-large-file=\"https:\/\/i0.wp.com\/tinnunculus.sy-sy.cz\/wp-content\/uploads\/2022\/01\/kestrel-5767115_960_720.jpg?fit=525%2C394&amp;ssl=1\" class=\"aligncenter wp-image-17624 size-full\" src=\"https:\/\/i0.wp.com\/tinnunculus.sy-sy.cz\/wp-content\/uploads\/2022\/01\/kestrel-5767115_960_720.jpg?resize=525%2C394&#038;ssl=1\" alt=\"\" width=\"525\" height=\"394\" srcset=\"https:\/\/i0.wp.com\/tinnunculus.sy-sy.cz\/wp-content\/uploads\/2022\/01\/kestrel-5767115_960_720.jpg?w=959&amp;ssl=1 959w, https:\/\/i0.wp.com\/tinnunculus.sy-sy.cz\/wp-content\/uploads\/2022\/01\/kestrel-5767115_960_720.jpg?resize=300%2C225&amp;ssl=1 300w, https:\/\/i0.wp.com\/tinnunculus.sy-sy.cz\/wp-content\/uploads\/2022\/01\/kestrel-5767115_960_720.jpg?resize=768%2C577&amp;ssl=1 768w\" sizes=\"auto, (max-width: 767px) 89vw, (max-width: 1000px) 54vw, (max-width: 1071px) 543px, 580px\" \/><\/p>\n<blockquote><p>T\u00edm h\u016f\u0159e bude v&nbsp;les\u00edch, v&nbsp;t\u00e9to krajin\u011b pln\u00e9 z\u00e1v\u011bj\u00ed, tam, kde jisk\u0159\u00ed mr\u00e1z m\u00edsto t\u00e1borov\u00e9ho ohn\u011b, kde jsou rysov\u00e9 m\u00edsto \u010dun\u00edk\u016f a&nbsp;<strong>kde ulov\u00edte po\u0161tolku, nikoliv v\u0161ak tu\u010dnou husu<\/strong>.<\/p><\/blockquote>\n<p><!--more--><\/p>\n<p>VAN\u010cURA, Vladislav. <i>Marketa Lazarov\u00e1<\/i>. 5.&nbsp;vyd. [V Praze]: Dru\u017estevn\u00ed pr\u00e1ce, 1946. D\u00edlo Vladislava Van\u010dury.<\/p>\n<p>Knihu v&nbsp;pdf si m\u016f\u017eete zdrama st\u00e1hnout na str\u00e1nk\u00e1ch M\u011bstsk\u00e9 knihovny v&nbsp;Praze. kter\u00e1 ji vydala v&nbsp;r. <a href=\"https:\/\/search.mlp.cz\/cz\/titul\/marketa-lazarova\/3799618\/#\/getPodobneTituly=deskriptory-eq:97604239-amp:key-eq:3799618\" target=\"_blank\" rel=\"noopener\">2013<\/a> a&nbsp;<a href=\"https:\/\/search.mlp.cz\/cz\/titul\/marketa-lazarova\/4617441\/#\/getPodobneTituly=deskriptory-eq:177240871-amp:key-eq:4617441\" target=\"_blank\" rel=\"noopener\">2021<\/a> nebo poslechnout <a href=\"https:\/\/temata.rozhlas.cz\/vladislav-vancura-marketa-lazarova-8545961#dil=2#player=on\" target=\"_blank\" rel=\"noopener\">na str\u00e1nk\u00e1ch \u010desk\u00e9ho rozhlasu<\/a>.<\/p>\n","protected":false},"excerpt":{"rendered":"<p>Aneb zase jedna po\u0161tolka liter\u00e1rn\u00ed, kter\u00e1 se skr\u00fdv\u00e1 v&nbsp;d\u00edle Vladislava Van\u010dury v&nbsp;les\u00edch kraje mladoboleslavsk\u00e9ho, v&nbsp;\u010dasech, \u201ekdy kr\u00e1l usiloval o&nbsp;bezpe\u010dnost silnic, maje ukrutn\u00e9 pot\u00ed\u017ee se \u0161lechtici, kte\u0159\u00ed si vedli doslova zlod\u011bjsky, a&nbsp;co je hor\u0161\u00ed, kte\u0159\u00ed prol\u00e9vali krev m\u00e1lem se chechtaj\u00edce\u201c.<\/p>\n","protected":false},"author":2,"featured_media":0,"comment_status":"open","ping_status":"open","sticky":false,"template":"","format":"quote","meta":{"jetpack_post_was_ever_published":false,"_jetpack_newsletter_access":"","_jetpack_dont_email_post_to_subs":false,"_jetpack_newsletter_tier_id":0,"_jetpack_memberships_contains_paywalled_content":false,"_jetpack_memberships_contains_paid_content":false,"footnotes":""},"categories":[142,105,110,225,307,108],"tags":[12,1008],"class_list":["post-17621","post","type-post","status-publish","format-quote","hentry","category-dravec","category-postolka","category-postolka-obecna","category-ptaci-v-literature-filmu-a-vytvarnem-umeni","category-ptaci","category-ostatni-zvirena","tag-ps_30","tag-vancura-vladislav","post_format-post-format-quote"],"jetpack_featured_media_url":"","jetpack_shortlink":"https:\/\/wp.me\/p91gKE-4Ad","jetpack-related-posts":[{"id":6171,"url":"https:\/\/tinnunculus.sy-sy.cz\/index.php\/2018\/09\/21\/nesu-vam-kalousy\/","url_meta":{"origin":17621,"position":0},"title":"Nesu V\u00e1m kalousy!","author":"Zuzana Syrov\u00e1 An\u00fd\u017eov\u00e1","date":"21\/09\/2018","format":"quote","excerpt":"N\u011bco o po\u0161tolk\u00e1ch z dob, kdy byly ptactvem u\u017eite\u010dn\u00fdm, posud v\u0161ak pron\u00e1sledovan\u00fdm, seps\u00e1no jedn\u00edm z otc\u016f \u010desk\u00e9 ornitologie: Vladislav \u0160\u00edr na Wikipedii Ptactvo u\u017eite\u010dn\u00e9, posud v\u0161ak pron\u00e1sledovan\u00e9 (1874) \/ sepsal Vladislav \u0160\u00edr. V Ji\u010d\u00edn\u011b :\u00a0N\u00e1kladem \u0159iditelstv\u00ed spolku na podporu chud\u00fdch \u017e\u00e1k\u016f c. k. paedagogia ji\u010d\u00ednsk\u00e9ho,\u00a01874","rel":"","context":"V \u201ePo\u0161tolka\u201c","block_context":{"text":"Po\u0161tolka","link":"https:\/\/tinnunculus.sy-sy.cz\/index.php\/category\/ostatni-zvirena\/ptaci\/dravec\/postolka\/"},"img":{"alt_text":"","src":"https:\/\/i0.wp.com\/tinnunculus.sy-sy.cz\/wp-content\/uploads\/2018\/09\/PtactvoUzitecne_Postolka_U-1024x710.jpg?resize=350%2C200&ssl=1","width":350,"height":200,"srcset":"https:\/\/i0.wp.com\/tinnunculus.sy-sy.cz\/wp-content\/uploads\/2018\/09\/PtactvoUzitecne_Postolka_U-1024x710.jpg?resize=350%2C200&ssl=1 1x, https:\/\/i0.wp.com\/tinnunculus.sy-sy.cz\/wp-content\/uploads\/2018\/09\/PtactvoUzitecne_Postolka_U-1024x710.jpg?resize=525%2C300&ssl=1 1.5x"},"classes":[]},{"id":37906,"url":"https:\/\/tinnunculus.sy-sy.cz\/index.php\/2024\/10\/16\/humaniste-postolky-a-rorejsi\/","url_meta":{"origin":17621,"position":1},"title":"Humanist\u00e9, po\u0161tolky a&nbsp;rorejsi","author":"Zuzana Syrov\u00e1 An\u00fd\u017eov\u00e1","date":"16\/10\/2024","format":"quote","excerpt":"Aneb po \u010dase op\u011bt jedna po\u0161tolka liter\u00e1rn\u00ed, kter\u00e1 se spolu s rorejsem skr\u00fdv\u00e1 v d\u00edle Jaroslava Vrchlick\u00e9ho.","rel":"","context":"V \u201ePo\u0161tolky a jin\u00e1 zv\u00ed\u0159ena kulturn\u00ed\u201c","block_context":{"text":"Po\u0161tolky a jin\u00e1 zv\u00ed\u0159ena kulturn\u00ed","link":"https:\/\/tinnunculus.sy-sy.cz\/index.php\/category\/ptaci-v-literature-filmu-a-vytvarnem-umeni\/"},"img":{"alt_text":"","src":"https:\/\/i0.wp.com\/tinnunculus.sy-sy.cz\/wp-content\/uploads\/2024\/10\/20240520-e1730381854900-1024x575.jpg?resize=350%2C200&ssl=1","width":350,"height":200,"srcset":"https:\/\/i0.wp.com\/tinnunculus.sy-sy.cz\/wp-content\/uploads\/2024\/10\/20240520-e1730381854900-1024x575.jpg?resize=350%2C200&ssl=1 1x, https:\/\/i0.wp.com\/tinnunculus.sy-sy.cz\/wp-content\/uploads\/2024\/10\/20240520-e1730381854900-1024x575.jpg?resize=525%2C300&ssl=1 1.5x"},"classes":[]},{"id":6432,"url":"https:\/\/tinnunculus.sy-sy.cz\/index.php\/2019\/01\/05\/postolka-trikralova\/","url_meta":{"origin":17621,"position":2},"title":"Po\u0161tolka t\u0159\u00edkr\u00e1lov\u00e1","author":"Zuzana Syrov\u00e1 An\u00fd\u017eov\u00e1","date":"05\/01\/2019","format":"quote","excerpt":"Aneb o dravc\u00edch poletuj\u00edc\u00edch d\u00edlem Williama Shakespeara, p\u0159edev\u0161\u00edm v\u0161ak Ve\u010derem t\u0159\u00edkr\u00e1lov\u00fdm. Zkr\u00e1tka cokoli chcete...","rel":"","context":"V \u201eDravec\u201c","block_context":{"text":"Dravec","link":"https:\/\/tinnunculus.sy-sy.cz\/index.php\/category\/ostatni-zvirena\/ptaci\/dravec\/"},"img":{"alt_text":"","src":"https:\/\/i0.wp.com\/tinnunculus.sy-sy.cz\/wp-content\/uploads\/2018\/11\/Shakespeare-from-the-Chandos-Portrait-217x300.jpg?resize=350%2C200&ssl=1","width":350,"height":200},"classes":[]},{"id":6346,"url":"https:\/\/tinnunculus.sy-sy.cz\/index.php\/2018\/10\/03\/rikadlo-ze-zivota-v-lese\/","url_meta":{"origin":17621,"position":3},"title":"\u0158\u00edkadlo ze \u017eivota v&nbsp;lese","author":"Zuzana Syrov\u00e1 An\u00fd\u017eov\u00e1","date":"03\/10\/2018","format":"quote","excerpt":"Aneb je\u0161t\u011b jedno \u0159\u00edkadlo s po\u0161tolkami, co chod\u00ed do \u0161kolky, a k tomu je\u0161t\u011b s k\u00e1n\u011btem, tentokr\u00e1te z pera Pavla Volfa.","rel":"","context":"V \u201eDravec\u201c","block_context":{"text":"Dravec","link":"https:\/\/tinnunculus.sy-sy.cz\/index.php\/category\/ostatni-zvirena\/ptaci\/dravec\/"},"img":{"alt_text":"","src":"https:\/\/i0.wp.com\/tinnunculus.sy-sy.cz\/wp-content\/uploads\/2018\/09\/postolky_kane02-1024x710.jpg?resize=350%2C200&ssl=1","width":350,"height":200,"srcset":"https:\/\/i0.wp.com\/tinnunculus.sy-sy.cz\/wp-content\/uploads\/2018\/09\/postolky_kane02-1024x710.jpg?resize=350%2C200&ssl=1 1x, https:\/\/i0.wp.com\/tinnunculus.sy-sy.cz\/wp-content\/uploads\/2018\/09\/postolky_kane02-1024x710.jpg?resize=525%2C300&ssl=1 1.5x"},"classes":[]},{"id":9229,"url":"https:\/\/tinnunculus.sy-sy.cz\/index.php\/2019\/09\/10\/a-ktere-z-ptaku-mel-jsi-rad\/","url_meta":{"origin":17621,"position":4},"title":"A kter\u00e9 z&nbsp;pt\u00e1k\u016f m\u011bl jsi r\u00e1d?","author":"Zuzana Syrov\u00e1 An\u00fd\u017eov\u00e1","date":"10\/09\/2019","format":"quote","excerpt":"Aneb po\u0161tolky a ror\u00fdsi liter\u00e1rn\u00ed z b\u00e1sn\u011b Vladim\u00edra Holana (1905\u20131980) Tv\u00e9 d\u011btstv\u00ed ze sb\u00edrky\u00a0 Sbohem?","rel":"","context":"V \u201eHavran\u201c","block_context":{"text":"Havran","link":"https:\/\/tinnunculus.sy-sy.cz\/index.php\/category\/ostatni-zvirena\/ptaci\/havran\/"},"img":{"alt_text":"","src":"https:\/\/i0.wp.com\/tinnunculus.sy-sy.cz\/wp-content\/uploads\/2019\/09\/DSC_1431-1024x761.jpg?resize=350%2C200&ssl=1","width":350,"height":200,"srcset":"https:\/\/i0.wp.com\/tinnunculus.sy-sy.cz\/wp-content\/uploads\/2019\/09\/DSC_1431-1024x761.jpg?resize=350%2C200&ssl=1 1x, https:\/\/i0.wp.com\/tinnunculus.sy-sy.cz\/wp-content\/uploads\/2019\/09\/DSC_1431-1024x761.jpg?resize=525%2C300&ssl=1 1.5x"},"classes":[]},{"id":2327,"url":"https:\/\/tinnunculus.sy-sy.cz\/index.php\/2017\/10\/22\/postolka-lidsky-postolka\/","url_meta":{"origin":17621,"position":5},"title":"Postolka, lidsky po\u0161tolka","author":"Zuzana Syrov\u00e1 An\u00fd\u017eov\u00e1","date":"22\/10\/2017","format":"quote","excerpt":"Jest pt\u00e1k drav\u00fd, jest\u0159\u00e1b\u016fm podobn\u00fd. P\u0159eb\u00fdv\u00e1 v \u010cech\u00e1ch, Rosii, Polsku a v ostatn\u00edch zem\u00edch europejsk\u00fdch. V les\u00edch, nejrad\u011bji v pu\u0161tin\u00e1ch (odtud snad po\u0161tolka) aneb na star\u00fdch hradech v pust\u00fdch v\u011b\u017e\u00edch se zdr\u017euje a hn\u00edzd\u00ed (odkud snad sokol kolokolnoj, Thurmfalke slove.) Ona pr\u00fd ve dne i v noci vid\u00ed a l\u00edt\u00e1,\u2026","rel":"","context":"V \u201ePo\u0161tolka\u201c","block_context":{"text":"Po\u0161tolka","link":"https:\/\/tinnunculus.sy-sy.cz\/index.php\/category\/ostatni-zvirena\/ptaci\/dravec\/postolka\/"},"img":{"alt_text":"","src":"https:\/\/i0.wp.com\/tinnunculus.sy-sy.cz\/wp-content\/uploads\/2017\/10\/lidsky_postolka_06-177x300.jpg?resize=350%2C200&ssl=1","width":350,"height":200},"classes":[]}],"jetpack_sharing_enabled":true,"_links":{"self":[{"href":"https:\/\/tinnunculus.sy-sy.cz\/index.php\/wp-json\/wp\/v2\/posts\/17621","targetHints":{"allow":["GET"]}}],"collection":[{"href":"https:\/\/tinnunculus.sy-sy.cz\/index.php\/wp-json\/wp\/v2\/posts"}],"about":[{"href":"https:\/\/tinnunculus.sy-sy.cz\/index.php\/wp-json\/wp\/v2\/types\/post"}],"author":[{"embeddable":true,"href":"https:\/\/tinnunculus.sy-sy.cz\/index.php\/wp-json\/wp\/v2\/users\/2"}],"replies":[{"embeddable":true,"href":"https:\/\/tinnunculus.sy-sy.cz\/index.php\/wp-json\/wp\/v2\/comments?post=17621"}],"version-history":[{"count":1,"href":"https:\/\/tinnunculus.sy-sy.cz\/index.php\/wp-json\/wp\/v2\/posts\/17621\/revisions"}],"predecessor-version":[{"id":45313,"href":"https:\/\/tinnunculus.sy-sy.cz\/index.php\/wp-json\/wp\/v2\/posts\/17621\/revisions\/45313"}],"wp:attachment":[{"href":"https:\/\/tinnunculus.sy-sy.cz\/index.php\/wp-json\/wp\/v2\/media?parent=17621"}],"wp:term":[{"taxonomy":"category","embeddable":true,"href":"https:\/\/tinnunculus.sy-sy.cz\/index.php\/wp-json\/wp\/v2\/categories?post=17621"},{"taxonomy":"post_tag","embeddable":true,"href":"https:\/\/tinnunculus.sy-sy.cz\/index.php\/wp-json\/wp\/v2\/tags?post=17621"}],"curies":[{"name":"wp","href":"https:\/\/api.w.org\/{rel}","templated":true}]}}